{"id":78291,"date":"2026-03-10T13:44:00","date_gmt":"2026-03-10T13:44:00","guid":{"rendered":"https:\/\/www.africa-press.net\/gabon\/politique\/ayez-des-elus-ou-taisez-vous-sur-le-pouvoir-aux-abois"},"modified":"2026-04-19T15:06:53","modified_gmt":"2026-04-19T15:06:53","slug":"ayez-des-elus-ou-taisez-vous-sur-le-pouvoir-aux-abois","status":"publish","type":"post","link":"https:\/\/www.africa-press.net\/gabon\/politique\/ayez-des-elus-ou-taisez-vous-sur-le-pouvoir-aux-abois","title":{"rendered":"Ayez Des \u00c9lus Ou Taisez-Vous Sur Le Pouvoir Aux Abois"},"content":{"rendered":"<p><span class=\"ap-article-header-tag\"> <strong>Africa-Press &#8211; Gabon. <\/strong> <\/span><b>Une phrase la\u0302che\u0301e en confe\u0301rence de presse peut parfois en dire long sur une conception du pouvoir. En sommant l\u2019opposition de \u00abse taire\u00bb faute d\u2019e\u0301lus, le ministre de la Communication, Germain Biahodjow, a de\u0301clenche\u0301 une pole\u0301mique qui interroge directement la place du pluralisme et la liberte\u0301 d\u2019expression dans le Gabon post-transition. Pour l\u2019auteur de la tribune ci-dessous, cette sortie ne rele\u0300ve pas d\u2019un simple de\u0301rapage, mais re\u0301ve\u0300le une de\u0301rive plus profonde dans la manie\u0300re de concevoir la citoyennete\u0301 politique et le droit de contester le pouvoir. Ancien se\u0301nateur de la Transition et pre\u0301sident du mouvement REAGIR, Michel Ongoundou Loundah signe ici un texte frontal et sans de\u0301tour.<\/b><\/p>\n<p>La sortie de piste du ministre de la Communication, Germain Biahodjow, lors de sa confe\u0301rence de presse du 8 mars, n\u2019est pas une simple \u00ab boulette \u00bb. C\u2019est un aveu de me\u0301pris, une e\u0301ruption d\u2019arrogance qui de\u0301chire le voile sur les pulsions autocratiques du re\u0301gime CTRI\/UDB. En intimant a\u0300 la Coalition pour la Nouvelle Re\u0301publique et a\u0300 ses allie\u0301s l\u2019ordre de se murer dans le silence, faute d\u2019e\u0301lus, le ministre ne fait pas que me\u0301priser l\u2019opposition: il pie\u0301tine les longues anne\u0301es de luttes politiques, sociales et syndicales qui ont permis au coup d\u2019Etat du 30 aou\u0302t 2023 de se de\u0301rouler sans re\u0301sistance ni effusion de sang. Quelle ingratitude !<\/p>\n<p><b>La citoyennete\u0301 n\u2019est pas un titre de proprie\u0301te\u0301<\/b><\/p>\n<p>Le ministre tente d\u2019instaurer, par la petite porte, un ve\u0301ritable cens e\u0301lectoral de la parole publique. Dans sa logique bancale, le droit de s\u2019exprimer deviendrait une pre\u0301bende re\u0301serve\u0301e a\u0300 une caste de putschistes de\u0301guise\u0301s en acteurs politiques d\u2019un genre nouveau. Quelle insulte a\u0300 la conscience nationale ! Que Monsieur le ministre se le tienne pour dit: la loi n\u00b0016\/2025 du 27 juin 2025, si elle fixe des cadres administratifs, ne saurait servir de ba\u0302illon. La repre\u0301sentativite\u0301 n\u2019est pas la le\u0301gitimite\u0301, surtout quand on pense aux rocambolesques et ridicules conditions d\u2019\u00ab e\u0301lection-procurations \u00bb de certains cadres du CTRI\/UDB. Vouloir alors re\u0301duire au silence un parti le\u0301galement constitue\u0301 sous pre\u0301texte qu\u2019il ne sie\u0300ge pas au Parlement est une imposture intellectuelle double\u0301e d\u2019une de\u0301rive liberticide. La loi organise les statuts, elle ne confisque pas les consciences.<\/p>\n<p><b>Un groupuscule d\u2019imposteurs parvenus<\/b><\/p>\n<p>Conditionner l\u2019existence politique a\u0300 la possession de sie\u0300ges, c\u2019est vouloir verrouiller notre de\u0301mocratie pour la transformer en un club prive\u0301 d\u2019anciens putschistes tentant grossie\u0300rement de re\u0301e\u0301crire l\u2019histoire. Et, c\u2019est surtout un pie\u0300ge circulaire d\u2019une rare malhonne\u0302tete\u0301: on exige de l\u2019opposition qu\u2019elle ait des e\u0301lus pour qu\u2019elle puisse avoir le droit de parler, tout en lui interdisant de parler pour convaincre de potentiels e\u0301lecteurs. Cette me\u0301canique cynique vise un seul but: geler le paysage politique au profit d\u2019un groupuscule d\u2019imposteurs parvenus qui s\u2019agrippent aux manettes, empe\u0302chant tout de\u0301bat contradictoire.<\/p>\n<p><b>Ministre de la Communication ou Procureur de la censure?<\/b><\/p>\n<p>Il est proprement ahurissant qu\u2019un ministre dit de la Communication, the\u0301oriquement garant de la se\u0300ve de\u0301mocratique, s\u2019e\u0301rige en fossoyeur de la parole libre. La Constitution gabonaise ne consacre pas la liberte\u0301 d\u2019expression comme une \u00ab faveur \u00bb octroye\u0301e par le CTRI\/UDB, mais comme un droit sacre\u0301 et inalie\u0301nable obtenu de haute lutte par les Gabonais. Quant a\u0300 l\u2019opposition, elle n\u2019est pas une excroissance ge\u0302nante qu\u2019il faut raboter. Elle est le souffle de\u0301mocratique vital de la nation. Ce recours aux arguties administratives pour la de\u0301le\u0301gitimer trahit une ve\u0301rite\u0301 nue: ce pouvoir, dont tous les Gabonais connaissent les origines et les carences, a une peur panique de la confrontation d\u2019ide\u0301es.<\/p>\n<p>Re\u0301pondre a\u0300 la critique des opposants par la menace de mort civile est l\u2019aveu d\u2019une faiblesse pathe\u0301tique. Un gouvernement fier de son bilan et certain de sa vision affronte l\u2019e\u0301change et la contestation. Il ne cherche pas a\u0300 effacer ses contradicteurs de la carte. Les dirigeants de la Transition se gargarisaient pourtant de \u00ab Renouveau \u00bb. Mais aujourd\u2019hui, ils semblent oublier que le renouveau ne nai\u0302tra jamais dans le silence des cimetie\u0300res politiques. La de\u0301mocratie est, par essence, le tumulte des ide\u0301es et le choc des visions.<\/p>\n<p>Que le ministre l\u2019entende bien: ni lui, ni ses amis n\u2019ont mandat pour distribuer les brevets de citoyennete\u0301. Ce ro\u0302le souverain appartient au peuple gabonais, et a\u0300 lui seul. Le jour venu, ce ne sont pas les circulaires ministe\u0301rielles qui feront foi, mais l\u2019ine\u0301branlable volonte\u0301 des citoyens. D\u2019ici la\u0300, notre parole restera haute, libre et insoumise. Nous ne nous tairons pas. N\u2019en de\u0301plaise aux tenants du pouvoir CTRI\/UDB qui, pour notre plus grand malheur, ont une conception tre\u0300s condescendante et belliqueuse de leur incurie.<\/p>\n<p><b>Michel Ongoundou Loundah<\/b><\/p>\n<p>Ancien Se\u0301nateur de la Transition \u2013 Pre\u0301sident de REAGIR<\/p>\n<p class=\"ap-article-footer-note\">Retrouvez plus d\u2019actualit\u00e9s et d\u2019analyses sur <span class=\"ap-highlight-country\">Gabon<\/span> sur le site <span class=\"ap-highlight-brand\">Africa Press<\/span><\/p>\n","protected":false},"excerpt":{"rendered":"<p>Africa-Press &#8211; Gabon. Une phrase la\u0302che\u0301e en confe\u0301rence de presse peut parfois en dire long sur une conception du pouvoir. En sommant l\u2019opposition de \u00abse taire\u00bb faute d\u2019e\u0301lus, le ministre de la Communication, Germain Biahodjow, a de\u0301clenche\u0301 une pole\u0301mique qui interroge directement la place du pluralisme et la liberte\u0301 d\u2019expression dans le Gabon post-transition. Pour [&hellip;]<\/p>\n","protected":false},"author":82,"featured_media":78290,"comment_status":"open","ping_status":"closed","sticky":false,"template":"","format":"standard","meta":{"footnotes":""},"categories":[7,2,10],"tags":[49],"class_list":["post-78291","post","type-post","status-publish","format-standard","has-post-thumbnail","hentry","category-dossiers","category-politique","category-toutes-les-actualites","tag-gabon"],"yoast_head":"<!-- This site is optimized with the Yoast SEO Premium plugin v26.1 (Yoast SEO v27.0) - https:\/\/yoast.com\/product\/yoast-seo-premium-wordpress\/ -->\n<title>Ayez Des \u00c9lus Ou Taisez-Vous Sur Le Pouvoir Aux Abois - Gabon<\/title>\n<meta name=\"description\" content=\"-article-header-tag&quot;&gt; Africa-Press - Gabon. Une phrase la\u0302che\u0301e en confe\u0301r ...\" \/>\n<meta name=\"robots\" content=\"index, follow, max-snippet:-1, max-image-preview:large, max-video-preview:-1\" \/>\n<link rel=\"canonical\" href=\"https:\/\/www.africa-press.net\/gabon\/politique\/ayez-des-elus-ou-taisez-vous-sur-le-pouvoir-aux-abois\" \/>\n<meta property=\"og:locale\" content=\"fr_FR\" \/>\n<meta property=\"og:type\" content=\"article\" \/>\n<meta property=\"og:title\" content=\"Ayez Des \u00c9lus Ou Taisez-Vous Sur Le Pouvoir Aux Abois\" \/>\n<meta property=\"og:description\" content=\"-article-header-tag&quot;&gt; Africa-Press - Gabon. Une phrase la\u0302che\u0301e en confe\u0301r ...\" \/>\n<meta property=\"og:url\" content=\"https:\/\/www.africa-press.net\/gabon\/politique\/ayez-des-elus-ou-taisez-vous-sur-le-pouvoir-aux-abois\" \/>\n<meta property=\"og:site_name\" content=\"Gabon\" \/>\n<meta property=\"article:published_time\" content=\"2026-03-10T13:44:00+00:00\" \/>\n<meta property=\"article:modified_time\" content=\"2026-04-19T15:06:53+00:00\" \/>\n<meta property=\"og:image\" content=\"https:\/\/static.africa-press.net\/gabon\/sites\/54\/2026\/04\/sm_1776610941.50944.jpg\" \/>\n\t<meta property=\"og:image:width\" content=\"720\" \/>\n\t<meta property=\"og:image:height\" content=\"480\" \/>\n\t<meta property=\"og:image:type\" content=\"image\/jpeg\" \/>\n<meta name=\"author\" content=\"cfeditorfr\" \/>\n<meta name=\"twitter:card\" content=\"summary_large_image\" \/>\n<meta name=\"twitter:label1\" content=\"\u00c9crit par\" \/>\n\t<meta name=\"twitter:data1\" content=\"cfeditorfr\" \/>\n\t<meta name=\"twitter:label2\" content=\"Dur\u00e9e de lecture estim\u00e9e\" \/>\n\t<meta name=\"twitter:data2\" content=\"5 minutes\" \/>\n<script type=\"application\/ld+json\" class=\"yoast-schema-graph\">{\"@context\":\"https:\/\/schema.org\",\"@graph\":[{\"@type\":\"Article\",\"@id\":\"https:\/\/www.africa-press.net\/gabon\/politique\/ayez-des-elus-ou-taisez-vous-sur-le-pouvoir-aux-abois#article\",\"isPartOf\":{\"@id\":\"https:\/\/www.africa-press.net\/gabon\/politique\/ayez-des-elus-ou-taisez-vous-sur-le-pouvoir-aux-abois\"},\"author\":{\"name\":\"cfeditorfr\",\"@id\":\"https:\/\/www.africa-press.net\/gabon\/#\/schema\/person\/2b1cf3cd81a31e3cd26889ca66d677f1\"},\"headline\":\"Ayez Des \u00c9lus Ou Taisez-Vous Sur Le Pouvoir Aux Abois\",\"datePublished\":\"2026-03-10T13:44:00+00:00\",\"dateModified\":\"2026-04-19T15:06:53+00:00\",\"mainEntityOfPage\":{\"@id\":\"https:\/\/www.africa-press.net\/gabon\/politique\/ayez-des-elus-ou-taisez-vous-sur-le-pouvoir-aux-abois\"},\"wordCount\":899,\"commentCount\":0,\"image\":{\"@id\":\"https:\/\/www.africa-press.net\/gabon\/politique\/ayez-des-elus-ou-taisez-vous-sur-le-pouvoir-aux-abois#primaryimage\"},\"thumbnailUrl\":\"https:\/\/static.africa-press.net\/gabon\/sites\/54\/2026\/04\/sm_1776610941.50944.jpg\",\"keywords\":[\"Gabon\"],\"articleSection\":[\"Dossiers\",\"Politique\",\"Toutes les actualit\u00e9s\"],\"inLanguage\":\"fr-FR\",\"potentialAction\":[{\"@type\":\"CommentAction\",\"name\":\"Comment\",\"target\":[\"https:\/\/www.africa-press.net\/gabon\/politique\/ayez-des-elus-ou-taisez-vous-sur-le-pouvoir-aux-abois#respond\"]}]},{\"@type\":\"WebPage\",\"@id\":\"https:\/\/www.africa-press.net\/gabon\/politique\/ayez-des-elus-ou-taisez-vous-sur-le-pouvoir-aux-abois\",\"url\":\"https:\/\/www.africa-press.net\/gabon\/politique\/ayez-des-elus-ou-taisez-vous-sur-le-pouvoir-aux-abois\",\"name\":\"Ayez Des \u00c9lus Ou Taisez-Vous Sur Le Pouvoir Aux Abois - Gabon\",\"isPartOf\":{\"@id\":\"https:\/\/www.africa-press.net\/gabon\/#website\"},\"primaryImageOfPage\":{\"@id\":\"https:\/\/www.africa-press.net\/gabon\/politique\/ayez-des-elus-ou-taisez-vous-sur-le-pouvoir-aux-abois#primaryimage\"},\"image\":{\"@id\":\"https:\/\/www.africa-press.net\/gabon\/politique\/ayez-des-elus-ou-taisez-vous-sur-le-pouvoir-aux-abois#primaryimage\"},\"thumbnailUrl\":\"https:\/\/static.africa-press.net\/gabon\/sites\/54\/2026\/04\/sm_1776610941.50944.jpg\",\"datePublished\":\"2026-03-10T13:44:00+00:00\",\"dateModified\":\"2026-04-19T15:06:53+00:00\",\"author\":{\"@id\":\"https:\/\/www.africa-press.net\/gabon\/#\/schema\/person\/2b1cf3cd81a31e3cd26889ca66d677f1\"},\"description\":\"-article-header-tag\\\"> Africa-Press - Gabon. Une phrase la\u0302che\u0301e en confe\u0301r ...\",\"breadcrumb\":{\"@id\":\"https:\/\/www.africa-press.net\/gabon\/politique\/ayez-des-elus-ou-taisez-vous-sur-le-pouvoir-aux-abois#breadcrumb\"},\"inLanguage\":\"fr-FR\",\"potentialAction\":[{\"@type\":\"ReadAction\",\"target\":[\"https:\/\/www.africa-press.net\/gabon\/politique\/ayez-des-elus-ou-taisez-vous-sur-le-pouvoir-aux-abois\"]}]},{\"@type\":\"ImageObject\",\"inLanguage\":\"fr-FR\",\"@id\":\"https:\/\/www.africa-press.net\/gabon\/politique\/ayez-des-elus-ou-taisez-vous-sur-le-pouvoir-aux-abois#primaryimage\",\"url\":\"https:\/\/static.africa-press.net\/gabon\/sites\/54\/2026\/04\/sm_1776610941.50944.jpg\",\"contentUrl\":\"https:\/\/static.africa-press.net\/gabon\/sites\/54\/2026\/04\/sm_1776610941.50944.jpg\",\"width\":720,\"height\":480,\"caption\":\"Ayez Des \u00c9lus Ou Taisez-Vous Sur Le Pouvoir Aux Abois\"},{\"@type\":\"BreadcrumbList\",\"@id\":\"https:\/\/www.africa-press.net\/gabon\/politique\/ayez-des-elus-ou-taisez-vous-sur-le-pouvoir-aux-abois#breadcrumb\",\"itemListElement\":[{\"@type\":\"ListItem\",\"position\":1,\"name\":\"Accueil\",\"item\":\"https:\/\/www.africa-press.net\/gabon\/\"},{\"@type\":\"ListItem\",\"position\":2,\"name\":\"Ayez Des \u00c9lus Ou Taisez-Vous Sur Le Pouvoir Aux Abois\"}]},{\"@type\":\"WebSite\",\"@id\":\"https:\/\/www.africa-press.net\/gabon\/#website\",\"url\":\"https:\/\/www.africa-press.net\/gabon\/\",\"name\":\"Gabon\",\"description\":\"Just another Africa News Agency Sites site\",\"potentialAction\":[{\"@type\":\"SearchAction\",\"target\":{\"@type\":\"EntryPoint\",\"urlTemplate\":\"https:\/\/www.africa-press.net\/gabon\/?s={search_term_string}\"},\"query-input\":{\"@type\":\"PropertyValueSpecification\",\"valueRequired\":true,\"valueName\":\"search_term_string\"}}],\"inLanguage\":\"fr-FR\"},{\"@type\":\"Person\",\"@id\":\"https:\/\/www.africa-press.net\/gabon\/#\/schema\/person\/2b1cf3cd81a31e3cd26889ca66d677f1\",\"name\":\"cfeditorfr\"}]}<\/script>\n<!-- \/ Yoast SEO Premium plugin. -->","yoast_head_json":{"title":"Ayez Des \u00c9lus Ou Taisez-Vous Sur Le Pouvoir Aux Abois - Gabon","description":"-article-header-tag\"> Africa-Press - Gabon. Une phrase la\u0302che\u0301e en confe\u0301r ...","robots":{"index":"index","follow":"follow","max-snippet":"max-snippet:-1","max-image-preview":"max-image-preview:large","max-video-preview":"max-video-preview:-1"},"canonical":"https:\/\/www.africa-press.net\/gabon\/politique\/ayez-des-elus-ou-taisez-vous-sur-le-pouvoir-aux-abois","og_locale":"fr_FR","og_type":"article","og_title":"Ayez Des \u00c9lus Ou Taisez-Vous Sur Le Pouvoir Aux Abois","og_description":"-article-header-tag\"> Africa-Press - Gabon. Une phrase la\u0302che\u0301e en confe\u0301r ...","og_url":"https:\/\/www.africa-press.net\/gabon\/politique\/ayez-des-elus-ou-taisez-vous-sur-le-pouvoir-aux-abois","og_site_name":"Gabon","article_published_time":"2026-03-10T13:44:00+00:00","article_modified_time":"2026-04-19T15:06:53+00:00","og_image":[{"width":720,"height":480,"url":"https:\/\/static.africa-press.net\/gabon\/sites\/54\/2026\/04\/sm_1776610941.50944.jpg","type":"image\/jpeg"}],"author":"cfeditorfr","twitter_card":"summary_large_image","twitter_misc":{"\u00c9crit par":"cfeditorfr","Dur\u00e9e de lecture estim\u00e9e":"5 minutes"},"schema":{"@context":"https:\/\/schema.org","@graph":[{"@type":"Article","@id":"https:\/\/www.africa-press.net\/gabon\/politique\/ayez-des-elus-ou-taisez-vous-sur-le-pouvoir-aux-abois#article","isPartOf":{"@id":"https:\/\/www.africa-press.net\/gabon\/politique\/ayez-des-elus-ou-taisez-vous-sur-le-pouvoir-aux-abois"},"author":{"name":"cfeditorfr","@id":"https:\/\/www.africa-press.net\/gabon\/#\/schema\/person\/2b1cf3cd81a31e3cd26889ca66d677f1"},"headline":"Ayez Des \u00c9lus Ou Taisez-Vous Sur Le Pouvoir Aux Abois","datePublished":"2026-03-10T13:44:00+00:00","dateModified":"2026-04-19T15:06:53+00:00","mainEntityOfPage":{"@id":"https:\/\/www.africa-press.net\/gabon\/politique\/ayez-des-elus-ou-taisez-vous-sur-le-pouvoir-aux-abois"},"wordCount":899,"commentCount":0,"image":{"@id":"https:\/\/www.africa-press.net\/gabon\/politique\/ayez-des-elus-ou-taisez-vous-sur-le-pouvoir-aux-abois#primaryimage"},"thumbnailUrl":"https:\/\/static.africa-press.net\/gabon\/sites\/54\/2026\/04\/sm_1776610941.50944.jpg","keywords":["Gabon"],"articleSection":["Dossiers","Politique","Toutes les actualit\u00e9s"],"inLanguage":"fr-FR","potentialAction":[{"@type":"CommentAction","name":"Comment","target":["https:\/\/www.africa-press.net\/gabon\/politique\/ayez-des-elus-ou-taisez-vous-sur-le-pouvoir-aux-abois#respond"]}]},{"@type":"WebPage","@id":"https:\/\/www.africa-press.net\/gabon\/politique\/ayez-des-elus-ou-taisez-vous-sur-le-pouvoir-aux-abois","url":"https:\/\/www.africa-press.net\/gabon\/politique\/ayez-des-elus-ou-taisez-vous-sur-le-pouvoir-aux-abois","name":"Ayez Des \u00c9lus Ou Taisez-Vous Sur Le Pouvoir Aux Abois - Gabon","isPartOf":{"@id":"https:\/\/www.africa-press.net\/gabon\/#website"},"primaryImageOfPage":{"@id":"https:\/\/www.africa-press.net\/gabon\/politique\/ayez-des-elus-ou-taisez-vous-sur-le-pouvoir-aux-abois#primaryimage"},"image":{"@id":"https:\/\/www.africa-press.net\/gabon\/politique\/ayez-des-elus-ou-taisez-vous-sur-le-pouvoir-aux-abois#primaryimage"},"thumbnailUrl":"https:\/\/static.africa-press.net\/gabon\/sites\/54\/2026\/04\/sm_1776610941.50944.jpg","datePublished":"2026-03-10T13:44:00+00:00","dateModified":"2026-04-19T15:06:53+00:00","author":{"@id":"https:\/\/www.africa-press.net\/gabon\/#\/schema\/person\/2b1cf3cd81a31e3cd26889ca66d677f1"},"description":"-article-header-tag\"> Africa-Press - Gabon. Une phrase la\u0302che\u0301e en confe\u0301r ...","breadcrumb":{"@id":"https:\/\/www.africa-press.net\/gabon\/politique\/ayez-des-elus-ou-taisez-vous-sur-le-pouvoir-aux-abois#breadcrumb"},"inLanguage":"fr-FR","potentialAction":[{"@type":"ReadAction","target":["https:\/\/www.africa-press.net\/gabon\/politique\/ayez-des-elus-ou-taisez-vous-sur-le-pouvoir-aux-abois"]}]},{"@type":"ImageObject","inLanguage":"fr-FR","@id":"https:\/\/www.africa-press.net\/gabon\/politique\/ayez-des-elus-ou-taisez-vous-sur-le-pouvoir-aux-abois#primaryimage","url":"https:\/\/static.africa-press.net\/gabon\/sites\/54\/2026\/04\/sm_1776610941.50944.jpg","contentUrl":"https:\/\/static.africa-press.net\/gabon\/sites\/54\/2026\/04\/sm_1776610941.50944.jpg","width":720,"height":480,"caption":"Ayez Des \u00c9lus Ou Taisez-Vous Sur Le Pouvoir Aux Abois"},{"@type":"BreadcrumbList","@id":"https:\/\/www.africa-press.net\/gabon\/politique\/ayez-des-elus-ou-taisez-vous-sur-le-pouvoir-aux-abois#breadcrumb","itemListElement":[{"@type":"ListItem","position":1,"name":"Accueil","item":"https:\/\/www.africa-press.net\/gabon\/"},{"@type":"ListItem","position":2,"name":"Ayez Des \u00c9lus Ou Taisez-Vous Sur Le Pouvoir Aux Abois"}]},{"@type":"WebSite","@id":"https:\/\/www.africa-press.net\/gabon\/#website","url":"https:\/\/www.africa-press.net\/gabon\/","name":"Gabon","description":"Just another Africa News Agency Sites site","potentialAction":[{"@type":"SearchAction","target":{"@type":"EntryPoint","urlTemplate":"https:\/\/www.africa-press.net\/gabon\/?s={search_term_string}"},"query-input":{"@type":"PropertyValueSpecification","valueRequired":true,"valueName":"search_term_string"}}],"inLanguage":"fr-FR"},{"@type":"Person","@id":"https:\/\/www.africa-press.net\/gabon\/#\/schema\/person\/2b1cf3cd81a31e3cd26889ca66d677f1","name":"cfeditorfr"}]}},"_links":{"self":[{"href":"https:\/\/www.africa-press.net\/gabon\/wp-json\/wp\/v2\/posts\/78291","targetHints":{"allow":["GET"]}}],"collection":[{"href":"https:\/\/www.africa-press.net\/gabon\/wp-json\/wp\/v2\/posts"}],"about":[{"href":"https:\/\/www.africa-press.net\/gabon\/wp-json\/wp\/v2\/types\/post"}],"author":[{"embeddable":true,"href":"https:\/\/www.africa-press.net\/gabon\/wp-json\/wp\/v2\/users\/82"}],"replies":[{"embeddable":true,"href":"https:\/\/www.africa-press.net\/gabon\/wp-json\/wp\/v2\/comments?post=78291"}],"version-history":[{"count":1,"href":"https:\/\/www.africa-press.net\/gabon\/wp-json\/wp\/v2\/posts\/78291\/revisions"}],"predecessor-version":[{"id":78346,"href":"https:\/\/www.africa-press.net\/gabon\/wp-json\/wp\/v2\/posts\/78291\/revisions\/78346"}],"wp:featuredmedia":[{"embeddable":true,"href":"https:\/\/www.africa-press.net\/gabon\/wp-json\/wp\/v2\/media\/78290"}],"wp:attachment":[{"href":"https:\/\/www.africa-press.net\/gabon\/wp-json\/wp\/v2\/media?parent=78291"}],"wp:term":[{"taxonomy":"category","embeddable":true,"href":"https:\/\/www.africa-press.net\/gabon\/wp-json\/wp\/v2\/categories?post=78291"},{"taxonomy":"post_tag","embeddable":true,"href":"https:\/\/www.africa-press.net\/gabon\/wp-json\/wp\/v2\/tags?post=78291"}],"curies":[{"name":"wp","href":"https:\/\/api.w.org\/{rel}","templated":true}]}}