{"id":78360,"date":"2026-03-09T14:34:00","date_gmt":"2026-03-09T14:34:00","guid":{"rendered":"https:\/\/www.africa-press.net\/gabon\/politique\/bwiti-et-la-reconciliation-des-dieux-par-e-j-bekale"},"modified":"2026-04-19T15:17:35","modified_gmt":"2026-04-19T15:17:35","slug":"bwiti-et-la-reconciliation-des-dieux-par-e-j-bekale","status":"publish","type":"post","link":"https:\/\/www.africa-press.net\/gabon\/culture-et-art\/bwiti-et-la-reconciliation-des-dieux-par-e-j-bekale","title":{"rendered":"Bwiti Et La R\u00e9conciliation Des Dieux Par E.J. B\u00e9kal\u00e9"},"content":{"rendered":"<p><span class=\"ap-article-header-tag\"> <strong>Africa-Press &#8211; Gabon. <\/strong> <\/span><b>Diplomate, ancien ministre, franc-mac\u0327on, bwitiste, catholique et poe\u0300te, E\u0301ric Joe\u0308l Be\u0301kale\u0301 n\u2019est pas un homme d\u2019une seule dimension. Dans \u00abPoe\u0300mes d\u2019initie\u0301\u00bb, son tout nouveau recueil paru aux e\u0301ditions Acoria, il convoque toutes ses appartenances pour en faire une seule et me\u0302me lumie\u0300re. Le re\u0301sultat est saisissant: une \u0153uvre de feu et de silence, pre\u0301face\u0301e par le Grand Mai\u0302tre adjoint de la Grande Loge de France, qui traverse les rites, les dieux et les continents pour atteindre ce que toute grande poe\u0301sie cherche: l\u2019essentiel de l\u2019homme. Un recueil mystique aux accents universels.<\/b><\/p>\n<p>Il y a des livres que l\u2019on ouvre comme on pousse une porte sacre\u0301e. \u00abPoe\u0300mes d\u2019initie\u0301\u00bb, le nouveau recueil d\u2019E\u0301ric Joe\u0308l Be\u0301kale\u0301, paru en 2026 aux e\u0301ditions Acoria et distribue\u0301 par L\u2019Harmattan, est de ceux-la\u0300. En un peu plus de cent pages, le poe\u0300te-diplomate gabonais de\u0301ploie une \u0153uvre de haute tenue, tisse\u0301e aux carrefours du Bwiti, du catholicisme et de la franc-mac\u0327onnerie Rite E\u0301cossais Ancien et Accepte\u0301, un triptyque dont il fait, non pas une contradiction, mais une convergence.<\/p>\n<p>La structure me\u0302me du recueil dit quelque chose de son projet: trois parties, trois degre\u0301s d\u2019une initiation. D\u2019abord l\u2019\u00abIboga\u00bb, ancrage dans la terre ancestrale et dans la nuit des rite ; puis \u00abLa Croix\u00bb, espace de confession et de lumie\u0300re christique ; enfin \u00abLa Pyramide\u00bb, sommet de l\u2019ascension inte\u0301rieure. Chaque section est une marche, chaque poe\u0300me un pas. L\u2019ensemble forme ce que l\u2019auteur nomme, de\u0300s son poe\u0300me liminaire adresse\u0301 au lecteur, une invitation a\u0300 cheminer \u00abmain dans la main, derrie\u0300re le porteur de flambeau\u00bb.<\/p>\n<p>\u00abPoe\u0300mes d\u2019initie\u0301\u00bb ne se contente pas de parler a\u0300 l\u2019esprit, il parle aussi aux yeux. Les illustrations qui accompagnent le recueil sont signe\u0301es de l\u2019auteur lui-me\u0302me, re\u0301ve\u0301lant une dimension plastique insoupc\u0327onne\u0301e chez celui que l\u2019on connai\u0302t d\u2019abord comme poe\u0300te et diplomate. Nai\u0308ves et puissantes, colore\u0301es et symboliques, elles prolongent dans l\u2019image ce que les vers expriment en mots. Pour la couverture, par exemple, un serpent s\u2019enroulant autour d\u2019un arbre-harpe, un oiseau pose\u0301 au seuil du soleil, des fleurs e\u0301clatantes au milieu d\u2019une nature spiritualise\u0301e. Chaque dessin du livre est une porte supple\u0301mentaire vers l\u2019univers initiatique de Be\u0301kale\u0301: celle que l\u2019on franchit sans avoir besoin de lire.<\/p>\n<p>Car Be\u0301kale\u0301 s\u2019adresse directement a\u0300 celui qui tient le livre entre ses mains. Inaugural, son poe\u0300me intitule\u0301 \u00abLecteur !\u00bb est a\u0300 lui seul un manifeste: l\u2019auteur y de\u0301crit des vers \u00abconstruits et cisele\u0301s avec pre\u0301cision\u00bb, offerts non par obligation mais par de\u0301sir de partage et d\u2019e\u0301le\u0301vation. La lecture y est de\u0301finie comme un acte initiatique, une communion entre l\u2019encre et l\u2019a\u0302me.<\/p>\n<p>La pre\u0301face, confie\u0301e a\u0300 Jean-Laurent Turbet, Grand Mai\u0302tre adjoint de la Grande Loge de France, amplifie cette lecture. Turbet brosse le portrait d\u2019un homme pluriel \u2013 \u00abe\u0301crivain, poe\u0300te, diplomate, ministre, ami\u00bb \u2013 dont l\u2019\u0153uvre transcende les clivages pour atteindre a\u0300 l\u2019universel. Il voit dans \u00abPoe\u0300mes d\u2019initie\u0301\u00bb une \u00abporte vers l\u2019ailleurs\u00bb, un voyage \u00abspirituel, mystique, introspectif\u00bb ou\u0300 la tradition gabonaise dialogue avec le sacre\u0301 le plus vaste. Sa conclusion, elliptique et lumineuse, re\u0301sume tout: \u00abA\u0300 vous maintenant de profiter de cette transe&#8230; en danse&#8230;\u00bb<\/p>\n<p>E\u0301crivain prolixe d\u2019une trentaine d\u2019ouvrages, pre\u0301sident re\u0301e\u0301lu de l\u2019Union des E\u0301crivains Gabonais (UDEG) et vice-pre\u0301sident de la PAWA pour l\u2019Afrique centrale, E\u0301ric Joe\u0308l Be\u0301kale\u0301 confirme ici son statut de poe\u0300te-voyant. Dans un paysage litte\u0301raire gabonais trop souvent domine\u0301 par l\u2019urgence du politique, \u00abPoe\u0300mes d\u2019initie\u0301\u00bb s\u2019impose comme une \u0153uvre de la profondeur, rare, ne\u0301cessaire, et re\u0301solument intemporelle.<\/p>\n<p class=\"ap-article-footer-note\">Retrouvez plus d\u2019actualit\u00e9s et d\u2019analyses sur <span class=\"ap-highlight-country\">Gabon<\/span> sur le site <span class=\"ap-highlight-brand\">Africa Press<\/span><\/p>\n","protected":false},"excerpt":{"rendered":"<p>Africa-Press &#8211; Gabon. Diplomate, ancien ministre, franc-mac\u0327on, bwitiste, catholique et poe\u0300te, E\u0301ric Joe\u0308l Be\u0301kale\u0301 n\u2019est pas un homme d\u2019une seule dimension. Dans \u00abPoe\u0300mes d\u2019initie\u0301\u00bb, son tout nouveau recueil paru aux e\u0301ditions Acoria, il convoque toutes ses appartenances pour en faire une seule et me\u0302me lumie\u0300re. Le re\u0301sultat est saisissant: une \u0153uvre de feu et de [&hellip;]<\/p>\n","protected":false},"author":82,"featured_media":78359,"comment_status":"open","ping_status":"closed","sticky":false,"template":"","format":"standard","meta":{"footnotes":""},"categories":[5,10],"tags":[49],"class_list":["post-78360","post","type-post","status-publish","format-standard","has-post-thumbnail","hentry","category-culture-et-art","category-toutes-les-actualites","tag-gabon"],"yoast_head":"<!-- This site is optimized with the Yoast SEO Premium plugin v26.1 (Yoast SEO v27.0) - https:\/\/yoast.com\/product\/yoast-seo-premium-wordpress\/ -->\n<title>Bwiti Et La R\u00e9conciliation Des Dieux Par E.J. B\u00e9kal\u00e9 - Gabon<\/title>\n<meta name=\"description\" content=\"-article-header-tag&quot;&gt; Africa-Press - Gabon. Diplomate, ancien ministre, fr ...\" \/>\n<meta name=\"robots\" content=\"index, follow, max-snippet:-1, max-image-preview:large, max-video-preview:-1\" \/>\n<link rel=\"canonical\" href=\"https:\/\/www.africa-press.net\/gabon\/culture-et-art\/bwiti-et-la-reconciliation-des-dieux-par-e-j-bekale\" \/>\n<meta property=\"og:locale\" content=\"fr_FR\" \/>\n<meta property=\"og:type\" content=\"article\" \/>\n<meta property=\"og:title\" content=\"Bwiti Et La R\u00e9conciliation Des Dieux Par E.J. B\u00e9kal\u00e9\" \/>\n<meta property=\"og:description\" content=\"-article-header-tag&quot;&gt; Africa-Press - Gabon. Diplomate, ancien ministre, fr ...\" \/>\n<meta property=\"og:url\" content=\"https:\/\/www.africa-press.net\/gabon\/culture-et-art\/bwiti-et-la-reconciliation-des-dieux-par-e-j-bekale\" \/>\n<meta property=\"og:site_name\" content=\"Gabon\" \/>\n<meta property=\"article:published_time\" content=\"2026-03-09T14:34:00+00:00\" \/>\n<meta property=\"article:modified_time\" content=\"2026-04-19T15:17:35+00:00\" \/>\n<meta property=\"og:image\" content=\"https:\/\/static.africa-press.net\/gabon\/sites\/54\/2026\/04\/sm_1776611427.678583.jpg\" \/>\n\t<meta property=\"og:image:width\" content=\"720\" \/>\n\t<meta property=\"og:image:height\" content=\"540\" \/>\n\t<meta property=\"og:image:type\" content=\"image\/jpeg\" \/>\n<meta name=\"author\" content=\"cfeditorfr\" \/>\n<meta name=\"twitter:card\" content=\"summary_large_image\" \/>\n<meta name=\"twitter:label1\" content=\"\u00c9crit par\" \/>\n\t<meta name=\"twitter:data1\" content=\"cfeditorfr\" \/>\n\t<meta name=\"twitter:label2\" content=\"Dur\u00e9e de lecture estim\u00e9e\" \/>\n\t<meta name=\"twitter:data2\" content=\"4 minutes\" \/>\n<script type=\"application\/ld+json\" class=\"yoast-schema-graph\">{\"@context\":\"https:\/\/schema.org\",\"@graph\":[{\"@type\":\"Article\",\"@id\":\"https:\/\/www.africa-press.net\/gabon\/culture-et-art\/bwiti-et-la-reconciliation-des-dieux-par-e-j-bekale#article\",\"isPartOf\":{\"@id\":\"https:\/\/www.africa-press.net\/gabon\/culture-et-art\/bwiti-et-la-reconciliation-des-dieux-par-e-j-bekale\"},\"author\":{\"name\":\"cfeditorfr\",\"@id\":\"https:\/\/www.africa-press.net\/gabon\/#\/schema\/person\/2b1cf3cd81a31e3cd26889ca66d677f1\"},\"headline\":\"Bwiti Et La R\u00e9conciliation Des Dieux Par E.J. B\u00e9kal\u00e9\",\"datePublished\":\"2026-03-09T14:34:00+00:00\",\"dateModified\":\"2026-04-19T15:17:35+00:00\",\"mainEntityOfPage\":{\"@id\":\"https:\/\/www.africa-press.net\/gabon\/culture-et-art\/bwiti-et-la-reconciliation-des-dieux-par-e-j-bekale\"},\"wordCount\":706,\"commentCount\":0,\"image\":{\"@id\":\"https:\/\/www.africa-press.net\/gabon\/culture-et-art\/bwiti-et-la-reconciliation-des-dieux-par-e-j-bekale#primaryimage\"},\"thumbnailUrl\":\"https:\/\/static.africa-press.net\/gabon\/sites\/54\/2026\/04\/sm_1776611427.678583.jpg\",\"keywords\":[\"Gabon\"],\"articleSection\":[\"Culture et Art\",\"Toutes les actualit\u00e9s\"],\"inLanguage\":\"fr-FR\",\"potentialAction\":[{\"@type\":\"CommentAction\",\"name\":\"Comment\",\"target\":[\"https:\/\/www.africa-press.net\/gabon\/culture-et-art\/bwiti-et-la-reconciliation-des-dieux-par-e-j-bekale#respond\"]}]},{\"@type\":\"WebPage\",\"@id\":\"https:\/\/www.africa-press.net\/gabon\/culture-et-art\/bwiti-et-la-reconciliation-des-dieux-par-e-j-bekale\",\"url\":\"https:\/\/www.africa-press.net\/gabon\/culture-et-art\/bwiti-et-la-reconciliation-des-dieux-par-e-j-bekale\",\"name\":\"Bwiti Et La R\u00e9conciliation Des Dieux Par E.J. B\u00e9kal\u00e9 - Gabon\",\"isPartOf\":{\"@id\":\"https:\/\/www.africa-press.net\/gabon\/#website\"},\"primaryImageOfPage\":{\"@id\":\"https:\/\/www.africa-press.net\/gabon\/culture-et-art\/bwiti-et-la-reconciliation-des-dieux-par-e-j-bekale#primaryimage\"},\"image\":{\"@id\":\"https:\/\/www.africa-press.net\/gabon\/culture-et-art\/bwiti-et-la-reconciliation-des-dieux-par-e-j-bekale#primaryimage\"},\"thumbnailUrl\":\"https:\/\/static.africa-press.net\/gabon\/sites\/54\/2026\/04\/sm_1776611427.678583.jpg\",\"datePublished\":\"2026-03-09T14:34:00+00:00\",\"dateModified\":\"2026-04-19T15:17:35+00:00\",\"author\":{\"@id\":\"https:\/\/www.africa-press.net\/gabon\/#\/schema\/person\/2b1cf3cd81a31e3cd26889ca66d677f1\"},\"description\":\"-article-header-tag\\\"> Africa-Press - Gabon. Diplomate, ancien ministre, fr ...\",\"breadcrumb\":{\"@id\":\"https:\/\/www.africa-press.net\/gabon\/culture-et-art\/bwiti-et-la-reconciliation-des-dieux-par-e-j-bekale#breadcrumb\"},\"inLanguage\":\"fr-FR\",\"potentialAction\":[{\"@type\":\"ReadAction\",\"target\":[\"https:\/\/www.africa-press.net\/gabon\/culture-et-art\/bwiti-et-la-reconciliation-des-dieux-par-e-j-bekale\"]}]},{\"@type\":\"ImageObject\",\"inLanguage\":\"fr-FR\",\"@id\":\"https:\/\/www.africa-press.net\/gabon\/culture-et-art\/bwiti-et-la-reconciliation-des-dieux-par-e-j-bekale#primaryimage\",\"url\":\"https:\/\/static.africa-press.net\/gabon\/sites\/54\/2026\/04\/sm_1776611427.678583.jpg\",\"contentUrl\":\"https:\/\/static.africa-press.net\/gabon\/sites\/54\/2026\/04\/sm_1776611427.678583.jpg\",\"width\":720,\"height\":540,\"caption\":\"Bwiti Et La R\u00e9conciliation Des Dieux Par E.J. B\u00e9kal\u00e9\"},{\"@type\":\"BreadcrumbList\",\"@id\":\"https:\/\/www.africa-press.net\/gabon\/culture-et-art\/bwiti-et-la-reconciliation-des-dieux-par-e-j-bekale#breadcrumb\",\"itemListElement\":[{\"@type\":\"ListItem\",\"position\":1,\"name\":\"Accueil\",\"item\":\"https:\/\/www.africa-press.net\/gabon\/\"},{\"@type\":\"ListItem\",\"position\":2,\"name\":\"Bwiti Et La R\u00e9conciliation Des Dieux Par E.J. B\u00e9kal\u00e9\"}]},{\"@type\":\"WebSite\",\"@id\":\"https:\/\/www.africa-press.net\/gabon\/#website\",\"url\":\"https:\/\/www.africa-press.net\/gabon\/\",\"name\":\"Gabon\",\"description\":\"Just another Africa News Agency Sites site\",\"potentialAction\":[{\"@type\":\"SearchAction\",\"target\":{\"@type\":\"EntryPoint\",\"urlTemplate\":\"https:\/\/www.africa-press.net\/gabon\/?s={search_term_string}\"},\"query-input\":{\"@type\":\"PropertyValueSpecification\",\"valueRequired\":true,\"valueName\":\"search_term_string\"}}],\"inLanguage\":\"fr-FR\"},{\"@type\":\"Person\",\"@id\":\"https:\/\/www.africa-press.net\/gabon\/#\/schema\/person\/2b1cf3cd81a31e3cd26889ca66d677f1\",\"name\":\"cfeditorfr\"}]}<\/script>\n<!-- \/ Yoast SEO Premium plugin. -->","yoast_head_json":{"title":"Bwiti Et La R\u00e9conciliation Des Dieux Par E.J. B\u00e9kal\u00e9 - Gabon","description":"-article-header-tag\"> Africa-Press - Gabon. Diplomate, ancien ministre, fr ...","robots":{"index":"index","follow":"follow","max-snippet":"max-snippet:-1","max-image-preview":"max-image-preview:large","max-video-preview":"max-video-preview:-1"},"canonical":"https:\/\/www.africa-press.net\/gabon\/culture-et-art\/bwiti-et-la-reconciliation-des-dieux-par-e-j-bekale","og_locale":"fr_FR","og_type":"article","og_title":"Bwiti Et La R\u00e9conciliation Des Dieux Par E.J. B\u00e9kal\u00e9","og_description":"-article-header-tag\"> Africa-Press - Gabon. Diplomate, ancien ministre, fr ...","og_url":"https:\/\/www.africa-press.net\/gabon\/culture-et-art\/bwiti-et-la-reconciliation-des-dieux-par-e-j-bekale","og_site_name":"Gabon","article_published_time":"2026-03-09T14:34:00+00:00","article_modified_time":"2026-04-19T15:17:35+00:00","og_image":[{"width":720,"height":540,"url":"https:\/\/static.africa-press.net\/gabon\/sites\/54\/2026\/04\/sm_1776611427.678583.jpg","type":"image\/jpeg"}],"author":"cfeditorfr","twitter_card":"summary_large_image","twitter_misc":{"\u00c9crit par":"cfeditorfr","Dur\u00e9e de lecture estim\u00e9e":"4 minutes"},"schema":{"@context":"https:\/\/schema.org","@graph":[{"@type":"Article","@id":"https:\/\/www.africa-press.net\/gabon\/culture-et-art\/bwiti-et-la-reconciliation-des-dieux-par-e-j-bekale#article","isPartOf":{"@id":"https:\/\/www.africa-press.net\/gabon\/culture-et-art\/bwiti-et-la-reconciliation-des-dieux-par-e-j-bekale"},"author":{"name":"cfeditorfr","@id":"https:\/\/www.africa-press.net\/gabon\/#\/schema\/person\/2b1cf3cd81a31e3cd26889ca66d677f1"},"headline":"Bwiti Et La R\u00e9conciliation Des Dieux Par E.J. B\u00e9kal\u00e9","datePublished":"2026-03-09T14:34:00+00:00","dateModified":"2026-04-19T15:17:35+00:00","mainEntityOfPage":{"@id":"https:\/\/www.africa-press.net\/gabon\/culture-et-art\/bwiti-et-la-reconciliation-des-dieux-par-e-j-bekale"},"wordCount":706,"commentCount":0,"image":{"@id":"https:\/\/www.africa-press.net\/gabon\/culture-et-art\/bwiti-et-la-reconciliation-des-dieux-par-e-j-bekale#primaryimage"},"thumbnailUrl":"https:\/\/static.africa-press.net\/gabon\/sites\/54\/2026\/04\/sm_1776611427.678583.jpg","keywords":["Gabon"],"articleSection":["Culture et Art","Toutes les actualit\u00e9s"],"inLanguage":"fr-FR","potentialAction":[{"@type":"CommentAction","name":"Comment","target":["https:\/\/www.africa-press.net\/gabon\/culture-et-art\/bwiti-et-la-reconciliation-des-dieux-par-e-j-bekale#respond"]}]},{"@type":"WebPage","@id":"https:\/\/www.africa-press.net\/gabon\/culture-et-art\/bwiti-et-la-reconciliation-des-dieux-par-e-j-bekale","url":"https:\/\/www.africa-press.net\/gabon\/culture-et-art\/bwiti-et-la-reconciliation-des-dieux-par-e-j-bekale","name":"Bwiti Et La R\u00e9conciliation Des Dieux Par E.J. B\u00e9kal\u00e9 - Gabon","isPartOf":{"@id":"https:\/\/www.africa-press.net\/gabon\/#website"},"primaryImageOfPage":{"@id":"https:\/\/www.africa-press.net\/gabon\/culture-et-art\/bwiti-et-la-reconciliation-des-dieux-par-e-j-bekale#primaryimage"},"image":{"@id":"https:\/\/www.africa-press.net\/gabon\/culture-et-art\/bwiti-et-la-reconciliation-des-dieux-par-e-j-bekale#primaryimage"},"thumbnailUrl":"https:\/\/static.africa-press.net\/gabon\/sites\/54\/2026\/04\/sm_1776611427.678583.jpg","datePublished":"2026-03-09T14:34:00+00:00","dateModified":"2026-04-19T15:17:35+00:00","author":{"@id":"https:\/\/www.africa-press.net\/gabon\/#\/schema\/person\/2b1cf3cd81a31e3cd26889ca66d677f1"},"description":"-article-header-tag\"> Africa-Press - Gabon. Diplomate, ancien ministre, fr ...","breadcrumb":{"@id":"https:\/\/www.africa-press.net\/gabon\/culture-et-art\/bwiti-et-la-reconciliation-des-dieux-par-e-j-bekale#breadcrumb"},"inLanguage":"fr-FR","potentialAction":[{"@type":"ReadAction","target":["https:\/\/www.africa-press.net\/gabon\/culture-et-art\/bwiti-et-la-reconciliation-des-dieux-par-e-j-bekale"]}]},{"@type":"ImageObject","inLanguage":"fr-FR","@id":"https:\/\/www.africa-press.net\/gabon\/culture-et-art\/bwiti-et-la-reconciliation-des-dieux-par-e-j-bekale#primaryimage","url":"https:\/\/static.africa-press.net\/gabon\/sites\/54\/2026\/04\/sm_1776611427.678583.jpg","contentUrl":"https:\/\/static.africa-press.net\/gabon\/sites\/54\/2026\/04\/sm_1776611427.678583.jpg","width":720,"height":540,"caption":"Bwiti Et La R\u00e9conciliation Des Dieux Par E.J. B\u00e9kal\u00e9"},{"@type":"BreadcrumbList","@id":"https:\/\/www.africa-press.net\/gabon\/culture-et-art\/bwiti-et-la-reconciliation-des-dieux-par-e-j-bekale#breadcrumb","itemListElement":[{"@type":"ListItem","position":1,"name":"Accueil","item":"https:\/\/www.africa-press.net\/gabon\/"},{"@type":"ListItem","position":2,"name":"Bwiti Et La R\u00e9conciliation Des Dieux Par E.J. B\u00e9kal\u00e9"}]},{"@type":"WebSite","@id":"https:\/\/www.africa-press.net\/gabon\/#website","url":"https:\/\/www.africa-press.net\/gabon\/","name":"Gabon","description":"Just another Africa News Agency Sites site","potentialAction":[{"@type":"SearchAction","target":{"@type":"EntryPoint","urlTemplate":"https:\/\/www.africa-press.net\/gabon\/?s={search_term_string}"},"query-input":{"@type":"PropertyValueSpecification","valueRequired":true,"valueName":"search_term_string"}}],"inLanguage":"fr-FR"},{"@type":"Person","@id":"https:\/\/www.africa-press.net\/gabon\/#\/schema\/person\/2b1cf3cd81a31e3cd26889ca66d677f1","name":"cfeditorfr"}]}},"_links":{"self":[{"href":"https:\/\/www.africa-press.net\/gabon\/wp-json\/wp\/v2\/posts\/78360","targetHints":{"allow":["GET"]}}],"collection":[{"href":"https:\/\/www.africa-press.net\/gabon\/wp-json\/wp\/v2\/posts"}],"about":[{"href":"https:\/\/www.africa-press.net\/gabon\/wp-json\/wp\/v2\/types\/post"}],"author":[{"embeddable":true,"href":"https:\/\/www.africa-press.net\/gabon\/wp-json\/wp\/v2\/users\/82"}],"replies":[{"embeddable":true,"href":"https:\/\/www.africa-press.net\/gabon\/wp-json\/wp\/v2\/comments?post=78360"}],"version-history":[{"count":1,"href":"https:\/\/www.africa-press.net\/gabon\/wp-json\/wp\/v2\/posts\/78360\/revisions"}],"predecessor-version":[{"id":78439,"href":"https:\/\/www.africa-press.net\/gabon\/wp-json\/wp\/v2\/posts\/78360\/revisions\/78439"}],"wp:featuredmedia":[{"embeddable":true,"href":"https:\/\/www.africa-press.net\/gabon\/wp-json\/wp\/v2\/media\/78359"}],"wp:attachment":[{"href":"https:\/\/www.africa-press.net\/gabon\/wp-json\/wp\/v2\/media?parent=78360"}],"wp:term":[{"taxonomy":"category","embeddable":true,"href":"https:\/\/www.africa-press.net\/gabon\/wp-json\/wp\/v2\/categories?post=78360"},{"taxonomy":"post_tag","embeddable":true,"href":"https:\/\/www.africa-press.net\/gabon\/wp-json\/wp\/v2\/tags?post=78360"}],"curies":[{"name":"wp","href":"https:\/\/api.w.org\/{rel}","templated":true}]}}