{"id":788,"date":"2020-12-27T15:10:57","date_gmt":"2020-12-27T15:10:57","guid":{"rendered":"https:\/\/www.africa-press.com\/gabon\/?p=788"},"modified":"2020-12-27T15:15:23","modified_gmt":"2020-12-27T15:15:23","slug":"au-gabon-la-fronde-des-chretiens-face-aux-mesures-anti-covid","status":"publish","type":"post","link":"https:\/\/www.africa-press.net\/gabon\/politique\/au-gabon-la-fronde-des-chretiens-face-aux-mesures-anti-covid","title":{"rendered":"Au Gabon, la fronde des chr\u00e9tiens face aux mesures anti-Covid"},"content":{"rendered":"<p><span style=\"color: #ff6600\"><strong><a href=\"https:\/\/www.africa-press.com\">Africa-Press<\/a> &#8211; <a href=\"https:\/\/www.africa-press.com\/gabon\">Gabon<\/a>. <\/strong><\/span>Les tensions s\u2019accentuent entre les chr\u00e9tiens et le gouvernement gabonais autour de la date de r\u00e9ouverture des lieux de culte. Pr\u00eatres et pasteurs s\u2019affirment d\u00e9termin\u00e9s \u00e0 c\u00e9l\u00e9brer les offices d\u00e8s le 25 octobre, malgr\u00e9 le risque d\u2019amendes.<\/p>\n<p>Les \u00e2pres n\u00e9gociations men\u00e9es depuis plusieurs mois entre le gouvernement et les principaux responsables chr\u00e9tiens du Gabon pour l\u2019ouverture des lieux de culte vont-elles d\u00e9boucher sur un conflit ouvert ?<\/p>\n<p>Apr\u00e8s six mois de fermeture des temples et \u00e9glises en raison des contraintes sanitaires li\u00e9es au coronavirus dans ce pays majoritairement chr\u00e9tien, les pr\u00eatres catholiques et les pasteurs protestants semblent bel et bien d\u00e9cid\u00e9s \u00e0 reprendre les offices religieux \u00e0 compter du 25 octobre \u2013 contre l\u2019avis du gouvernement qui, lui, a fix\u00e9 la r\u00e9ouverture des lieux de culte au 30 octobre.<\/p>\n<p>L\u2019archev\u00eaque de Libreville a encore enfonc\u00e9 le clou, ce dimanche 18 octobre, dans une hom\u00e9lie film\u00e9e et diffus\u00e9e sur internet \u00e0 l\u2019intention des fid\u00e8les qui ne peuvent plus se rendre dans les \u00e9glises. \u00ab Le 25 octobre, aucune porte de nos paroisses ne restera ferm\u00e9e \u00bb, a lanc\u00e9 Mgr Jean-Patrick Iba-B\u00e2, chasuble verte sur les \u00e9paules, alors qu\u2019il c\u00e9l\u00e9brait l\u2019office dans la cath\u00e9drale Sainte-Marie.<\/p>\n<p>Un discours dans la droite ligne de celui de Mgr Jean-Vincent Ondo Eyene, \u00e9v\u00eaque d\u2019Oyem. \u00ab Il vaut mieux mourir martyr que de laisser Dieu se faire insulter. Je nous le redis, quittons la peur ! Un \u00e9v\u00eaque reste un serviteur de Dieu. Il ne doit pas se laisser berner par le pouvoir \u00bb, avait-il lanc\u00e9 lors de la conf\u00e9rence \u00e9piscopale du Gabon, le 4 octobre.<\/p>\n<p>C\u2019est cependant Mgr Jean-Patrick Iba-B\u00e2, qui a remplac\u00e9 Mgr Basile Mv\u00e9 Engone \u00e0 la t\u00eate du dioc\u00e8se de Libreville en mars dernier, qui semble mener la fronde. Dans un courrier dat\u00e9 du 13 octobre dans lequel il d\u00e9taille son \u00ab d\u00e9cret \u00bb, il avait d\u00e9j\u00e0 annonc\u00e9 \u00ab l\u2019ouverture de toutes les paroisses de l\u2019archidioc\u00e8se de Libreville \u00bb pour le 25 octobre et promis la c\u00e9l\u00e9bration des messes \u00ab dans toutes les paroisses, aux heures habituelles \u00bb.<\/p>\n<p>Trois jours plus tard, Lambert-No\u00ebl Matha, le ministre de l\u2019Int\u00e9rieur, \u00e9tait revenu \u00e0 la charge pour r\u00e9it\u00e9rer l\u2019intention du gouvernement de fixer la date de r\u00e9ouverture des lieux de culte au 30 octobre.<\/p>\n<p>Ce dernier a par ailleurs pr\u00e9cis\u00e9 les conditions dans lesquelles pourraient \u00eatre c\u00e9l\u00e9br\u00e9s les cultes : \u00ab la d\u00e9livrance d\u2019une autorisation sp\u00e9ciale par le ministre de la Sant\u00e9 et celui de l\u2019Int\u00e9rieur \u00bb sera n\u00e9cessaire, un maximum de 30 fid\u00e8les sera accept\u00e9 par office religieux, la distanciation physique devra \u00eatre respect\u00e9e \u2013 les accolades seront donc interdites \u2013 et, pour les catholiques, la communion est suspendue.<\/p>\n<p>\u00ab La dur\u00e9e maximale de chaque c\u00e9l\u00e9bration doit varier entre 45 minutes et une heure \u00bb, et les lieux de culte ne sont autoris\u00e9s \u00e0 ouvrir qu\u2019un seul jour par semaine, a en outre pr\u00e9cis\u00e9 le ministre. Ensuite, \u00ab le paiement de la d\u00eeme se fera par voie \u00e9lectronique, transfert, ou dans une enveloppe ferm\u00e9e. En outre, les fid\u00e8les [devront] \u00e9galement remplir un fichier \u00e9lectronique pour donner les renseignements personnels qui permettraient de pr\u00e9venir ou de retrouver des cas contacts [s\u2019il y avait] contamination \u00bb.<\/p>\n<p><b>\u00ab Deux poids, deux mesures \u00bb<\/b><\/p>\n<p>Les catholiques ne sont pas les seuls responsables religieux que le gouvernement peine \u00e0 convaincre. Depuis des mois, la F\u00e9d\u00e9ration libre des assembl\u00e9es et minist\u00e8res \u00e9vang\u00e9liques (Flame), emmen\u00e9e par le r\u00e9v\u00e9rend Louis Mbadinga, demande la r\u00e9ouverture des \u00c9glises de r\u00e9veil.<\/p>\n<p>Le pasteur protestant Pierre Bongolo, qui officie \u00e0 Libreville, s\u2019\u00e9tonne ainsi de constater \u00ab deux poids, deux mesures \u00bb entre les contraintes impos\u00e9es aux lieux de culte et celles, plus l\u00e9g\u00e8res, qui p\u00e8sent sur les march\u00e9s et supermarch\u00e9s, les \u00e9coles ou encore les administrations. \u00ab Qu\u2019on demande au secteur publique de travailler une fois par semaine, on verra bien ! \u00bb<\/p>\n<p>\u00ab Cela ressemble \u00e0 une volont\u00e9 de tout contr\u00f4ler, une privation de libert\u00e9s \u00bb, se plaint le pasteur Georges Bruno Ngoussi, de l\u2019\u00e9glise Nazareth. Figure de la soci\u00e9t\u00e9 civile gabonaise, le pasteur \u00e9voque m\u00eame une \u00ab arnaque \u00bb. \u00ab J\u2019ai entendu qu\u2019il faut des tests de d\u00e9pistage, or ceux-ci co\u00fbtent 5 000 F CFA [7,6 euros]. Comment un Gabonais qui a parfois du mal \u00e0 gagner 1 000 F CFA par jour va-t-il faire pour payer son test ? \u00bb s\u2019interroge-t-il. Le pasteur se dit pr\u00eat \u00e0 braver l\u2019interdiction d\u2019ouvrir les lieux de culte, le 25 octobre, sans craindre les sanctions pr\u00e9vues, parmi lesquelles une amende de 5 millions de F CFA.<\/p>\n<p>La communaut\u00e9 musulmane, de son c\u00f4t\u00e9, n\u2019est pas mont\u00e9e au cr\u00e9neau, saluant au contraire la r\u00e9ouverture des lieux de culte \u00e0 la fin du mois. \u00ab C\u2019est un grand pas d\u2019avoir ouvert nos mosqu\u00e9es. Nous remercions les autorit\u00e9s pour cette \u00e9volution \u00bb, a d\u00e9clar\u00e9 sur la t\u00e9l\u00e9vision nationale l\u2019imam Youssouf Nziengui, membre du Conseil sup\u00e9rieur des affaires islamiques.<\/p>\n<p>Enfin, les pratiquants du bwiti, la spiritualit\u00e9 traditionnelle du Gabon, sont toujours soumis, officiellement, aux limitations des rassemblements fix\u00e9es \u00e0 30 personnes. Ils ne se sont pas exprim\u00e9s ouvertement pour demander un all\u00e8gement des mesures barri\u00e8res.<\/p>\n","protected":false},"excerpt":{"rendered":"<p>Africa-Press &#8211; Gabon. Les tensions s\u2019accentuent entre les chr\u00e9tiens et le gouvernement gabonais autour de la date de r\u00e9ouverture des lieux de culte. Pr\u00eatres et pasteurs s\u2019affirment d\u00e9termin\u00e9s \u00e0 c\u00e9l\u00e9brer les offices d\u00e8s le 25 octobre, malgr\u00e9 le risque d\u2019amendes. Les \u00e2pres n\u00e9gociations men\u00e9es depuis plusieurs mois entre le gouvernement et les principaux responsables chr\u00e9tiens [&hellip;]<\/p>\n","protected":false},"author":82,"featured_media":787,"comment_status":"open","ping_status":"closed","sticky":false,"template":"","format":"standard","meta":{"footnotes":""},"categories":[7,11,2,10],"tags":[36,50,49],"class_list":["post-788","post","type-post","status-publish","format-standard","has-post-thumbnail","hentry","category-dossiers","category-homepage-french","category-politique","category-toutes-les-actualites","tag-africa-press","tag-africa-press-gabon","tag-gabon"],"yoast_head":"<!-- This site is optimized with the Yoast SEO Premium plugin v26.1 (Yoast SEO v27.0) - https:\/\/yoast.com\/product\/yoast-seo-premium-wordpress\/ -->\n<title>Au Gabon, la fronde des chr\u00e9tiens face aux mesures anti-Covid - Gabon<\/title>\n<meta name=\"description\" content=\"Les tensions s\u2019accentuent entre les chr\u00e9tiens et le gouvernement gabonais autour de la date de r\u00e9ouverture des lieux de ...\" \/>\n<meta name=\"robots\" content=\"index, follow, max-snippet:-1, max-image-preview:large, max-video-preview:-1\" \/>\n<link rel=\"canonical\" href=\"https:\/\/www.africa-press.net\/gabon\/politique\/au-gabon-la-fronde-des-chretiens-face-aux-mesures-anti-covid\" \/>\n<meta property=\"og:locale\" content=\"fr_FR\" \/>\n<meta property=\"og:type\" content=\"article\" \/>\n<meta property=\"og:title\" content=\"Au Gabon, la fronde des chr\u00e9tiens face aux mesures anti-Covid\" \/>\n<meta property=\"og:description\" content=\"Les tensions s\u2019accentuent entre les chr\u00e9tiens et le gouvernement gabonais autour de la date de r\u00e9ouverture des lieux de ...\" \/>\n<meta property=\"og:url\" content=\"https:\/\/www.africa-press.net\/gabon\/politique\/au-gabon-la-fronde-des-chretiens-face-aux-mesures-anti-covid\" \/>\n<meta property=\"og:site_name\" content=\"Gabon\" \/>\n<meta property=\"article:published_time\" content=\"2020-12-27T15:10:57+00:00\" \/>\n<meta property=\"article:modified_time\" content=\"2020-12-27T15:15:23+00:00\" \/>\n<meta property=\"og:image\" content=\"https:\/\/static.africa-press.net\/centrafricaine\/sites\/54\/2020\/12\/img-5fe894f3f39f3.jpg\" \/>\n\t<meta property=\"og:image:width\" content=\"640\" \/>\n\t<meta property=\"og:image:height\" content=\"320\" \/>\n\t<meta property=\"og:image:type\" content=\"image\/jpeg\" \/>\n<meta name=\"author\" content=\"cfeditorfr\" \/>\n<meta name=\"twitter:card\" content=\"summary_large_image\" \/>\n<meta name=\"twitter:label1\" content=\"\u00c9crit par\" \/>\n\t<meta name=\"twitter:data1\" content=\"cfeditorfr\" \/>\n\t<meta name=\"twitter:label2\" content=\"Dur\u00e9e de lecture estim\u00e9e\" \/>\n\t<meta name=\"twitter:data2\" content=\"4 minutes\" \/>\n<script type=\"application\/ld+json\" class=\"yoast-schema-graph\">{\"@context\":\"https:\/\/schema.org\",\"@graph\":[{\"@type\":\"Article\",\"@id\":\"https:\/\/www.africa-press.net\/gabon\/politique\/au-gabon-la-fronde-des-chretiens-face-aux-mesures-anti-covid#article\",\"isPartOf\":{\"@id\":\"https:\/\/www.africa-press.net\/gabon\/politique\/au-gabon-la-fronde-des-chretiens-face-aux-mesures-anti-covid\"},\"author\":{\"name\":\"cfeditorfr\",\"@id\":\"https:\/\/www.africa-press.net\/gabon\/#\/schema\/person\/2b1cf3cd81a31e3cd26889ca66d677f1\"},\"headline\":\"Au Gabon, la fronde des chr\u00e9tiens face aux mesures anti-Covid\",\"datePublished\":\"2020-12-27T15:10:57+00:00\",\"dateModified\":\"2020-12-27T15:15:23+00:00\",\"mainEntityOfPage\":{\"@id\":\"https:\/\/www.africa-press.net\/gabon\/politique\/au-gabon-la-fronde-des-chretiens-face-aux-mesures-anti-covid\"},\"wordCount\":907,\"commentCount\":0,\"image\":{\"@id\":\"https:\/\/www.africa-press.net\/gabon\/politique\/au-gabon-la-fronde-des-chretiens-face-aux-mesures-anti-covid#primaryimage\"},\"thumbnailUrl\":\"https:\/\/static.africa-press.net\/centrafricaine\/sites\/54\/2020\/12\/img-5fe894f3f39f3.jpg\",\"keywords\":[\"Africa Press\",\"Africa Press-Gabon\",\"Gabon\"],\"articleSection\":[\"Dossiers\",\"homepage-french\",\"Politique\",\"Toutes les actualit\u00e9s\"],\"inLanguage\":\"fr-FR\",\"potentialAction\":[{\"@type\":\"CommentAction\",\"name\":\"Comment\",\"target\":[\"https:\/\/www.africa-press.net\/gabon\/politique\/au-gabon-la-fronde-des-chretiens-face-aux-mesures-anti-covid#respond\"]}]},{\"@type\":\"WebPage\",\"@id\":\"https:\/\/www.africa-press.net\/gabon\/politique\/au-gabon-la-fronde-des-chretiens-face-aux-mesures-anti-covid\",\"url\":\"https:\/\/www.africa-press.net\/gabon\/politique\/au-gabon-la-fronde-des-chretiens-face-aux-mesures-anti-covid\",\"name\":\"Au Gabon, la fronde des chr\u00e9tiens face aux mesures anti-Covid - Gabon\",\"isPartOf\":{\"@id\":\"https:\/\/www.africa-press.net\/gabon\/#website\"},\"primaryImageOfPage\":{\"@id\":\"https:\/\/www.africa-press.net\/gabon\/politique\/au-gabon-la-fronde-des-chretiens-face-aux-mesures-anti-covid#primaryimage\"},\"image\":{\"@id\":\"https:\/\/www.africa-press.net\/gabon\/politique\/au-gabon-la-fronde-des-chretiens-face-aux-mesures-anti-covid#primaryimage\"},\"thumbnailUrl\":\"https:\/\/static.africa-press.net\/centrafricaine\/sites\/54\/2020\/12\/img-5fe894f3f39f3.jpg\",\"datePublished\":\"2020-12-27T15:10:57+00:00\",\"dateModified\":\"2020-12-27T15:15:23+00:00\",\"author\":{\"@id\":\"https:\/\/www.africa-press.net\/gabon\/#\/schema\/person\/2b1cf3cd81a31e3cd26889ca66d677f1\"},\"description\":\"Les tensions s\u2019accentuent entre les chr\u00e9tiens et le gouvernement gabonais autour de la date de r\u00e9ouverture des lieux de ...\",\"breadcrumb\":{\"@id\":\"https:\/\/www.africa-press.net\/gabon\/politique\/au-gabon-la-fronde-des-chretiens-face-aux-mesures-anti-covid#breadcrumb\"},\"inLanguage\":\"fr-FR\",\"potentialAction\":[{\"@type\":\"ReadAction\",\"target\":[\"https:\/\/www.africa-press.net\/gabon\/politique\/au-gabon-la-fronde-des-chretiens-face-aux-mesures-anti-covid\"]}]},{\"@type\":\"ImageObject\",\"inLanguage\":\"fr-FR\",\"@id\":\"https:\/\/www.africa-press.net\/gabon\/politique\/au-gabon-la-fronde-des-chretiens-face-aux-mesures-anti-covid#primaryimage\",\"url\":\"https:\/\/static.africa-press.net\/centrafricaine\/sites\/54\/2020\/12\/img-5fe894f3f39f3.jpg\",\"contentUrl\":\"https:\/\/static.africa-press.net\/centrafricaine\/sites\/54\/2020\/12\/img-5fe894f3f39f3.jpg\",\"width\":640,\"height\":320,\"caption\":\"Au Gabon, la fronde des chr\u00e9tiens face aux mesures anti-Covid\"},{\"@type\":\"BreadcrumbList\",\"@id\":\"https:\/\/www.africa-press.net\/gabon\/politique\/au-gabon-la-fronde-des-chretiens-face-aux-mesures-anti-covid#breadcrumb\",\"itemListElement\":[{\"@type\":\"ListItem\",\"position\":1,\"name\":\"Accueil\",\"item\":\"https:\/\/www.africa-press.net\/gabon\/\"},{\"@type\":\"ListItem\",\"position\":2,\"name\":\"Au Gabon, la fronde des chr\u00e9tiens face aux mesures anti-Covid\"}]},{\"@type\":\"WebSite\",\"@id\":\"https:\/\/www.africa-press.net\/gabon\/#website\",\"url\":\"https:\/\/www.africa-press.net\/gabon\/\",\"name\":\"Gabon\",\"description\":\"Just another Africa News Agency Sites site\",\"potentialAction\":[{\"@type\":\"SearchAction\",\"target\":{\"@type\":\"EntryPoint\",\"urlTemplate\":\"https:\/\/www.africa-press.net\/gabon\/?s={search_term_string}\"},\"query-input\":{\"@type\":\"PropertyValueSpecification\",\"valueRequired\":true,\"valueName\":\"search_term_string\"}}],\"inLanguage\":\"fr-FR\"},{\"@type\":\"Person\",\"@id\":\"https:\/\/www.africa-press.net\/gabon\/#\/schema\/person\/2b1cf3cd81a31e3cd26889ca66d677f1\",\"name\":\"cfeditorfr\"}]}<\/script>\n<!-- \/ Yoast SEO Premium plugin. -->","yoast_head_json":{"title":"Au Gabon, la fronde des chr\u00e9tiens face aux mesures anti-Covid - Gabon","description":"Les tensions s\u2019accentuent entre les chr\u00e9tiens et le gouvernement gabonais autour de la date de r\u00e9ouverture des lieux de ...","robots":{"index":"index","follow":"follow","max-snippet":"max-snippet:-1","max-image-preview":"max-image-preview:large","max-video-preview":"max-video-preview:-1"},"canonical":"https:\/\/www.africa-press.net\/gabon\/politique\/au-gabon-la-fronde-des-chretiens-face-aux-mesures-anti-covid","og_locale":"fr_FR","og_type":"article","og_title":"Au Gabon, la fronde des chr\u00e9tiens face aux mesures anti-Covid","og_description":"Les tensions s\u2019accentuent entre les chr\u00e9tiens et le gouvernement gabonais autour de la date de r\u00e9ouverture des lieux de ...","og_url":"https:\/\/www.africa-press.net\/gabon\/politique\/au-gabon-la-fronde-des-chretiens-face-aux-mesures-anti-covid","og_site_name":"Gabon","article_published_time":"2020-12-27T15:10:57+00:00","article_modified_time":"2020-12-27T15:15:23+00:00","og_image":[{"width":640,"height":320,"url":"https:\/\/static.africa-press.net\/centrafricaine\/sites\/54\/2020\/12\/img-5fe894f3f39f3.jpg","type":"image\/jpeg"}],"author":"cfeditorfr","twitter_card":"summary_large_image","twitter_misc":{"\u00c9crit par":"cfeditorfr","Dur\u00e9e de lecture estim\u00e9e":"4 minutes"},"schema":{"@context":"https:\/\/schema.org","@graph":[{"@type":"Article","@id":"https:\/\/www.africa-press.net\/gabon\/politique\/au-gabon-la-fronde-des-chretiens-face-aux-mesures-anti-covid#article","isPartOf":{"@id":"https:\/\/www.africa-press.net\/gabon\/politique\/au-gabon-la-fronde-des-chretiens-face-aux-mesures-anti-covid"},"author":{"name":"cfeditorfr","@id":"https:\/\/www.africa-press.net\/gabon\/#\/schema\/person\/2b1cf3cd81a31e3cd26889ca66d677f1"},"headline":"Au Gabon, la fronde des chr\u00e9tiens face aux mesures anti-Covid","datePublished":"2020-12-27T15:10:57+00:00","dateModified":"2020-12-27T15:15:23+00:00","mainEntityOfPage":{"@id":"https:\/\/www.africa-press.net\/gabon\/politique\/au-gabon-la-fronde-des-chretiens-face-aux-mesures-anti-covid"},"wordCount":907,"commentCount":0,"image":{"@id":"https:\/\/www.africa-press.net\/gabon\/politique\/au-gabon-la-fronde-des-chretiens-face-aux-mesures-anti-covid#primaryimage"},"thumbnailUrl":"https:\/\/static.africa-press.net\/centrafricaine\/sites\/54\/2020\/12\/img-5fe894f3f39f3.jpg","keywords":["Africa Press","Africa Press-Gabon","Gabon"],"articleSection":["Dossiers","homepage-french","Politique","Toutes les actualit\u00e9s"],"inLanguage":"fr-FR","potentialAction":[{"@type":"CommentAction","name":"Comment","target":["https:\/\/www.africa-press.net\/gabon\/politique\/au-gabon-la-fronde-des-chretiens-face-aux-mesures-anti-covid#respond"]}]},{"@type":"WebPage","@id":"https:\/\/www.africa-press.net\/gabon\/politique\/au-gabon-la-fronde-des-chretiens-face-aux-mesures-anti-covid","url":"https:\/\/www.africa-press.net\/gabon\/politique\/au-gabon-la-fronde-des-chretiens-face-aux-mesures-anti-covid","name":"Au Gabon, la fronde des chr\u00e9tiens face aux mesures anti-Covid - Gabon","isPartOf":{"@id":"https:\/\/www.africa-press.net\/gabon\/#website"},"primaryImageOfPage":{"@id":"https:\/\/www.africa-press.net\/gabon\/politique\/au-gabon-la-fronde-des-chretiens-face-aux-mesures-anti-covid#primaryimage"},"image":{"@id":"https:\/\/www.africa-press.net\/gabon\/politique\/au-gabon-la-fronde-des-chretiens-face-aux-mesures-anti-covid#primaryimage"},"thumbnailUrl":"https:\/\/static.africa-press.net\/centrafricaine\/sites\/54\/2020\/12\/img-5fe894f3f39f3.jpg","datePublished":"2020-12-27T15:10:57+00:00","dateModified":"2020-12-27T15:15:23+00:00","author":{"@id":"https:\/\/www.africa-press.net\/gabon\/#\/schema\/person\/2b1cf3cd81a31e3cd26889ca66d677f1"},"description":"Les tensions s\u2019accentuent entre les chr\u00e9tiens et le gouvernement gabonais autour de la date de r\u00e9ouverture des lieux de ...","breadcrumb":{"@id":"https:\/\/www.africa-press.net\/gabon\/politique\/au-gabon-la-fronde-des-chretiens-face-aux-mesures-anti-covid#breadcrumb"},"inLanguage":"fr-FR","potentialAction":[{"@type":"ReadAction","target":["https:\/\/www.africa-press.net\/gabon\/politique\/au-gabon-la-fronde-des-chretiens-face-aux-mesures-anti-covid"]}]},{"@type":"ImageObject","inLanguage":"fr-FR","@id":"https:\/\/www.africa-press.net\/gabon\/politique\/au-gabon-la-fronde-des-chretiens-face-aux-mesures-anti-covid#primaryimage","url":"https:\/\/static.africa-press.net\/centrafricaine\/sites\/54\/2020\/12\/img-5fe894f3f39f3.jpg","contentUrl":"https:\/\/static.africa-press.net\/centrafricaine\/sites\/54\/2020\/12\/img-5fe894f3f39f3.jpg","width":640,"height":320,"caption":"Au Gabon, la fronde des chr\u00e9tiens face aux mesures anti-Covid"},{"@type":"BreadcrumbList","@id":"https:\/\/www.africa-press.net\/gabon\/politique\/au-gabon-la-fronde-des-chretiens-face-aux-mesures-anti-covid#breadcrumb","itemListElement":[{"@type":"ListItem","position":1,"name":"Accueil","item":"https:\/\/www.africa-press.net\/gabon\/"},{"@type":"ListItem","position":2,"name":"Au Gabon, la fronde des chr\u00e9tiens face aux mesures anti-Covid"}]},{"@type":"WebSite","@id":"https:\/\/www.africa-press.net\/gabon\/#website","url":"https:\/\/www.africa-press.net\/gabon\/","name":"Gabon","description":"Just another Africa News Agency Sites site","potentialAction":[{"@type":"SearchAction","target":{"@type":"EntryPoint","urlTemplate":"https:\/\/www.africa-press.net\/gabon\/?s={search_term_string}"},"query-input":{"@type":"PropertyValueSpecification","valueRequired":true,"valueName":"search_term_string"}}],"inLanguage":"fr-FR"},{"@type":"Person","@id":"https:\/\/www.africa-press.net\/gabon\/#\/schema\/person\/2b1cf3cd81a31e3cd26889ca66d677f1","name":"cfeditorfr"}]}},"_links":{"self":[{"href":"https:\/\/www.africa-press.net\/gabon\/wp-json\/wp\/v2\/posts\/788","targetHints":{"allow":["GET"]}}],"collection":[{"href":"https:\/\/www.africa-press.net\/gabon\/wp-json\/wp\/v2\/posts"}],"about":[{"href":"https:\/\/www.africa-press.net\/gabon\/wp-json\/wp\/v2\/types\/post"}],"author":[{"embeddable":true,"href":"https:\/\/www.africa-press.net\/gabon\/wp-json\/wp\/v2\/users\/82"}],"replies":[{"embeddable":true,"href":"https:\/\/www.africa-press.net\/gabon\/wp-json\/wp\/v2\/comments?post=788"}],"version-history":[{"count":0,"href":"https:\/\/www.africa-press.net\/gabon\/wp-json\/wp\/v2\/posts\/788\/revisions"}],"wp:featuredmedia":[{"embeddable":true,"href":"https:\/\/www.africa-press.net\/gabon\/wp-json\/wp\/v2\/media\/787"}],"wp:attachment":[{"href":"https:\/\/www.africa-press.net\/gabon\/wp-json\/wp\/v2\/media?parent=788"}],"wp:term":[{"taxonomy":"category","embeddable":true,"href":"https:\/\/www.africa-press.net\/gabon\/wp-json\/wp\/v2\/categories?post=788"},{"taxonomy":"post_tag","embeddable":true,"href":"https:\/\/www.africa-press.net\/gabon\/wp-json\/wp\/v2\/tags?post=788"}],"curies":[{"name":"wp","href":"https:\/\/api.w.org\/{rel}","templated":true}]}}