{"id":8295,"date":"2022-08-21T18:57:04","date_gmt":"2022-08-21T18:57:04","guid":{"rendered":"https:\/\/www.africa-press.net\/gabon\/politique\/gabon-ali-bongo-ne-compte-pas-abandonner-les-gabonais"},"modified":"2022-08-21T19:03:33","modified_gmt":"2022-08-21T19:03:33","slug":"gabon-ali-bongo-ne-compte-pas-abandonner-les-gabonais","status":"publish","type":"post","link":"https:\/\/www.africa-press.net\/gabon\/politique\/gabon-ali-bongo-ne-compte-pas-abandonner-les-gabonais","title":{"rendered":"Gabon- Ali Bongo ne compte pas  abandonner les gabonais\u2026"},"content":{"rendered":"<p><span style=\"color: #ff6600\"><strong>Africa-Press &#8211; Gabon. <\/strong><\/span><b>Cela fait d\u00e9j\u00e0 quelques jours que le Gabon a c\u00e9l\u00e9br\u00e9 sa f\u00eate d\u2019ind\u00e9pendance. Mais comment ne pas revenir sur le discours fleuve prononc\u00e9 par le pr\u00e9sident de ce pays? Ali Bongo a tenu \u00e0 parler, pendant plus de 20 bonnes minutes \u00e0 ses compatriotes.<\/b><\/p>\n<p>L\u2019on retiendra de son discours, une vraie autosatisfaction, puisqu\u2019il dit qu\u2019en 13 ans de gouvernance, il a fait du Gabon \u201cun vrai mod\u00e8le en Afrique\u201d.<\/p>\n<p>Il s\u2019est longuement r\u00e9joui de ses actions dans tous les domaines de la vie sociale et \u00e9conomique du pays, avant de promettre avec une extr\u00eame fermet\u00e9, qu\u2019il va farouchement lutter, enfin, contre la corruption qu\u2019il qualifie de cancer sapant le projet de d\u00e9veloppement du Gabon.<\/p>\n<p>Ali Bongo dit qu\u2019il a des ambitions pour le Gabon, non pas des moindres, \u201cde grandes ambitions\u201d qu\u2019il inscrit d\u2019ailleurs \u201cdans la dur\u00e9e\u201d, oui dans la dur\u00e9e, puisqu\u2019il vise en r\u00e9alit\u00e9 la lune et m\u00eame s\u2019il \u00e9chouait, il toucherait au moins les \u00e9toiles.<\/p>\n<p>Mais pour les r\u00e9aliser, il jure de faire convenablement sa part de travail et exhorte les gabonais \u00e0 faire la leur.<\/p>\n<p>\u201cSachez, mes chers compatriotes, que je n\u2019ignore rien de vos conditions de vie, de vos pr\u00e9occupations, de vos difficult\u00e9s; ce sont elles qui guident mon action, c\u2019est en elles que je puise ma motivation pour chaque jour \u00eatre \u00e0 la t\u00e2che\u201d, va-t-il d\u00e9clarer dans une voix nasiarde \u00e0 peine audible du fait de sa d\u00e9ch\u00e9ance physique suite \u00e0 sa crise d\u2019AVC datant d\u00e9j\u00e0 d\u2019au-moins 3 ans.<\/p>\n<p>Et puisqu\u2019il est convaincu d\u2019\u00eatre le meilleur et de faire de la meilleure fa\u00e7on possible son travail, il a promis, fermement ne jamais \u201cabandonner les gabonais\u201d, surtout ceux qui souffrent.<\/p>\n<p>Voil\u00e0 donc un homme quasi providentiel pour ce petit pays de l\u2019Afrique centrale, qui de par ses propos, donne bien le sentiment de s\u2019\u00eatre d\u00e9j\u00e0 inscrit dans le registre des \u00c9ternels vivants, m\u00eame si pour l\u2019instant, l\u2019humanit\u00e9 n\u2019en a pas encore connu. A vrai dire, le pouvoir \u00e0 son sens, n\u2019a point de prix, du moins pendant qu\u2019il jouit encore du souffle de vie.<\/p>\n<p>Luc Abaki<\/p>\n<p><strong>Pour plus d&rsquo;informations et d&rsquo;analyses sur la <a href=\"https:\/\/www.africa-press.net\/gabon\">Gabon<\/a>, suivez <a href=\"https:\/\/www.africa-press.net\/\">Africa-Press<\/a><\/strong><\/p>\n","protected":false},"excerpt":{"rendered":"<p>Africa-Press &#8211; Gabon. Cela fait d\u00e9j\u00e0 quelques jours que le Gabon a c\u00e9l\u00e9br\u00e9 sa f\u00eate d\u2019ind\u00e9pendance. Mais comment ne pas revenir sur le discours fleuve prononc\u00e9 par le pr\u00e9sident de ce pays? Ali Bongo a tenu \u00e0 parler, pendant plus de 20 bonnes minutes \u00e0 ses compatriotes. L\u2019on retiendra de son discours, une vraie autosatisfaction, [&hellip;]<\/p>\n","protected":false},"author":82,"featured_media":8294,"comment_status":"open","ping_status":"closed","sticky":false,"template":"","format":"standard","meta":{"footnotes":""},"categories":[11,2,10],"tags":[729,36,50,165,360,730,49],"class_list":["post-8295","post","type-post","status-publish","format-standard","has-post-thumbnail","hentry","category-homepage-french","category-politique","category-toutes-les-actualites","tag-actualite-gabon","tag-africa-press","tag-africa-press-gabon","tag-ali-bongo","tag-featured","tag-fete-de-lindependance-gabon","tag-gabon"],"yoast_head":"<!-- This site is optimized with the Yoast SEO Premium plugin v26.1 (Yoast SEO v27.0) - https:\/\/yoast.com\/product\/yoast-seo-premium-wordpress\/ -->\n<title>Gabon- Ali Bongo ne compte pas abandonner les gabonais\u2026 - Gabon<\/title>\n<meta name=\"description\" content=\"Cela fait d\u00e9j\u00e0 quelques jours que le Gabon a c\u00e9l\u00e9br\u00e9 sa f\u00eate d\u2019ind\u00e9pendance. Mais comment ne pas revenir sur le disco ...\" \/>\n<meta name=\"robots\" content=\"index, follow, max-snippet:-1, max-image-preview:large, max-video-preview:-1\" \/>\n<link rel=\"canonical\" href=\"https:\/\/www.africa-press.net\/gabon\/politique\/gabon-ali-bongo-ne-compte-pas-abandonner-les-gabonais\" \/>\n<meta property=\"og:locale\" content=\"fr_FR\" \/>\n<meta property=\"og:type\" content=\"article\" \/>\n<meta property=\"og:title\" content=\"Gabon- Ali Bongo ne compte pas abandonner les gabonais\u2026\" \/>\n<meta property=\"og:description\" content=\"Cela fait d\u00e9j\u00e0 quelques jours que le Gabon a c\u00e9l\u00e9br\u00e9 sa f\u00eate d\u2019ind\u00e9pendance. Mais comment ne pas revenir sur le disco ...\" \/>\n<meta property=\"og:url\" content=\"https:\/\/www.africa-press.net\/gabon\/politique\/gabon-ali-bongo-ne-compte-pas-abandonner-les-gabonais\" \/>\n<meta property=\"og:site_name\" content=\"Gabon\" \/>\n<meta property=\"article:published_time\" content=\"2022-08-21T18:57:04+00:00\" \/>\n<meta property=\"article:modified_time\" content=\"2022-08-21T19:03:33+00:00\" \/>\n<meta property=\"og:image\" content=\"https:\/\/static.africa-press.net\/gabon\/sites\/54\/2022\/08\/postQueueImg_4-63028150a4c66.jpg\" \/>\n\t<meta property=\"og:image:width\" content=\"1200\" \/>\n\t<meta property=\"og:image:height\" content=\"800\" \/>\n\t<meta property=\"og:image:type\" content=\"image\/jpeg\" \/>\n<meta name=\"author\" content=\"cfeditorfr\" \/>\n<meta name=\"twitter:card\" content=\"summary_large_image\" \/>\n<meta name=\"twitter:label1\" content=\"\u00c9crit par\" \/>\n\t<meta name=\"twitter:data1\" content=\"cfeditorfr\" \/>\n\t<meta name=\"twitter:label2\" content=\"Dur\u00e9e de lecture estim\u00e9e\" \/>\n\t<meta name=\"twitter:data2\" content=\"2 minutes\" \/>\n<script type=\"application\/ld+json\" class=\"yoast-schema-graph\">{\"@context\":\"https:\/\/schema.org\",\"@graph\":[{\"@type\":\"Article\",\"@id\":\"https:\/\/www.africa-press.net\/gabon\/politique\/gabon-ali-bongo-ne-compte-pas-abandonner-les-gabonais#article\",\"isPartOf\":{\"@id\":\"https:\/\/www.africa-press.net\/gabon\/politique\/gabon-ali-bongo-ne-compte-pas-abandonner-les-gabonais\"},\"author\":{\"name\":\"cfeditorfr\",\"@id\":\"https:\/\/www.africa-press.net\/gabon\/#\/schema\/person\/2b1cf3cd81a31e3cd26889ca66d677f1\"},\"headline\":\"Gabon- Ali Bongo ne compte pas abandonner les gabonais\u2026\",\"datePublished\":\"2022-08-21T18:57:04+00:00\",\"dateModified\":\"2022-08-21T19:03:33+00:00\",\"mainEntityOfPage\":{\"@id\":\"https:\/\/www.africa-press.net\/gabon\/politique\/gabon-ali-bongo-ne-compte-pas-abandonner-les-gabonais\"},\"wordCount\":404,\"commentCount\":0,\"image\":{\"@id\":\"https:\/\/www.africa-press.net\/gabon\/politique\/gabon-ali-bongo-ne-compte-pas-abandonner-les-gabonais#primaryimage\"},\"thumbnailUrl\":\"https:\/\/static.africa-press.net\/gabon\/sites\/54\/2022\/08\/postQueueImg_4-63028150a4c66.jpg\",\"keywords\":[\"Actualit\u00e9 Gabon\",\"Africa Press\",\"Africa Press-Gabon\",\"Ali Bongo\",\"Featured\",\"F\u00eate de l'ind\u00e9pendance Gabon\",\"Gabon\"],\"articleSection\":[\"homepage-french\",\"Politique\",\"Toutes les actualit\u00e9s\"],\"inLanguage\":\"fr-FR\",\"potentialAction\":[{\"@type\":\"CommentAction\",\"name\":\"Comment\",\"target\":[\"https:\/\/www.africa-press.net\/gabon\/politique\/gabon-ali-bongo-ne-compte-pas-abandonner-les-gabonais#respond\"]}]},{\"@type\":\"WebPage\",\"@id\":\"https:\/\/www.africa-press.net\/gabon\/politique\/gabon-ali-bongo-ne-compte-pas-abandonner-les-gabonais\",\"url\":\"https:\/\/www.africa-press.net\/gabon\/politique\/gabon-ali-bongo-ne-compte-pas-abandonner-les-gabonais\",\"name\":\"Gabon- Ali Bongo ne compte pas abandonner les gabonais\u2026 - Gabon\",\"isPartOf\":{\"@id\":\"https:\/\/www.africa-press.net\/gabon\/#website\"},\"primaryImageOfPage\":{\"@id\":\"https:\/\/www.africa-press.net\/gabon\/politique\/gabon-ali-bongo-ne-compte-pas-abandonner-les-gabonais#primaryimage\"},\"image\":{\"@id\":\"https:\/\/www.africa-press.net\/gabon\/politique\/gabon-ali-bongo-ne-compte-pas-abandonner-les-gabonais#primaryimage\"},\"thumbnailUrl\":\"https:\/\/static.africa-press.net\/gabon\/sites\/54\/2022\/08\/postQueueImg_4-63028150a4c66.jpg\",\"datePublished\":\"2022-08-21T18:57:04+00:00\",\"dateModified\":\"2022-08-21T19:03:33+00:00\",\"author\":{\"@id\":\"https:\/\/www.africa-press.net\/gabon\/#\/schema\/person\/2b1cf3cd81a31e3cd26889ca66d677f1\"},\"description\":\"Cela fait d\u00e9j\u00e0 quelques jours que le Gabon a c\u00e9l\u00e9br\u00e9 sa f\u00eate d\u2019ind\u00e9pendance. Mais comment ne pas revenir sur le disco ...\",\"breadcrumb\":{\"@id\":\"https:\/\/www.africa-press.net\/gabon\/politique\/gabon-ali-bongo-ne-compte-pas-abandonner-les-gabonais#breadcrumb\"},\"inLanguage\":\"fr-FR\",\"potentialAction\":[{\"@type\":\"ReadAction\",\"target\":[\"https:\/\/www.africa-press.net\/gabon\/politique\/gabon-ali-bongo-ne-compte-pas-abandonner-les-gabonais\"]}]},{\"@type\":\"ImageObject\",\"inLanguage\":\"fr-FR\",\"@id\":\"https:\/\/www.africa-press.net\/gabon\/politique\/gabon-ali-bongo-ne-compte-pas-abandonner-les-gabonais#primaryimage\",\"url\":\"https:\/\/static.africa-press.net\/gabon\/sites\/54\/2022\/08\/postQueueImg_4-63028150a4c66.jpg\",\"contentUrl\":\"https:\/\/static.africa-press.net\/gabon\/sites\/54\/2022\/08\/postQueueImg_4-63028150a4c66.jpg\",\"width\":1200,\"height\":800,\"caption\":\"Gabon- Ali Bongo ne compte pas abandonner les gabonais\u2026\"},{\"@type\":\"BreadcrumbList\",\"@id\":\"https:\/\/www.africa-press.net\/gabon\/politique\/gabon-ali-bongo-ne-compte-pas-abandonner-les-gabonais#breadcrumb\",\"itemListElement\":[{\"@type\":\"ListItem\",\"position\":1,\"name\":\"Accueil\",\"item\":\"https:\/\/www.africa-press.net\/gabon\/\"},{\"@type\":\"ListItem\",\"position\":2,\"name\":\"Gabon- Ali Bongo ne compte pas abandonner les gabonais\u2026\"}]},{\"@type\":\"WebSite\",\"@id\":\"https:\/\/www.africa-press.net\/gabon\/#website\",\"url\":\"https:\/\/www.africa-press.net\/gabon\/\",\"name\":\"Gabon\",\"description\":\"Just another Africa News Agency Sites site\",\"potentialAction\":[{\"@type\":\"SearchAction\",\"target\":{\"@type\":\"EntryPoint\",\"urlTemplate\":\"https:\/\/www.africa-press.net\/gabon\/?s={search_term_string}\"},\"query-input\":{\"@type\":\"PropertyValueSpecification\",\"valueRequired\":true,\"valueName\":\"search_term_string\"}}],\"inLanguage\":\"fr-FR\"},{\"@type\":\"Person\",\"@id\":\"https:\/\/www.africa-press.net\/gabon\/#\/schema\/person\/2b1cf3cd81a31e3cd26889ca66d677f1\",\"name\":\"cfeditorfr\"}]}<\/script>\n<!-- \/ Yoast SEO Premium plugin. -->","yoast_head_json":{"title":"Gabon- Ali Bongo ne compte pas abandonner les gabonais\u2026 - Gabon","description":"Cela fait d\u00e9j\u00e0 quelques jours que le Gabon a c\u00e9l\u00e9br\u00e9 sa f\u00eate d\u2019ind\u00e9pendance. Mais comment ne pas revenir sur le disco ...","robots":{"index":"index","follow":"follow","max-snippet":"max-snippet:-1","max-image-preview":"max-image-preview:large","max-video-preview":"max-video-preview:-1"},"canonical":"https:\/\/www.africa-press.net\/gabon\/politique\/gabon-ali-bongo-ne-compte-pas-abandonner-les-gabonais","og_locale":"fr_FR","og_type":"article","og_title":"Gabon- Ali Bongo ne compte pas abandonner les gabonais\u2026","og_description":"Cela fait d\u00e9j\u00e0 quelques jours que le Gabon a c\u00e9l\u00e9br\u00e9 sa f\u00eate d\u2019ind\u00e9pendance. Mais comment ne pas revenir sur le disco ...","og_url":"https:\/\/www.africa-press.net\/gabon\/politique\/gabon-ali-bongo-ne-compte-pas-abandonner-les-gabonais","og_site_name":"Gabon","article_published_time":"2022-08-21T18:57:04+00:00","article_modified_time":"2022-08-21T19:03:33+00:00","og_image":[{"width":1200,"height":800,"url":"https:\/\/static.africa-press.net\/gabon\/sites\/54\/2022\/08\/postQueueImg_4-63028150a4c66.jpg","type":"image\/jpeg"}],"author":"cfeditorfr","twitter_card":"summary_large_image","twitter_misc":{"\u00c9crit par":"cfeditorfr","Dur\u00e9e de lecture estim\u00e9e":"2 minutes"},"schema":{"@context":"https:\/\/schema.org","@graph":[{"@type":"Article","@id":"https:\/\/www.africa-press.net\/gabon\/politique\/gabon-ali-bongo-ne-compte-pas-abandonner-les-gabonais#article","isPartOf":{"@id":"https:\/\/www.africa-press.net\/gabon\/politique\/gabon-ali-bongo-ne-compte-pas-abandonner-les-gabonais"},"author":{"name":"cfeditorfr","@id":"https:\/\/www.africa-press.net\/gabon\/#\/schema\/person\/2b1cf3cd81a31e3cd26889ca66d677f1"},"headline":"Gabon- Ali Bongo ne compte pas abandonner les gabonais\u2026","datePublished":"2022-08-21T18:57:04+00:00","dateModified":"2022-08-21T19:03:33+00:00","mainEntityOfPage":{"@id":"https:\/\/www.africa-press.net\/gabon\/politique\/gabon-ali-bongo-ne-compte-pas-abandonner-les-gabonais"},"wordCount":404,"commentCount":0,"image":{"@id":"https:\/\/www.africa-press.net\/gabon\/politique\/gabon-ali-bongo-ne-compte-pas-abandonner-les-gabonais#primaryimage"},"thumbnailUrl":"https:\/\/static.africa-press.net\/gabon\/sites\/54\/2022\/08\/postQueueImg_4-63028150a4c66.jpg","keywords":["Actualit\u00e9 Gabon","Africa Press","Africa Press-Gabon","Ali Bongo","Featured","F\u00eate de l'ind\u00e9pendance Gabon","Gabon"],"articleSection":["homepage-french","Politique","Toutes les actualit\u00e9s"],"inLanguage":"fr-FR","potentialAction":[{"@type":"CommentAction","name":"Comment","target":["https:\/\/www.africa-press.net\/gabon\/politique\/gabon-ali-bongo-ne-compte-pas-abandonner-les-gabonais#respond"]}]},{"@type":"WebPage","@id":"https:\/\/www.africa-press.net\/gabon\/politique\/gabon-ali-bongo-ne-compte-pas-abandonner-les-gabonais","url":"https:\/\/www.africa-press.net\/gabon\/politique\/gabon-ali-bongo-ne-compte-pas-abandonner-les-gabonais","name":"Gabon- Ali Bongo ne compte pas abandonner les gabonais\u2026 - Gabon","isPartOf":{"@id":"https:\/\/www.africa-press.net\/gabon\/#website"},"primaryImageOfPage":{"@id":"https:\/\/www.africa-press.net\/gabon\/politique\/gabon-ali-bongo-ne-compte-pas-abandonner-les-gabonais#primaryimage"},"image":{"@id":"https:\/\/www.africa-press.net\/gabon\/politique\/gabon-ali-bongo-ne-compte-pas-abandonner-les-gabonais#primaryimage"},"thumbnailUrl":"https:\/\/static.africa-press.net\/gabon\/sites\/54\/2022\/08\/postQueueImg_4-63028150a4c66.jpg","datePublished":"2022-08-21T18:57:04+00:00","dateModified":"2022-08-21T19:03:33+00:00","author":{"@id":"https:\/\/www.africa-press.net\/gabon\/#\/schema\/person\/2b1cf3cd81a31e3cd26889ca66d677f1"},"description":"Cela fait d\u00e9j\u00e0 quelques jours que le Gabon a c\u00e9l\u00e9br\u00e9 sa f\u00eate d\u2019ind\u00e9pendance. Mais comment ne pas revenir sur le disco ...","breadcrumb":{"@id":"https:\/\/www.africa-press.net\/gabon\/politique\/gabon-ali-bongo-ne-compte-pas-abandonner-les-gabonais#breadcrumb"},"inLanguage":"fr-FR","potentialAction":[{"@type":"ReadAction","target":["https:\/\/www.africa-press.net\/gabon\/politique\/gabon-ali-bongo-ne-compte-pas-abandonner-les-gabonais"]}]},{"@type":"ImageObject","inLanguage":"fr-FR","@id":"https:\/\/www.africa-press.net\/gabon\/politique\/gabon-ali-bongo-ne-compte-pas-abandonner-les-gabonais#primaryimage","url":"https:\/\/static.africa-press.net\/gabon\/sites\/54\/2022\/08\/postQueueImg_4-63028150a4c66.jpg","contentUrl":"https:\/\/static.africa-press.net\/gabon\/sites\/54\/2022\/08\/postQueueImg_4-63028150a4c66.jpg","width":1200,"height":800,"caption":"Gabon- Ali Bongo ne compte pas abandonner les gabonais\u2026"},{"@type":"BreadcrumbList","@id":"https:\/\/www.africa-press.net\/gabon\/politique\/gabon-ali-bongo-ne-compte-pas-abandonner-les-gabonais#breadcrumb","itemListElement":[{"@type":"ListItem","position":1,"name":"Accueil","item":"https:\/\/www.africa-press.net\/gabon\/"},{"@type":"ListItem","position":2,"name":"Gabon- Ali Bongo ne compte pas abandonner les gabonais\u2026"}]},{"@type":"WebSite","@id":"https:\/\/www.africa-press.net\/gabon\/#website","url":"https:\/\/www.africa-press.net\/gabon\/","name":"Gabon","description":"Just another Africa News Agency Sites site","potentialAction":[{"@type":"SearchAction","target":{"@type":"EntryPoint","urlTemplate":"https:\/\/www.africa-press.net\/gabon\/?s={search_term_string}"},"query-input":{"@type":"PropertyValueSpecification","valueRequired":true,"valueName":"search_term_string"}}],"inLanguage":"fr-FR"},{"@type":"Person","@id":"https:\/\/www.africa-press.net\/gabon\/#\/schema\/person\/2b1cf3cd81a31e3cd26889ca66d677f1","name":"cfeditorfr"}]}},"_links":{"self":[{"href":"https:\/\/www.africa-press.net\/gabon\/wp-json\/wp\/v2\/posts\/8295","targetHints":{"allow":["GET"]}}],"collection":[{"href":"https:\/\/www.africa-press.net\/gabon\/wp-json\/wp\/v2\/posts"}],"about":[{"href":"https:\/\/www.africa-press.net\/gabon\/wp-json\/wp\/v2\/types\/post"}],"author":[{"embeddable":true,"href":"https:\/\/www.africa-press.net\/gabon\/wp-json\/wp\/v2\/users\/82"}],"replies":[{"embeddable":true,"href":"https:\/\/www.africa-press.net\/gabon\/wp-json\/wp\/v2\/comments?post=8295"}],"version-history":[{"count":0,"href":"https:\/\/www.africa-press.net\/gabon\/wp-json\/wp\/v2\/posts\/8295\/revisions"}],"wp:featuredmedia":[{"embeddable":true,"href":"https:\/\/www.africa-press.net\/gabon\/wp-json\/wp\/v2\/media\/8294"}],"wp:attachment":[{"href":"https:\/\/www.africa-press.net\/gabon\/wp-json\/wp\/v2\/media?parent=8295"}],"wp:term":[{"taxonomy":"category","embeddable":true,"href":"https:\/\/www.africa-press.net\/gabon\/wp-json\/wp\/v2\/categories?post=8295"},{"taxonomy":"post_tag","embeddable":true,"href":"https:\/\/www.africa-press.net\/gabon\/wp-json\/wp\/v2\/tags?post=8295"}],"curies":[{"name":"wp","href":"https:\/\/api.w.org\/{rel}","templated":true}]}}