{"id":913,"date":"2021-01-21T03:43:04","date_gmt":"2021-01-21T03:43:04","guid":{"rendered":"https:\/\/www.africa-press.net\/gabon\/?p=913"},"modified":"2021-01-21T03:41:27","modified_gmt":"2021-01-21T03:41:27","slug":"gabon-alain-ba-oumar-un-patron-des-patrons-sous-pression","status":"publish","type":"post","link":"https:\/\/www.africa-press.net\/gabon\/dossiers\/gabon-alain-ba-oumar-un-patron-des-patrons-sous-pression","title":{"rendered":"Alain B\u00e2 Oumar, un patron des patrons sous pression"},"content":{"rendered":"<p><span style=\"color: #ff6600\"><strong><a href=\"https:\/\/www.africa-press.net\/\">Africa-Press<\/a> &#8211; <a href=\"https:\/\/www.africa-press.net\/gabon\">Gabon<\/a>. <\/strong><\/span>R\u00e9\u00e9lu en ao\u00fbt 2020 \u00e0 la t\u00eate de la Conf\u00e9d\u00e9ration patronale gabonaise, Alain B\u00e2 Oumar se trouve mis en difficult\u00e9 par des accusations de malversations.<\/p>\n<p>Interrog\u00e9 en octobre par le quotidien progouvernemental L\u2019Union, Alain B\u00e2 Oumar n\u2019a pas franchement d\u00e9fendu les entreprises dont les cr\u00e9ances (241 milliards de F CFA, 366 millions d\u2019euros) ont \u00e9t\u00e9 annul\u00e9es par l\u2019\u00c9tat.<\/p>\n<p>Reconduit en ao\u00fbt \u00e0 la t\u00eate de la Conf\u00e9d\u00e9ration patronale gabonaise (CPG), il a au contraire d\u00e9nonc\u00e9 celles qui auraient pr\u00e9sent\u00e9 des fausses factures. En 2018, cet homme d\u2019affaires avait montr\u00e9 plus de combativit\u00e9 pour obtenir, sous l\u2019\u00e9gide du Club de Libreville, le paiement de 400 milliards de F CFA dus par le Gabon au secteur priv\u00e9.<\/p>\n<p><b>R\u00e9\u00e9criture des codes minier, p\u00e9trolier et du travail<\/b><\/p>\n<p>Le fondateur d\u2019IG Telecom, qui s\u2019est fait une place de choix en Afrique centrale dans la fourniture de services de communication par satellite (VSAT), est sous pression. La task force, sous l\u2019autorit\u00e9 de Noureddin Bongo Valentin, lui reproche d\u2019avoir empoch\u00e9 600 millions de F CFA pour la connexion des lyc\u00e9es et \u00e9coles primaires sans avoir honor\u00e9 ce march\u00e9.<\/p>\n<p>L\u2019euphorie de sa r\u00e9\u00e9lection sans opposition a disparu. Son premier mandat, d\u00e9croch\u00e9 avec une voix d\u2019\u00e9cart face \u00e0 Jean Bernard Boumah, avait convaincu les 300 membres de la CPG, pesant 80 % de la richesse nationale, de sa capacit\u00e9 \u00e0 se faire entendre des pouvoirs publics et \u00e0 redynamiser une organisation trop discr\u00e8te.<\/p>\n<p>Outre le paiement de la dette int\u00e9rieure, Alain B\u00e2 Oumar et ses \u00e9quipes ont contribu\u00e9 \u00e0 la r\u00e9\u00e9criture des codes minier, p\u00e9trolier et du travail en cours, et \u00e0 la r\u00e9animation de la chambre de commerce.<\/p>\n<p><b>Cure d\u2019amaigrissement du conseil d\u2019administration<\/b><\/p>\n<p>Avant d\u2019\u00eatre \u00e0 la t\u00eate du CPG, il pr\u00e9sidait la F\u00e9d\u00e9ration des op\u00e9rateurs de communications \u00e9lectroniques du Gabon (Foceg), et sa croisade contre la contribution des entreprises du secteur au financement de l\u2019assurance maladie des Gabonais \u00e9conomiquement faibles (GEF) avait aussi marqu\u00e9 les esprits.<\/p>\n<p>Le natif de Libreville avait aussi amorc\u00e9 une restructuration interne de la CPG, qui s\u2019est traduite par une cure d\u2019amaigrissement du conseil d\u2019administration \u2013 le nombre d\u2019\u00e9lus est pass\u00e9 de 60 \u00e0 20 \u2013, et par une r\u00e9duction de la pr\u00e9sence des organisations repr\u00e9sentatives des branches d\u2019activit\u00e9s, pass\u00e9e de 30 \u00e0 18.<\/p>\n<p>Une r\u00e9organisation \u00e0 marche forc\u00e9e qui a suscit\u00e9 des remous. Comme cette lettre divulgu\u00e9e d\u00e9but 2020, r\u00e9v\u00e9lant un malaise aupr\u00e8s d\u2019une partie du personnel, qui se plaint de l\u2019attitude rigide du patron gabonais.<\/p>\n<p>Cette raideur a-t-elle cr\u00e9\u00e9 de l\u2019instabilit\u00e9\u2009? Durant son premier mandat, le dirigeant, qui n\u2019a pas r\u00e9pondu aux sollicitations de Jeune Afrique, a \u00e9puis\u00e9 deux secr\u00e9taires g\u00e9n\u00e9raux. Mais tout semble indiquer que l\u2019\u00e9conomiste Hamidou Okaba, en poste depuis l\u2019an dernier, a sign\u00e9 pour un long bail.<\/p>\n<p>Les critiques \u00e9manent aussi de l\u2019ext\u00e9rieur de l\u2019organisation. \u00ab\u2009Je ne reconnais plus la CPG depuis qu\u2019il en a pris les r\u00eanes\u2009\u00bb, se d\u00e9sole le dirigeant d\u2019une association patronale, lui reprochant sa propension \u00e0 privil\u00e9gier les multinationales \u00e0 l\u2019\u00e9conomie locale.<\/p>\n<p>Bien qu\u2019affaibli, ce math\u00e9maticien, qui a fait ses classes \u00e0 Aix-Marseille et \u00e0 l\u2019American University, \u00e0 Washington, esp\u00e8re maintenir le cap et offrir au patronat l\u2019aura dont il a \u00e9t\u00e9 longtemps priv\u00e9. Il voit en la crise multiforme provoqu\u00e9e par le Covid-19 une opportunit\u00e9.<\/p>\n<p>La CPG reste sur le front, en concertation avec le minist\u00e8re de la Sant\u00e9, avec des d\u00e9pistages dans les entreprises, et continue de n\u00e9gocier les mesures de relance qui pourraient \u00eatre adopt\u00e9es, notamment au profit de ses membres.<\/p>\n","protected":false},"excerpt":{"rendered":"<p>Africa-Press &#8211; Gabon. R\u00e9\u00e9lu en ao\u00fbt 2020 \u00e0 la t\u00eate de la Conf\u00e9d\u00e9ration patronale gabonaise, Alain B\u00e2 Oumar se trouve mis en difficult\u00e9 par des accusations de malversations. Interrog\u00e9 en octobre par le quotidien progouvernemental L\u2019Union, Alain B\u00e2 Oumar n\u2019a pas franchement d\u00e9fendu les entreprises dont les cr\u00e9ances (241 milliards de F CFA, 366 millions [&hellip;]<\/p>\n","protected":false},"author":82,"featured_media":912,"comment_status":"open","ping_status":"closed","sticky":false,"template":"","format":"standard","meta":{"footnotes":""},"categories":[7,11,4,20,10],"tags":[36,50,51,49],"class_list":["post-913","post","type-post","status-publish","format-standard","has-post-thumbnail","hentry","category-dossiers","category-homepage-french","category-parties","category-top-nouvelles","category-toutes-les-actualites","tag-africa-press","tag-africa-press-gabon","tag-alain-ba-oumar","tag-gabon"],"yoast_head":"<!-- This site is optimized with the Yoast SEO Premium plugin v26.1 (Yoast SEO v27.0) - https:\/\/yoast.com\/product\/yoast-seo-premium-wordpress\/ -->\n<title>Alain B\u00e2 Oumar, un patron des patrons sous pression - Gabon<\/title>\n<meta name=\"description\" content=\"R\u00e9\u00e9lu en ao\u00fbt 2020 \u00e0 la t\u00eate de la Conf\u00e9d\u00e9ration patronale gabonaise, Alain B\u00e2 Oumar se trouve mis en difficult\u00e9\" \/>\n<meta name=\"robots\" content=\"index, follow, max-snippet:-1, max-image-preview:large, max-video-preview:-1\" \/>\n<link rel=\"canonical\" href=\"https:\/\/www.africa-press.net\/gabon\/dossiers\/gabon-alain-ba-oumar-un-patron-des-patrons-sous-pression\" \/>\n<meta property=\"og:locale\" content=\"fr_FR\" \/>\n<meta property=\"og:type\" content=\"article\" \/>\n<meta property=\"og:title\" content=\"Alain B\u00e2 Oumar, un patron des patrons sous pression\" \/>\n<meta property=\"og:description\" content=\"R\u00e9\u00e9lu en ao\u00fbt 2020 \u00e0 la t\u00eate de la Conf\u00e9d\u00e9ration patronale gabonaise, Alain B\u00e2 Oumar se trouve mis en difficult\u00e9\" \/>\n<meta property=\"og:url\" content=\"https:\/\/www.africa-press.net\/gabon\/dossiers\/gabon-alain-ba-oumar-un-patron-des-patrons-sous-pression\" \/>\n<meta property=\"og:site_name\" content=\"Gabon\" \/>\n<meta property=\"article:published_time\" content=\"2021-01-21T03:43:04+00:00\" \/>\n<meta property=\"og:image\" content=\"https:\/\/static.africa-press.net\/centrafricaine\/sites\/54\/2021\/01\/img-6008f7100b39e.jpg\" \/>\n\t<meta property=\"og:image:width\" content=\"720\" \/>\n\t<meta property=\"og:image:height\" content=\"360\" \/>\n\t<meta property=\"og:image:type\" content=\"image\/jpeg\" \/>\n<meta name=\"author\" content=\"cfeditorfr\" \/>\n<meta name=\"twitter:card\" content=\"summary_large_image\" \/>\n<meta name=\"twitter:label1\" content=\"\u00c9crit par\" \/>\n\t<meta name=\"twitter:data1\" content=\"cfeditorfr\" \/>\n\t<meta name=\"twitter:label2\" content=\"Dur\u00e9e de lecture estim\u00e9e\" \/>\n\t<meta name=\"twitter:data2\" content=\"3 minutes\" \/>\n<script type=\"application\/ld+json\" class=\"yoast-schema-graph\">{\"@context\":\"https:\/\/schema.org\",\"@graph\":[{\"@type\":\"Article\",\"@id\":\"https:\/\/www.africa-press.net\/gabon\/dossiers\/gabon-alain-ba-oumar-un-patron-des-patrons-sous-pression#article\",\"isPartOf\":{\"@id\":\"https:\/\/www.africa-press.net\/gabon\/dossiers\/gabon-alain-ba-oumar-un-patron-des-patrons-sous-pression\"},\"author\":{\"name\":\"cfeditorfr\",\"@id\":\"https:\/\/www.africa-press.net\/gabon\/#\/schema\/person\/2b1cf3cd81a31e3cd26889ca66d677f1\"},\"headline\":\"Alain B\u00e2 Oumar, un patron des patrons sous pression\",\"datePublished\":\"2021-01-21T03:43:04+00:00\",\"mainEntityOfPage\":{\"@id\":\"https:\/\/www.africa-press.net\/gabon\/dossiers\/gabon-alain-ba-oumar-un-patron-des-patrons-sous-pression\"},\"wordCount\":641,\"commentCount\":0,\"image\":{\"@id\":\"https:\/\/www.africa-press.net\/gabon\/dossiers\/gabon-alain-ba-oumar-un-patron-des-patrons-sous-pression#primaryimage\"},\"thumbnailUrl\":\"https:\/\/static.africa-press.net\/centrafricaine\/sites\/54\/2021\/01\/img-6008f7100b39e.jpg\",\"keywords\":[\"Africa Press\",\"Africa Press-Gabon\",\"Alain B\u00e2 Oumar\",\"Gabon\"],\"articleSection\":[\"Dossiers\",\"homepage-french\",\"Parties\",\"Top Nouvelles\",\"Toutes les actualit\u00e9s\"],\"inLanguage\":\"fr-FR\",\"potentialAction\":[{\"@type\":\"CommentAction\",\"name\":\"Comment\",\"target\":[\"https:\/\/www.africa-press.net\/gabon\/dossiers\/gabon-alain-ba-oumar-un-patron-des-patrons-sous-pression#respond\"]}]},{\"@type\":\"WebPage\",\"@id\":\"https:\/\/www.africa-press.net\/gabon\/dossiers\/gabon-alain-ba-oumar-un-patron-des-patrons-sous-pression\",\"url\":\"https:\/\/www.africa-press.net\/gabon\/dossiers\/gabon-alain-ba-oumar-un-patron-des-patrons-sous-pression\",\"name\":\"Alain B\u00e2 Oumar, un patron des patrons sous pression - Gabon\",\"isPartOf\":{\"@id\":\"https:\/\/www.africa-press.net\/gabon\/#website\"},\"primaryImageOfPage\":{\"@id\":\"https:\/\/www.africa-press.net\/gabon\/dossiers\/gabon-alain-ba-oumar-un-patron-des-patrons-sous-pression#primaryimage\"},\"image\":{\"@id\":\"https:\/\/www.africa-press.net\/gabon\/dossiers\/gabon-alain-ba-oumar-un-patron-des-patrons-sous-pression#primaryimage\"},\"thumbnailUrl\":\"https:\/\/static.africa-press.net\/centrafricaine\/sites\/54\/2021\/01\/img-6008f7100b39e.jpg\",\"datePublished\":\"2021-01-21T03:43:04+00:00\",\"author\":{\"@id\":\"https:\/\/www.africa-press.net\/gabon\/#\/schema\/person\/2b1cf3cd81a31e3cd26889ca66d677f1\"},\"description\":\"R\u00e9\u00e9lu en ao\u00fbt 2020 \u00e0 la t\u00eate de la Conf\u00e9d\u00e9ration patronale gabonaise, Alain B\u00e2 Oumar se trouve mis en difficult\u00e9\",\"breadcrumb\":{\"@id\":\"https:\/\/www.africa-press.net\/gabon\/dossiers\/gabon-alain-ba-oumar-un-patron-des-patrons-sous-pression#breadcrumb\"},\"inLanguage\":\"fr-FR\",\"potentialAction\":[{\"@type\":\"ReadAction\",\"target\":[\"https:\/\/www.africa-press.net\/gabon\/dossiers\/gabon-alain-ba-oumar-un-patron-des-patrons-sous-pression\"]}]},{\"@type\":\"ImageObject\",\"inLanguage\":\"fr-FR\",\"@id\":\"https:\/\/www.africa-press.net\/gabon\/dossiers\/gabon-alain-ba-oumar-un-patron-des-patrons-sous-pression#primaryimage\",\"url\":\"https:\/\/static.africa-press.net\/centrafricaine\/sites\/54\/2021\/01\/img-6008f7100b39e.jpg\",\"contentUrl\":\"https:\/\/static.africa-press.net\/centrafricaine\/sites\/54\/2021\/01\/img-6008f7100b39e.jpg\",\"width\":720,\"height\":360,\"caption\":\"Gabon : Alain B\u00e2 Oumar, un patron des patrons sous pression\"},{\"@type\":\"BreadcrumbList\",\"@id\":\"https:\/\/www.africa-press.net\/gabon\/dossiers\/gabon-alain-ba-oumar-un-patron-des-patrons-sous-pression#breadcrumb\",\"itemListElement\":[{\"@type\":\"ListItem\",\"position\":1,\"name\":\"Accueil\",\"item\":\"https:\/\/www.africa-press.net\/gabon\/\"},{\"@type\":\"ListItem\",\"position\":2,\"name\":\"Alain B\u00e2 Oumar, un patron des patrons sous pression\"}]},{\"@type\":\"WebSite\",\"@id\":\"https:\/\/www.africa-press.net\/gabon\/#website\",\"url\":\"https:\/\/www.africa-press.net\/gabon\/\",\"name\":\"Gabon\",\"description\":\"Just another Africa News Agency Sites site\",\"potentialAction\":[{\"@type\":\"SearchAction\",\"target\":{\"@type\":\"EntryPoint\",\"urlTemplate\":\"https:\/\/www.africa-press.net\/gabon\/?s={search_term_string}\"},\"query-input\":{\"@type\":\"PropertyValueSpecification\",\"valueRequired\":true,\"valueName\":\"search_term_string\"}}],\"inLanguage\":\"fr-FR\"},{\"@type\":\"Person\",\"@id\":\"https:\/\/www.africa-press.net\/gabon\/#\/schema\/person\/2b1cf3cd81a31e3cd26889ca66d677f1\",\"name\":\"cfeditorfr\"}]}<\/script>\n<!-- \/ Yoast SEO Premium plugin. -->","yoast_head_json":{"title":"Alain B\u00e2 Oumar, un patron des patrons sous pression - Gabon","description":"R\u00e9\u00e9lu en ao\u00fbt 2020 \u00e0 la t\u00eate de la Conf\u00e9d\u00e9ration patronale gabonaise, Alain B\u00e2 Oumar se trouve mis en difficult\u00e9","robots":{"index":"index","follow":"follow","max-snippet":"max-snippet:-1","max-image-preview":"max-image-preview:large","max-video-preview":"max-video-preview:-1"},"canonical":"https:\/\/www.africa-press.net\/gabon\/dossiers\/gabon-alain-ba-oumar-un-patron-des-patrons-sous-pression","og_locale":"fr_FR","og_type":"article","og_title":"Alain B\u00e2 Oumar, un patron des patrons sous pression","og_description":"R\u00e9\u00e9lu en ao\u00fbt 2020 \u00e0 la t\u00eate de la Conf\u00e9d\u00e9ration patronale gabonaise, Alain B\u00e2 Oumar se trouve mis en difficult\u00e9","og_url":"https:\/\/www.africa-press.net\/gabon\/dossiers\/gabon-alain-ba-oumar-un-patron-des-patrons-sous-pression","og_site_name":"Gabon","article_published_time":"2021-01-21T03:43:04+00:00","og_image":[{"width":720,"height":360,"url":"https:\/\/static.africa-press.net\/centrafricaine\/sites\/54\/2021\/01\/img-6008f7100b39e.jpg","type":"image\/jpeg"}],"author":"cfeditorfr","twitter_card":"summary_large_image","twitter_misc":{"\u00c9crit par":"cfeditorfr","Dur\u00e9e de lecture estim\u00e9e":"3 minutes"},"schema":{"@context":"https:\/\/schema.org","@graph":[{"@type":"Article","@id":"https:\/\/www.africa-press.net\/gabon\/dossiers\/gabon-alain-ba-oumar-un-patron-des-patrons-sous-pression#article","isPartOf":{"@id":"https:\/\/www.africa-press.net\/gabon\/dossiers\/gabon-alain-ba-oumar-un-patron-des-patrons-sous-pression"},"author":{"name":"cfeditorfr","@id":"https:\/\/www.africa-press.net\/gabon\/#\/schema\/person\/2b1cf3cd81a31e3cd26889ca66d677f1"},"headline":"Alain B\u00e2 Oumar, un patron des patrons sous pression","datePublished":"2021-01-21T03:43:04+00:00","mainEntityOfPage":{"@id":"https:\/\/www.africa-press.net\/gabon\/dossiers\/gabon-alain-ba-oumar-un-patron-des-patrons-sous-pression"},"wordCount":641,"commentCount":0,"image":{"@id":"https:\/\/www.africa-press.net\/gabon\/dossiers\/gabon-alain-ba-oumar-un-patron-des-patrons-sous-pression#primaryimage"},"thumbnailUrl":"https:\/\/static.africa-press.net\/centrafricaine\/sites\/54\/2021\/01\/img-6008f7100b39e.jpg","keywords":["Africa Press","Africa Press-Gabon","Alain B\u00e2 Oumar","Gabon"],"articleSection":["Dossiers","homepage-french","Parties","Top Nouvelles","Toutes les actualit\u00e9s"],"inLanguage":"fr-FR","potentialAction":[{"@type":"CommentAction","name":"Comment","target":["https:\/\/www.africa-press.net\/gabon\/dossiers\/gabon-alain-ba-oumar-un-patron-des-patrons-sous-pression#respond"]}]},{"@type":"WebPage","@id":"https:\/\/www.africa-press.net\/gabon\/dossiers\/gabon-alain-ba-oumar-un-patron-des-patrons-sous-pression","url":"https:\/\/www.africa-press.net\/gabon\/dossiers\/gabon-alain-ba-oumar-un-patron-des-patrons-sous-pression","name":"Alain B\u00e2 Oumar, un patron des patrons sous pression - Gabon","isPartOf":{"@id":"https:\/\/www.africa-press.net\/gabon\/#website"},"primaryImageOfPage":{"@id":"https:\/\/www.africa-press.net\/gabon\/dossiers\/gabon-alain-ba-oumar-un-patron-des-patrons-sous-pression#primaryimage"},"image":{"@id":"https:\/\/www.africa-press.net\/gabon\/dossiers\/gabon-alain-ba-oumar-un-patron-des-patrons-sous-pression#primaryimage"},"thumbnailUrl":"https:\/\/static.africa-press.net\/centrafricaine\/sites\/54\/2021\/01\/img-6008f7100b39e.jpg","datePublished":"2021-01-21T03:43:04+00:00","author":{"@id":"https:\/\/www.africa-press.net\/gabon\/#\/schema\/person\/2b1cf3cd81a31e3cd26889ca66d677f1"},"description":"R\u00e9\u00e9lu en ao\u00fbt 2020 \u00e0 la t\u00eate de la Conf\u00e9d\u00e9ration patronale gabonaise, Alain B\u00e2 Oumar se trouve mis en difficult\u00e9","breadcrumb":{"@id":"https:\/\/www.africa-press.net\/gabon\/dossiers\/gabon-alain-ba-oumar-un-patron-des-patrons-sous-pression#breadcrumb"},"inLanguage":"fr-FR","potentialAction":[{"@type":"ReadAction","target":["https:\/\/www.africa-press.net\/gabon\/dossiers\/gabon-alain-ba-oumar-un-patron-des-patrons-sous-pression"]}]},{"@type":"ImageObject","inLanguage":"fr-FR","@id":"https:\/\/www.africa-press.net\/gabon\/dossiers\/gabon-alain-ba-oumar-un-patron-des-patrons-sous-pression#primaryimage","url":"https:\/\/static.africa-press.net\/centrafricaine\/sites\/54\/2021\/01\/img-6008f7100b39e.jpg","contentUrl":"https:\/\/static.africa-press.net\/centrafricaine\/sites\/54\/2021\/01\/img-6008f7100b39e.jpg","width":720,"height":360,"caption":"Gabon : Alain B\u00e2 Oumar, un patron des patrons sous pression"},{"@type":"BreadcrumbList","@id":"https:\/\/www.africa-press.net\/gabon\/dossiers\/gabon-alain-ba-oumar-un-patron-des-patrons-sous-pression#breadcrumb","itemListElement":[{"@type":"ListItem","position":1,"name":"Accueil","item":"https:\/\/www.africa-press.net\/gabon\/"},{"@type":"ListItem","position":2,"name":"Alain B\u00e2 Oumar, un patron des patrons sous pression"}]},{"@type":"WebSite","@id":"https:\/\/www.africa-press.net\/gabon\/#website","url":"https:\/\/www.africa-press.net\/gabon\/","name":"Gabon","description":"Just another Africa News Agency Sites site","potentialAction":[{"@type":"SearchAction","target":{"@type":"EntryPoint","urlTemplate":"https:\/\/www.africa-press.net\/gabon\/?s={search_term_string}"},"query-input":{"@type":"PropertyValueSpecification","valueRequired":true,"valueName":"search_term_string"}}],"inLanguage":"fr-FR"},{"@type":"Person","@id":"https:\/\/www.africa-press.net\/gabon\/#\/schema\/person\/2b1cf3cd81a31e3cd26889ca66d677f1","name":"cfeditorfr"}]}},"_links":{"self":[{"href":"https:\/\/www.africa-press.net\/gabon\/wp-json\/wp\/v2\/posts\/913","targetHints":{"allow":["GET"]}}],"collection":[{"href":"https:\/\/www.africa-press.net\/gabon\/wp-json\/wp\/v2\/posts"}],"about":[{"href":"https:\/\/www.africa-press.net\/gabon\/wp-json\/wp\/v2\/types\/post"}],"author":[{"embeddable":true,"href":"https:\/\/www.africa-press.net\/gabon\/wp-json\/wp\/v2\/users\/82"}],"replies":[{"embeddable":true,"href":"https:\/\/www.africa-press.net\/gabon\/wp-json\/wp\/v2\/comments?post=913"}],"version-history":[{"count":0,"href":"https:\/\/www.africa-press.net\/gabon\/wp-json\/wp\/v2\/posts\/913\/revisions"}],"wp:featuredmedia":[{"embeddable":true,"href":"https:\/\/www.africa-press.net\/gabon\/wp-json\/wp\/v2\/media\/912"}],"wp:attachment":[{"href":"https:\/\/www.africa-press.net\/gabon\/wp-json\/wp\/v2\/media?parent=913"}],"wp:term":[{"taxonomy":"category","embeddable":true,"href":"https:\/\/www.africa-press.net\/gabon\/wp-json\/wp\/v2\/categories?post=913"},{"taxonomy":"post_tag","embeddable":true,"href":"https:\/\/www.africa-press.net\/gabon\/wp-json\/wp\/v2\/tags?post=913"}],"curies":[{"name":"wp","href":"https:\/\/api.w.org\/{rel}","templated":true}]}}