{"id":973,"date":"2021-02-25T00:27:09","date_gmt":"2021-02-25T00:27:09","guid":{"rendered":"https:\/\/www.africa-press.net\/gabon\/?p=973"},"modified":"2021-02-25T00:08:18","modified_gmt":"2021-02-25T00:08:18","slug":"guy-patrick-obiang-ndong-la-seule-chose-qui-compte-cest-la-sante-des-gabonais","status":"publish","type":"post","link":"https:\/\/www.africa-press.net\/gabon\/politique\/guy-patrick-obiang-ndong-la-seule-chose-qui-compte-cest-la-sante-des-gabonais","title":{"rendered":"Guy Patrick Obiang Ndong\u00a0: \u00ab\u00a0La seule chose qui compte, c\u2019est la sant\u00e9 des Gabonais\u00a0\u00bb"},"content":{"rendered":"<p><span style=\"color: #ff6600\"><strong><a href=\"https:\/\/www.africa-press.net\/\">Africa-Press<\/a> &#8211; <a href=\"https:\/\/www.africa-press.net\/gabon\">Gabon<\/a>. <\/strong><\/span>Sous la pression d\u2019une deuxi\u00e8me vague de Covid-19, le Gabon a lanc\u00e9 un plan national de vaccination. Le ministre de la Sant\u00e9 explique \u00e0 \u00ab Jeune Afrique \u00bb la strat\u00e9gie du gouvernement pour prot\u00e9ger au plus vite la population.<\/p>\n<p>En premi\u00e8re ligne dans la lutte contre le coronavirus, le ministre de la Sant\u00e9, Guy Patrick Obiang Ndong, 46 ans, a accept\u00e9 de r\u00e9pondre aux questions de Jeune Afrique sur l\u2019inqui\u00e9tude que suscite la deuxi\u00e8me vague de Covid-19 au Gabon, mais aussi sur les mesures adopt\u00e9e par le gouvernement pour l\u2019affronter. Des mesures drastiques, que la population peine parfois \u00e0 accepter.<\/p>\n<p>Nomm\u00e9 en juillet dernier, ce dipl\u00f4m\u00e9 des facult\u00e9s de m\u00e9decine de l\u2019universit\u00e9 Omar-Bongo de Libreville et de Nancy a occup\u00e9 dans le pass\u00e9 les postes de directeur g\u00e9n\u00e9ral adjoint de la lutte contre le sida et de secr\u00e9taire g\u00e9n\u00e9ral du minist\u00e8re de la Sant\u00e9. Entretien.<\/p>\n<p><b>Jeune Afrique : Le Gabon fait face \u00e0 une deuxi\u00e8me vague d\u2019\u00e9pid\u00e9mie de Covid-19, qui semble plus inqui\u00e9tante que la premi\u00e8re. Quelles mesures sp\u00e9cifiques ont \u00e9t\u00e9 prises par le gouvernement pour tenter de l\u2019endiguer ?<\/b><\/p>\n<p>Guy Patrick Obiang Ndong : Notre objectif prioritaire \u00e0 ce jour est d\u2019inverser la courbe \u00e9volutive de cette pand\u00e9mie par la mise en place de mesures visant \u00e0 limiter les nouvelles contaminations, \u00e0 tester le plus grand nombre de personnes et, enfin, \u00e0 augmenter la capacit\u00e9 de prise en charge hospitali\u00e8re pour \u00e9viter la saturation de nos h\u00f4pitaux.<\/p>\n<p>Ramener le couvre-feu \u00e0 18 heures permet aux populations de se consacrer uniquement aux activit\u00e9s essentielles. Au-del\u00e0 de cet horaire, les activit\u00e9s de divertissement, qui g\u00e9n\u00e8rent un taux d\u2019exposition important au virus, prennent une place importante.<\/p>\n<p>Par ailleurs, pour augmenter encore le nombre de tests, domaine dans lequel le Gabon s\u2019est montr\u00e9 tr\u00e8s efficace [il est l\u2019un des pays qui testent le plus par rapport \u00e0 la taille de sa population], ceux-ci seront gratuits [contre 5 000 F CFA, soit 7,6 euros, aujourd\u2019hui]. Enfin, la capacit\u00e9 des transports en commun a \u00e9t\u00e9 augment\u00e9e afin, notamment, de fluidifier le trafic \u00e0 l\u2019approche du couvre-feu.<\/p>\n<p><b>Comment expliquez-vous l\u2019apparition r\u00e9cente dans le pays de cas du variant britannique ?<\/b><\/p>\n<p>Notre pays dispose d\u2019un laboratoire P4, l\u2019un des rares de ce type en Afrique : le Centre interdisciplinaire de recherches m\u00e9dicales de Franceville, agr\u00e9\u00e9 par l\u2019OMS et l\u2019Africa CDC pour la surveillance et le diagnostic des maladies virales virulentes.<\/p>\n<p>Devant la forte propagation de nouveaux variants du Covid-19 dans le monde, nous avons mis en place une veille g\u00e9nomique au Gabon. Cela consiste \u00e0 proc\u00e9der au s\u00e9quen\u00e7age des pr\u00e9l\u00e8vements des voyageurs diagnostiqu\u00e9s positifs \u00e0 leur arriv\u00e9e sur notre territoire. Sur un \u00e9chantillon de 60 pr\u00e9l\u00e8vements, un cas de variant britannique a \u00e9t\u00e9 d\u00e9couvert. Il s\u2019agit d\u2019un compatriote de 39 ans, qui avait s\u00e9journ\u00e9 dans un pays d\u2019Afrique de l\u2019Ouest pour les f\u00eates du Nouvel An.<\/p>\n<p>Nous arrivons \u00e0 anticiper. Ce qui est primordial dans la lutte contre la propagation du virus C\u2019est ainsi que, gr\u00e2ce \u00e0 nos capacit\u00e9s de recherche et \u00e0 notre politique de surveillance active de la situation \u00e9pid\u00e9miologique, nous arrivons \u00e0 anticiper. Ce qui est primordial dans la lutte contre la propagation du virus.<\/p>\n<p><b>La population semble difficilement accepter le renforcement des mesures prises pour ralentir l\u2019\u00e9pid\u00e9mie de Covid-19. Comment comptez-vous y rem\u00e9dier ?<\/b><\/p>\n<p>La seconde vague est redoutable et \u00e9volue tr\u00e8s vite. Nous observons qu\u2019il y a plus de formes graves que lors de la premi\u00e8re. En moins de deux mois, nous avons enregistr\u00e9 plus de 4 000 nouveaux cas positifs. Nos unit\u00e9s de r\u00e9animation commencent \u00e0 \u00eatre satur\u00e9es et le nombre de d\u00e9c\u00e8s augmente.<\/p>\n<p>Cette r\u00e9alit\u00e9 est insuffisamment per\u00e7ue par une partie de la population. C\u2019est pourquoi le pr\u00e9sident de la R\u00e9publique, Ali Bongo Ondimba, a demand\u00e9 au gouvernement d\u2019intensifier la communication sur la situation sanitaire actuelle. La population doit prendre conscience que cette pand\u00e9mie est quelque chose de grave, qui tue, qui laisse des s\u00e9quelles \u2013 plus qu\u2019on ne le pense, h\u00e9las.<\/p>\n<p><b>Sur la base de quels chiffres ou crit\u00e8res ces mesures de restriction sont-elles susceptibles d\u2019\u00eatre, partiellement ou totalement, lev\u00e9es ?<\/b><\/p>\n<p>Actuellement, nous avons en moyenne entre 150 et 200 nouvelles contaminations par jour. Le taux de positivit\u00e9 est pass\u00e9 de 0,5 % en novembre \u00e0 plus de 4 % mi-f\u00e9vrier. Mi-d\u00e9cembre dernier, le nombre de cas actifs \u00e9tait retomb\u00e9 \u00e0 75 ; aujourd\u2019hui, il est largement sup\u00e9rieur \u00e0 1 000.<\/p>\n<p>Cette augmentation exponentielle du nombre de nouveaux cas met sous forte tension notre syst\u00e8me hospitalier. Si les mesures barri\u00e8res ne sont pas respect\u00e9es, le mois de mars pourrait \u00eatre plus difficile encore. C\u2019est pourquoi nous intensifions la riposte en renfor\u00e7ant les mesures sanitaires pour ramener les nouvelles contaminations \u00e0 une moyenne de 50 par jour.<\/p>\n<p>Car, et c\u2019est la bonne nouvelle, si nous parvenons \u00e0 atteindre cet objectif, comme l\u2019a indiqu\u00e9 r\u00e9cemment la Premi\u00e8re ministre, Rose Christiane Ossouka Raponda, les mesures barri\u00e8res pourront \u00eatre progressivement lev\u00e9es et nous pourrons ainsi retrouver le cours d\u2019une vie presque normale en attendant l\u2019arriv\u00e9e du vaccin.<\/p>\n<p><b>O\u00f9 en est la campagne de vaccination promise par le chef de l\u2019\u00c9tat dans son discours de v\u0153ux du 31 d\u00e9cembre dernier ?<\/b><\/p>\n<p>D\u00e8s la fin de 2020, le pr\u00e9sident de la R\u00e9publique a demand\u00e9 au gouvernement d\u2019\u00e9laborer un plan national de vaccination contre le Covid-19 dans le but de prot\u00e9ger la population dans les meilleurs d\u00e9lais. Aussit\u00f4t, une \u00e9quipe d\u2019experts a \u00e9t\u00e9 mise en place pour \u00e9laborer ledit plan, aujourd\u2019hui finalis\u00e9.<\/p>\n<p>Dans le m\u00eame temps, le Gabon a adh\u00e9r\u00e9 aux initiatives mondiales et africaines visant \u00e0 un acc\u00e8s \u00e9quitable aux vaccins, notamment le m\u00e9canisme Covax et l\u2019initiative de l\u2019Union africaine. Notre objectif est de vacciner le plus rapidement possible plus de 50 % de la population<\/p>\n<p>Nous avons aussi entam\u00e9 des n\u00e9gociations bilat\u00e9rales avec certains pays qui ont pu mettre sur le march\u00e9 pharmaceutique des vaccins dont l\u2019efficacit\u00e9 est prouv\u00e9e. Notre objectif est de vacciner le plus rapidement possible plus de 50 % de la population, avec en priorit\u00e9 les personnels de sant\u00e9, les forces de d\u00e9fense et de s\u00e9curit\u00e9, les personnes pr\u00e9sentant des comorbidit\u00e9s, ainsi que les personnes \u00e2g\u00e9es.<\/p>\n<p><b>\u00c0 quels vaccins le Gabon fera-t-il appel ? Seulement \u00e0 ceux produits par des firmes occidentales ? Ou bien \u00e9galement \u00e0 ceux produits notamment par la Chine ou la Russie ?<\/b><\/p>\n<p>Le Gabon est int\u00e9ress\u00e9 par les vaccins dont l\u2019efficacit\u00e9 est prouv\u00e9e scientifiquement et qui offrent des conditions de conservation non contraignantes. Certains vaccins tels que AstraZeneca et Moderna r\u00e9pondent \u00e0 nos exigences. Il en est de m\u00eame pour les vaccins russes et chinois qui font preuve de grande efficacit\u00e9 avec des facilit\u00e9s de conservation. L\u2019urgence est d\u2019acqu\u00e9rir des vaccins efficaces pour prot\u00e9ger la population contre le Covid-19. Nous laissons de c\u00f4t\u00e9 la g\u00e9opolitique ou les id\u00e9ologies. Ce qui compte, c\u2019est la sant\u00e9 des Gabonais.<\/p>\n","protected":false},"excerpt":{"rendered":"<p>Africa-Press &#8211; Gabon. Sous la pression d\u2019une deuxi\u00e8me vague de Covid-19, le Gabon a lanc\u00e9 un plan national de vaccination. Le ministre de la Sant\u00e9 explique \u00e0 \u00ab Jeune Afrique \u00bb la strat\u00e9gie du gouvernement pour prot\u00e9ger au plus vite la population. En premi\u00e8re ligne dans la lutte contre le coronavirus, le ministre de la [&hellip;]<\/p>\n","protected":false},"author":82,"featured_media":972,"comment_status":"open","ping_status":"closed","sticky":false,"template":"","format":"standard","meta":{"footnotes":""},"categories":[7,11,2,53,20,10],"tags":[36,50,49,56],"class_list":["post-973","post","type-post","status-publish","format-standard","has-post-thumbnail","hentry","category-dossiers","category-homepage-french","category-politique","category-to-homepage","category-top-nouvelles","category-toutes-les-actualites","tag-africa-press","tag-africa-press-gabon","tag-gabon","tag-guy-patrick-obiang-ndong"],"yoast_head":"<!-- This site is optimized with the Yoast SEO Premium plugin v26.1 (Yoast SEO v27.0) - https:\/\/yoast.com\/product\/yoast-seo-premium-wordpress\/ -->\n<title>Guy Patrick Obiang Ndong\u00a0: \u00ab\u00a0La seule chose qui compte, c\u2019est la sant\u00e9 des Gabonais\u00a0\u00bb - Gabon<\/title>\n<meta name=\"description\" content=\"Sous la pression d\u2019une deuxi\u00e8me vague de Covid-19, le Gabon a lanc\u00e9 un plan national de vaccination. Le ministre de la S ...\" \/>\n<meta name=\"robots\" content=\"index, follow, max-snippet:-1, max-image-preview:large, max-video-preview:-1\" \/>\n<link rel=\"canonical\" href=\"https:\/\/www.africa-press.net\/gabon\/politique\/guy-patrick-obiang-ndong-la-seule-chose-qui-compte-cest-la-sante-des-gabonais\" \/>\n<meta property=\"og:locale\" content=\"fr_FR\" \/>\n<meta property=\"og:type\" content=\"article\" \/>\n<meta property=\"og:title\" content=\"Guy Patrick Obiang Ndong\u00a0: \u00ab\u00a0La seule chose qui compte, c\u2019est la sant\u00e9 des Gabonais\u00a0\u00bb\" \/>\n<meta property=\"og:description\" content=\"Sous la pression d\u2019une deuxi\u00e8me vague de Covid-19, le Gabon a lanc\u00e9 un plan national de vaccination. Le ministre de la S ...\" \/>\n<meta property=\"og:url\" content=\"https:\/\/www.africa-press.net\/gabon\/politique\/guy-patrick-obiang-ndong-la-seule-chose-qui-compte-cest-la-sante-des-gabonais\" \/>\n<meta property=\"og:site_name\" content=\"Gabon\" \/>\n<meta property=\"article:published_time\" content=\"2021-02-25T00:27:09+00:00\" \/>\n<meta property=\"og:image\" content=\"https:\/\/static.africa-press.net\/centrafricaine\/sites\/54\/2021\/02\/img-6036e31987614.jpg\" \/>\n\t<meta property=\"og:image:width\" content=\"720\" \/>\n\t<meta property=\"og:image:height\" content=\"360\" \/>\n\t<meta property=\"og:image:type\" content=\"image\/jpeg\" \/>\n<meta name=\"author\" content=\"cfeditorfr\" \/>\n<meta name=\"twitter:card\" content=\"summary_large_image\" \/>\n<meta name=\"twitter:label1\" content=\"\u00c9crit par\" \/>\n\t<meta name=\"twitter:data1\" content=\"cfeditorfr\" \/>\n\t<meta name=\"twitter:label2\" content=\"Dur\u00e9e de lecture estim\u00e9e\" \/>\n\t<meta name=\"twitter:data2\" content=\"6 minutes\" \/>\n<script type=\"application\/ld+json\" class=\"yoast-schema-graph\">{\"@context\":\"https:\/\/schema.org\",\"@graph\":[{\"@type\":\"Article\",\"@id\":\"https:\/\/www.africa-press.net\/gabon\/politique\/guy-patrick-obiang-ndong-la-seule-chose-qui-compte-cest-la-sante-des-gabonais#article\",\"isPartOf\":{\"@id\":\"https:\/\/www.africa-press.net\/gabon\/politique\/guy-patrick-obiang-ndong-la-seule-chose-qui-compte-cest-la-sante-des-gabonais\"},\"author\":{\"name\":\"cfeditorfr\",\"@id\":\"https:\/\/www.africa-press.net\/gabon\/#\/schema\/person\/2b1cf3cd81a31e3cd26889ca66d677f1\"},\"headline\":\"Guy Patrick Obiang Ndong\u00a0: \u00ab\u00a0La seule chose qui compte, c\u2019est la sant\u00e9 des Gabonais\u00a0\u00bb\",\"datePublished\":\"2021-02-25T00:27:09+00:00\",\"mainEntityOfPage\":{\"@id\":\"https:\/\/www.africa-press.net\/gabon\/politique\/guy-patrick-obiang-ndong-la-seule-chose-qui-compte-cest-la-sante-des-gabonais\"},\"wordCount\":1225,\"commentCount\":0,\"image\":{\"@id\":\"https:\/\/www.africa-press.net\/gabon\/politique\/guy-patrick-obiang-ndong-la-seule-chose-qui-compte-cest-la-sante-des-gabonais#primaryimage\"},\"thumbnailUrl\":\"https:\/\/static.africa-press.net\/centrafricaine\/sites\/54\/2021\/02\/img-6036e31987614.jpg\",\"keywords\":[\"Africa Press\",\"Africa Press-Gabon\",\"Gabon\",\"Guy Patrick Obiang Ndong\"],\"articleSection\":[\"Dossiers\",\"homepage-french\",\"Politique\",\"to-homepage\",\"Top Nouvelles\",\"Toutes les actualit\u00e9s\"],\"inLanguage\":\"fr-FR\",\"potentialAction\":[{\"@type\":\"CommentAction\",\"name\":\"Comment\",\"target\":[\"https:\/\/www.africa-press.net\/gabon\/politique\/guy-patrick-obiang-ndong-la-seule-chose-qui-compte-cest-la-sante-des-gabonais#respond\"]}]},{\"@type\":\"WebPage\",\"@id\":\"https:\/\/www.africa-press.net\/gabon\/politique\/guy-patrick-obiang-ndong-la-seule-chose-qui-compte-cest-la-sante-des-gabonais\",\"url\":\"https:\/\/www.africa-press.net\/gabon\/politique\/guy-patrick-obiang-ndong-la-seule-chose-qui-compte-cest-la-sante-des-gabonais\",\"name\":\"Guy Patrick Obiang Ndong\u00a0: \u00ab\u00a0La seule chose qui compte, c\u2019est la sant\u00e9 des Gabonais\u00a0\u00bb - Gabon\",\"isPartOf\":{\"@id\":\"https:\/\/www.africa-press.net\/gabon\/#website\"},\"primaryImageOfPage\":{\"@id\":\"https:\/\/www.africa-press.net\/gabon\/politique\/guy-patrick-obiang-ndong-la-seule-chose-qui-compte-cest-la-sante-des-gabonais#primaryimage\"},\"image\":{\"@id\":\"https:\/\/www.africa-press.net\/gabon\/politique\/guy-patrick-obiang-ndong-la-seule-chose-qui-compte-cest-la-sante-des-gabonais#primaryimage\"},\"thumbnailUrl\":\"https:\/\/static.africa-press.net\/centrafricaine\/sites\/54\/2021\/02\/img-6036e31987614.jpg\",\"datePublished\":\"2021-02-25T00:27:09+00:00\",\"author\":{\"@id\":\"https:\/\/www.africa-press.net\/gabon\/#\/schema\/person\/2b1cf3cd81a31e3cd26889ca66d677f1\"},\"description\":\"Sous la pression d\u2019une deuxi\u00e8me vague de Covid-19, le Gabon a lanc\u00e9 un plan national de vaccination. Le ministre de la S ...\",\"breadcrumb\":{\"@id\":\"https:\/\/www.africa-press.net\/gabon\/politique\/guy-patrick-obiang-ndong-la-seule-chose-qui-compte-cest-la-sante-des-gabonais#breadcrumb\"},\"inLanguage\":\"fr-FR\",\"potentialAction\":[{\"@type\":\"ReadAction\",\"target\":[\"https:\/\/www.africa-press.net\/gabon\/politique\/guy-patrick-obiang-ndong-la-seule-chose-qui-compte-cest-la-sante-des-gabonais\"]}]},{\"@type\":\"ImageObject\",\"inLanguage\":\"fr-FR\",\"@id\":\"https:\/\/www.africa-press.net\/gabon\/politique\/guy-patrick-obiang-ndong-la-seule-chose-qui-compte-cest-la-sante-des-gabonais#primaryimage\",\"url\":\"https:\/\/static.africa-press.net\/centrafricaine\/sites\/54\/2021\/02\/img-6036e31987614.jpg\",\"contentUrl\":\"https:\/\/static.africa-press.net\/centrafricaine\/sites\/54\/2021\/02\/img-6036e31987614.jpg\",\"width\":720,\"height\":360,\"caption\":\"Guy Patrick Obiang Ndong\u00a0: \u00ab\u00a0La seule chose qui compte, c\u2019est la sant\u00e9 des Gabonais\u00a0\u00bb\"},{\"@type\":\"BreadcrumbList\",\"@id\":\"https:\/\/www.africa-press.net\/gabon\/politique\/guy-patrick-obiang-ndong-la-seule-chose-qui-compte-cest-la-sante-des-gabonais#breadcrumb\",\"itemListElement\":[{\"@type\":\"ListItem\",\"position\":1,\"name\":\"Accueil\",\"item\":\"https:\/\/www.africa-press.net\/gabon\/\"},{\"@type\":\"ListItem\",\"position\":2,\"name\":\"Guy Patrick Obiang Ndong\u00a0: \u00ab\u00a0La seule chose qui compte, c\u2019est la sant\u00e9 des Gabonais\u00a0\u00bb\"}]},{\"@type\":\"WebSite\",\"@id\":\"https:\/\/www.africa-press.net\/gabon\/#website\",\"url\":\"https:\/\/www.africa-press.net\/gabon\/\",\"name\":\"Gabon\",\"description\":\"Just another Africa News Agency Sites site\",\"potentialAction\":[{\"@type\":\"SearchAction\",\"target\":{\"@type\":\"EntryPoint\",\"urlTemplate\":\"https:\/\/www.africa-press.net\/gabon\/?s={search_term_string}\"},\"query-input\":{\"@type\":\"PropertyValueSpecification\",\"valueRequired\":true,\"valueName\":\"search_term_string\"}}],\"inLanguage\":\"fr-FR\"},{\"@type\":\"Person\",\"@id\":\"https:\/\/www.africa-press.net\/gabon\/#\/schema\/person\/2b1cf3cd81a31e3cd26889ca66d677f1\",\"name\":\"cfeditorfr\"}]}<\/script>\n<!-- \/ Yoast SEO Premium plugin. -->","yoast_head_json":{"title":"Guy Patrick Obiang Ndong\u00a0: \u00ab\u00a0La seule chose qui compte, c\u2019est la sant\u00e9 des Gabonais\u00a0\u00bb - Gabon","description":"Sous la pression d\u2019une deuxi\u00e8me vague de Covid-19, le Gabon a lanc\u00e9 un plan national de vaccination. Le ministre de la S ...","robots":{"index":"index","follow":"follow","max-snippet":"max-snippet:-1","max-image-preview":"max-image-preview:large","max-video-preview":"max-video-preview:-1"},"canonical":"https:\/\/www.africa-press.net\/gabon\/politique\/guy-patrick-obiang-ndong-la-seule-chose-qui-compte-cest-la-sante-des-gabonais","og_locale":"fr_FR","og_type":"article","og_title":"Guy Patrick Obiang Ndong\u00a0: \u00ab\u00a0La seule chose qui compte, c\u2019est la sant\u00e9 des Gabonais\u00a0\u00bb","og_description":"Sous la pression d\u2019une deuxi\u00e8me vague de Covid-19, le Gabon a lanc\u00e9 un plan national de vaccination. Le ministre de la S ...","og_url":"https:\/\/www.africa-press.net\/gabon\/politique\/guy-patrick-obiang-ndong-la-seule-chose-qui-compte-cest-la-sante-des-gabonais","og_site_name":"Gabon","article_published_time":"2021-02-25T00:27:09+00:00","og_image":[{"width":720,"height":360,"url":"https:\/\/static.africa-press.net\/centrafricaine\/sites\/54\/2021\/02\/img-6036e31987614.jpg","type":"image\/jpeg"}],"author":"cfeditorfr","twitter_card":"summary_large_image","twitter_misc":{"\u00c9crit par":"cfeditorfr","Dur\u00e9e de lecture estim\u00e9e":"6 minutes"},"schema":{"@context":"https:\/\/schema.org","@graph":[{"@type":"Article","@id":"https:\/\/www.africa-press.net\/gabon\/politique\/guy-patrick-obiang-ndong-la-seule-chose-qui-compte-cest-la-sante-des-gabonais#article","isPartOf":{"@id":"https:\/\/www.africa-press.net\/gabon\/politique\/guy-patrick-obiang-ndong-la-seule-chose-qui-compte-cest-la-sante-des-gabonais"},"author":{"name":"cfeditorfr","@id":"https:\/\/www.africa-press.net\/gabon\/#\/schema\/person\/2b1cf3cd81a31e3cd26889ca66d677f1"},"headline":"Guy Patrick Obiang Ndong\u00a0: \u00ab\u00a0La seule chose qui compte, c\u2019est la sant\u00e9 des Gabonais\u00a0\u00bb","datePublished":"2021-02-25T00:27:09+00:00","mainEntityOfPage":{"@id":"https:\/\/www.africa-press.net\/gabon\/politique\/guy-patrick-obiang-ndong-la-seule-chose-qui-compte-cest-la-sante-des-gabonais"},"wordCount":1225,"commentCount":0,"image":{"@id":"https:\/\/www.africa-press.net\/gabon\/politique\/guy-patrick-obiang-ndong-la-seule-chose-qui-compte-cest-la-sante-des-gabonais#primaryimage"},"thumbnailUrl":"https:\/\/static.africa-press.net\/centrafricaine\/sites\/54\/2021\/02\/img-6036e31987614.jpg","keywords":["Africa Press","Africa Press-Gabon","Gabon","Guy Patrick Obiang Ndong"],"articleSection":["Dossiers","homepage-french","Politique","to-homepage","Top Nouvelles","Toutes les actualit\u00e9s"],"inLanguage":"fr-FR","potentialAction":[{"@type":"CommentAction","name":"Comment","target":["https:\/\/www.africa-press.net\/gabon\/politique\/guy-patrick-obiang-ndong-la-seule-chose-qui-compte-cest-la-sante-des-gabonais#respond"]}]},{"@type":"WebPage","@id":"https:\/\/www.africa-press.net\/gabon\/politique\/guy-patrick-obiang-ndong-la-seule-chose-qui-compte-cest-la-sante-des-gabonais","url":"https:\/\/www.africa-press.net\/gabon\/politique\/guy-patrick-obiang-ndong-la-seule-chose-qui-compte-cest-la-sante-des-gabonais","name":"Guy Patrick Obiang Ndong\u00a0: \u00ab\u00a0La seule chose qui compte, c\u2019est la sant\u00e9 des Gabonais\u00a0\u00bb - Gabon","isPartOf":{"@id":"https:\/\/www.africa-press.net\/gabon\/#website"},"primaryImageOfPage":{"@id":"https:\/\/www.africa-press.net\/gabon\/politique\/guy-patrick-obiang-ndong-la-seule-chose-qui-compte-cest-la-sante-des-gabonais#primaryimage"},"image":{"@id":"https:\/\/www.africa-press.net\/gabon\/politique\/guy-patrick-obiang-ndong-la-seule-chose-qui-compte-cest-la-sante-des-gabonais#primaryimage"},"thumbnailUrl":"https:\/\/static.africa-press.net\/centrafricaine\/sites\/54\/2021\/02\/img-6036e31987614.jpg","datePublished":"2021-02-25T00:27:09+00:00","author":{"@id":"https:\/\/www.africa-press.net\/gabon\/#\/schema\/person\/2b1cf3cd81a31e3cd26889ca66d677f1"},"description":"Sous la pression d\u2019une deuxi\u00e8me vague de Covid-19, le Gabon a lanc\u00e9 un plan national de vaccination. Le ministre de la S ...","breadcrumb":{"@id":"https:\/\/www.africa-press.net\/gabon\/politique\/guy-patrick-obiang-ndong-la-seule-chose-qui-compte-cest-la-sante-des-gabonais#breadcrumb"},"inLanguage":"fr-FR","potentialAction":[{"@type":"ReadAction","target":["https:\/\/www.africa-press.net\/gabon\/politique\/guy-patrick-obiang-ndong-la-seule-chose-qui-compte-cest-la-sante-des-gabonais"]}]},{"@type":"ImageObject","inLanguage":"fr-FR","@id":"https:\/\/www.africa-press.net\/gabon\/politique\/guy-patrick-obiang-ndong-la-seule-chose-qui-compte-cest-la-sante-des-gabonais#primaryimage","url":"https:\/\/static.africa-press.net\/centrafricaine\/sites\/54\/2021\/02\/img-6036e31987614.jpg","contentUrl":"https:\/\/static.africa-press.net\/centrafricaine\/sites\/54\/2021\/02\/img-6036e31987614.jpg","width":720,"height":360,"caption":"Guy Patrick Obiang Ndong\u00a0: \u00ab\u00a0La seule chose qui compte, c\u2019est la sant\u00e9 des Gabonais\u00a0\u00bb"},{"@type":"BreadcrumbList","@id":"https:\/\/www.africa-press.net\/gabon\/politique\/guy-patrick-obiang-ndong-la-seule-chose-qui-compte-cest-la-sante-des-gabonais#breadcrumb","itemListElement":[{"@type":"ListItem","position":1,"name":"Accueil","item":"https:\/\/www.africa-press.net\/gabon\/"},{"@type":"ListItem","position":2,"name":"Guy Patrick Obiang Ndong\u00a0: \u00ab\u00a0La seule chose qui compte, c\u2019est la sant\u00e9 des Gabonais\u00a0\u00bb"}]},{"@type":"WebSite","@id":"https:\/\/www.africa-press.net\/gabon\/#website","url":"https:\/\/www.africa-press.net\/gabon\/","name":"Gabon","description":"Just another Africa News Agency Sites site","potentialAction":[{"@type":"SearchAction","target":{"@type":"EntryPoint","urlTemplate":"https:\/\/www.africa-press.net\/gabon\/?s={search_term_string}"},"query-input":{"@type":"PropertyValueSpecification","valueRequired":true,"valueName":"search_term_string"}}],"inLanguage":"fr-FR"},{"@type":"Person","@id":"https:\/\/www.africa-press.net\/gabon\/#\/schema\/person\/2b1cf3cd81a31e3cd26889ca66d677f1","name":"cfeditorfr"}]}},"_links":{"self":[{"href":"https:\/\/www.africa-press.net\/gabon\/wp-json\/wp\/v2\/posts\/973","targetHints":{"allow":["GET"]}}],"collection":[{"href":"https:\/\/www.africa-press.net\/gabon\/wp-json\/wp\/v2\/posts"}],"about":[{"href":"https:\/\/www.africa-press.net\/gabon\/wp-json\/wp\/v2\/types\/post"}],"author":[{"embeddable":true,"href":"https:\/\/www.africa-press.net\/gabon\/wp-json\/wp\/v2\/users\/82"}],"replies":[{"embeddable":true,"href":"https:\/\/www.africa-press.net\/gabon\/wp-json\/wp\/v2\/comments?post=973"}],"version-history":[{"count":0,"href":"https:\/\/www.africa-press.net\/gabon\/wp-json\/wp\/v2\/posts\/973\/revisions"}],"wp:featuredmedia":[{"embeddable":true,"href":"https:\/\/www.africa-press.net\/gabon\/wp-json\/wp\/v2\/media\/972"}],"wp:attachment":[{"href":"https:\/\/www.africa-press.net\/gabon\/wp-json\/wp\/v2\/media?parent=973"}],"wp:term":[{"taxonomy":"category","embeddable":true,"href":"https:\/\/www.africa-press.net\/gabon\/wp-json\/wp\/v2\/categories?post=973"},{"taxonomy":"post_tag","embeddable":true,"href":"https:\/\/www.africa-press.net\/gabon\/wp-json\/wp\/v2\/tags?post=973"}],"curies":[{"name":"wp","href":"https:\/\/api.w.org\/{rel}","templated":true}]}}