{"id":19133,"date":"2022-04-24T11:53:20","date_gmt":"2022-04-24T11:53:20","guid":{"rendered":"https:\/\/www.africa-press.net\/ghana\/uncategorized\/american-kelly-reichardt-to-be-feted-at-cannes-with-coveted-carrosse-dor"},"modified":"2022-04-24T12:19:24","modified_gmt":"2022-04-24T12:19:24","slug":"american-kelly-reichardt-to-be-feted-at-cannes-with-coveted-carrosse-dor","status":"publish","type":"post","link":"https:\/\/www.africa-press.net\/ghana\/all-news\/american-kelly-reichardt-to-be-feted-at-cannes-with-coveted-carrosse-dor","title":{"rendered":"American Kelly Reichardt to be feted at Cannes with coveted Carrosse d\u2019Or"},"content":{"rendered":"<p><span style=\"color: #ff6600\"><strong>Africa-Press &#8211; Ghana. <\/strong><\/span>Kelly Reichardt will be awarded the Carrosse d&#8217;Or award on 18 May in Cannes, during the Directors&#8217; Fortnight&#8217;s opening ceremony. The American filmmaker&#8217;s latest opus &#8220;Showing Up&#8221; is also running in the main competition.<\/p>\n<p>&#8220;Political, humanistic and grounded in American land, her seven feature films tell an intimate counter \u2013 history of her country, attached to territories and underdogs,&#8221; the French Director&#8217;s Guild SRF (Soci\u00e9t\u00e9 des r\u00e9alisateurs de films) said in its statement on Tuesday.<\/p>\n<p>From &#8220;River of Grass&#8221; (1994) to &#8220;First Cow&#8221; (2019), the guild said it admired Reinhardt&#8217;s &#8220;spirit of freedom&#8221; and her &#8220;handcrafted&#8221; approach to making cinema.<\/p>\n<p>&#8220;Your unique approach to the characters that fill your stories \u2013 sensitive, critical and compassionate all at once \u2013 takes root in our imagination,&#8221; they wrote.<\/p>\n<p>&#8220;This specificity, so different from the many clich\u00e9d views of America, is inscribed in the geography of your films, and is a great source of inspiration for us.&#8221;<\/p>\n<p>Born in 1964 in Florida, Reichardt is known for her minimalist filming style, often focusing on characters who are living in the margins of society, who are not usually represented on screen.<\/p>\n<p>The majority of her films are shot with small budgets on location and many of her lead characters are women.<\/p>\n<p>Her debut film &#8220;River of Grass&#8221;, about a couple on the run in South Florida after an accidental shooting incident, was nominated for three Independent Spirit Awards, as well as the Grand Jury Prize at the Sundance Film Festival.<\/p>\n<p>She recorded an interview about her work during a Retrospective at Le Centre Pompidou in Paris in October 2021.<\/p>\n<p>Politics, environment<\/p>\n<p>Reichardt&#8217;s films often also contain references to social issues and political events.<\/p>\n<p>She drew parallels to the Iraq War and George Bush in the 2010 &#8220;Meek&#8217;s Cutoff&#8221;, a Western starring Michelle Williams, which won the Signis Award at the Venice Film Festival in 2010.<\/p>\n<p>Reichardt&#8217;s 2013 film &#8220;Night Moves&#8221; follows the story of radical environmentalists who plan to blow up a dam in Oregon.<\/p>\n<p>She won Best film for &#8220;Certain Women&#8221; (2016) at the London Film Festival and &#8220;First Cow&#8221; (2019) filmed in Oregon, was nominated for best director at the Independent Spirit Awards in 2021.<\/p>\n<p>The Carrosse d&#8217;Or prize has been awarded since 2002 by the filmmakers of the SRF to honor one of their own during Directors&#8217; Fortnight opening ceremony in Cannes.<\/p>\n<p>The recipient is chosen from the international filmmaking community for their innovative qualities, courage and intransigence in directing and production.<\/p>\n<p>Some recent recipients include Frederick Wiseman in 2021, John Carpenter in 2019, Martin Scorsese in 2018 and French director Agn\u00e8s Varda in 2010.<\/p>\n<p>Strong French representation<\/p>\n<p>Eleven women directors appear in the Directors&#8217; Fortnight line-up this year, with 23 films selected from across the globe.<\/p>\n<p>&#8220;We are recreating the beauty and wealth of the world&#8217;s contemporary cinema,&#8221; director Paolo Moretti told journalists.<\/p>\n<p>The opening film is &#8220;Scarlet&#8221; (L&#8217;Envol) by Italien director Pietro Marcello, his first film in French starring Louis Garrel.<\/p>\n<p>Among the other French entries, the first steps as a filmmaker for 81-year-old writer Annie Ernaux, with &#8220;The Super 8 Years&#8221; (Les Ann\u00e9es Super 8), a documentary made with her son David using family film archives from 1976-1981.<\/p>\n<p>Cannes 2022 Truman Show poster plays on fine line between fiction and reality<\/p>\n<p>Mia Hansen-Love is back at Cannes this year (her film &#8220;Bergman Island&#8221; was screened in competition in 2021) with &#8220;One Fine Morning&#8221; (Un beau matin), with Melvil Poupaud and L\u00e9a Seydoux.<\/p>\n<p>Philippe Faucon brings the Algerian war into focus 60 years on with his film &#8220;Harkis&#8221;, while L\u00e9a Mysius presents her second film &#8220;The Five Devils&#8221; (Les cinq diables) with Ad\u00e8le Exarchopoulos.<\/p>\n<p>Alice Winocour has chosen to look at the question of terrorism with her film &#8220;Paris memories&#8221; (Revoir Paris) starring Virginie Efira (who is also chief MC for the opening and closing ceremonies) and Gr\u00e9goire Colin.<\/p>\n<p>Political themes are well represented this year, with &#8220;Pamfir&#8221;, by Ukrainian director Dmytro Sukholytkyy-Sobchuk, &#8220;1976&#8221; by Manuela Martelli looking at Pinochet&#8217;s dictatorship in Chile, as well as films from Tunisia and Lebanon.<\/p>\n<p>DIRECTORS&#8217; FORTNIGHT: FEATURES FILMS<\/p>\n<p>L&#8217;Envol (Scarlet) by Pietro Marcello \u2013 opening film<\/p>\n<p>1976 by Manuela Martelli \u2013 first feature<\/p>\n<p>The Dam (Al-Sadd, Le Barrage ) by Ali Cherri \u2013 first feature<\/p>\n<p>Les Ann\u00e9es Super 8 (The Super 8 Years) by Annie Ernaux &amp; David Ernaux-Briot \u2013 documentary \u2013 first feature<\/p>\n<p>Ashkal by Youssef Chebbi \u2013 first feature<\/p>\n<p>Les Cinq Diables (The Five Devils) de L\u00e9a Mysius<\/p>\n<p>De Humani Corporis Fabrica by V\u00e9r\u00e9na Paravel &amp; Lucien Castaing-Taylor \u2013 documentary<\/p>\n<p>La D\u00e9rive des continents (au Sud) (Continental Drift (South) by Lionel Baier<\/p>\n<p>El agua (The Water) by Elena L\u00f3pez Riera \u2013 first feature<\/p>\n<p>Enys Men by Mark Jenkin<\/p>\n<p>Falcon Lake by Charlotte Le Bon \u2013 first feature<\/p>\n<p>Fogo-F\u00e1tuo (Will-o&#8217;-the-Wisp, Feu follet) by Jo\u00e3o Pedro Rodrigues<\/p>\n<p>Funny Pages by Owen Kline \u2013 first feature<\/p>\n<p>God&#8217;s Creatures by Anna Rose Holmer &amp; Saela Davis<\/p>\n<p>Les Harkis (Harkis) by Philippe Faucon<\/p>\n<p>La Montagne (The Mountain) by Thomas Salvador<\/p>\n<p>Men by Alex Garland \u2013 special screening<\/p>\n<p>Pamfir by Dmytro Sukholytkyy-Sobchuk \u2013 first feature<\/p>\n<p>Revoir Paris (Paris Memories) by Alice Winocour<\/p>\n<p>Taht Alshajra (Under the Fig Trees, Sous les figues) by Erige Sehiri<\/p>\n<p>Un beau matin (One Fine Morning) by Mia Hansen-L\u00f8ve<\/p>\n<p>Un var\u00f3n (A Male) by Fabian Hern\u00e1ndez \u2013 first feature<\/p>\n<p>Le Parfum vert (The Green Perfume) by Nicolas Pariser \u2013 closing film<\/p>\n<p><strong>For More News And Analysis About <a href=\"https:\/\/www.africa-press.net\/ghana\">Ghana<\/a> Follow <a href=\"https:\/\/www.africa-press.net\/\">Africa-Press<\/a><\/strong><\/p>\n","protected":false},"excerpt":{"rendered":"<p>Africa-Press &#8211; Ghana. Kelly Reichardt will be awarded the Carrosse d&#8217;Or award on 18 May in Cannes, during the Directors&#8217; Fortnight&#8217;s opening ceremony. The American filmmaker&#8217;s latest opus &#8220;Showing Up&#8221; is also running in the main competition. &#8220;Political, humanistic and grounded in American land, her seven feature films tell an intimate counter \u2013 history of [&hellip;]<\/p>\n","protected":false},"author":84,"featured_media":19132,"comment_status":"open","ping_status":"open","sticky":false,"template":"","format":"standard","meta":{"footnotes":""},"categories":[2,3,7,8],"tags":[5092,5096,8429,429,8428],"class_list":["post-19133","post","type-post","status-publish","format-standard","has-post-thumbnail","hentry","category-all-news","category-community","category-head-lines","category-homepage-english","tag-africa-press","tag-africa-press-ghana","tag-carrosse","tag-ghana","tag-reichardt"],"yoast_head":"<!-- This site is optimized with the Yoast SEO Premium plugin v26.1 (Yoast SEO v27.0) - https:\/\/yoast.com\/product\/yoast-seo-premium-wordpress\/ -->\n<title>American Kelly Reichardt to be feted at Cannes with coveted Carrosse d\u2019Or - Ghana<\/title>\n<meta name=\"description\" content=\"Kelly Reichardt will be awarded the Carrosse d&#039;Or award on 18 May in Cannes, during the Directors&#039; Fortnight&#039;s opening c ...\" \/>\n<meta name=\"robots\" content=\"index, follow, max-snippet:-1, max-image-preview:large, max-video-preview:-1\" \/>\n<link rel=\"canonical\" href=\"https:\/\/www.africa-press.net\/ghana\/all-news\/american-kelly-reichardt-to-be-feted-at-cannes-with-coveted-carrosse-dor\" \/>\n<meta property=\"og:locale\" content=\"en_US\" \/>\n<meta property=\"og:type\" content=\"article\" \/>\n<meta property=\"og:title\" content=\"American Kelly Reichardt to be feted at Cannes with coveted Carrosse d\u2019Or\" \/>\n<meta property=\"og:description\" content=\"Kelly Reichardt will be awarded the Carrosse d&#039;Or award on 18 May in Cannes, during the Directors&#039; Fortnight&#039;s opening c ...\" \/>\n<meta property=\"og:url\" content=\"https:\/\/www.africa-press.net\/ghana\/all-news\/american-kelly-reichardt-to-be-feted-at-cannes-with-coveted-carrosse-dor\" \/>\n<meta property=\"og:site_name\" content=\"Ghana\" \/>\n<meta property=\"article:publisher\" content=\"https:\/\/www.facebook.com\/AfricaPressTunisiaa\" \/>\n<meta property=\"article:published_time\" content=\"2022-04-24T11:53:20+00:00\" \/>\n<meta property=\"article:modified_time\" content=\"2022-04-24T12:19:24+00:00\" \/>\n<meta property=\"og:image\" content=\"https:\/\/static.africa-press.net\/ghana\/sites\/18\/2022\/04\/img-6265400e4664d.jpg\" \/>\n\t<meta property=\"og:image:width\" content=\"780\" \/>\n\t<meta property=\"og:image:height\" content=\"420\" \/>\n\t<meta property=\"og:image:type\" content=\"image\/jpeg\" \/>\n<meta name=\"author\" content=\"cfeditoren\" \/>\n<meta name=\"twitter:card\" content=\"summary_large_image\" \/>\n<meta name=\"twitter:label1\" content=\"Written by\" \/>\n\t<meta name=\"twitter:data1\" content=\"cfeditoren\" \/>\n\t<meta name=\"twitter:label2\" content=\"Est. reading time\" \/>\n\t<meta name=\"twitter:data2\" content=\"4 minutes\" \/>\n<script type=\"application\/ld+json\" class=\"yoast-schema-graph\">{\"@context\":\"https:\/\/schema.org\",\"@graph\":[{\"@type\":\"Article\",\"@id\":\"https:\/\/www.africa-press.net\/ghana\/all-news\/american-kelly-reichardt-to-be-feted-at-cannes-with-coveted-carrosse-dor#article\",\"isPartOf\":{\"@id\":\"https:\/\/www.africa-press.net\/ghana\/all-news\/american-kelly-reichardt-to-be-feted-at-cannes-with-coveted-carrosse-dor\"},\"author\":{\"name\":\"cfeditoren\",\"@id\":\"https:\/\/www.africa-press.net\/ghana\/#\/schema\/person\/068c7ab4e9634ae78ec5d54ec46598bb\"},\"headline\":\"American Kelly Reichardt to be feted at Cannes with coveted Carrosse d\u2019Or\",\"datePublished\":\"2022-04-24T11:53:20+00:00\",\"dateModified\":\"2022-04-24T12:19:24+00:00\",\"mainEntityOfPage\":{\"@id\":\"https:\/\/www.africa-press.net\/ghana\/all-news\/american-kelly-reichardt-to-be-feted-at-cannes-with-coveted-carrosse-dor\"},\"wordCount\":904,\"commentCount\":0,\"image\":{\"@id\":\"https:\/\/www.africa-press.net\/ghana\/all-news\/american-kelly-reichardt-to-be-feted-at-cannes-with-coveted-carrosse-dor#primaryimage\"},\"thumbnailUrl\":\"https:\/\/static.africa-press.net\/ghana\/sites\/18\/2022\/04\/img-6265400e4664d.jpg\",\"keywords\":[\"Africa Press\",\"Africa Press-Ghana\",\"Carrosse\",\"ghana\",\"Reichardt\"],\"articleSection\":[\"all news\",\"community\",\"head lines\",\"homepage-english\"],\"inLanguage\":\"en-US\",\"potentialAction\":[{\"@type\":\"CommentAction\",\"name\":\"Comment\",\"target\":[\"https:\/\/www.africa-press.net\/ghana\/all-news\/american-kelly-reichardt-to-be-feted-at-cannes-with-coveted-carrosse-dor#respond\"]}]},{\"@type\":\"WebPage\",\"@id\":\"https:\/\/www.africa-press.net\/ghana\/all-news\/american-kelly-reichardt-to-be-feted-at-cannes-with-coveted-carrosse-dor\",\"url\":\"https:\/\/www.africa-press.net\/ghana\/all-news\/american-kelly-reichardt-to-be-feted-at-cannes-with-coveted-carrosse-dor\",\"name\":\"American Kelly Reichardt to be feted at Cannes with coveted Carrosse d\u2019Or - Ghana\",\"isPartOf\":{\"@id\":\"https:\/\/www.africa-press.net\/ghana\/#website\"},\"primaryImageOfPage\":{\"@id\":\"https:\/\/www.africa-press.net\/ghana\/all-news\/american-kelly-reichardt-to-be-feted-at-cannes-with-coveted-carrosse-dor#primaryimage\"},\"image\":{\"@id\":\"https:\/\/www.africa-press.net\/ghana\/all-news\/american-kelly-reichardt-to-be-feted-at-cannes-with-coveted-carrosse-dor#primaryimage\"},\"thumbnailUrl\":\"https:\/\/static.africa-press.net\/ghana\/sites\/18\/2022\/04\/img-6265400e4664d.jpg\",\"datePublished\":\"2022-04-24T11:53:20+00:00\",\"dateModified\":\"2022-04-24T12:19:24+00:00\",\"author\":{\"@id\":\"https:\/\/www.africa-press.net\/ghana\/#\/schema\/person\/068c7ab4e9634ae78ec5d54ec46598bb\"},\"description\":\"Kelly Reichardt will be awarded the Carrosse d'Or award on 18 May in Cannes, during the Directors' Fortnight's opening c ...\",\"breadcrumb\":{\"@id\":\"https:\/\/www.africa-press.net\/ghana\/all-news\/american-kelly-reichardt-to-be-feted-at-cannes-with-coveted-carrosse-dor#breadcrumb\"},\"inLanguage\":\"en-US\",\"potentialAction\":[{\"@type\":\"ReadAction\",\"target\":[\"https:\/\/www.africa-press.net\/ghana\/all-news\/american-kelly-reichardt-to-be-feted-at-cannes-with-coveted-carrosse-dor\"]}]},{\"@type\":\"ImageObject\",\"inLanguage\":\"en-US\",\"@id\":\"https:\/\/www.africa-press.net\/ghana\/all-news\/american-kelly-reichardt-to-be-feted-at-cannes-with-coveted-carrosse-dor#primaryimage\",\"url\":\"https:\/\/static.africa-press.net\/ghana\/sites\/18\/2022\/04\/img-6265400e4664d.jpg\",\"contentUrl\":\"https:\/\/static.africa-press.net\/ghana\/sites\/18\/2022\/04\/img-6265400e4664d.jpg\",\"width\":780,\"height\":420,\"caption\":\"American Kelly Reichardt to be feted at Cannes with coveted Carrosse d\u2019Or\"},{\"@type\":\"BreadcrumbList\",\"@id\":\"https:\/\/www.africa-press.net\/ghana\/all-news\/american-kelly-reichardt-to-be-feted-at-cannes-with-coveted-carrosse-dor#breadcrumb\",\"itemListElement\":[{\"@type\":\"ListItem\",\"position\":1,\"name\":\"Home\",\"item\":\"https:\/\/www.africa-press.net\/ghana\/\"},{\"@type\":\"ListItem\",\"position\":2,\"name\":\"American Kelly Reichardt to be feted at Cannes with coveted Carrosse d\u2019Or\"}]},{\"@type\":\"WebSite\",\"@id\":\"https:\/\/www.africa-press.net\/ghana\/#website\",\"url\":\"https:\/\/www.africa-press.net\/ghana\/\",\"name\":\"Ghana\",\"description\":\"Just another Africa News Agency Sites site\",\"potentialAction\":[{\"@type\":\"SearchAction\",\"target\":{\"@type\":\"EntryPoint\",\"urlTemplate\":\"https:\/\/www.africa-press.net\/ghana\/?s={search_term_string}\"},\"query-input\":{\"@type\":\"PropertyValueSpecification\",\"valueRequired\":true,\"valueName\":\"search_term_string\"}}],\"inLanguage\":\"en-US\"},{\"@type\":\"Person\",\"@id\":\"https:\/\/www.africa-press.net\/ghana\/#\/schema\/person\/068c7ab4e9634ae78ec5d54ec46598bb\",\"name\":\"cfeditoren\",\"image\":{\"@type\":\"ImageObject\",\"inLanguage\":\"en-US\",\"@id\":\"https:\/\/www.africa-press.net\/ghana\/#\/schema\/person\/image\/\",\"url\":\"https:\/\/secure.gravatar.com\/avatar\/7417380fa9e23b5c57fdbfdaf3fdf92ee478f759a084addda5faa3732853e74a?s=96&d=mm&r=g\",\"contentUrl\":\"https:\/\/secure.gravatar.com\/avatar\/7417380fa9e23b5c57fdbfdaf3fdf92ee478f759a084addda5faa3732853e74a?s=96&d=mm&r=g\",\"caption\":\"cfeditoren\"}}]}<\/script>\n<!-- \/ Yoast SEO Premium plugin. -->","yoast_head_json":{"title":"American Kelly Reichardt to be feted at Cannes with coveted Carrosse d\u2019Or - Ghana","description":"Kelly Reichardt will be awarded the Carrosse d'Or award on 18 May in Cannes, during the Directors' Fortnight's opening c ...","robots":{"index":"index","follow":"follow","max-snippet":"max-snippet:-1","max-image-preview":"max-image-preview:large","max-video-preview":"max-video-preview:-1"},"canonical":"https:\/\/www.africa-press.net\/ghana\/all-news\/american-kelly-reichardt-to-be-feted-at-cannes-with-coveted-carrosse-dor","og_locale":"en_US","og_type":"article","og_title":"American Kelly Reichardt to be feted at Cannes with coveted Carrosse d\u2019Or","og_description":"Kelly Reichardt will be awarded the Carrosse d'Or award on 18 May in Cannes, during the Directors' Fortnight's opening c ...","og_url":"https:\/\/www.africa-press.net\/ghana\/all-news\/american-kelly-reichardt-to-be-feted-at-cannes-with-coveted-carrosse-dor","og_site_name":"Ghana","article_publisher":"https:\/\/www.facebook.com\/AfricaPressTunisiaa","article_published_time":"2022-04-24T11:53:20+00:00","article_modified_time":"2022-04-24T12:19:24+00:00","og_image":[{"width":780,"height":420,"url":"https:\/\/static.africa-press.net\/ghana\/sites\/18\/2022\/04\/img-6265400e4664d.jpg","type":"image\/jpeg"}],"author":"cfeditoren","twitter_card":"summary_large_image","twitter_misc":{"Written by":"cfeditoren","Est. reading time":"4 minutes"},"schema":{"@context":"https:\/\/schema.org","@graph":[{"@type":"Article","@id":"https:\/\/www.africa-press.net\/ghana\/all-news\/american-kelly-reichardt-to-be-feted-at-cannes-with-coveted-carrosse-dor#article","isPartOf":{"@id":"https:\/\/www.africa-press.net\/ghana\/all-news\/american-kelly-reichardt-to-be-feted-at-cannes-with-coveted-carrosse-dor"},"author":{"name":"cfeditoren","@id":"https:\/\/www.africa-press.net\/ghana\/#\/schema\/person\/068c7ab4e9634ae78ec5d54ec46598bb"},"headline":"American Kelly Reichardt to be feted at Cannes with coveted Carrosse d\u2019Or","datePublished":"2022-04-24T11:53:20+00:00","dateModified":"2022-04-24T12:19:24+00:00","mainEntityOfPage":{"@id":"https:\/\/www.africa-press.net\/ghana\/all-news\/american-kelly-reichardt-to-be-feted-at-cannes-with-coveted-carrosse-dor"},"wordCount":904,"commentCount":0,"image":{"@id":"https:\/\/www.africa-press.net\/ghana\/all-news\/american-kelly-reichardt-to-be-feted-at-cannes-with-coveted-carrosse-dor#primaryimage"},"thumbnailUrl":"https:\/\/static.africa-press.net\/ghana\/sites\/18\/2022\/04\/img-6265400e4664d.jpg","keywords":["Africa Press","Africa Press-Ghana","Carrosse","ghana","Reichardt"],"articleSection":["all news","community","head lines","homepage-english"],"inLanguage":"en-US","potentialAction":[{"@type":"CommentAction","name":"Comment","target":["https:\/\/www.africa-press.net\/ghana\/all-news\/american-kelly-reichardt-to-be-feted-at-cannes-with-coveted-carrosse-dor#respond"]}]},{"@type":"WebPage","@id":"https:\/\/www.africa-press.net\/ghana\/all-news\/american-kelly-reichardt-to-be-feted-at-cannes-with-coveted-carrosse-dor","url":"https:\/\/www.africa-press.net\/ghana\/all-news\/american-kelly-reichardt-to-be-feted-at-cannes-with-coveted-carrosse-dor","name":"American Kelly Reichardt to be feted at Cannes with coveted Carrosse d\u2019Or - Ghana","isPartOf":{"@id":"https:\/\/www.africa-press.net\/ghana\/#website"},"primaryImageOfPage":{"@id":"https:\/\/www.africa-press.net\/ghana\/all-news\/american-kelly-reichardt-to-be-feted-at-cannes-with-coveted-carrosse-dor#primaryimage"},"image":{"@id":"https:\/\/www.africa-press.net\/ghana\/all-news\/american-kelly-reichardt-to-be-feted-at-cannes-with-coveted-carrosse-dor#primaryimage"},"thumbnailUrl":"https:\/\/static.africa-press.net\/ghana\/sites\/18\/2022\/04\/img-6265400e4664d.jpg","datePublished":"2022-04-24T11:53:20+00:00","dateModified":"2022-04-24T12:19:24+00:00","author":{"@id":"https:\/\/www.africa-press.net\/ghana\/#\/schema\/person\/068c7ab4e9634ae78ec5d54ec46598bb"},"description":"Kelly Reichardt will be awarded the Carrosse d'Or award on 18 May in Cannes, during the Directors' Fortnight's opening c ...","breadcrumb":{"@id":"https:\/\/www.africa-press.net\/ghana\/all-news\/american-kelly-reichardt-to-be-feted-at-cannes-with-coveted-carrosse-dor#breadcrumb"},"inLanguage":"en-US","potentialAction":[{"@type":"ReadAction","target":["https:\/\/www.africa-press.net\/ghana\/all-news\/american-kelly-reichardt-to-be-feted-at-cannes-with-coveted-carrosse-dor"]}]},{"@type":"ImageObject","inLanguage":"en-US","@id":"https:\/\/www.africa-press.net\/ghana\/all-news\/american-kelly-reichardt-to-be-feted-at-cannes-with-coveted-carrosse-dor#primaryimage","url":"https:\/\/static.africa-press.net\/ghana\/sites\/18\/2022\/04\/img-6265400e4664d.jpg","contentUrl":"https:\/\/static.africa-press.net\/ghana\/sites\/18\/2022\/04\/img-6265400e4664d.jpg","width":780,"height":420,"caption":"American Kelly Reichardt to be feted at Cannes with coveted Carrosse d\u2019Or"},{"@type":"BreadcrumbList","@id":"https:\/\/www.africa-press.net\/ghana\/all-news\/american-kelly-reichardt-to-be-feted-at-cannes-with-coveted-carrosse-dor#breadcrumb","itemListElement":[{"@type":"ListItem","position":1,"name":"Home","item":"https:\/\/www.africa-press.net\/ghana\/"},{"@type":"ListItem","position":2,"name":"American Kelly Reichardt to be feted at Cannes with coveted Carrosse d\u2019Or"}]},{"@type":"WebSite","@id":"https:\/\/www.africa-press.net\/ghana\/#website","url":"https:\/\/www.africa-press.net\/ghana\/","name":"Ghana","description":"Just another Africa News Agency Sites site","potentialAction":[{"@type":"SearchAction","target":{"@type":"EntryPoint","urlTemplate":"https:\/\/www.africa-press.net\/ghana\/?s={search_term_string}"},"query-input":{"@type":"PropertyValueSpecification","valueRequired":true,"valueName":"search_term_string"}}],"inLanguage":"en-US"},{"@type":"Person","@id":"https:\/\/www.africa-press.net\/ghana\/#\/schema\/person\/068c7ab4e9634ae78ec5d54ec46598bb","name":"cfeditoren","image":{"@type":"ImageObject","inLanguage":"en-US","@id":"https:\/\/www.africa-press.net\/ghana\/#\/schema\/person\/image\/","url":"https:\/\/secure.gravatar.com\/avatar\/7417380fa9e23b5c57fdbfdaf3fdf92ee478f759a084addda5faa3732853e74a?s=96&d=mm&r=g","contentUrl":"https:\/\/secure.gravatar.com\/avatar\/7417380fa9e23b5c57fdbfdaf3fdf92ee478f759a084addda5faa3732853e74a?s=96&d=mm&r=g","caption":"cfeditoren"}}]}},"_links":{"self":[{"href":"https:\/\/www.africa-press.net\/ghana\/wp-json\/wp\/v2\/posts\/19133","targetHints":{"allow":["GET"]}}],"collection":[{"href":"https:\/\/www.africa-press.net\/ghana\/wp-json\/wp\/v2\/posts"}],"about":[{"href":"https:\/\/www.africa-press.net\/ghana\/wp-json\/wp\/v2\/types\/post"}],"author":[{"embeddable":true,"href":"https:\/\/www.africa-press.net\/ghana\/wp-json\/wp\/v2\/users\/84"}],"replies":[{"embeddable":true,"href":"https:\/\/www.africa-press.net\/ghana\/wp-json\/wp\/v2\/comments?post=19133"}],"version-history":[{"count":0,"href":"https:\/\/www.africa-press.net\/ghana\/wp-json\/wp\/v2\/posts\/19133\/revisions"}],"wp:featuredmedia":[{"embeddable":true,"href":"https:\/\/www.africa-press.net\/ghana\/wp-json\/wp\/v2\/media\/19132"}],"wp:attachment":[{"href":"https:\/\/www.africa-press.net\/ghana\/wp-json\/wp\/v2\/media?parent=19133"}],"wp:term":[{"taxonomy":"category","embeddable":true,"href":"https:\/\/www.africa-press.net\/ghana\/wp-json\/wp\/v2\/categories?post=19133"},{"taxonomy":"post_tag","embeddable":true,"href":"https:\/\/www.africa-press.net\/ghana\/wp-json\/wp\/v2\/tags?post=19133"}],"curies":[{"name":"wp","href":"https:\/\/api.w.org\/{rel}","templated":true}]}}