{"id":1192,"date":"2021-12-22T21:23:28","date_gmt":"2021-12-22T21:23:28","guid":{"rendered":"https:\/\/www.africa-press.net\/guinee-bissau\/politique\/can-2021-le-cameroun-devoile-sa-liste"},"modified":"2021-12-22T22:56:21","modified_gmt":"2021-12-22T22:56:21","slug":"can-2021-le-cameroun-devoile-sa-liste","status":"publish","type":"post","link":"https:\/\/www.africa-press.net\/guinee-bissau\/sports\/can-2021-le-cameroun-devoile-sa-liste","title":{"rendered":"Can 2021: Le Cameroun d\u00e9voile sa liste"},"content":{"rendered":"<p><span style=\"color: #ff6600\"><strong>Africa-Press &#8211; Guinee Bissau. <\/strong><\/span>Pays organisateur d\u2019une Coupe d\u2019Afrique des Nations qui devrait bel et bien avoir lieu (9 janvier au 22 f\u00e9vrier 2022), le Cameroun vient de d\u00e9voiler sa liste de joueurs appel\u00e9s pour la comp\u00e9tition. On y retrouve notamment quelques joueurs bien connus de notre Ligue 1.<\/p>\n<p>Karlo Toko Ekambi (OL), Jean Onana (Bordeaux), St\u00e9phane Bahoken (Angers), Ignatius Ganago (Lens), Harold Moukoudi (Saint-\u00c9tienne), Yvan Neyou (Saint-\u00c9tienne) ou encore Ambroise Oyongo (Montpellier) ont tous \u00e9t\u00e9 s\u00e9lectionn\u00e9s par le s\u00e9lectionneur Toni. Les Lions Indomptables ne viseront ni plus ni moins que la victoire, m\u00eame s\u2019ils font figure d\u2019outsiders.<\/p>\n<p>Liste officielle des #LionsIndomptables s\u00e9lectionn\u00e9s pour la #TotalEnergiesAFCON2021.#GoLions#LetsRoarTogether#AllezLesLions pic.twitter.com\/lZF1tz1WGw<\/p>\n<p>\u2014 Lions Indomptable (@LIndomptables) December 22, 2021<\/p>\n<p><strong>Pour plus d&rsquo;informations et d&rsquo;analyses sur la <a href=\"https:\/\/www.africa-press.net\/guinee-bissau\">Guinee Bissau<\/a>, suivez <a href=\"https:\/\/www.africa-press.net\/\">Africa-Press<\/a><\/strong><\/p>\n","protected":false},"excerpt":{"rendered":"<p>Africa-Press &#8211; Guinee Bissau. Pays organisateur d\u2019une Coupe d\u2019Afrique des Nations qui devrait bel et bien avoir lieu (9 janvier au 22 f\u00e9vrier 2022), le Cameroun vient de d\u00e9voiler sa liste de joueurs appel\u00e9s pour la comp\u00e9tition. On y retrouve notamment quelques joueurs bien connus de notre Ligue 1. Karlo Toko Ekambi (OL), Jean Onana [&hellip;]<\/p>\n","protected":false},"author":82,"featured_media":1191,"comment_status":"open","ping_status":"closed","sticky":false,"template":"","format":"standard","meta":{"footnotes":""},"categories":[11,6,10],"tags":[36,49,50],"class_list":["post-1192","post","type-post","status-publish","format-standard","has-post-thumbnail","hentry","category-homepage-french","category-sports","category-toutes-les-actualites","tag-africa-press","tag-africa-press-guinee-bissau","tag-guinee-bissau"],"yoast_head":"<!-- This site is optimized with the Yoast SEO Premium plugin v26.1 (Yoast SEO v27.0) - https:\/\/yoast.com\/product\/yoast-seo-premium-wordpress\/ -->\n<title>Can 2021: Le Cameroun d\u00e9voile sa liste - Guin\u00e9e Bissau<\/title>\n<meta name=\"description\" content=\"Pays organisateur d\u2019une Coupe d\u2019Afrique des Nations qui devrait bel et bien avoir lieu (9 janvier au 22 f\u00e9vrier 2022), l ...\" \/>\n<meta name=\"robots\" content=\"index, follow, max-snippet:-1, max-image-preview:large, max-video-preview:-1\" \/>\n<link rel=\"canonical\" href=\"https:\/\/www.africa-press.net\/guinee-bissau\/sports\/can-2021-le-cameroun-devoile-sa-liste\" \/>\n<meta property=\"og:locale\" content=\"fr_FR\" \/>\n<meta property=\"og:type\" content=\"article\" \/>\n<meta property=\"og:title\" content=\"Can 2021: Le Cameroun d\u00e9voile sa liste\" \/>\n<meta property=\"og:description\" content=\"Pays organisateur d\u2019une Coupe d\u2019Afrique des Nations qui devrait bel et bien avoir lieu (9 janvier au 22 f\u00e9vrier 2022), l ...\" \/>\n<meta property=\"og:url\" content=\"https:\/\/www.africa-press.net\/guinee-bissau\/sports\/can-2021-le-cameroun-devoile-sa-liste\" \/>\n<meta property=\"og:site_name\" content=\"Guin\u00e9e Bissau\" \/>\n<meta property=\"article:published_time\" content=\"2021-12-22T21:23:28+00:00\" \/>\n<meta property=\"article:modified_time\" content=\"2021-12-22T22:56:21+00:00\" \/>\n<meta property=\"og:image\" content=\"https:\/\/static.africa-press.net\/centrafricaine\/sites\/55\/2021\/12\/img-61c3a8b8b8ecb.jpg\" \/>\n\t<meta property=\"og:image:width\" content=\"1200\" \/>\n\t<meta property=\"og:image:height\" content=\"675\" \/>\n\t<meta property=\"og:image:type\" content=\"image\/jpeg\" \/>\n<meta name=\"author\" content=\"cfeditorfr\" \/>\n<meta name=\"twitter:card\" content=\"summary_large_image\" \/>\n<meta name=\"twitter:label1\" content=\"\u00c9crit par\" \/>\n\t<meta name=\"twitter:data1\" content=\"cfeditorfr\" \/>\n\t<meta name=\"twitter:label2\" content=\"Dur\u00e9e de lecture estim\u00e9e\" \/>\n\t<meta name=\"twitter:data2\" content=\"1 minute\" \/>\n<script type=\"application\/ld+json\" class=\"yoast-schema-graph\">{\"@context\":\"https:\/\/schema.org\",\"@graph\":[{\"@type\":\"Article\",\"@id\":\"https:\/\/www.africa-press.net\/guinee-bissau\/sports\/can-2021-le-cameroun-devoile-sa-liste#article\",\"isPartOf\":{\"@id\":\"https:\/\/www.africa-press.net\/guinee-bissau\/sports\/can-2021-le-cameroun-devoile-sa-liste\"},\"author\":{\"name\":\"cfeditorfr\",\"@id\":\"https:\/\/www.africa-press.net\/guinee-bissau\/#\/schema\/person\/2b1cf3cd81a31e3cd26889ca66d677f1\"},\"headline\":\"Can 2021: Le Cameroun d\u00e9voile sa liste\",\"datePublished\":\"2021-12-22T21:23:28+00:00\",\"dateModified\":\"2021-12-22T22:56:21+00:00\",\"mainEntityOfPage\":{\"@id\":\"https:\/\/www.africa-press.net\/guinee-bissau\/sports\/can-2021-le-cameroun-devoile-sa-liste\"},\"wordCount\":152,\"commentCount\":0,\"image\":{\"@id\":\"https:\/\/www.africa-press.net\/guinee-bissau\/sports\/can-2021-le-cameroun-devoile-sa-liste#primaryimage\"},\"thumbnailUrl\":\"https:\/\/static.africa-press.net\/centrafricaine\/sites\/55\/2021\/12\/img-61c3a8b8b8ecb.jpg\",\"keywords\":[\"Africa Press\",\"Africa Press-Guinee Bissau\",\"Guinee Bissau\"],\"articleSection\":[\"homepage-french\",\"Sports\",\"Toutes les actualit\u00e9s\"],\"inLanguage\":\"fr-FR\",\"potentialAction\":[{\"@type\":\"CommentAction\",\"name\":\"Comment\",\"target\":[\"https:\/\/www.africa-press.net\/guinee-bissau\/sports\/can-2021-le-cameroun-devoile-sa-liste#respond\"]}]},{\"@type\":\"WebPage\",\"@id\":\"https:\/\/www.africa-press.net\/guinee-bissau\/sports\/can-2021-le-cameroun-devoile-sa-liste\",\"url\":\"https:\/\/www.africa-press.net\/guinee-bissau\/sports\/can-2021-le-cameroun-devoile-sa-liste\",\"name\":\"Can 2021: Le Cameroun d\u00e9voile sa liste - Guin\u00e9e Bissau\",\"isPartOf\":{\"@id\":\"https:\/\/www.africa-press.net\/guinee-bissau\/#website\"},\"primaryImageOfPage\":{\"@id\":\"https:\/\/www.africa-press.net\/guinee-bissau\/sports\/can-2021-le-cameroun-devoile-sa-liste#primaryimage\"},\"image\":{\"@id\":\"https:\/\/www.africa-press.net\/guinee-bissau\/sports\/can-2021-le-cameroun-devoile-sa-liste#primaryimage\"},\"thumbnailUrl\":\"https:\/\/static.africa-press.net\/centrafricaine\/sites\/55\/2021\/12\/img-61c3a8b8b8ecb.jpg\",\"datePublished\":\"2021-12-22T21:23:28+00:00\",\"dateModified\":\"2021-12-22T22:56:21+00:00\",\"author\":{\"@id\":\"https:\/\/www.africa-press.net\/guinee-bissau\/#\/schema\/person\/2b1cf3cd81a31e3cd26889ca66d677f1\"},\"description\":\"Pays organisateur d\u2019une Coupe d\u2019Afrique des Nations qui devrait bel et bien avoir lieu (9 janvier au 22 f\u00e9vrier 2022), l ...\",\"breadcrumb\":{\"@id\":\"https:\/\/www.africa-press.net\/guinee-bissau\/sports\/can-2021-le-cameroun-devoile-sa-liste#breadcrumb\"},\"inLanguage\":\"fr-FR\",\"potentialAction\":[{\"@type\":\"ReadAction\",\"target\":[\"https:\/\/www.africa-press.net\/guinee-bissau\/sports\/can-2021-le-cameroun-devoile-sa-liste\"]}]},{\"@type\":\"ImageObject\",\"inLanguage\":\"fr-FR\",\"@id\":\"https:\/\/www.africa-press.net\/guinee-bissau\/sports\/can-2021-le-cameroun-devoile-sa-liste#primaryimage\",\"url\":\"https:\/\/static.africa-press.net\/centrafricaine\/sites\/55\/2021\/12\/img-61c3a8b8b8ecb.jpg\",\"contentUrl\":\"https:\/\/static.africa-press.net\/centrafricaine\/sites\/55\/2021\/12\/img-61c3a8b8b8ecb.jpg\",\"width\":1200,\"height\":675,\"caption\":\"Can 2021: Le Cameroun d\u00e9voile sa liste\"},{\"@type\":\"BreadcrumbList\",\"@id\":\"https:\/\/www.africa-press.net\/guinee-bissau\/sports\/can-2021-le-cameroun-devoile-sa-liste#breadcrumb\",\"itemListElement\":[{\"@type\":\"ListItem\",\"position\":1,\"name\":\"Accueil\",\"item\":\"https:\/\/www.africa-press.net\/guinee-bissau\/\"},{\"@type\":\"ListItem\",\"position\":2,\"name\":\"Can 2021: Le Cameroun d\u00e9voile sa liste\"}]},{\"@type\":\"WebSite\",\"@id\":\"https:\/\/www.africa-press.net\/guinee-bissau\/#website\",\"url\":\"https:\/\/www.africa-press.net\/guinee-bissau\/\",\"name\":\"Guin\u00e9e Bissau\",\"description\":\"Just another Africa News Agency Sites site\",\"potentialAction\":[{\"@type\":\"SearchAction\",\"target\":{\"@type\":\"EntryPoint\",\"urlTemplate\":\"https:\/\/www.africa-press.net\/guinee-bissau\/?s={search_term_string}\"},\"query-input\":{\"@type\":\"PropertyValueSpecification\",\"valueRequired\":true,\"valueName\":\"search_term_string\"}}],\"inLanguage\":\"fr-FR\"},{\"@type\":\"Person\",\"@id\":\"https:\/\/www.africa-press.net\/guinee-bissau\/#\/schema\/person\/2b1cf3cd81a31e3cd26889ca66d677f1\",\"name\":\"cfeditorfr\"}]}<\/script>\n<!-- \/ Yoast SEO Premium plugin. -->","yoast_head_json":{"title":"Can 2021: Le Cameroun d\u00e9voile sa liste - Guin\u00e9e Bissau","description":"Pays organisateur d\u2019une Coupe d\u2019Afrique des Nations qui devrait bel et bien avoir lieu (9 janvier au 22 f\u00e9vrier 2022), l ...","robots":{"index":"index","follow":"follow","max-snippet":"max-snippet:-1","max-image-preview":"max-image-preview:large","max-video-preview":"max-video-preview:-1"},"canonical":"https:\/\/www.africa-press.net\/guinee-bissau\/sports\/can-2021-le-cameroun-devoile-sa-liste","og_locale":"fr_FR","og_type":"article","og_title":"Can 2021: Le Cameroun d\u00e9voile sa liste","og_description":"Pays organisateur d\u2019une Coupe d\u2019Afrique des Nations qui devrait bel et bien avoir lieu (9 janvier au 22 f\u00e9vrier 2022), l ...","og_url":"https:\/\/www.africa-press.net\/guinee-bissau\/sports\/can-2021-le-cameroun-devoile-sa-liste","og_site_name":"Guin\u00e9e Bissau","article_published_time":"2021-12-22T21:23:28+00:00","article_modified_time":"2021-12-22T22:56:21+00:00","og_image":[{"width":1200,"height":675,"url":"https:\/\/static.africa-press.net\/centrafricaine\/sites\/55\/2021\/12\/img-61c3a8b8b8ecb.jpg","type":"image\/jpeg"}],"author":"cfeditorfr","twitter_card":"summary_large_image","twitter_misc":{"\u00c9crit par":"cfeditorfr","Dur\u00e9e de lecture estim\u00e9e":"1 minute"},"schema":{"@context":"https:\/\/schema.org","@graph":[{"@type":"Article","@id":"https:\/\/www.africa-press.net\/guinee-bissau\/sports\/can-2021-le-cameroun-devoile-sa-liste#article","isPartOf":{"@id":"https:\/\/www.africa-press.net\/guinee-bissau\/sports\/can-2021-le-cameroun-devoile-sa-liste"},"author":{"name":"cfeditorfr","@id":"https:\/\/www.africa-press.net\/guinee-bissau\/#\/schema\/person\/2b1cf3cd81a31e3cd26889ca66d677f1"},"headline":"Can 2021: Le Cameroun d\u00e9voile sa liste","datePublished":"2021-12-22T21:23:28+00:00","dateModified":"2021-12-22T22:56:21+00:00","mainEntityOfPage":{"@id":"https:\/\/www.africa-press.net\/guinee-bissau\/sports\/can-2021-le-cameroun-devoile-sa-liste"},"wordCount":152,"commentCount":0,"image":{"@id":"https:\/\/www.africa-press.net\/guinee-bissau\/sports\/can-2021-le-cameroun-devoile-sa-liste#primaryimage"},"thumbnailUrl":"https:\/\/static.africa-press.net\/centrafricaine\/sites\/55\/2021\/12\/img-61c3a8b8b8ecb.jpg","keywords":["Africa Press","Africa Press-Guinee Bissau","Guinee Bissau"],"articleSection":["homepage-french","Sports","Toutes les actualit\u00e9s"],"inLanguage":"fr-FR","potentialAction":[{"@type":"CommentAction","name":"Comment","target":["https:\/\/www.africa-press.net\/guinee-bissau\/sports\/can-2021-le-cameroun-devoile-sa-liste#respond"]}]},{"@type":"WebPage","@id":"https:\/\/www.africa-press.net\/guinee-bissau\/sports\/can-2021-le-cameroun-devoile-sa-liste","url":"https:\/\/www.africa-press.net\/guinee-bissau\/sports\/can-2021-le-cameroun-devoile-sa-liste","name":"Can 2021: Le Cameroun d\u00e9voile sa liste - Guin\u00e9e Bissau","isPartOf":{"@id":"https:\/\/www.africa-press.net\/guinee-bissau\/#website"},"primaryImageOfPage":{"@id":"https:\/\/www.africa-press.net\/guinee-bissau\/sports\/can-2021-le-cameroun-devoile-sa-liste#primaryimage"},"image":{"@id":"https:\/\/www.africa-press.net\/guinee-bissau\/sports\/can-2021-le-cameroun-devoile-sa-liste#primaryimage"},"thumbnailUrl":"https:\/\/static.africa-press.net\/centrafricaine\/sites\/55\/2021\/12\/img-61c3a8b8b8ecb.jpg","datePublished":"2021-12-22T21:23:28+00:00","dateModified":"2021-12-22T22:56:21+00:00","author":{"@id":"https:\/\/www.africa-press.net\/guinee-bissau\/#\/schema\/person\/2b1cf3cd81a31e3cd26889ca66d677f1"},"description":"Pays organisateur d\u2019une Coupe d\u2019Afrique des Nations qui devrait bel et bien avoir lieu (9 janvier au 22 f\u00e9vrier 2022), l ...","breadcrumb":{"@id":"https:\/\/www.africa-press.net\/guinee-bissau\/sports\/can-2021-le-cameroun-devoile-sa-liste#breadcrumb"},"inLanguage":"fr-FR","potentialAction":[{"@type":"ReadAction","target":["https:\/\/www.africa-press.net\/guinee-bissau\/sports\/can-2021-le-cameroun-devoile-sa-liste"]}]},{"@type":"ImageObject","inLanguage":"fr-FR","@id":"https:\/\/www.africa-press.net\/guinee-bissau\/sports\/can-2021-le-cameroun-devoile-sa-liste#primaryimage","url":"https:\/\/static.africa-press.net\/centrafricaine\/sites\/55\/2021\/12\/img-61c3a8b8b8ecb.jpg","contentUrl":"https:\/\/static.africa-press.net\/centrafricaine\/sites\/55\/2021\/12\/img-61c3a8b8b8ecb.jpg","width":1200,"height":675,"caption":"Can 2021: Le Cameroun d\u00e9voile sa liste"},{"@type":"BreadcrumbList","@id":"https:\/\/www.africa-press.net\/guinee-bissau\/sports\/can-2021-le-cameroun-devoile-sa-liste#breadcrumb","itemListElement":[{"@type":"ListItem","position":1,"name":"Accueil","item":"https:\/\/www.africa-press.net\/guinee-bissau\/"},{"@type":"ListItem","position":2,"name":"Can 2021: Le Cameroun d\u00e9voile sa liste"}]},{"@type":"WebSite","@id":"https:\/\/www.africa-press.net\/guinee-bissau\/#website","url":"https:\/\/www.africa-press.net\/guinee-bissau\/","name":"Guin\u00e9e Bissau","description":"Just another Africa News Agency Sites site","potentialAction":[{"@type":"SearchAction","target":{"@type":"EntryPoint","urlTemplate":"https:\/\/www.africa-press.net\/guinee-bissau\/?s={search_term_string}"},"query-input":{"@type":"PropertyValueSpecification","valueRequired":true,"valueName":"search_term_string"}}],"inLanguage":"fr-FR"},{"@type":"Person","@id":"https:\/\/www.africa-press.net\/guinee-bissau\/#\/schema\/person\/2b1cf3cd81a31e3cd26889ca66d677f1","name":"cfeditorfr"}]}},"_links":{"self":[{"href":"https:\/\/www.africa-press.net\/guinee-bissau\/wp-json\/wp\/v2\/posts\/1192","targetHints":{"allow":["GET"]}}],"collection":[{"href":"https:\/\/www.africa-press.net\/guinee-bissau\/wp-json\/wp\/v2\/posts"}],"about":[{"href":"https:\/\/www.africa-press.net\/guinee-bissau\/wp-json\/wp\/v2\/types\/post"}],"author":[{"embeddable":true,"href":"https:\/\/www.africa-press.net\/guinee-bissau\/wp-json\/wp\/v2\/users\/82"}],"replies":[{"embeddable":true,"href":"https:\/\/www.africa-press.net\/guinee-bissau\/wp-json\/wp\/v2\/comments?post=1192"}],"version-history":[{"count":0,"href":"https:\/\/www.africa-press.net\/guinee-bissau\/wp-json\/wp\/v2\/posts\/1192\/revisions"}],"wp:featuredmedia":[{"embeddable":true,"href":"https:\/\/www.africa-press.net\/guinee-bissau\/wp-json\/wp\/v2\/media\/1191"}],"wp:attachment":[{"href":"https:\/\/www.africa-press.net\/guinee-bissau\/wp-json\/wp\/v2\/media?parent=1192"}],"wp:term":[{"taxonomy":"category","embeddable":true,"href":"https:\/\/www.africa-press.net\/guinee-bissau\/wp-json\/wp\/v2\/categories?post=1192"},{"taxonomy":"post_tag","embeddable":true,"href":"https:\/\/www.africa-press.net\/guinee-bissau\/wp-json\/wp\/v2\/tags?post=1192"}],"curies":[{"name":"wp","href":"https:\/\/api.w.org\/{rel}","templated":true}]}}