{"id":13191,"date":"2024-05-23T13:31:31","date_gmt":"2024-05-23T13:31:31","guid":{"rendered":"https:\/\/www.africa-press.net\/guinee-bissau\/politique\/mama-balde-ol-retenu-avec-la-guinee-bissau"},"modified":"2024-05-23T23:54:35","modified_gmt":"2024-05-23T23:54:35","slug":"mama-balde-ol-retenu-avec-la-guinee-bissau","status":"publish","type":"post","link":"https:\/\/www.africa-press.net\/guinee-bissau\/sports\/mama-balde-ol-retenu-avec-la-guinee-bissau","title":{"rendered":"Mama Bald\u00e9 (OL) retenu avec la Guin\u00e9e-Bissau"},"content":{"rendered":"<p><span style=\"color: #ff6600\"><strong>Africa-Press &#8211; Guinee Bissau. <\/strong><\/span>Remplac\u0327ant de luxe a\u0300 l\u2019OL depuis plusieurs semaines, Mama Balde\u0301 s\u2019offre un souffle nouveau entre Rho\u0302ne et Sao\u0302ne. Apre\u0300s la finale de la Coupe de France, l\u2019attaquant rejoindra la se\u0301lection de la Guine\u0301e-Bissau pour deux matchs e\u0301liminatoires de la Coupe du monde.<\/p>\n<p>Il fait partie de ces joueurs qui ont pu profiter de l\u2019arrive\u0301e de Pierre Sage et de son staff. Pourtant, Mama Balde\u0301 ne joue pas plus qu\u2019avant, voire moins, mais il a retrouve\u0301 une confiance perdue durant toute la premie\u0300re partie de saison. A\u0300 l\u2019image de Rayan Cherki et Malick Fofana, l\u2019attaquant s\u2019est forge\u0301 une re\u0301putation de dynamiteur en sortie de banc et cela a fait grand bien a\u0300 l\u2019OL dans cette seconde partie de saison. Avec deux buts et trois passes sur les sept derniers bouts de matchs qu\u2019il a dispute\u0301s, Mama Balde\u0301 a re\u0301ussi a\u0300 se rendre indispensable.<\/p>\n<p><b>L\u2019E\u0301thiopie et l\u2019E\u0301gypte au programme<\/b><\/p>\n<p>Samedi, son entre\u0301e en jeu, si elle doit intervenir, devrait amener un peu de frai\u0302cheur et de tonus quand les physiques lyonnais et parisiens seront chancelants. Quoi qu\u2019il en soit, Balde\u0301 espe\u0300re pouvoir arriver en Guine\u0301e-Bissau avec le statut de vainqueur de la Coupe de France. Apre\u0300s le match contre le PSG, l\u2019ancien Troyen ne sera pas encore en vacances et disputera deux matchs e\u0301liminatoires pour la Coupe du monde 2026. Le Bissau-Guine\u0301en a e\u0301te\u0301 retenu avec son pays pour affronter l\u2019E\u0301thiopie le 6 juin et l\u2019E\u0301gypte le 10 du me\u0302me mois.<\/p>\n<p><strong>Pour plus d&rsquo;informations et d&rsquo;analyses sur la <a href=\"https:\/\/www.africa-press.net\/guinee-bissau\">Guinee Bissau<\/a>, suivez <a href=\"https:\/\/www.africa-press.net\/\">Africa-Press<\/a><\/strong><\/p>\n","protected":false},"excerpt":{"rendered":"<p>Africa-Press &#8211; Guinee Bissau. Remplac\u0327ant de luxe a\u0300 l\u2019OL depuis plusieurs semaines, Mama Balde\u0301 s\u2019offre un souffle nouveau entre Rho\u0302ne et Sao\u0302ne. Apre\u0300s la finale de la Coupe de France, l\u2019attaquant rejoindra la se\u0301lection de la Guine\u0301e-Bissau pour deux matchs e\u0301liminatoires de la Coupe du monde. Il fait partie de ces joueurs qui ont pu [&hellip;]<\/p>\n","protected":false},"author":82,"featured_media":13190,"comment_status":"open","ping_status":"closed","sticky":false,"template":"","format":"standard","meta":{"footnotes":""},"categories":[6,20,10],"tags":[36,49,50],"class_list":["post-13191","post","type-post","status-publish","format-standard","has-post-thumbnail","hentry","category-sports","category-top-nouvelles","category-toutes-les-actualites","tag-africa-press","tag-africa-press-guinee-bissau","tag-guinee-bissau"],"yoast_head":"<!-- This site is optimized with the Yoast SEO Premium plugin v26.1 (Yoast SEO v27.0) - https:\/\/yoast.com\/product\/yoast-seo-premium-wordpress\/ -->\n<title>Mama Bald\u00e9 (OL) retenu avec la Guin\u00e9e-Bissau - Guin\u00e9e Bissau<\/title>\n<meta name=\"description\" content=\"Remplac\u0327ant de luxe a\u0300 l\u2019OL depuis plusieurs semaines, Mama Balde\u0301 s\u2019offre un souffle nouveau entre Rho\u0302ne et Sao\u0302ne. Ap ...\" \/>\n<meta name=\"robots\" content=\"index, follow, max-snippet:-1, max-image-preview:large, max-video-preview:-1\" \/>\n<link rel=\"canonical\" href=\"https:\/\/www.africa-press.net\/guinee-bissau\/sports\/mama-balde-ol-retenu-avec-la-guinee-bissau\" \/>\n<meta property=\"og:locale\" content=\"fr_FR\" \/>\n<meta property=\"og:type\" content=\"article\" \/>\n<meta property=\"og:title\" content=\"Mama Bald\u00e9 (OL) retenu avec la Guin\u00e9e-Bissau\" \/>\n<meta property=\"og:description\" content=\"Remplac\u0327ant de luxe a\u0300 l\u2019OL depuis plusieurs semaines, Mama Balde\u0301 s\u2019offre un souffle nouveau entre Rho\u0302ne et Sao\u0302ne. Ap ...\" \/>\n<meta property=\"og:url\" content=\"https:\/\/www.africa-press.net\/guinee-bissau\/sports\/mama-balde-ol-retenu-avec-la-guinee-bissau\" \/>\n<meta property=\"og:site_name\" content=\"Guin\u00e9e Bissau\" \/>\n<meta property=\"article:published_time\" content=\"2024-05-23T13:31:31+00:00\" \/>\n<meta property=\"article:modified_time\" content=\"2024-05-23T23:54:35+00:00\" \/>\n<meta property=\"og:image\" content=\"https:\/\/static.africa-press.net\/guinee-bissau\/sites\/55\/2024\/05\/sm_1716492125.566888.jpg\" \/>\n\t<meta property=\"og:image:width\" content=\"1111\" \/>\n\t<meta property=\"og:image:height\" content=\"626\" \/>\n\t<meta property=\"og:image:type\" content=\"image\/jpeg\" \/>\n<meta name=\"author\" content=\"cfeditorfr\" \/>\n<meta name=\"twitter:card\" content=\"summary_large_image\" \/>\n<meta name=\"twitter:label1\" content=\"\u00c9crit par\" \/>\n\t<meta name=\"twitter:data1\" content=\"cfeditorfr\" \/>\n\t<meta name=\"twitter:label2\" content=\"Dur\u00e9e de lecture estim\u00e9e\" \/>\n\t<meta name=\"twitter:data2\" content=\"2 minutes\" \/>\n<script type=\"application\/ld+json\" class=\"yoast-schema-graph\">{\"@context\":\"https:\/\/schema.org\",\"@graph\":[{\"@type\":\"Article\",\"@id\":\"https:\/\/www.africa-press.net\/guinee-bissau\/sports\/mama-balde-ol-retenu-avec-la-guinee-bissau#article\",\"isPartOf\":{\"@id\":\"https:\/\/www.africa-press.net\/guinee-bissau\/sports\/mama-balde-ol-retenu-avec-la-guinee-bissau\"},\"author\":{\"name\":\"cfeditorfr\",\"@id\":\"https:\/\/www.africa-press.net\/guinee-bissau\/#\/schema\/person\/2b1cf3cd81a31e3cd26889ca66d677f1\"},\"headline\":\"Mama Bald\u00e9 (OL) retenu avec la Guin\u00e9e-Bissau\",\"datePublished\":\"2024-05-23T13:31:31+00:00\",\"dateModified\":\"2024-05-23T23:54:35+00:00\",\"mainEntityOfPage\":{\"@id\":\"https:\/\/www.africa-press.net\/guinee-bissau\/sports\/mama-balde-ol-retenu-avec-la-guinee-bissau\"},\"wordCount\":302,\"commentCount\":0,\"image\":{\"@id\":\"https:\/\/www.africa-press.net\/guinee-bissau\/sports\/mama-balde-ol-retenu-avec-la-guinee-bissau#primaryimage\"},\"thumbnailUrl\":\"https:\/\/static.africa-press.net\/guinee-bissau\/sites\/55\/2024\/05\/sm_1716492125.566888.jpg\",\"keywords\":[\"Africa Press\",\"Africa Press-Guinee Bissau\",\"Guinee Bissau\"],\"articleSection\":[\"Sports\",\"Top Nouvelles\",\"Toutes les actualit\u00e9s\"],\"inLanguage\":\"fr-FR\",\"potentialAction\":[{\"@type\":\"CommentAction\",\"name\":\"Comment\",\"target\":[\"https:\/\/www.africa-press.net\/guinee-bissau\/sports\/mama-balde-ol-retenu-avec-la-guinee-bissau#respond\"]}]},{\"@type\":\"WebPage\",\"@id\":\"https:\/\/www.africa-press.net\/guinee-bissau\/sports\/mama-balde-ol-retenu-avec-la-guinee-bissau\",\"url\":\"https:\/\/www.africa-press.net\/guinee-bissau\/sports\/mama-balde-ol-retenu-avec-la-guinee-bissau\",\"name\":\"Mama Bald\u00e9 (OL) retenu avec la Guin\u00e9e-Bissau - Guin\u00e9e Bissau\",\"isPartOf\":{\"@id\":\"https:\/\/www.africa-press.net\/guinee-bissau\/#website\"},\"primaryImageOfPage\":{\"@id\":\"https:\/\/www.africa-press.net\/guinee-bissau\/sports\/mama-balde-ol-retenu-avec-la-guinee-bissau#primaryimage\"},\"image\":{\"@id\":\"https:\/\/www.africa-press.net\/guinee-bissau\/sports\/mama-balde-ol-retenu-avec-la-guinee-bissau#primaryimage\"},\"thumbnailUrl\":\"https:\/\/static.africa-press.net\/guinee-bissau\/sites\/55\/2024\/05\/sm_1716492125.566888.jpg\",\"datePublished\":\"2024-05-23T13:31:31+00:00\",\"dateModified\":\"2024-05-23T23:54:35+00:00\",\"author\":{\"@id\":\"https:\/\/www.africa-press.net\/guinee-bissau\/#\/schema\/person\/2b1cf3cd81a31e3cd26889ca66d677f1\"},\"description\":\"Remplac\u0327ant de luxe a\u0300 l\u2019OL depuis plusieurs semaines, Mama Balde\u0301 s\u2019offre un souffle nouveau entre Rho\u0302ne et Sao\u0302ne. Ap ...\",\"breadcrumb\":{\"@id\":\"https:\/\/www.africa-press.net\/guinee-bissau\/sports\/mama-balde-ol-retenu-avec-la-guinee-bissau#breadcrumb\"},\"inLanguage\":\"fr-FR\",\"potentialAction\":[{\"@type\":\"ReadAction\",\"target\":[\"https:\/\/www.africa-press.net\/guinee-bissau\/sports\/mama-balde-ol-retenu-avec-la-guinee-bissau\"]}]},{\"@type\":\"ImageObject\",\"inLanguage\":\"fr-FR\",\"@id\":\"https:\/\/www.africa-press.net\/guinee-bissau\/sports\/mama-balde-ol-retenu-avec-la-guinee-bissau#primaryimage\",\"url\":\"https:\/\/static.africa-press.net\/guinee-bissau\/sites\/55\/2024\/05\/sm_1716492125.566888.jpg\",\"contentUrl\":\"https:\/\/static.africa-press.net\/guinee-bissau\/sites\/55\/2024\/05\/sm_1716492125.566888.jpg\",\"width\":1111,\"height\":626,\"caption\":\"Mama Bald\u00e9 (OL) retenu avec la Guin\u00e9e-Bissau\"},{\"@type\":\"BreadcrumbList\",\"@id\":\"https:\/\/www.africa-press.net\/guinee-bissau\/sports\/mama-balde-ol-retenu-avec-la-guinee-bissau#breadcrumb\",\"itemListElement\":[{\"@type\":\"ListItem\",\"position\":1,\"name\":\"Accueil\",\"item\":\"https:\/\/www.africa-press.net\/guinee-bissau\/\"},{\"@type\":\"ListItem\",\"position\":2,\"name\":\"Mama Bald\u00e9 (OL) retenu avec la Guin\u00e9e-Bissau\"}]},{\"@type\":\"WebSite\",\"@id\":\"https:\/\/www.africa-press.net\/guinee-bissau\/#website\",\"url\":\"https:\/\/www.africa-press.net\/guinee-bissau\/\",\"name\":\"Guin\u00e9e Bissau\",\"description\":\"Just another Africa News Agency Sites site\",\"potentialAction\":[{\"@type\":\"SearchAction\",\"target\":{\"@type\":\"EntryPoint\",\"urlTemplate\":\"https:\/\/www.africa-press.net\/guinee-bissau\/?s={search_term_string}\"},\"query-input\":{\"@type\":\"PropertyValueSpecification\",\"valueRequired\":true,\"valueName\":\"search_term_string\"}}],\"inLanguage\":\"fr-FR\"},{\"@type\":\"Person\",\"@id\":\"https:\/\/www.africa-press.net\/guinee-bissau\/#\/schema\/person\/2b1cf3cd81a31e3cd26889ca66d677f1\",\"name\":\"cfeditorfr\"}]}<\/script>\n<!-- \/ Yoast SEO Premium plugin. -->","yoast_head_json":{"title":"Mama Bald\u00e9 (OL) retenu avec la Guin\u00e9e-Bissau - Guin\u00e9e Bissau","description":"Remplac\u0327ant de luxe a\u0300 l\u2019OL depuis plusieurs semaines, Mama Balde\u0301 s\u2019offre un souffle nouveau entre Rho\u0302ne et Sao\u0302ne. Ap ...","robots":{"index":"index","follow":"follow","max-snippet":"max-snippet:-1","max-image-preview":"max-image-preview:large","max-video-preview":"max-video-preview:-1"},"canonical":"https:\/\/www.africa-press.net\/guinee-bissau\/sports\/mama-balde-ol-retenu-avec-la-guinee-bissau","og_locale":"fr_FR","og_type":"article","og_title":"Mama Bald\u00e9 (OL) retenu avec la Guin\u00e9e-Bissau","og_description":"Remplac\u0327ant de luxe a\u0300 l\u2019OL depuis plusieurs semaines, Mama Balde\u0301 s\u2019offre un souffle nouveau entre Rho\u0302ne et Sao\u0302ne. Ap ...","og_url":"https:\/\/www.africa-press.net\/guinee-bissau\/sports\/mama-balde-ol-retenu-avec-la-guinee-bissau","og_site_name":"Guin\u00e9e Bissau","article_published_time":"2024-05-23T13:31:31+00:00","article_modified_time":"2024-05-23T23:54:35+00:00","og_image":[{"width":1111,"height":626,"url":"https:\/\/static.africa-press.net\/guinee-bissau\/sites\/55\/2024\/05\/sm_1716492125.566888.jpg","type":"image\/jpeg"}],"author":"cfeditorfr","twitter_card":"summary_large_image","twitter_misc":{"\u00c9crit par":"cfeditorfr","Dur\u00e9e de lecture estim\u00e9e":"2 minutes"},"schema":{"@context":"https:\/\/schema.org","@graph":[{"@type":"Article","@id":"https:\/\/www.africa-press.net\/guinee-bissau\/sports\/mama-balde-ol-retenu-avec-la-guinee-bissau#article","isPartOf":{"@id":"https:\/\/www.africa-press.net\/guinee-bissau\/sports\/mama-balde-ol-retenu-avec-la-guinee-bissau"},"author":{"name":"cfeditorfr","@id":"https:\/\/www.africa-press.net\/guinee-bissau\/#\/schema\/person\/2b1cf3cd81a31e3cd26889ca66d677f1"},"headline":"Mama Bald\u00e9 (OL) retenu avec la Guin\u00e9e-Bissau","datePublished":"2024-05-23T13:31:31+00:00","dateModified":"2024-05-23T23:54:35+00:00","mainEntityOfPage":{"@id":"https:\/\/www.africa-press.net\/guinee-bissau\/sports\/mama-balde-ol-retenu-avec-la-guinee-bissau"},"wordCount":302,"commentCount":0,"image":{"@id":"https:\/\/www.africa-press.net\/guinee-bissau\/sports\/mama-balde-ol-retenu-avec-la-guinee-bissau#primaryimage"},"thumbnailUrl":"https:\/\/static.africa-press.net\/guinee-bissau\/sites\/55\/2024\/05\/sm_1716492125.566888.jpg","keywords":["Africa Press","Africa Press-Guinee Bissau","Guinee Bissau"],"articleSection":["Sports","Top Nouvelles","Toutes les actualit\u00e9s"],"inLanguage":"fr-FR","potentialAction":[{"@type":"CommentAction","name":"Comment","target":["https:\/\/www.africa-press.net\/guinee-bissau\/sports\/mama-balde-ol-retenu-avec-la-guinee-bissau#respond"]}]},{"@type":"WebPage","@id":"https:\/\/www.africa-press.net\/guinee-bissau\/sports\/mama-balde-ol-retenu-avec-la-guinee-bissau","url":"https:\/\/www.africa-press.net\/guinee-bissau\/sports\/mama-balde-ol-retenu-avec-la-guinee-bissau","name":"Mama Bald\u00e9 (OL) retenu avec la Guin\u00e9e-Bissau - Guin\u00e9e Bissau","isPartOf":{"@id":"https:\/\/www.africa-press.net\/guinee-bissau\/#website"},"primaryImageOfPage":{"@id":"https:\/\/www.africa-press.net\/guinee-bissau\/sports\/mama-balde-ol-retenu-avec-la-guinee-bissau#primaryimage"},"image":{"@id":"https:\/\/www.africa-press.net\/guinee-bissau\/sports\/mama-balde-ol-retenu-avec-la-guinee-bissau#primaryimage"},"thumbnailUrl":"https:\/\/static.africa-press.net\/guinee-bissau\/sites\/55\/2024\/05\/sm_1716492125.566888.jpg","datePublished":"2024-05-23T13:31:31+00:00","dateModified":"2024-05-23T23:54:35+00:00","author":{"@id":"https:\/\/www.africa-press.net\/guinee-bissau\/#\/schema\/person\/2b1cf3cd81a31e3cd26889ca66d677f1"},"description":"Remplac\u0327ant de luxe a\u0300 l\u2019OL depuis plusieurs semaines, Mama Balde\u0301 s\u2019offre un souffle nouveau entre Rho\u0302ne et Sao\u0302ne. Ap ...","breadcrumb":{"@id":"https:\/\/www.africa-press.net\/guinee-bissau\/sports\/mama-balde-ol-retenu-avec-la-guinee-bissau#breadcrumb"},"inLanguage":"fr-FR","potentialAction":[{"@type":"ReadAction","target":["https:\/\/www.africa-press.net\/guinee-bissau\/sports\/mama-balde-ol-retenu-avec-la-guinee-bissau"]}]},{"@type":"ImageObject","inLanguage":"fr-FR","@id":"https:\/\/www.africa-press.net\/guinee-bissau\/sports\/mama-balde-ol-retenu-avec-la-guinee-bissau#primaryimage","url":"https:\/\/static.africa-press.net\/guinee-bissau\/sites\/55\/2024\/05\/sm_1716492125.566888.jpg","contentUrl":"https:\/\/static.africa-press.net\/guinee-bissau\/sites\/55\/2024\/05\/sm_1716492125.566888.jpg","width":1111,"height":626,"caption":"Mama Bald\u00e9 (OL) retenu avec la Guin\u00e9e-Bissau"},{"@type":"BreadcrumbList","@id":"https:\/\/www.africa-press.net\/guinee-bissau\/sports\/mama-balde-ol-retenu-avec-la-guinee-bissau#breadcrumb","itemListElement":[{"@type":"ListItem","position":1,"name":"Accueil","item":"https:\/\/www.africa-press.net\/guinee-bissau\/"},{"@type":"ListItem","position":2,"name":"Mama Bald\u00e9 (OL) retenu avec la Guin\u00e9e-Bissau"}]},{"@type":"WebSite","@id":"https:\/\/www.africa-press.net\/guinee-bissau\/#website","url":"https:\/\/www.africa-press.net\/guinee-bissau\/","name":"Guin\u00e9e Bissau","description":"Just another Africa News Agency Sites site","potentialAction":[{"@type":"SearchAction","target":{"@type":"EntryPoint","urlTemplate":"https:\/\/www.africa-press.net\/guinee-bissau\/?s={search_term_string}"},"query-input":{"@type":"PropertyValueSpecification","valueRequired":true,"valueName":"search_term_string"}}],"inLanguage":"fr-FR"},{"@type":"Person","@id":"https:\/\/www.africa-press.net\/guinee-bissau\/#\/schema\/person\/2b1cf3cd81a31e3cd26889ca66d677f1","name":"cfeditorfr"}]}},"_links":{"self":[{"href":"https:\/\/www.africa-press.net\/guinee-bissau\/wp-json\/wp\/v2\/posts\/13191","targetHints":{"allow":["GET"]}}],"collection":[{"href":"https:\/\/www.africa-press.net\/guinee-bissau\/wp-json\/wp\/v2\/posts"}],"about":[{"href":"https:\/\/www.africa-press.net\/guinee-bissau\/wp-json\/wp\/v2\/types\/post"}],"author":[{"embeddable":true,"href":"https:\/\/www.africa-press.net\/guinee-bissau\/wp-json\/wp\/v2\/users\/82"}],"replies":[{"embeddable":true,"href":"https:\/\/www.africa-press.net\/guinee-bissau\/wp-json\/wp\/v2\/comments?post=13191"}],"version-history":[{"count":0,"href":"https:\/\/www.africa-press.net\/guinee-bissau\/wp-json\/wp\/v2\/posts\/13191\/revisions"}],"wp:featuredmedia":[{"embeddable":true,"href":"https:\/\/www.africa-press.net\/guinee-bissau\/wp-json\/wp\/v2\/media\/13190"}],"wp:attachment":[{"href":"https:\/\/www.africa-press.net\/guinee-bissau\/wp-json\/wp\/v2\/media?parent=13191"}],"wp:term":[{"taxonomy":"category","embeddable":true,"href":"https:\/\/www.africa-press.net\/guinee-bissau\/wp-json\/wp\/v2\/categories?post=13191"},{"taxonomy":"post_tag","embeddable":true,"href":"https:\/\/www.africa-press.net\/guinee-bissau\/wp-json\/wp\/v2\/tags?post=13191"}],"curies":[{"name":"wp","href":"https:\/\/api.w.org\/{rel}","templated":true}]}}