{"id":14289,"date":"2024-09-18T13:00:00","date_gmt":"2024-09-18T13:00:00","guid":{"rendered":"https:\/\/www.africa-press.net\/guinee-bissau\/politique\/pereira-de-g-bissau-rencontre-braima-camara-avant-les-elections-legislatives"},"modified":"2024-09-18T21:56:18","modified_gmt":"2024-09-18T21:56:18","slug":"pereira-de-g-bissau-rencontre-braima-camara-avant-les-elections-legislatives","status":"publish","type":"post","link":"https:\/\/www.africa-press.net\/guinee-bissau\/politique\/pereira-de-g-bissau-rencontre-braima-camara-avant-les-elections-legislatives","title":{"rendered":"Pereira de G\/Bissau rencontre Braima Camara avant les \u00e9lections l\u00e9gislatives"},"content":{"rendered":"<p><span style=\"color: #ff6600\"><strong>Africa-Press &#8211; Guinee Bissau. <\/strong><\/span>Les deux hommes politiques sont reconnus comme des opposants majeurs au re\u0301gime d\u2019Umaro Sissoco Embalo\u0301.<\/p>\n<p>La re\u0301union a eu lieu au milieu de discussions entre Pereira, Camara et Nuno Nabiam sur les strate\u0301gies a\u0300 adopter pour affronter l\u2019administration d\u2019Embalo\u0301. Apre\u0300s la re\u0301union, Pereira a pre\u0301cise\u0301 que bien qu\u2019il y ait eu des spe\u0301culations concernant une e\u0301ventuelle alliance avec le Madem G-15, le sujet n\u2019a pas e\u0301te\u0301 aborde\u0301 lors de leurs discussions.<\/p>\n<p>Pereira, qui a e\u0301te\u0301 pre\u0301sident de l\u2019Assemble\u0301e nationale avant sa dissolution par le pre\u0301sident Embalo\u0301 en de\u0301cembre 2023, a note\u0301 que l\u2019objectif principal de la re\u0301union e\u0301tait de coordonner les efforts politiques et d\u2019explorer des strate\u0301gies communes pour ame\u0301liorer la situation du pays. Il a souligne\u0301 que les deux partis sont de\u0301termine\u0301s a\u0300 collaborer sur des questions nationales importantes sans formaliser une alliance politique pour le moment.<\/p>\n<p>Re\u0301pondant aux re\u0301centes accusations formule\u0301es par le pre\u0301sident concernant le retour de 6 milliards d\u2019euros de la Banque Centre de l\u2019Aide, Pereira a cate\u0301goriquement nie\u0301 ces alle\u0301gations. Il a affirme\u0301 qu\u2019il n\u2019avait jamais rec\u0327u une telle somme et a sugge\u0301re\u0301 que toute demande de renseignements a\u0300 ce sujet soit adresse\u0301e au pre\u0301sident lui-me\u0302me. Il a rejete\u0301 les accusations comme e\u0301tant sans fondement et a exprime\u0301 son indiffe\u0301rence a\u0300 l\u2019e\u0301gard de ces alle\u0301gations.<\/p>\n<p>Pereira a e\u0301galement e\u0301voque\u0301 la participation du PAIGC aux prochaines e\u0301lections parlementaires, soulignant que le Comite\u0301 central du parti avait demande\u0301 a\u0300 la Commission permanente d\u2019e\u0301valuer les conditions de participation. Une re\u0301union cruciale de cette Commission est pre\u0301vue demain, ce qui aidera a\u0300 de\u0301terminer la position finale du parti sur sa participation aux e\u0301lections.<\/p>\n<p><strong>Pour plus d&rsquo;informations et d&rsquo;analyses sur la Guinee Bissau, suivez Africa-Press<\/strong><\/p>\n","protected":false},"excerpt":{"rendered":"<p>Africa-Press &#8211; Guinee Bissau. Les deux hommes politiques sont reconnus comme des opposants majeurs au re\u0301gime d\u2019Umaro Sissoco Embalo\u0301. La re\u0301union a eu lieu au milieu de discussions entre Pereira, Camara et Nuno Nabiam sur les strate\u0301gies a\u0300 adopter pour affronter l\u2019administration d\u2019Embalo\u0301. Apre\u0300s la re\u0301union, Pereira a pre\u0301cise\u0301 que bien qu\u2019il y ait eu [&hellip;]<\/p>\n","protected":false},"author":82,"featured_media":14288,"comment_status":"open","ping_status":"closed","sticky":false,"template":"","format":"standard","meta":{"footnotes":""},"categories":[2,10],"tags":[50],"class_list":["post-14289","post","type-post","status-publish","format-standard","has-post-thumbnail","hentry","category-politique","category-toutes-les-actualites","tag-guinee-bissau"],"yoast_head":"<!-- This site is optimized with the Yoast SEO Premium plugin v26.1 (Yoast SEO v27.0) - https:\/\/yoast.com\/product\/yoast-seo-premium-wordpress\/ -->\n<title>Pereira de G\/Bissau rencontre Braima Camara avant les \u00e9lections l\u00e9gislatives - Guin\u00e9e Bissau<\/title>\n<meta name=\"description\" content=\"Les deux hommes politiques sont reconnus comme des opposants majeurs au re\u0301gime d\u2019Umaro Sissoco Embalo\u0301. La re\u0301union a ...\" \/>\n<meta name=\"robots\" content=\"index, follow, max-snippet:-1, max-image-preview:large, max-video-preview:-1\" \/>\n<link rel=\"canonical\" href=\"https:\/\/www.africa-press.net\/guinee-bissau\/politique\/pereira-de-g-bissau-rencontre-braima-camara-avant-les-elections-legislatives\" \/>\n<meta property=\"og:locale\" content=\"fr_FR\" \/>\n<meta property=\"og:type\" content=\"article\" \/>\n<meta property=\"og:title\" content=\"Pereira de G\/Bissau rencontre Braima Camara avant les \u00e9lections l\u00e9gislatives\" \/>\n<meta property=\"og:description\" content=\"Les deux hommes politiques sont reconnus comme des opposants majeurs au re\u0301gime d\u2019Umaro Sissoco Embalo\u0301. La re\u0301union a ...\" \/>\n<meta property=\"og:url\" content=\"https:\/\/www.africa-press.net\/guinee-bissau\/politique\/pereira-de-g-bissau-rencontre-braima-camara-avant-les-elections-legislatives\" \/>\n<meta property=\"og:site_name\" content=\"Guin\u00e9e Bissau\" \/>\n<meta property=\"article:published_time\" content=\"2024-09-18T13:00:00+00:00\" \/>\n<meta property=\"article:modified_time\" content=\"2024-09-18T21:56:18+00:00\" \/>\n<meta property=\"og:image\" content=\"https:\/\/static.africa-press.net\/guinee-bissau\/sites\/55\/2024\/09\/sm_1726680338.16704.jpg\" \/>\n\t<meta property=\"og:image:width\" content=\"1280\" \/>\n\t<meta property=\"og:image:height\" content=\"720\" \/>\n\t<meta property=\"og:image:type\" content=\"image\/jpeg\" \/>\n<meta name=\"author\" content=\"cfeditorfr\" \/>\n<meta name=\"twitter:card\" content=\"summary_large_image\" \/>\n<meta name=\"twitter:label1\" content=\"\u00c9crit par\" \/>\n\t<meta name=\"twitter:data1\" content=\"cfeditorfr\" \/>\n\t<meta name=\"twitter:label2\" content=\"Dur\u00e9e de lecture estim\u00e9e\" \/>\n\t<meta name=\"twitter:data2\" content=\"2 minutes\" \/>\n<script type=\"application\/ld+json\" class=\"yoast-schema-graph\">{\"@context\":\"https:\/\/schema.org\",\"@graph\":[{\"@type\":\"Article\",\"@id\":\"https:\/\/www.africa-press.net\/guinee-bissau\/politique\/pereira-de-g-bissau-rencontre-braima-camara-avant-les-elections-legislatives#article\",\"isPartOf\":{\"@id\":\"https:\/\/www.africa-press.net\/guinee-bissau\/politique\/pereira-de-g-bissau-rencontre-braima-camara-avant-les-elections-legislatives\"},\"author\":{\"name\":\"cfeditorfr\",\"@id\":\"https:\/\/www.africa-press.net\/guinee-bissau\/#\/schema\/person\/2b1cf3cd81a31e3cd26889ca66d677f1\"},\"headline\":\"Pereira de G\/Bissau rencontre Braima Camara avant les \u00e9lections l\u00e9gislatives\",\"datePublished\":\"2024-09-18T13:00:00+00:00\",\"dateModified\":\"2024-09-18T21:56:18+00:00\",\"mainEntityOfPage\":{\"@id\":\"https:\/\/www.africa-press.net\/guinee-bissau\/politique\/pereira-de-g-bissau-rencontre-braima-camara-avant-les-elections-legislatives\"},\"wordCount\":348,\"commentCount\":0,\"image\":{\"@id\":\"https:\/\/www.africa-press.net\/guinee-bissau\/politique\/pereira-de-g-bissau-rencontre-braima-camara-avant-les-elections-legislatives#primaryimage\"},\"thumbnailUrl\":\"https:\/\/static.africa-press.net\/guinee-bissau\/sites\/55\/2024\/09\/sm_1726680338.16704.jpg\",\"keywords\":[\"Guinee Bissau\"],\"articleSection\":[\"Politique\",\"Toutes les actualit\u00e9s\"],\"inLanguage\":\"fr-FR\",\"potentialAction\":[{\"@type\":\"CommentAction\",\"name\":\"Comment\",\"target\":[\"https:\/\/www.africa-press.net\/guinee-bissau\/politique\/pereira-de-g-bissau-rencontre-braima-camara-avant-les-elections-legislatives#respond\"]}]},{\"@type\":\"WebPage\",\"@id\":\"https:\/\/www.africa-press.net\/guinee-bissau\/politique\/pereira-de-g-bissau-rencontre-braima-camara-avant-les-elections-legislatives\",\"url\":\"https:\/\/www.africa-press.net\/guinee-bissau\/politique\/pereira-de-g-bissau-rencontre-braima-camara-avant-les-elections-legislatives\",\"name\":\"Pereira de G\/Bissau rencontre Braima Camara avant les \u00e9lections l\u00e9gislatives - Guin\u00e9e Bissau\",\"isPartOf\":{\"@id\":\"https:\/\/www.africa-press.net\/guinee-bissau\/#website\"},\"primaryImageOfPage\":{\"@id\":\"https:\/\/www.africa-press.net\/guinee-bissau\/politique\/pereira-de-g-bissau-rencontre-braima-camara-avant-les-elections-legislatives#primaryimage\"},\"image\":{\"@id\":\"https:\/\/www.africa-press.net\/guinee-bissau\/politique\/pereira-de-g-bissau-rencontre-braima-camara-avant-les-elections-legislatives#primaryimage\"},\"thumbnailUrl\":\"https:\/\/static.africa-press.net\/guinee-bissau\/sites\/55\/2024\/09\/sm_1726680338.16704.jpg\",\"datePublished\":\"2024-09-18T13:00:00+00:00\",\"dateModified\":\"2024-09-18T21:56:18+00:00\",\"author\":{\"@id\":\"https:\/\/www.africa-press.net\/guinee-bissau\/#\/schema\/person\/2b1cf3cd81a31e3cd26889ca66d677f1\"},\"description\":\"Les deux hommes politiques sont reconnus comme des opposants majeurs au re\u0301gime d\u2019Umaro Sissoco Embalo\u0301. La re\u0301union a ...\",\"breadcrumb\":{\"@id\":\"https:\/\/www.africa-press.net\/guinee-bissau\/politique\/pereira-de-g-bissau-rencontre-braima-camara-avant-les-elections-legislatives#breadcrumb\"},\"inLanguage\":\"fr-FR\",\"potentialAction\":[{\"@type\":\"ReadAction\",\"target\":[\"https:\/\/www.africa-press.net\/guinee-bissau\/politique\/pereira-de-g-bissau-rencontre-braima-camara-avant-les-elections-legislatives\"]}]},{\"@type\":\"ImageObject\",\"inLanguage\":\"fr-FR\",\"@id\":\"https:\/\/www.africa-press.net\/guinee-bissau\/politique\/pereira-de-g-bissau-rencontre-braima-camara-avant-les-elections-legislatives#primaryimage\",\"url\":\"https:\/\/static.africa-press.net\/guinee-bissau\/sites\/55\/2024\/09\/sm_1726680338.16704.jpg\",\"contentUrl\":\"https:\/\/static.africa-press.net\/guinee-bissau\/sites\/55\/2024\/09\/sm_1726680338.16704.jpg\",\"width\":1280,\"height\":720,\"caption\":\"Pereira de G\/Bissau rencontre Braima Camara avant les \u00e9lections l\u00e9gislatives\"},{\"@type\":\"BreadcrumbList\",\"@id\":\"https:\/\/www.africa-press.net\/guinee-bissau\/politique\/pereira-de-g-bissau-rencontre-braima-camara-avant-les-elections-legislatives#breadcrumb\",\"itemListElement\":[{\"@type\":\"ListItem\",\"position\":1,\"name\":\"Accueil\",\"item\":\"https:\/\/www.africa-press.net\/guinee-bissau\/\"},{\"@type\":\"ListItem\",\"position\":2,\"name\":\"Pereira de G\/Bissau rencontre Braima Camara avant les \u00e9lections l\u00e9gislatives\"}]},{\"@type\":\"WebSite\",\"@id\":\"https:\/\/www.africa-press.net\/guinee-bissau\/#website\",\"url\":\"https:\/\/www.africa-press.net\/guinee-bissau\/\",\"name\":\"Guin\u00e9e Bissau\",\"description\":\"Just another Africa News Agency Sites site\",\"potentialAction\":[{\"@type\":\"SearchAction\",\"target\":{\"@type\":\"EntryPoint\",\"urlTemplate\":\"https:\/\/www.africa-press.net\/guinee-bissau\/?s={search_term_string}\"},\"query-input\":{\"@type\":\"PropertyValueSpecification\",\"valueRequired\":true,\"valueName\":\"search_term_string\"}}],\"inLanguage\":\"fr-FR\"},{\"@type\":\"Person\",\"@id\":\"https:\/\/www.africa-press.net\/guinee-bissau\/#\/schema\/person\/2b1cf3cd81a31e3cd26889ca66d677f1\",\"name\":\"cfeditorfr\"}]}<\/script>\n<!-- \/ Yoast SEO Premium plugin. -->","yoast_head_json":{"title":"Pereira de G\/Bissau rencontre Braima Camara avant les \u00e9lections l\u00e9gislatives - Guin\u00e9e Bissau","description":"Les deux hommes politiques sont reconnus comme des opposants majeurs au re\u0301gime d\u2019Umaro Sissoco Embalo\u0301. La re\u0301union a ...","robots":{"index":"index","follow":"follow","max-snippet":"max-snippet:-1","max-image-preview":"max-image-preview:large","max-video-preview":"max-video-preview:-1"},"canonical":"https:\/\/www.africa-press.net\/guinee-bissau\/politique\/pereira-de-g-bissau-rencontre-braima-camara-avant-les-elections-legislatives","og_locale":"fr_FR","og_type":"article","og_title":"Pereira de G\/Bissau rencontre Braima Camara avant les \u00e9lections l\u00e9gislatives","og_description":"Les deux hommes politiques sont reconnus comme des opposants majeurs au re\u0301gime d\u2019Umaro Sissoco Embalo\u0301. La re\u0301union a ...","og_url":"https:\/\/www.africa-press.net\/guinee-bissau\/politique\/pereira-de-g-bissau-rencontre-braima-camara-avant-les-elections-legislatives","og_site_name":"Guin\u00e9e Bissau","article_published_time":"2024-09-18T13:00:00+00:00","article_modified_time":"2024-09-18T21:56:18+00:00","og_image":[{"width":1280,"height":720,"url":"https:\/\/static.africa-press.net\/guinee-bissau\/sites\/55\/2024\/09\/sm_1726680338.16704.jpg","type":"image\/jpeg"}],"author":"cfeditorfr","twitter_card":"summary_large_image","twitter_misc":{"\u00c9crit par":"cfeditorfr","Dur\u00e9e de lecture estim\u00e9e":"2 minutes"},"schema":{"@context":"https:\/\/schema.org","@graph":[{"@type":"Article","@id":"https:\/\/www.africa-press.net\/guinee-bissau\/politique\/pereira-de-g-bissau-rencontre-braima-camara-avant-les-elections-legislatives#article","isPartOf":{"@id":"https:\/\/www.africa-press.net\/guinee-bissau\/politique\/pereira-de-g-bissau-rencontre-braima-camara-avant-les-elections-legislatives"},"author":{"name":"cfeditorfr","@id":"https:\/\/www.africa-press.net\/guinee-bissau\/#\/schema\/person\/2b1cf3cd81a31e3cd26889ca66d677f1"},"headline":"Pereira de G\/Bissau rencontre Braima Camara avant les \u00e9lections l\u00e9gislatives","datePublished":"2024-09-18T13:00:00+00:00","dateModified":"2024-09-18T21:56:18+00:00","mainEntityOfPage":{"@id":"https:\/\/www.africa-press.net\/guinee-bissau\/politique\/pereira-de-g-bissau-rencontre-braima-camara-avant-les-elections-legislatives"},"wordCount":348,"commentCount":0,"image":{"@id":"https:\/\/www.africa-press.net\/guinee-bissau\/politique\/pereira-de-g-bissau-rencontre-braima-camara-avant-les-elections-legislatives#primaryimage"},"thumbnailUrl":"https:\/\/static.africa-press.net\/guinee-bissau\/sites\/55\/2024\/09\/sm_1726680338.16704.jpg","keywords":["Guinee Bissau"],"articleSection":["Politique","Toutes les actualit\u00e9s"],"inLanguage":"fr-FR","potentialAction":[{"@type":"CommentAction","name":"Comment","target":["https:\/\/www.africa-press.net\/guinee-bissau\/politique\/pereira-de-g-bissau-rencontre-braima-camara-avant-les-elections-legislatives#respond"]}]},{"@type":"WebPage","@id":"https:\/\/www.africa-press.net\/guinee-bissau\/politique\/pereira-de-g-bissau-rencontre-braima-camara-avant-les-elections-legislatives","url":"https:\/\/www.africa-press.net\/guinee-bissau\/politique\/pereira-de-g-bissau-rencontre-braima-camara-avant-les-elections-legislatives","name":"Pereira de G\/Bissau rencontre Braima Camara avant les \u00e9lections l\u00e9gislatives - Guin\u00e9e Bissau","isPartOf":{"@id":"https:\/\/www.africa-press.net\/guinee-bissau\/#website"},"primaryImageOfPage":{"@id":"https:\/\/www.africa-press.net\/guinee-bissau\/politique\/pereira-de-g-bissau-rencontre-braima-camara-avant-les-elections-legislatives#primaryimage"},"image":{"@id":"https:\/\/www.africa-press.net\/guinee-bissau\/politique\/pereira-de-g-bissau-rencontre-braima-camara-avant-les-elections-legislatives#primaryimage"},"thumbnailUrl":"https:\/\/static.africa-press.net\/guinee-bissau\/sites\/55\/2024\/09\/sm_1726680338.16704.jpg","datePublished":"2024-09-18T13:00:00+00:00","dateModified":"2024-09-18T21:56:18+00:00","author":{"@id":"https:\/\/www.africa-press.net\/guinee-bissau\/#\/schema\/person\/2b1cf3cd81a31e3cd26889ca66d677f1"},"description":"Les deux hommes politiques sont reconnus comme des opposants majeurs au re\u0301gime d\u2019Umaro Sissoco Embalo\u0301. La re\u0301union a ...","breadcrumb":{"@id":"https:\/\/www.africa-press.net\/guinee-bissau\/politique\/pereira-de-g-bissau-rencontre-braima-camara-avant-les-elections-legislatives#breadcrumb"},"inLanguage":"fr-FR","potentialAction":[{"@type":"ReadAction","target":["https:\/\/www.africa-press.net\/guinee-bissau\/politique\/pereira-de-g-bissau-rencontre-braima-camara-avant-les-elections-legislatives"]}]},{"@type":"ImageObject","inLanguage":"fr-FR","@id":"https:\/\/www.africa-press.net\/guinee-bissau\/politique\/pereira-de-g-bissau-rencontre-braima-camara-avant-les-elections-legislatives#primaryimage","url":"https:\/\/static.africa-press.net\/guinee-bissau\/sites\/55\/2024\/09\/sm_1726680338.16704.jpg","contentUrl":"https:\/\/static.africa-press.net\/guinee-bissau\/sites\/55\/2024\/09\/sm_1726680338.16704.jpg","width":1280,"height":720,"caption":"Pereira de G\/Bissau rencontre Braima Camara avant les \u00e9lections l\u00e9gislatives"},{"@type":"BreadcrumbList","@id":"https:\/\/www.africa-press.net\/guinee-bissau\/politique\/pereira-de-g-bissau-rencontre-braima-camara-avant-les-elections-legislatives#breadcrumb","itemListElement":[{"@type":"ListItem","position":1,"name":"Accueil","item":"https:\/\/www.africa-press.net\/guinee-bissau\/"},{"@type":"ListItem","position":2,"name":"Pereira de G\/Bissau rencontre Braima Camara avant les \u00e9lections l\u00e9gislatives"}]},{"@type":"WebSite","@id":"https:\/\/www.africa-press.net\/guinee-bissau\/#website","url":"https:\/\/www.africa-press.net\/guinee-bissau\/","name":"Guin\u00e9e Bissau","description":"Just another Africa News Agency Sites site","potentialAction":[{"@type":"SearchAction","target":{"@type":"EntryPoint","urlTemplate":"https:\/\/www.africa-press.net\/guinee-bissau\/?s={search_term_string}"},"query-input":{"@type":"PropertyValueSpecification","valueRequired":true,"valueName":"search_term_string"}}],"inLanguage":"fr-FR"},{"@type":"Person","@id":"https:\/\/www.africa-press.net\/guinee-bissau\/#\/schema\/person\/2b1cf3cd81a31e3cd26889ca66d677f1","name":"cfeditorfr"}]}},"_links":{"self":[{"href":"https:\/\/www.africa-press.net\/guinee-bissau\/wp-json\/wp\/v2\/posts\/14289","targetHints":{"allow":["GET"]}}],"collection":[{"href":"https:\/\/www.africa-press.net\/guinee-bissau\/wp-json\/wp\/v2\/posts"}],"about":[{"href":"https:\/\/www.africa-press.net\/guinee-bissau\/wp-json\/wp\/v2\/types\/post"}],"author":[{"embeddable":true,"href":"https:\/\/www.africa-press.net\/guinee-bissau\/wp-json\/wp\/v2\/users\/82"}],"replies":[{"embeddable":true,"href":"https:\/\/www.africa-press.net\/guinee-bissau\/wp-json\/wp\/v2\/comments?post=14289"}],"version-history":[{"count":0,"href":"https:\/\/www.africa-press.net\/guinee-bissau\/wp-json\/wp\/v2\/posts\/14289\/revisions"}],"wp:featuredmedia":[{"embeddable":true,"href":"https:\/\/www.africa-press.net\/guinee-bissau\/wp-json\/wp\/v2\/media\/14288"}],"wp:attachment":[{"href":"https:\/\/www.africa-press.net\/guinee-bissau\/wp-json\/wp\/v2\/media?parent=14289"}],"wp:term":[{"taxonomy":"category","embeddable":true,"href":"https:\/\/www.africa-press.net\/guinee-bissau\/wp-json\/wp\/v2\/categories?post=14289"},{"taxonomy":"post_tag","embeddable":true,"href":"https:\/\/www.africa-press.net\/guinee-bissau\/wp-json\/wp\/v2\/tags?post=14289"}],"curies":[{"name":"wp","href":"https:\/\/api.w.org\/{rel}","templated":true}]}}