{"id":14682,"date":"2024-11-16T01:53:58","date_gmt":"2024-11-16T01:53:58","guid":{"rendered":"https:\/\/www.africa-press.net\/guinee-bissau\/politique\/le-president-umaro-sissoco-embalo-annonce-la-convocation-des-structures-de-letat-et-des-partis-pour-la-tenue-des-elections-legislatives"},"modified":"2024-11-20T03:45:33","modified_gmt":"2024-11-20T03:45:33","slug":"le-president-umaro-sissoco-embalo-annonce-la-convocation-des-structures-de-letat-et-des-partis-pour-la-tenue-des-elections-legislatives","status":"publish","type":"post","link":"https:\/\/www.africa-press.net\/guinee-bissau\/politique\/le-president-umaro-sissoco-embalo-annonce-la-convocation-des-structures-de-letat-et-des-partis-pour-la-tenue-des-elections-legislatives","title":{"rendered":"Le Pr\u00e9sident Umaro Sissoco Embal\u00f3 Annonce la Convocation des Structures de L&rsquo;\u00c9tat et des Partis pour la Tenue des \u00c9lections L\u00e9gislatives"},"content":{"rendered":"<p><span style=\"color: #ff6600\"><strong>Africa-Press &#8211; Guinee Bissau. <\/strong><\/span>Le Pre\u0301sident de la Re\u0301publique de Guine\u0301e-Bissau, Umaro Sissoco Embalo\u0301, a annonce\u0301 ce samedi 16 novembre 2024 qu\u2019il convoquera la semaine prochaine toutes les structures de l\u2019E\u0301tat, y compris la Commission nationale e\u0301lectorale, les partis politiques et le corps diplomatique re\u0301sidant dans le pays, pour fixer une date pour les e\u0301lections le\u0301gislatives. Selon lui, \u00ab\u00a0la Guine\u0301e-Bissau ne sera jamais l\u2019otage de quiconque, encore moins du Chef de l\u2019E\u0301tat\u00a0\u00bb.<\/p>\n<p>Cette annonce a e\u0301te\u0301 faite lors de la ce\u0301re\u0301monie marquant le 60e anniversaire de la cre\u0301ation des Forces arme\u0301es de Guine\u0301e-Bissau, ce\u0301le\u0301bre\u0301e conjointement avec le 51e anniversaire de l\u2019inde\u0301pendance du pays et le centenaire d\u2019Ami\u0301lcar Lopes Cabral. Le the\u0300me de l\u2019e\u0301ve\u0301nement e\u0301tait: \u00ab\u00a0Se souvenir du passe\u0301 avec fierte\u0301, regarder l\u2019avenir avec confiance\u00a0\u00bb.<\/p>\n<p>La ce\u0301re\u0301monie, organise\u0301e sur l\u2019avenue Ami\u0301lcar Cabral a\u0300 Bissau, a re\u0301uni plusieurs chefs d\u2019E\u0301tat, dont Denis Sassou Nguesso (Congo-Brazzaville), Adama Barrow (Gambie), Bassirou Diomaye Faye (Se\u0301ne\u0301gal), ainsi que des repre\u0301sentants du Ghana, du Cap-Vert, de la Sierra Leone, de Sa\u0303o Tome\u0301-et-Pri\u0301ncipe, de Djibouti, de la Mauritanie, de l\u2019Angola et de la Guine\u0301e e\u0301quatoriale.<\/p>\n<p>Apre\u0300s l\u2019hymne national \u00ab\u00a0Esta e\u0301 a nossa Pa\u0301tria Amada\u00a0\u00bb et un salut de 21 coups de canon, la ce\u0301re\u0301monie a honore\u0301 plus de 10 officiers des forces arme\u0301es et a pre\u0301sente\u0301 un livre du Chef d&rsquo;E\u0301tat-Major Ge\u0301ne\u0301ral des Forces arme\u0301es, le ge\u0301ne\u0301ral Biague\u0302 Nan Tan, intitule\u0301 *\u00a0\u00bbParcours d\u2019un combattant\u00a0\u00bb*.<\/p>\n<p>Dans son discours, le Pre\u0301sident Embalo\u0301 a salue\u0301 les he\u0301ros nationaux, notamment Ami\u0301lcar Cabral et Nino Vieira, tout en appelant les Forces arme\u0301es a\u0300 s\u2019engager dans la consolidation de la paix et de l\u2019E\u0301tat de droit de\u0301mocratique. Il a souligne\u0301 l\u2019importance de la lutte contre la corruption, le trafic de drogue et d\u2019autres fle\u0301aux sociaux pour garantir la stabilite\u0301 du pays.<\/p>\n<p>La ce\u0301re\u0301monie a e\u0301galement e\u0301te\u0301 marque\u0301e par un de\u0301file\u0301 militaire et civil, regroupant diverses associations, e\u0301coles et organisations de jeunesse, symbolisant l&rsquo;unite\u0301 et l&rsquo;engagement collectif pour le de\u0301veloppement du pays.<\/p>\n\r\n                <style type=\"text\/css\">\r\n                    \r\n                    #td_uid_1_69eff7d6edfe8  .td-doubleSlider-2 .td-item1 {\r\n                        background: url(https:\/\/static.africa-press.net\/guinee-bissau\/sites\/55\/2024\/11\/sm_1732061572.809607-80x60.jpg) 0 0 no-repeat;\r\n                    }\r\n                    #td_uid_1_69eff7d6edfe8  .td-doubleSlider-2 .td-item2 {\r\n                        background: url(https:\/\/static.africa-press.net\/guinee-bissau\/sites\/55\/2024\/11\/sm_1732061579.05277-80x60.jpg) 0 0 no-repeat;\r\n                    }\r\n                    #td_uid_1_69eff7d6edfe8  .td-doubleSlider-2 .td-item3 {\r\n                        background: url(https:\/\/static.africa-press.net\/guinee-bissau\/sites\/55\/2024\/11\/sm_1732061584.734263-80x60.jpg) 0 0 no-repeat;\r\n                    }\r\n                    #td_uid_1_69eff7d6edfe8  .td-doubleSlider-2 .td-item4 {\r\n                        background: url(https:\/\/static.africa-press.net\/guinee-bissau\/sites\/55\/2024\/11\/sm_1732061590.420191-80x60.jpg) 0 0 no-repeat;\r\n                    }\r\n                <\/style>\r\n\r\n                <div id=\"td_uid_1_69eff7d6edfe8\" class=\"td-gallery td-slide-on-2-columns\">\r\n                    <div class=\"post_td_gallery\">\r\n                        <div class=\"td-gallery-slide-top\">\r\n                           <div class=\"td-gallery-title\"><\/div>\r\n\r\n                            <div class=\"td-gallery-controls-wrapper\">\r\n                                <div class=\"td-gallery-slide-count\"><span class=\"td-gallery-slide-item-focus\">1<\/span> de 4<\/div>\r\n                                <div class=\"td-gallery-slide-prev-next-but\">\r\n                                    <i class = \"td-icon-left doubleSliderPrevButton\"><\/i>\r\n                                    <i class = \"td-icon-right doubleSliderNextButton\"><\/i>\r\n                                <\/div>\r\n                            <\/div>\r\n                        <\/div>\r\n\r\n                        <div class = \"td-doubleSlider-1 \">\r\n                            <div class = \"td-slider\">\r\n                                \r\n                    <div class = \"td-slide-item td-item1\">\r\n                        <figure class=\"td-slide-galery-figure td-slide-popup-gallery\">\r\n                            <a class=\"slide-gallery-image-link\" href=\"https:\/\/static.africa-press.net\/guinee-bissau\/sites\/55\/2024\/11\/sm_1732061572.809607.jpg\" title=\"sm_1732061572.809607\"  data-caption=\"\"  data-description=\"\">\r\n                                <img decoding=\"async\" src=\"https:\/\/static.africa-press.net\/guinee-bissau\/sites\/55\/2024\/11\/sm_1732061572.809607.jpg\" srcset=\"https:\/\/static.africa-press.net\/guinee-bissau\/sites\/55\/2024\/11\/sm_1732061572.809607.jpg 1002w, https:\/\/static.africa-press.net\/guinee-bissau\/sites\/55\/2024\/11\/sm_1732061572.809607-235x300.jpg 235w, https:\/\/static.africa-press.net\/guinee-bissau\/sites\/55\/2024\/11\/sm_1732061572.809607-802x1024.jpg 802w, https:\/\/static.africa-press.net\/guinee-bissau\/sites\/55\/2024\/11\/sm_1732061572.809607-768x981.jpg 768w\" sizes=\"(max-width: 1002px) 100vw, 1002px\" alt=\"\">\r\n                            <\/a>\r\n                            \r\n                        <\/figure>\r\n                    <\/div>\r\n                    <div class = \"td-slide-item td-item2\">\r\n                        <figure class=\"td-slide-galery-figure td-slide-popup-gallery\">\r\n                            <a class=\"slide-gallery-image-link\" href=\"https:\/\/static.africa-press.net\/guinee-bissau\/sites\/55\/2024\/11\/sm_1732061579.05277.jpg\" title=\"sm_1732061579.05277\"  data-caption=\"\"  data-description=\"\">\r\n                                <img decoding=\"async\" src=\"https:\/\/static.africa-press.net\/guinee-bissau\/sites\/55\/2024\/11\/sm_1732061579.05277.jpg\" srcset=\"https:\/\/static.africa-press.net\/guinee-bissau\/sites\/55\/2024\/11\/sm_1732061579.05277.jpg 1280w, https:\/\/static.africa-press.net\/guinee-bissau\/sites\/55\/2024\/11\/sm_1732061579.05277-300x200.jpg 300w, https:\/\/static.africa-press.net\/guinee-bissau\/sites\/55\/2024\/11\/sm_1732061579.05277-1024x682.jpg 1024w, https:\/\/static.africa-press.net\/guinee-bissau\/sites\/55\/2024\/11\/sm_1732061579.05277-768x512.jpg 768w\" sizes=\"(max-width: 1280px) 100vw, 1280px\" alt=\"\">\r\n                            <\/a>\r\n                            \r\n                        <\/figure>\r\n                    <\/div>\r\n                    <div class = \"td-slide-item td-item3\">\r\n                        <figure class=\"td-slide-galery-figure td-slide-popup-gallery\">\r\n                            <a class=\"slide-gallery-image-link\" href=\"https:\/\/static.africa-press.net\/guinee-bissau\/sites\/55\/2024\/11\/sm_1732061584.734263.jpg\" title=\"sm_1732061584.734263\"  data-caption=\"\"  data-description=\"\">\r\n                                <img decoding=\"async\" src=\"https:\/\/static.africa-press.net\/guinee-bissau\/sites\/55\/2024\/11\/sm_1732061584.734263.jpg\" srcset=\"https:\/\/static.africa-press.net\/guinee-bissau\/sites\/55\/2024\/11\/sm_1732061584.734263.jpg 1280w, https:\/\/static.africa-press.net\/guinee-bissau\/sites\/55\/2024\/11\/sm_1732061584.734263-300x184.jpg 300w, https:\/\/static.africa-press.net\/guinee-bissau\/sites\/55\/2024\/11\/sm_1732061584.734263-1024x626.jpg 1024w, https:\/\/static.africa-press.net\/guinee-bissau\/sites\/55\/2024\/11\/sm_1732061584.734263-768x470.jpg 768w\" sizes=\"(max-width: 1280px) 100vw, 1280px\" alt=\"\">\r\n                            <\/a>\r\n                            \r\n                        <\/figure>\r\n                    <\/div>\r\n                    <div class = \"td-slide-item td-item4\">\r\n                        <figure class=\"td-slide-galery-figure td-slide-popup-gallery\">\r\n                            <a class=\"slide-gallery-image-link\" href=\"https:\/\/static.africa-press.net\/guinee-bissau\/sites\/55\/2024\/11\/sm_1732061590.420191.jpg\" title=\"sm_1732061590.420191\"  data-caption=\"\"  data-description=\"\">\r\n                                <img decoding=\"async\" src=\"https:\/\/static.africa-press.net\/guinee-bissau\/sites\/55\/2024\/11\/sm_1732061590.420191.jpg\" srcset=\"https:\/\/static.africa-press.net\/guinee-bissau\/sites\/55\/2024\/11\/sm_1732061590.420191.jpg 1094w, https:\/\/static.africa-press.net\/guinee-bissau\/sites\/55\/2024\/11\/sm_1732061590.420191-300x222.jpg 300w, https:\/\/static.africa-press.net\/guinee-bissau\/sites\/55\/2024\/11\/sm_1732061590.420191-1024x757.jpg 1024w, https:\/\/static.africa-press.net\/guinee-bissau\/sites\/55\/2024\/11\/sm_1732061590.420191-768x568.jpg 768w, https:\/\/static.africa-press.net\/guinee-bissau\/sites\/55\/2024\/11\/sm_1732061590.420191-80x60.jpg 80w\" sizes=\"(max-width: 1094px) 100vw, 1094px\" alt=\"\">\r\n                            <\/a>\r\n                            \r\n                        <\/figure>\r\n                    <\/div>\r\n                            <\/div>\r\n                        <\/div>\r\n\r\n                        <div class = \"td-doubleSlider-2\">\r\n                            <div class = \"td-slider\">\r\n                                \r\n                    <div class = \"td-button td-item1\">\r\n                        <div class = \"td-border\"><\/div>\r\n                    <\/div>\r\n                    <div class = \"td-button td-item2\">\r\n                        <div class = \"td-border\"><\/div>\r\n                    <\/div>\r\n                    <div class = \"td-button td-item3\">\r\n                        <div class = \"td-border\"><\/div>\r\n                    <\/div>\r\n                    <div class = \"td-button td-item4\">\r\n                        <div class = \"td-border\"><\/div>\r\n                    <\/div>\r\n                            <\/div>\r\n                        <\/div>\r\n\r\n                    <\/div>\r\n\r\n                <\/div>\r\n                \n<p><strong>Pour plus d&rsquo;informations et d&rsquo;analyses sur la Guinee Bissau, suivez Africa-Press<\/strong><\/p>\n","protected":false},"excerpt":{"rendered":"<p>Africa-Press &#8211; Guinee Bissau. Le Pre\u0301sident de la Re\u0301publique de Guine\u0301e-Bissau, Umaro Sissoco Embalo\u0301, a annonce\u0301 ce samedi 16 novembre 2024 qu\u2019il convoquera la semaine prochaine toutes les structures de l\u2019E\u0301tat, y compris la Commission nationale e\u0301lectorale, les partis politiques et le corps diplomatique re\u0301sidant dans le pays, pour fixer une date pour les e\u0301lections [&hellip;]<\/p>\n","protected":false},"author":82,"featured_media":14681,"comment_status":"open","ping_status":"closed","sticky":false,"template":"","format":"standard","meta":{"footnotes":""},"categories":[8,2,20,10],"tags":[50],"class_list":["post-14682","post","type-post","status-publish","format-standard","has-post-thumbnail","hentry","category-photo","category-politique","category-top-nouvelles","category-toutes-les-actualites","tag-guinee-bissau"],"yoast_head":"<!-- This site is optimized with the Yoast SEO Premium plugin v26.1 (Yoast SEO v27.0) - https:\/\/yoast.com\/product\/yoast-seo-premium-wordpress\/ -->\n<title>Le Pr\u00e9sident Umaro Sissoco Embal\u00f3 Annonce la Convocation des Structures de L&#039;\u00c9tat et des Partis pour la Tenue des \u00c9lections L\u00e9gislatives - Guin\u00e9e Bissau<\/title>\n<meta name=\"description\" content=\"Le Pre\u0301sident de la Re\u0301publique de Guine\u0301e-Bissau, Umaro Sissoco Embalo\u0301, a annonce\u0301 ce samedi 16 novembre 2024 qu\u2019il co ...\" \/>\n<meta name=\"robots\" content=\"index, follow, max-snippet:-1, max-image-preview:large, max-video-preview:-1\" \/>\n<link rel=\"canonical\" href=\"https:\/\/www.africa-press.net\/guinee-bissau\/politique\/le-president-umaro-sissoco-embalo-annonce-la-convocation-des-structures-de-letat-et-des-partis-pour-la-tenue-des-elections-legislatives\" \/>\n<meta property=\"og:locale\" content=\"fr_FR\" \/>\n<meta property=\"og:type\" content=\"article\" \/>\n<meta property=\"og:title\" content=\"Le Pr\u00e9sident Umaro Sissoco Embal\u00f3 Annonce la Convocation des Structures de L&#039;\u00c9tat et des Partis pour la Tenue des \u00c9lections L\u00e9gislatives\" \/>\n<meta property=\"og:description\" content=\"Le Pre\u0301sident de la Re\u0301publique de Guine\u0301e-Bissau, Umaro Sissoco Embalo\u0301, a annonce\u0301 ce samedi 16 novembre 2024 qu\u2019il co ...\" \/>\n<meta property=\"og:url\" content=\"https:\/\/www.africa-press.net\/guinee-bissau\/politique\/le-president-umaro-sissoco-embalo-annonce-la-convocation-des-structures-de-letat-et-des-partis-pour-la-tenue-des-elections-legislatives\" \/>\n<meta property=\"og:site_name\" content=\"Guin\u00e9e Bissau\" \/>\n<meta property=\"article:published_time\" content=\"2024-11-16T01:53:58+00:00\" \/>\n<meta property=\"article:modified_time\" content=\"2024-11-20T03:45:33+00:00\" \/>\n<meta property=\"og:image\" content=\"https:\/\/static.africa-press.net\/guinee-bissau\/sites\/55\/2024\/11\/sm_1732061595.763457.jpg\" \/>\n\t<meta property=\"og:image:width\" content=\"1280\" \/>\n\t<meta property=\"og:image:height\" content=\"720\" \/>\n\t<meta property=\"og:image:type\" content=\"image\/jpeg\" \/>\n<meta name=\"author\" content=\"cfeditorfr\" \/>\n<meta name=\"twitter:card\" content=\"summary_large_image\" \/>\n<meta name=\"twitter:label1\" content=\"\u00c9crit par\" \/>\n\t<meta name=\"twitter:data1\" content=\"cfeditorfr\" \/>\n\t<meta name=\"twitter:label2\" content=\"Dur\u00e9e de lecture estim\u00e9e\" \/>\n\t<meta name=\"twitter:data2\" content=\"2 minutes\" \/>\n<script type=\"application\/ld+json\" class=\"yoast-schema-graph\">{\"@context\":\"https:\/\/schema.org\",\"@graph\":[{\"@type\":\"Article\",\"@id\":\"https:\/\/www.africa-press.net\/guinee-bissau\/politique\/le-president-umaro-sissoco-embalo-annonce-la-convocation-des-structures-de-letat-et-des-partis-pour-la-tenue-des-elections-legislatives#article\",\"isPartOf\":{\"@id\":\"https:\/\/www.africa-press.net\/guinee-bissau\/politique\/le-president-umaro-sissoco-embalo-annonce-la-convocation-des-structures-de-letat-et-des-partis-pour-la-tenue-des-elections-legislatives\"},\"author\":{\"name\":\"cfeditorfr\",\"@id\":\"https:\/\/www.africa-press.net\/guinee-bissau\/#\/schema\/person\/2b1cf3cd81a31e3cd26889ca66d677f1\"},\"headline\":\"Le Pr\u00e9sident Umaro Sissoco Embal\u00f3 Annonce la Convocation des Structures de L&rsquo;\u00c9tat et des Partis pour la Tenue des \u00c9lections L\u00e9gislatives\",\"datePublished\":\"2024-11-16T01:53:58+00:00\",\"dateModified\":\"2024-11-20T03:45:33+00:00\",\"mainEntityOfPage\":{\"@id\":\"https:\/\/www.africa-press.net\/guinee-bissau\/politique\/le-president-umaro-sissoco-embalo-annonce-la-convocation-des-structures-de-letat-et-des-partis-pour-la-tenue-des-elections-legislatives\"},\"wordCount\":446,\"commentCount\":0,\"image\":{\"@id\":\"https:\/\/www.africa-press.net\/guinee-bissau\/politique\/le-president-umaro-sissoco-embalo-annonce-la-convocation-des-structures-de-letat-et-des-partis-pour-la-tenue-des-elections-legislatives#primaryimage\"},\"thumbnailUrl\":\"https:\/\/static.africa-press.net\/guinee-bissau\/sites\/55\/2024\/11\/sm_1732061595.763457.jpg\",\"keywords\":[\"Guinee Bissau\"],\"articleSection\":[\"Photo\",\"Politique\",\"Top Nouvelles\",\"Toutes les actualit\u00e9s\"],\"inLanguage\":\"fr-FR\",\"potentialAction\":[{\"@type\":\"CommentAction\",\"name\":\"Comment\",\"target\":[\"https:\/\/www.africa-press.net\/guinee-bissau\/politique\/le-president-umaro-sissoco-embalo-annonce-la-convocation-des-structures-de-letat-et-des-partis-pour-la-tenue-des-elections-legislatives#respond\"]}]},{\"@type\":\"WebPage\",\"@id\":\"https:\/\/www.africa-press.net\/guinee-bissau\/politique\/le-president-umaro-sissoco-embalo-annonce-la-convocation-des-structures-de-letat-et-des-partis-pour-la-tenue-des-elections-legislatives\",\"url\":\"https:\/\/www.africa-press.net\/guinee-bissau\/politique\/le-president-umaro-sissoco-embalo-annonce-la-convocation-des-structures-de-letat-et-des-partis-pour-la-tenue-des-elections-legislatives\",\"name\":\"Le Pr\u00e9sident Umaro Sissoco Embal\u00f3 Annonce la Convocation des Structures de L'\u00c9tat et des Partis pour la Tenue des \u00c9lections L\u00e9gislatives - Guin\u00e9e Bissau\",\"isPartOf\":{\"@id\":\"https:\/\/www.africa-press.net\/guinee-bissau\/#website\"},\"primaryImageOfPage\":{\"@id\":\"https:\/\/www.africa-press.net\/guinee-bissau\/politique\/le-president-umaro-sissoco-embalo-annonce-la-convocation-des-structures-de-letat-et-des-partis-pour-la-tenue-des-elections-legislatives#primaryimage\"},\"image\":{\"@id\":\"https:\/\/www.africa-press.net\/guinee-bissau\/politique\/le-president-umaro-sissoco-embalo-annonce-la-convocation-des-structures-de-letat-et-des-partis-pour-la-tenue-des-elections-legislatives#primaryimage\"},\"thumbnailUrl\":\"https:\/\/static.africa-press.net\/guinee-bissau\/sites\/55\/2024\/11\/sm_1732061595.763457.jpg\",\"datePublished\":\"2024-11-16T01:53:58+00:00\",\"dateModified\":\"2024-11-20T03:45:33+00:00\",\"author\":{\"@id\":\"https:\/\/www.africa-press.net\/guinee-bissau\/#\/schema\/person\/2b1cf3cd81a31e3cd26889ca66d677f1\"},\"description\":\"Le Pre\u0301sident de la Re\u0301publique de Guine\u0301e-Bissau, Umaro Sissoco Embalo\u0301, a annonce\u0301 ce samedi 16 novembre 2024 qu\u2019il co ...\",\"breadcrumb\":{\"@id\":\"https:\/\/www.africa-press.net\/guinee-bissau\/politique\/le-president-umaro-sissoco-embalo-annonce-la-convocation-des-structures-de-letat-et-des-partis-pour-la-tenue-des-elections-legislatives#breadcrumb\"},\"inLanguage\":\"fr-FR\",\"potentialAction\":[{\"@type\":\"ReadAction\",\"target\":[\"https:\/\/www.africa-press.net\/guinee-bissau\/politique\/le-president-umaro-sissoco-embalo-annonce-la-convocation-des-structures-de-letat-et-des-partis-pour-la-tenue-des-elections-legislatives\"]}]},{\"@type\":\"ImageObject\",\"inLanguage\":\"fr-FR\",\"@id\":\"https:\/\/www.africa-press.net\/guinee-bissau\/politique\/le-president-umaro-sissoco-embalo-annonce-la-convocation-des-structures-de-letat-et-des-partis-pour-la-tenue-des-elections-legislatives#primaryimage\",\"url\":\"https:\/\/static.africa-press.net\/guinee-bissau\/sites\/55\/2024\/11\/sm_1732061595.763457.jpg\",\"contentUrl\":\"https:\/\/static.africa-press.net\/guinee-bissau\/sites\/55\/2024\/11\/sm_1732061595.763457.jpg\",\"width\":1280,\"height\":720,\"caption\":\"Le Pr\u00e9sident Umaro Sissoco Embal\u00f3 Annonce la Convocation des Structures de L'\u00c9tat et des Partis pour la Tenue des \u00c9lections L\u00e9gislatives\"},{\"@type\":\"BreadcrumbList\",\"@id\":\"https:\/\/www.africa-press.net\/guinee-bissau\/politique\/le-president-umaro-sissoco-embalo-annonce-la-convocation-des-structures-de-letat-et-des-partis-pour-la-tenue-des-elections-legislatives#breadcrumb\",\"itemListElement\":[{\"@type\":\"ListItem\",\"position\":1,\"name\":\"Accueil\",\"item\":\"https:\/\/www.africa-press.net\/guinee-bissau\/\"},{\"@type\":\"ListItem\",\"position\":2,\"name\":\"Le Pr\u00e9sident Umaro Sissoco Embal\u00f3 Annonce la Convocation des Structures de L&#8217;\u00c9tat et des Partis pour la Tenue des \u00c9lections L\u00e9gislatives\"}]},{\"@type\":\"WebSite\",\"@id\":\"https:\/\/www.africa-press.net\/guinee-bissau\/#website\",\"url\":\"https:\/\/www.africa-press.net\/guinee-bissau\/\",\"name\":\"Guin\u00e9e Bissau\",\"description\":\"Just another Africa News Agency Sites site\",\"potentialAction\":[{\"@type\":\"SearchAction\",\"target\":{\"@type\":\"EntryPoint\",\"urlTemplate\":\"https:\/\/www.africa-press.net\/guinee-bissau\/?s={search_term_string}\"},\"query-input\":{\"@type\":\"PropertyValueSpecification\",\"valueRequired\":true,\"valueName\":\"search_term_string\"}}],\"inLanguage\":\"fr-FR\"},{\"@type\":\"Person\",\"@id\":\"https:\/\/www.africa-press.net\/guinee-bissau\/#\/schema\/person\/2b1cf3cd81a31e3cd26889ca66d677f1\",\"name\":\"cfeditorfr\"}]}<\/script>\n<!-- \/ Yoast SEO Premium plugin. -->","yoast_head_json":{"title":"Le Pr\u00e9sident Umaro Sissoco Embal\u00f3 Annonce la Convocation des Structures de L'\u00c9tat et des Partis pour la Tenue des \u00c9lections L\u00e9gislatives - Guin\u00e9e Bissau","description":"Le Pre\u0301sident de la Re\u0301publique de Guine\u0301e-Bissau, Umaro Sissoco Embalo\u0301, a annonce\u0301 ce samedi 16 novembre 2024 qu\u2019il co ...","robots":{"index":"index","follow":"follow","max-snippet":"max-snippet:-1","max-image-preview":"max-image-preview:large","max-video-preview":"max-video-preview:-1"},"canonical":"https:\/\/www.africa-press.net\/guinee-bissau\/politique\/le-president-umaro-sissoco-embalo-annonce-la-convocation-des-structures-de-letat-et-des-partis-pour-la-tenue-des-elections-legislatives","og_locale":"fr_FR","og_type":"article","og_title":"Le Pr\u00e9sident Umaro Sissoco Embal\u00f3 Annonce la Convocation des Structures de L'\u00c9tat et des Partis pour la Tenue des \u00c9lections L\u00e9gislatives","og_description":"Le Pre\u0301sident de la Re\u0301publique de Guine\u0301e-Bissau, Umaro Sissoco Embalo\u0301, a annonce\u0301 ce samedi 16 novembre 2024 qu\u2019il co ...","og_url":"https:\/\/www.africa-press.net\/guinee-bissau\/politique\/le-president-umaro-sissoco-embalo-annonce-la-convocation-des-structures-de-letat-et-des-partis-pour-la-tenue-des-elections-legislatives","og_site_name":"Guin\u00e9e Bissau","article_published_time":"2024-11-16T01:53:58+00:00","article_modified_time":"2024-11-20T03:45:33+00:00","og_image":[{"width":1280,"height":720,"url":"https:\/\/static.africa-press.net\/guinee-bissau\/sites\/55\/2024\/11\/sm_1732061595.763457.jpg","type":"image\/jpeg"}],"author":"cfeditorfr","twitter_card":"summary_large_image","twitter_misc":{"\u00c9crit par":"cfeditorfr","Dur\u00e9e de lecture estim\u00e9e":"2 minutes"},"schema":{"@context":"https:\/\/schema.org","@graph":[{"@type":"Article","@id":"https:\/\/www.africa-press.net\/guinee-bissau\/politique\/le-president-umaro-sissoco-embalo-annonce-la-convocation-des-structures-de-letat-et-des-partis-pour-la-tenue-des-elections-legislatives#article","isPartOf":{"@id":"https:\/\/www.africa-press.net\/guinee-bissau\/politique\/le-president-umaro-sissoco-embalo-annonce-la-convocation-des-structures-de-letat-et-des-partis-pour-la-tenue-des-elections-legislatives"},"author":{"name":"cfeditorfr","@id":"https:\/\/www.africa-press.net\/guinee-bissau\/#\/schema\/person\/2b1cf3cd81a31e3cd26889ca66d677f1"},"headline":"Le Pr\u00e9sident Umaro Sissoco Embal\u00f3 Annonce la Convocation des Structures de L&rsquo;\u00c9tat et des Partis pour la Tenue des \u00c9lections L\u00e9gislatives","datePublished":"2024-11-16T01:53:58+00:00","dateModified":"2024-11-20T03:45:33+00:00","mainEntityOfPage":{"@id":"https:\/\/www.africa-press.net\/guinee-bissau\/politique\/le-president-umaro-sissoco-embalo-annonce-la-convocation-des-structures-de-letat-et-des-partis-pour-la-tenue-des-elections-legislatives"},"wordCount":446,"commentCount":0,"image":{"@id":"https:\/\/www.africa-press.net\/guinee-bissau\/politique\/le-president-umaro-sissoco-embalo-annonce-la-convocation-des-structures-de-letat-et-des-partis-pour-la-tenue-des-elections-legislatives#primaryimage"},"thumbnailUrl":"https:\/\/static.africa-press.net\/guinee-bissau\/sites\/55\/2024\/11\/sm_1732061595.763457.jpg","keywords":["Guinee Bissau"],"articleSection":["Photo","Politique","Top Nouvelles","Toutes les actualit\u00e9s"],"inLanguage":"fr-FR","potentialAction":[{"@type":"CommentAction","name":"Comment","target":["https:\/\/www.africa-press.net\/guinee-bissau\/politique\/le-president-umaro-sissoco-embalo-annonce-la-convocation-des-structures-de-letat-et-des-partis-pour-la-tenue-des-elections-legislatives#respond"]}]},{"@type":"WebPage","@id":"https:\/\/www.africa-press.net\/guinee-bissau\/politique\/le-president-umaro-sissoco-embalo-annonce-la-convocation-des-structures-de-letat-et-des-partis-pour-la-tenue-des-elections-legislatives","url":"https:\/\/www.africa-press.net\/guinee-bissau\/politique\/le-president-umaro-sissoco-embalo-annonce-la-convocation-des-structures-de-letat-et-des-partis-pour-la-tenue-des-elections-legislatives","name":"Le Pr\u00e9sident Umaro Sissoco Embal\u00f3 Annonce la Convocation des Structures de L'\u00c9tat et des Partis pour la Tenue des \u00c9lections L\u00e9gislatives - Guin\u00e9e Bissau","isPartOf":{"@id":"https:\/\/www.africa-press.net\/guinee-bissau\/#website"},"primaryImageOfPage":{"@id":"https:\/\/www.africa-press.net\/guinee-bissau\/politique\/le-president-umaro-sissoco-embalo-annonce-la-convocation-des-structures-de-letat-et-des-partis-pour-la-tenue-des-elections-legislatives#primaryimage"},"image":{"@id":"https:\/\/www.africa-press.net\/guinee-bissau\/politique\/le-president-umaro-sissoco-embalo-annonce-la-convocation-des-structures-de-letat-et-des-partis-pour-la-tenue-des-elections-legislatives#primaryimage"},"thumbnailUrl":"https:\/\/static.africa-press.net\/guinee-bissau\/sites\/55\/2024\/11\/sm_1732061595.763457.jpg","datePublished":"2024-11-16T01:53:58+00:00","dateModified":"2024-11-20T03:45:33+00:00","author":{"@id":"https:\/\/www.africa-press.net\/guinee-bissau\/#\/schema\/person\/2b1cf3cd81a31e3cd26889ca66d677f1"},"description":"Le Pre\u0301sident de la Re\u0301publique de Guine\u0301e-Bissau, Umaro Sissoco Embalo\u0301, a annonce\u0301 ce samedi 16 novembre 2024 qu\u2019il co ...","breadcrumb":{"@id":"https:\/\/www.africa-press.net\/guinee-bissau\/politique\/le-president-umaro-sissoco-embalo-annonce-la-convocation-des-structures-de-letat-et-des-partis-pour-la-tenue-des-elections-legislatives#breadcrumb"},"inLanguage":"fr-FR","potentialAction":[{"@type":"ReadAction","target":["https:\/\/www.africa-press.net\/guinee-bissau\/politique\/le-president-umaro-sissoco-embalo-annonce-la-convocation-des-structures-de-letat-et-des-partis-pour-la-tenue-des-elections-legislatives"]}]},{"@type":"ImageObject","inLanguage":"fr-FR","@id":"https:\/\/www.africa-press.net\/guinee-bissau\/politique\/le-president-umaro-sissoco-embalo-annonce-la-convocation-des-structures-de-letat-et-des-partis-pour-la-tenue-des-elections-legislatives#primaryimage","url":"https:\/\/static.africa-press.net\/guinee-bissau\/sites\/55\/2024\/11\/sm_1732061595.763457.jpg","contentUrl":"https:\/\/static.africa-press.net\/guinee-bissau\/sites\/55\/2024\/11\/sm_1732061595.763457.jpg","width":1280,"height":720,"caption":"Le Pr\u00e9sident Umaro Sissoco Embal\u00f3 Annonce la Convocation des Structures de L'\u00c9tat et des Partis pour la Tenue des \u00c9lections L\u00e9gislatives"},{"@type":"BreadcrumbList","@id":"https:\/\/www.africa-press.net\/guinee-bissau\/politique\/le-president-umaro-sissoco-embalo-annonce-la-convocation-des-structures-de-letat-et-des-partis-pour-la-tenue-des-elections-legislatives#breadcrumb","itemListElement":[{"@type":"ListItem","position":1,"name":"Accueil","item":"https:\/\/www.africa-press.net\/guinee-bissau\/"},{"@type":"ListItem","position":2,"name":"Le Pr\u00e9sident Umaro Sissoco Embal\u00f3 Annonce la Convocation des Structures de L&#8217;\u00c9tat et des Partis pour la Tenue des \u00c9lections L\u00e9gislatives"}]},{"@type":"WebSite","@id":"https:\/\/www.africa-press.net\/guinee-bissau\/#website","url":"https:\/\/www.africa-press.net\/guinee-bissau\/","name":"Guin\u00e9e Bissau","description":"Just another Africa News Agency Sites site","potentialAction":[{"@type":"SearchAction","target":{"@type":"EntryPoint","urlTemplate":"https:\/\/www.africa-press.net\/guinee-bissau\/?s={search_term_string}"},"query-input":{"@type":"PropertyValueSpecification","valueRequired":true,"valueName":"search_term_string"}}],"inLanguage":"fr-FR"},{"@type":"Person","@id":"https:\/\/www.africa-press.net\/guinee-bissau\/#\/schema\/person\/2b1cf3cd81a31e3cd26889ca66d677f1","name":"cfeditorfr"}]}},"_links":{"self":[{"href":"https:\/\/www.africa-press.net\/guinee-bissau\/wp-json\/wp\/v2\/posts\/14682","targetHints":{"allow":["GET"]}}],"collection":[{"href":"https:\/\/www.africa-press.net\/guinee-bissau\/wp-json\/wp\/v2\/posts"}],"about":[{"href":"https:\/\/www.africa-press.net\/guinee-bissau\/wp-json\/wp\/v2\/types\/post"}],"author":[{"embeddable":true,"href":"https:\/\/www.africa-press.net\/guinee-bissau\/wp-json\/wp\/v2\/users\/82"}],"replies":[{"embeddable":true,"href":"https:\/\/www.africa-press.net\/guinee-bissau\/wp-json\/wp\/v2\/comments?post=14682"}],"version-history":[{"count":0,"href":"https:\/\/www.africa-press.net\/guinee-bissau\/wp-json\/wp\/v2\/posts\/14682\/revisions"}],"wp:featuredmedia":[{"embeddable":true,"href":"https:\/\/www.africa-press.net\/guinee-bissau\/wp-json\/wp\/v2\/media\/14681"}],"wp:attachment":[{"href":"https:\/\/www.africa-press.net\/guinee-bissau\/wp-json\/wp\/v2\/media?parent=14682"}],"wp:term":[{"taxonomy":"category","embeddable":true,"href":"https:\/\/www.africa-press.net\/guinee-bissau\/wp-json\/wp\/v2\/categories?post=14682"},{"taxonomy":"post_tag","embeddable":true,"href":"https:\/\/www.africa-press.net\/guinee-bissau\/wp-json\/wp\/v2\/tags?post=14682"}],"curies":[{"name":"wp","href":"https:\/\/api.w.org\/{rel}","templated":true}]}}