{"id":14898,"date":"2024-11-13T22:32:32","date_gmt":"2024-11-13T22:32:32","guid":{"rendered":"https:\/\/www.africa-press.net\/guinee-bissau\/politique\/lopposition-bissau-guineenne-critique-les-declarations-du-chef-des-forces-armees"},"modified":"2024-11-24T20:52:39","modified_gmt":"2024-11-24T20:52:39","slug":"lopposition-bissau-guineenne-critique-les-declarations-du-chef-des-forces-armees","status":"publish","type":"post","link":"https:\/\/www.africa-press.net\/guinee-bissau\/politique\/lopposition-bissau-guineenne-critique-les-declarations-du-chef-des-forces-armees","title":{"rendered":"L&rsquo;Opposition Bissau-guin\u00e9enne Critique les D\u00e9clarations du Chef des Forces Arm\u00e9es"},"content":{"rendered":"<p><span style=\"color: #ff6600\"><strong>Africa-Press &#8211; Guinee Bissau. <\/strong><\/span>Apre\u0300s une re\u0301union a\u0300 Bissau, les dirigeants de deux coalitions ayant pre\u0301vu trois jours de manifestations de rue contre le re\u0301gime d&rsquo;Umaro Sissoco ont exprime\u0301 leur me\u0301contentement face aux de\u0301clarations du chef des forces arme\u0301es, qui a place\u0301 l&rsquo;arme\u0301e en e\u0301tat d&rsquo;alerte.<\/p>\n<p>S&rsquo;adressant aux journalistes, Domingos Simo\u0303es Pereira, leader de la coalition Plateforme Alliance Inclusive (PAI \u2013 Terra Ranka), a de\u0301plore\u0301 l&rsquo;inge\u0301rence des militaires dans la politique: \u00ab\u00a0Nous ne sommes pas des adversaires politiques\u00a0\u00bb, a-t-il de\u0301clare\u0301 aux co\u0302te\u0301s de l&rsquo;ancien Premier ministre, Nuno Gomes Nabiam, qui dirige la coalition Alliance Patriotique Inclusive.<\/p>\n<p><iframe loading=\"lazy\" title=\"Oposi\u00e7\u00e3o guineense critica declara\u00e7\u00f5es do chefe das For\u00e7as Armadas\" width=\"696\" height=\"392\" src=\"https:\/\/www.youtube.com\/embed\/ay-8P0eTzw4?feature=oembed\" frameborder=\"0\" allow=\"accelerometer; autoplay; clipboard-write; encrypted-media; gyroscope; picture-in-picture; web-share\" referrerpolicy=\"strict-origin-when-cross-origin\" allowfullscreen><\/iframe><\/p>\n<p><strong>Pour plus d&rsquo;informations et d&rsquo;analyses sur la <span style=\"color: #ff6600\">Guinee Bissau<\/span>, suivez <span style=\"color: #ff6600\">Africa-Press<\/span><\/strong><\/p>\n","protected":false},"excerpt":{"rendered":"<p>Africa-Press &#8211; Guinee Bissau. Apre\u0300s une re\u0301union a\u0300 Bissau, les dirigeants de deux coalitions ayant pre\u0301vu trois jours de manifestations de rue contre le re\u0301gime d&rsquo;Umaro Sissoco ont exprime\u0301 leur me\u0301contentement face aux de\u0301clarations du chef des forces arme\u0301es, qui a place\u0301 l&rsquo;arme\u0301e en e\u0301tat d&rsquo;alerte. S&rsquo;adressant aux journalistes, Domingos Simo\u0303es Pereira, leader de la [&hellip;]<\/p>\n","protected":false},"author":82,"featured_media":14897,"comment_status":"open","ping_status":"closed","sticky":false,"template":"","format":"standard","meta":{"footnotes":""},"categories":[2,51,10,9],"tags":[50],"class_list":["post-14898","post","type-post","status-publish","format-standard","has-post-thumbnail","hentry","category-politique","category-to-homepage","category-toutes-les-actualites","category-video","tag-guinee-bissau"],"yoast_head":"<!-- This site is optimized with the Yoast SEO Premium plugin v26.1 (Yoast SEO v27.0) - https:\/\/yoast.com\/product\/yoast-seo-premium-wordpress\/ -->\n<title>L&#039;Opposition Bissau-guin\u00e9enne Critique les D\u00e9clarations du Chef des Forces Arm\u00e9es - Guin\u00e9e Bissau<\/title>\n<meta name=\"description\" content=\"Apre\u0300s une re\u0301union a\u0300 Bissau, les dirigeants de deux coalitions ayant pre\u0301vu trois jours de manifestations de rue contr ...\" \/>\n<meta name=\"robots\" content=\"index, follow, max-snippet:-1, max-image-preview:large, max-video-preview:-1\" \/>\n<link rel=\"canonical\" href=\"https:\/\/www.africa-press.net\/guinee-bissau\/politique\/lopposition-bissau-guineenne-critique-les-declarations-du-chef-des-forces-armees\" \/>\n<meta property=\"og:locale\" content=\"fr_FR\" \/>\n<meta property=\"og:type\" content=\"article\" \/>\n<meta property=\"og:title\" content=\"L&#039;Opposition Bissau-guin\u00e9enne Critique les D\u00e9clarations du Chef des Forces Arm\u00e9es\" \/>\n<meta property=\"og:description\" content=\"Apre\u0300s une re\u0301union a\u0300 Bissau, les dirigeants de deux coalitions ayant pre\u0301vu trois jours de manifestations de rue contr ...\" \/>\n<meta property=\"og:url\" content=\"https:\/\/www.africa-press.net\/guinee-bissau\/politique\/lopposition-bissau-guineenne-critique-les-declarations-du-chef-des-forces-armees\" \/>\n<meta property=\"og:site_name\" content=\"Guin\u00e9e Bissau\" \/>\n<meta property=\"article:published_time\" content=\"2024-11-13T22:32:32+00:00\" \/>\n<meta property=\"article:modified_time\" content=\"2024-11-24T20:52:39+00:00\" \/>\n<meta property=\"og:image\" content=\"https:\/\/static.africa-press.net\/guinee-bissau\/sites\/55\/2024\/11\/sm_1732468803.51681.jpg\" \/>\n\t<meta property=\"og:image:width\" content=\"1218\" \/>\n\t<meta property=\"og:image:height\" content=\"693\" \/>\n\t<meta property=\"og:image:type\" content=\"image\/jpeg\" \/>\n<meta name=\"author\" content=\"cfeditorfr\" \/>\n<meta name=\"twitter:card\" content=\"summary_large_image\" \/>\n<meta name=\"twitter:label1\" content=\"\u00c9crit par\" \/>\n\t<meta name=\"twitter:data1\" content=\"cfeditorfr\" \/>\n\t<meta name=\"twitter:label2\" content=\"Dur\u00e9e de lecture estim\u00e9e\" \/>\n\t<meta name=\"twitter:data2\" content=\"1 minute\" \/>\n<script type=\"application\/ld+json\" class=\"yoast-schema-graph\">{\"@context\":\"https:\/\/schema.org\",\"@graph\":[{\"@type\":\"Article\",\"@id\":\"https:\/\/www.africa-press.net\/guinee-bissau\/politique\/lopposition-bissau-guineenne-critique-les-declarations-du-chef-des-forces-armees#article\",\"isPartOf\":{\"@id\":\"https:\/\/www.africa-press.net\/guinee-bissau\/politique\/lopposition-bissau-guineenne-critique-les-declarations-du-chef-des-forces-armees\"},\"author\":{\"name\":\"cfeditorfr\",\"@id\":\"https:\/\/www.africa-press.net\/guinee-bissau\/#\/schema\/person\/2b1cf3cd81a31e3cd26889ca66d677f1\"},\"headline\":\"L&rsquo;Opposition Bissau-guin\u00e9enne Critique les D\u00e9clarations du Chef des Forces Arm\u00e9es\",\"datePublished\":\"2024-11-13T22:32:32+00:00\",\"dateModified\":\"2024-11-24T20:52:39+00:00\",\"mainEntityOfPage\":{\"@id\":\"https:\/\/www.africa-press.net\/guinee-bissau\/politique\/lopposition-bissau-guineenne-critique-les-declarations-du-chef-des-forces-armees\"},\"wordCount\":152,\"commentCount\":0,\"image\":{\"@id\":\"https:\/\/www.africa-press.net\/guinee-bissau\/politique\/lopposition-bissau-guineenne-critique-les-declarations-du-chef-des-forces-armees#primaryimage\"},\"thumbnailUrl\":\"https:\/\/static.africa-press.net\/guinee-bissau\/sites\/55\/2024\/11\/sm_1732468803.51681.jpg\",\"keywords\":[\"Guinee Bissau\"],\"articleSection\":[\"Politique\",\"to-homepage\",\"Toutes les actualit\u00e9s\",\"vid\u00e9o\"],\"inLanguage\":\"fr-FR\",\"potentialAction\":[{\"@type\":\"CommentAction\",\"name\":\"Comment\",\"target\":[\"https:\/\/www.africa-press.net\/guinee-bissau\/politique\/lopposition-bissau-guineenne-critique-les-declarations-du-chef-des-forces-armees#respond\"]}]},{\"@type\":\"WebPage\",\"@id\":\"https:\/\/www.africa-press.net\/guinee-bissau\/politique\/lopposition-bissau-guineenne-critique-les-declarations-du-chef-des-forces-armees\",\"url\":\"https:\/\/www.africa-press.net\/guinee-bissau\/politique\/lopposition-bissau-guineenne-critique-les-declarations-du-chef-des-forces-armees\",\"name\":\"L'Opposition Bissau-guin\u00e9enne Critique les D\u00e9clarations du Chef des Forces Arm\u00e9es - Guin\u00e9e Bissau\",\"isPartOf\":{\"@id\":\"https:\/\/www.africa-press.net\/guinee-bissau\/#website\"},\"primaryImageOfPage\":{\"@id\":\"https:\/\/www.africa-press.net\/guinee-bissau\/politique\/lopposition-bissau-guineenne-critique-les-declarations-du-chef-des-forces-armees#primaryimage\"},\"image\":{\"@id\":\"https:\/\/www.africa-press.net\/guinee-bissau\/politique\/lopposition-bissau-guineenne-critique-les-declarations-du-chef-des-forces-armees#primaryimage\"},\"thumbnailUrl\":\"https:\/\/static.africa-press.net\/guinee-bissau\/sites\/55\/2024\/11\/sm_1732468803.51681.jpg\",\"datePublished\":\"2024-11-13T22:32:32+00:00\",\"dateModified\":\"2024-11-24T20:52:39+00:00\",\"author\":{\"@id\":\"https:\/\/www.africa-press.net\/guinee-bissau\/#\/schema\/person\/2b1cf3cd81a31e3cd26889ca66d677f1\"},\"description\":\"Apre\u0300s une re\u0301union a\u0300 Bissau, les dirigeants de deux coalitions ayant pre\u0301vu trois jours de manifestations de rue contr ...\",\"breadcrumb\":{\"@id\":\"https:\/\/www.africa-press.net\/guinee-bissau\/politique\/lopposition-bissau-guineenne-critique-les-declarations-du-chef-des-forces-armees#breadcrumb\"},\"inLanguage\":\"fr-FR\",\"potentialAction\":[{\"@type\":\"ReadAction\",\"target\":[\"https:\/\/www.africa-press.net\/guinee-bissau\/politique\/lopposition-bissau-guineenne-critique-les-declarations-du-chef-des-forces-armees\"]}]},{\"@type\":\"ImageObject\",\"inLanguage\":\"fr-FR\",\"@id\":\"https:\/\/www.africa-press.net\/guinee-bissau\/politique\/lopposition-bissau-guineenne-critique-les-declarations-du-chef-des-forces-armees#primaryimage\",\"url\":\"https:\/\/static.africa-press.net\/guinee-bissau\/sites\/55\/2024\/11\/sm_1732468803.51681.jpg\",\"contentUrl\":\"https:\/\/static.africa-press.net\/guinee-bissau\/sites\/55\/2024\/11\/sm_1732468803.51681.jpg\",\"width\":1218,\"height\":693,\"caption\":\"L'Opposition Bissau-guin\u00e9enne Critique les D\u00e9clarations du Chef des Forces Arm\u00e9es\"},{\"@type\":\"BreadcrumbList\",\"@id\":\"https:\/\/www.africa-press.net\/guinee-bissau\/politique\/lopposition-bissau-guineenne-critique-les-declarations-du-chef-des-forces-armees#breadcrumb\",\"itemListElement\":[{\"@type\":\"ListItem\",\"position\":1,\"name\":\"Accueil\",\"item\":\"https:\/\/www.africa-press.net\/guinee-bissau\/\"},{\"@type\":\"ListItem\",\"position\":2,\"name\":\"L&#8217;Opposition Bissau-guin\u00e9enne Critique les D\u00e9clarations du Chef des Forces Arm\u00e9es\"}]},{\"@type\":\"WebSite\",\"@id\":\"https:\/\/www.africa-press.net\/guinee-bissau\/#website\",\"url\":\"https:\/\/www.africa-press.net\/guinee-bissau\/\",\"name\":\"Guin\u00e9e Bissau\",\"description\":\"Just another Africa News Agency Sites site\",\"potentialAction\":[{\"@type\":\"SearchAction\",\"target\":{\"@type\":\"EntryPoint\",\"urlTemplate\":\"https:\/\/www.africa-press.net\/guinee-bissau\/?s={search_term_string}\"},\"query-input\":{\"@type\":\"PropertyValueSpecification\",\"valueRequired\":true,\"valueName\":\"search_term_string\"}}],\"inLanguage\":\"fr-FR\"},{\"@type\":\"Person\",\"@id\":\"https:\/\/www.africa-press.net\/guinee-bissau\/#\/schema\/person\/2b1cf3cd81a31e3cd26889ca66d677f1\",\"name\":\"cfeditorfr\"}]}<\/script>\n<!-- \/ Yoast SEO Premium plugin. -->","yoast_head_json":{"title":"L'Opposition Bissau-guin\u00e9enne Critique les D\u00e9clarations du Chef des Forces Arm\u00e9es - Guin\u00e9e Bissau","description":"Apre\u0300s une re\u0301union a\u0300 Bissau, les dirigeants de deux coalitions ayant pre\u0301vu trois jours de manifestations de rue contr ...","robots":{"index":"index","follow":"follow","max-snippet":"max-snippet:-1","max-image-preview":"max-image-preview:large","max-video-preview":"max-video-preview:-1"},"canonical":"https:\/\/www.africa-press.net\/guinee-bissau\/politique\/lopposition-bissau-guineenne-critique-les-declarations-du-chef-des-forces-armees","og_locale":"fr_FR","og_type":"article","og_title":"L'Opposition Bissau-guin\u00e9enne Critique les D\u00e9clarations du Chef des Forces Arm\u00e9es","og_description":"Apre\u0300s une re\u0301union a\u0300 Bissau, les dirigeants de deux coalitions ayant pre\u0301vu trois jours de manifestations de rue contr ...","og_url":"https:\/\/www.africa-press.net\/guinee-bissau\/politique\/lopposition-bissau-guineenne-critique-les-declarations-du-chef-des-forces-armees","og_site_name":"Guin\u00e9e Bissau","article_published_time":"2024-11-13T22:32:32+00:00","article_modified_time":"2024-11-24T20:52:39+00:00","og_image":[{"width":1218,"height":693,"url":"https:\/\/static.africa-press.net\/guinee-bissau\/sites\/55\/2024\/11\/sm_1732468803.51681.jpg","type":"image\/jpeg"}],"author":"cfeditorfr","twitter_card":"summary_large_image","twitter_misc":{"\u00c9crit par":"cfeditorfr","Dur\u00e9e de lecture estim\u00e9e":"1 minute"},"schema":{"@context":"https:\/\/schema.org","@graph":[{"@type":"Article","@id":"https:\/\/www.africa-press.net\/guinee-bissau\/politique\/lopposition-bissau-guineenne-critique-les-declarations-du-chef-des-forces-armees#article","isPartOf":{"@id":"https:\/\/www.africa-press.net\/guinee-bissau\/politique\/lopposition-bissau-guineenne-critique-les-declarations-du-chef-des-forces-armees"},"author":{"name":"cfeditorfr","@id":"https:\/\/www.africa-press.net\/guinee-bissau\/#\/schema\/person\/2b1cf3cd81a31e3cd26889ca66d677f1"},"headline":"L&rsquo;Opposition Bissau-guin\u00e9enne Critique les D\u00e9clarations du Chef des Forces Arm\u00e9es","datePublished":"2024-11-13T22:32:32+00:00","dateModified":"2024-11-24T20:52:39+00:00","mainEntityOfPage":{"@id":"https:\/\/www.africa-press.net\/guinee-bissau\/politique\/lopposition-bissau-guineenne-critique-les-declarations-du-chef-des-forces-armees"},"wordCount":152,"commentCount":0,"image":{"@id":"https:\/\/www.africa-press.net\/guinee-bissau\/politique\/lopposition-bissau-guineenne-critique-les-declarations-du-chef-des-forces-armees#primaryimage"},"thumbnailUrl":"https:\/\/static.africa-press.net\/guinee-bissau\/sites\/55\/2024\/11\/sm_1732468803.51681.jpg","keywords":["Guinee Bissau"],"articleSection":["Politique","to-homepage","Toutes les actualit\u00e9s","vid\u00e9o"],"inLanguage":"fr-FR","potentialAction":[{"@type":"CommentAction","name":"Comment","target":["https:\/\/www.africa-press.net\/guinee-bissau\/politique\/lopposition-bissau-guineenne-critique-les-declarations-du-chef-des-forces-armees#respond"]}]},{"@type":"WebPage","@id":"https:\/\/www.africa-press.net\/guinee-bissau\/politique\/lopposition-bissau-guineenne-critique-les-declarations-du-chef-des-forces-armees","url":"https:\/\/www.africa-press.net\/guinee-bissau\/politique\/lopposition-bissau-guineenne-critique-les-declarations-du-chef-des-forces-armees","name":"L'Opposition Bissau-guin\u00e9enne Critique les D\u00e9clarations du Chef des Forces Arm\u00e9es - Guin\u00e9e Bissau","isPartOf":{"@id":"https:\/\/www.africa-press.net\/guinee-bissau\/#website"},"primaryImageOfPage":{"@id":"https:\/\/www.africa-press.net\/guinee-bissau\/politique\/lopposition-bissau-guineenne-critique-les-declarations-du-chef-des-forces-armees#primaryimage"},"image":{"@id":"https:\/\/www.africa-press.net\/guinee-bissau\/politique\/lopposition-bissau-guineenne-critique-les-declarations-du-chef-des-forces-armees#primaryimage"},"thumbnailUrl":"https:\/\/static.africa-press.net\/guinee-bissau\/sites\/55\/2024\/11\/sm_1732468803.51681.jpg","datePublished":"2024-11-13T22:32:32+00:00","dateModified":"2024-11-24T20:52:39+00:00","author":{"@id":"https:\/\/www.africa-press.net\/guinee-bissau\/#\/schema\/person\/2b1cf3cd81a31e3cd26889ca66d677f1"},"description":"Apre\u0300s une re\u0301union a\u0300 Bissau, les dirigeants de deux coalitions ayant pre\u0301vu trois jours de manifestations de rue contr ...","breadcrumb":{"@id":"https:\/\/www.africa-press.net\/guinee-bissau\/politique\/lopposition-bissau-guineenne-critique-les-declarations-du-chef-des-forces-armees#breadcrumb"},"inLanguage":"fr-FR","potentialAction":[{"@type":"ReadAction","target":["https:\/\/www.africa-press.net\/guinee-bissau\/politique\/lopposition-bissau-guineenne-critique-les-declarations-du-chef-des-forces-armees"]}]},{"@type":"ImageObject","inLanguage":"fr-FR","@id":"https:\/\/www.africa-press.net\/guinee-bissau\/politique\/lopposition-bissau-guineenne-critique-les-declarations-du-chef-des-forces-armees#primaryimage","url":"https:\/\/static.africa-press.net\/guinee-bissau\/sites\/55\/2024\/11\/sm_1732468803.51681.jpg","contentUrl":"https:\/\/static.africa-press.net\/guinee-bissau\/sites\/55\/2024\/11\/sm_1732468803.51681.jpg","width":1218,"height":693,"caption":"L'Opposition Bissau-guin\u00e9enne Critique les D\u00e9clarations du Chef des Forces Arm\u00e9es"},{"@type":"BreadcrumbList","@id":"https:\/\/www.africa-press.net\/guinee-bissau\/politique\/lopposition-bissau-guineenne-critique-les-declarations-du-chef-des-forces-armees#breadcrumb","itemListElement":[{"@type":"ListItem","position":1,"name":"Accueil","item":"https:\/\/www.africa-press.net\/guinee-bissau\/"},{"@type":"ListItem","position":2,"name":"L&#8217;Opposition Bissau-guin\u00e9enne Critique les D\u00e9clarations du Chef des Forces Arm\u00e9es"}]},{"@type":"WebSite","@id":"https:\/\/www.africa-press.net\/guinee-bissau\/#website","url":"https:\/\/www.africa-press.net\/guinee-bissau\/","name":"Guin\u00e9e Bissau","description":"Just another Africa News Agency Sites site","potentialAction":[{"@type":"SearchAction","target":{"@type":"EntryPoint","urlTemplate":"https:\/\/www.africa-press.net\/guinee-bissau\/?s={search_term_string}"},"query-input":{"@type":"PropertyValueSpecification","valueRequired":true,"valueName":"search_term_string"}}],"inLanguage":"fr-FR"},{"@type":"Person","@id":"https:\/\/www.africa-press.net\/guinee-bissau\/#\/schema\/person\/2b1cf3cd81a31e3cd26889ca66d677f1","name":"cfeditorfr"}]}},"_links":{"self":[{"href":"https:\/\/www.africa-press.net\/guinee-bissau\/wp-json\/wp\/v2\/posts\/14898","targetHints":{"allow":["GET"]}}],"collection":[{"href":"https:\/\/www.africa-press.net\/guinee-bissau\/wp-json\/wp\/v2\/posts"}],"about":[{"href":"https:\/\/www.africa-press.net\/guinee-bissau\/wp-json\/wp\/v2\/types\/post"}],"author":[{"embeddable":true,"href":"https:\/\/www.africa-press.net\/guinee-bissau\/wp-json\/wp\/v2\/users\/82"}],"replies":[{"embeddable":true,"href":"https:\/\/www.africa-press.net\/guinee-bissau\/wp-json\/wp\/v2\/comments?post=14898"}],"version-history":[{"count":0,"href":"https:\/\/www.africa-press.net\/guinee-bissau\/wp-json\/wp\/v2\/posts\/14898\/revisions"}],"wp:featuredmedia":[{"embeddable":true,"href":"https:\/\/www.africa-press.net\/guinee-bissau\/wp-json\/wp\/v2\/media\/14897"}],"wp:attachment":[{"href":"https:\/\/www.africa-press.net\/guinee-bissau\/wp-json\/wp\/v2\/media?parent=14898"}],"wp:term":[{"taxonomy":"category","embeddable":true,"href":"https:\/\/www.africa-press.net\/guinee-bissau\/wp-json\/wp\/v2\/categories?post=14898"},{"taxonomy":"post_tag","embeddable":true,"href":"https:\/\/www.africa-press.net\/guinee-bissau\/wp-json\/wp\/v2\/tags?post=14898"}],"curies":[{"name":"wp","href":"https:\/\/api.w.org\/{rel}","templated":true}]}}