{"id":1576,"date":"2022-02-01T23:20:35","date_gmt":"2022-02-01T23:20:35","guid":{"rendered":"https:\/\/www.africa-press.net\/guinee-bissau\/politique\/le-president-assure-que-la-situation-a-bissau-est-sous-controle"},"modified":"2022-02-02T00:03:45","modified_gmt":"2022-02-02T00:03:45","slug":"le-president-assure-que-la-situation-a-bissau-est-sous-controle","status":"publish","type":"post","link":"https:\/\/www.africa-press.net\/guinee-bissau\/politique\/le-president-assure-que-la-situation-a-bissau-est-sous-controle","title":{"rendered":"Le Pr\u00e9sident assure que la situation \u00e0 Bissau est \u00ab\u00a0sous contr\u00f4le\u00a0\u00bb"},"content":{"rendered":"<p><span style=\"color: #ff6600\"><strong>Africa-Press &#8211; Guinee Bissau. <\/strong><\/span>Le Pr\u00e9sident de la Guin\u00e9e-Bissau, Umaro Sissoco Embalo, a assur\u00e9 mardi 1er f\u00e9vrier au soir que son gouvernement contr\u00f4lait la situation, apr\u00e8s ce que les pays de la r\u00e9gion et l&rsquo;Union africaine ont qualifi\u00e9 de tentative de coup d&rsquo;\u00c9tat.<\/p>\n<p><b>\u00ab\u00a0Je vais bien\u00a0\u00bb,<\/b><\/p>\n<p>a \u00e9crit le Pr\u00e9sident bissau-guin\u00e9en sur son compte Twitter. \u00ab\u00a0La situation est sous contr\u00f4le gouvernemental\u00a0\u00bb. \u00ab\u00a0Tout va bien\u00a0\u00bb, avait-il dit plus t\u00f4t dans un tr\u00e8s bref entretien t\u00e9l\u00e9phonique avec l&rsquo;AFP.<\/p>\n<p>Umaro Sissoco Embalo devrait \u00ab\u00a0s&rsquo;adresser \u00e0 la Nation\u00a0\u00bb mardi soir depuis le palais pr\u00e9sidentiel, a indiqu\u00e9 son cabinet, signifiant que le chef de l&rsquo;\u00c9tat avait pu retourner \u00e0 la pr\u00e9sidence.<\/p>\n<p>La capitale de la Guin\u00e9e-Bissau, petit pays pauvre \u00e0 l&rsquo;histoire politique troubl\u00e9e, a \u00e9t\u00e9 le th\u00e9\u00e2tre mardi du dernier en date d&rsquo;une s\u00e9rie de coups de force en Afrique de l&rsquo;Ouest en moins de deux ans.<\/p>\n<p>Selon diff\u00e9rents t\u00e9moignages, des hommes en armes sont entr\u00e9s en d\u00e9but d&rsquo;apr\u00e8s-midi dans le complexe du palais du gouvernement, qui abrite les diff\u00e9rents minist\u00e8res en p\u00e9riph\u00e9rie de la capitale, pr\u00e8s de l&rsquo;a\u00e9roport, et o\u00f9 devait se tenir un Conseil des ministres extraordinaire en pr\u00e9sence du Pr\u00e9sident et du Premier ministre, Nuno Gomes Nabiam. Des t\u00e9moignages ont pr\u00e9sent\u00e9 ces hommes comme des militaires, d&rsquo;autres comme des civils.<\/p>\n<p><b>Des victimes<\/b><\/p>\n<p>Des tirs nourris ont ensuite \u00e9t\u00e9 entendus une bonne partie de l&rsquo;apr\u00e8s-midi. Les alentours du palais ont \u00e9t\u00e9 en proie \u00e0 des mouvements d&rsquo;habitants fuyant les lieux.<\/p>\n<p>Des hommes lourdement arm\u00e9s ont encercl\u00e9 le complexe, o\u00f9 le Pr\u00e9sident et les ministres \u00e9taient pr\u00e9sum\u00e9s bloqu\u00e9s, sans qu&rsquo;on sache si ces hommes \u00e9taient des mutins ou des forces loyales au pouvoir.<\/p>\n<p>Un large cordon s\u00e9curitaire a \u00e9t\u00e9 mis en place autour du palais, tenant les journalistes et les curieux \u00e0 distance. Il n&rsquo;a pas d\u00e9sign\u00e9 clairement les auteurs du coup de force, mais l&rsquo;a attribu\u00e9 aux \u00ab\u00a0d\u00e9cisions (qu&rsquo;il a) prises, notamment la lutte contre le narcotrafic et la corruption\u00a0\u00bb.<\/p>\n<p><b>R\u00e9action de la C\u00e9d\u00e9ao<\/b><\/p>\n<p>Avant le message du Pr\u00e9sident, la Communaut\u00e9 \u00e9conomique des \u00c9tats de l&rsquo;Afrique de l&rsquo;Ouest (C\u00e9d\u00e9ao) avait condamn\u00e9 cette tentative de coup d&rsquo;\u00c9tat et [assur\u00e9 tenir] les militaires responsables de l&rsquo;int\u00e9grit\u00e9 physique du Pr\u00e9sident Umaro Sissoco Embalo et des membres de son gouvernement\u00a0\u00bb.<\/p>\n<p>\u00eame son de cloche \u00e0 l&rsquo;Union africaine, dont le pr\u00e9sident de la Commission, Moussa Faki Mahamat, a dit suivre \u00ab\u00a0avec grande inqui\u00e9tude la situation en Guin\u00e9e-Bissau, marqu\u00e9e par une tentative de coup d&rsquo;\u00c9tat\u00a0\u00bb, selon un communiqu\u00e9.<\/p>\n<p>Le secr\u00e9taire g\u00e9n\u00e9ral de l&rsquo;Onu, Antonio Guterres, avait r\u00e9clam\u00e9 plus t\u00f4t dans un communiqu\u00e9 \u00ab\u00a0l&rsquo;arr\u00eat imm\u00e9diat\u00a0\u00bb des combats \u00e0 Bissau et \u00ab\u00a0le plein respect des institutions d\u00e9mocratiques du pays\u00a0\u00bb.<\/p>\n<p><b>Une s\u00e9rie de coups de force<\/b><\/p>\n<p>La Guin\u00e9e-Bissau, petit pays d&rsquo;environ deux millions d&rsquo;habitants frontalier du S\u00e9n\u00e9gal et de la Guin\u00e9e, est abonn\u00e9e aux coups de force politiques. Depuis son ind\u00e9pendance du Portugal en 1974 apr\u00e8s une longue guerre de lib\u00e9ration, elle a connu quatre putschs (le dernier en 2012), une kyrielle de tentatives de coup d&rsquo;\u00c9tat et une valse des gouvernements. Depuis 2014, elle s&rsquo;est engag\u00e9e vers un retour \u00e0 l&rsquo;ordre constitutionnel, ce qui ne l&rsquo;a pas pr\u00e9serv\u00e9e de turbulences \u00e0 r\u00e9p\u00e9tition, mais sans violence.<\/p>\n<p>Depuis d\u00e9but 2020, Umaro Sissoco Embalo, un ancien g\u00e9n\u00e9ral, est le chef de l&rsquo;\u00c9tat, \u00e0 la suite d&rsquo;une pr\u00e9sidentielle au r\u00e9sultat toujours contest\u00e9 par le Parti africain pour l&rsquo;ind\u00e9pendance de la Guin\u00e9e et du Cap Vert (PAIGC), formation dominante depuis l&rsquo;ind\u00e9pendance. M.Embalo, 49 ans, avait forc\u00e9 le destin en f\u00e9vrier 2020 en ceignant l&rsquo;\u00e9charpe de Pr\u00e9sident et en s&rsquo;installant au palais pr\u00e9sidentiel, malgr\u00e9 la persistance de la contestation.<\/p>\n<p>Au cours des derniers mois, il \u00e9tait \u00e0 couteaux tir\u00e9s avec le Premier ministre et la menace d&rsquo;un limogeage de ce dernier comme celle d&rsquo;une dissolution du parlement planaient constamment sur la vie politique nationale.<\/p>\n<p>Ces \u00e9v\u00e8nements \u00e9voquent immanquablement les putschs en s\u00e9rie qui agitent l&rsquo;Afrique de l&rsquo;Ouest depuis 2020: au Mali en ao\u00fbt de cette ann\u00e9e-l\u00e0 et \u00e0 nouveau en mai 2021, en Guin\u00e9e en septembre 2021 et au Burkina Faso en janvier de cette ann\u00e9e. La situation dans ces diff\u00e9rents pays devait \u00eatre discut\u00e9e cette semaine lors d&rsquo;un sommet de la C\u00e9d\u00e9ao.<\/p>\n<p><strong>Pour plus d&rsquo;informations et d&rsquo;analyses sur la <a href=\"https:\/\/www.africa-press.net\/guinee-bissau\">Guinee Bissau<\/a>, suivez <a href=\"https:\/\/www.africa-press.net\/\">Africa-Press<\/a><\/strong><\/p>\n","protected":false},"excerpt":{"rendered":"<p>Africa-Press &#8211; Guinee Bissau. Le Pr\u00e9sident de la Guin\u00e9e-Bissau, Umaro Sissoco Embalo, a assur\u00e9 mardi 1er f\u00e9vrier au soir que son gouvernement contr\u00f4lait la situation, apr\u00e8s ce que les pays de la r\u00e9gion et l&rsquo;Union africaine ont qualifi\u00e9 de tentative de coup d&rsquo;\u00c9tat. \u00ab\u00a0Je vais bien\u00a0\u00bb, a \u00e9crit le Pr\u00e9sident bissau-guin\u00e9en sur son compte Twitter. [&hellip;]<\/p>\n","protected":false},"author":82,"featured_media":1575,"comment_status":"open","ping_status":"closed","sticky":false,"template":"","format":"standard","meta":{"footnotes":""},"categories":[11,2,51,20,10],"tags":[36,49,50],"class_list":["post-1576","post","type-post","status-publish","format-standard","has-post-thumbnail","hentry","category-homepage-french","category-politique","category-to-homepage","category-top-nouvelles","category-toutes-les-actualites","tag-africa-press","tag-africa-press-guinee-bissau","tag-guinee-bissau"],"yoast_head":"<!-- This site is optimized with the Yoast SEO Premium plugin v26.1 (Yoast SEO v27.0) - https:\/\/yoast.com\/product\/yoast-seo-premium-wordpress\/ -->\n<title>Le Pr\u00e9sident assure que la situation \u00e0 Bissau est &quot;sous contr\u00f4le&quot; - Guin\u00e9e Bissau<\/title>\n<meta name=\"description\" content=\"Le Pr\u00e9sident de la Guin\u00e9e-Bissau, Umaro Sissoco Embalo, a assur\u00e9 mardi 1er f\u00e9vrier au soir que son gouvernement contr\u00f4la ...\" \/>\n<meta name=\"robots\" content=\"index, follow, max-snippet:-1, max-image-preview:large, max-video-preview:-1\" \/>\n<link rel=\"canonical\" href=\"https:\/\/www.africa-press.net\/guinee-bissau\/politique\/le-president-assure-que-la-situation-a-bissau-est-sous-controle\" \/>\n<meta property=\"og:locale\" content=\"fr_FR\" \/>\n<meta property=\"og:type\" content=\"article\" \/>\n<meta property=\"og:title\" content=\"Le Pr\u00e9sident assure que la situation \u00e0 Bissau est &quot;sous contr\u00f4le&quot;\" \/>\n<meta property=\"og:description\" content=\"Le Pr\u00e9sident de la Guin\u00e9e-Bissau, Umaro Sissoco Embalo, a assur\u00e9 mardi 1er f\u00e9vrier au soir que son gouvernement contr\u00f4la ...\" \/>\n<meta property=\"og:url\" content=\"https:\/\/www.africa-press.net\/guinee-bissau\/politique\/le-president-assure-que-la-situation-a-bissau-est-sous-controle\" \/>\n<meta property=\"og:site_name\" content=\"Guin\u00e9e Bissau\" \/>\n<meta property=\"article:published_time\" content=\"2022-02-01T23:20:35+00:00\" \/>\n<meta property=\"article:modified_time\" content=\"2022-02-02T00:03:45+00:00\" \/>\n<meta property=\"og:image\" content=\"https:\/\/static.africa-press.net\/guinee-bissau\/sites\/55\/2022\/02\/img-61f9ca4fd99d7.jpg\" \/>\n\t<meta property=\"og:image:width\" content=\"736\" \/>\n\t<meta property=\"og:image:height\" content=\"425\" \/>\n\t<meta property=\"og:image:type\" content=\"image\/jpeg\" \/>\n<meta name=\"author\" content=\"cfeditorfr\" \/>\n<meta name=\"twitter:card\" content=\"summary_large_image\" \/>\n<meta name=\"twitter:label1\" content=\"\u00c9crit par\" \/>\n\t<meta name=\"twitter:data1\" content=\"cfeditorfr\" \/>\n\t<meta name=\"twitter:label2\" content=\"Dur\u00e9e de lecture estim\u00e9e\" \/>\n\t<meta name=\"twitter:data2\" content=\"4 minutes\" \/>\n<script type=\"application\/ld+json\" class=\"yoast-schema-graph\">{\"@context\":\"https:\/\/schema.org\",\"@graph\":[{\"@type\":\"Article\",\"@id\":\"https:\/\/www.africa-press.net\/guinee-bissau\/politique\/le-president-assure-que-la-situation-a-bissau-est-sous-controle#article\",\"isPartOf\":{\"@id\":\"https:\/\/www.africa-press.net\/guinee-bissau\/politique\/le-president-assure-que-la-situation-a-bissau-est-sous-controle\"},\"author\":{\"name\":\"cfeditorfr\",\"@id\":\"https:\/\/www.africa-press.net\/guinee-bissau\/#\/schema\/person\/2b1cf3cd81a31e3cd26889ca66d677f1\"},\"headline\":\"Le Pr\u00e9sident assure que la situation \u00e0 Bissau est \u00ab\u00a0sous contr\u00f4le\u00a0\u00bb\",\"datePublished\":\"2022-02-01T23:20:35+00:00\",\"dateModified\":\"2022-02-02T00:03:45+00:00\",\"mainEntityOfPage\":{\"@id\":\"https:\/\/www.africa-press.net\/guinee-bissau\/politique\/le-president-assure-que-la-situation-a-bissau-est-sous-controle\"},\"wordCount\":822,\"commentCount\":0,\"image\":{\"@id\":\"https:\/\/www.africa-press.net\/guinee-bissau\/politique\/le-president-assure-que-la-situation-a-bissau-est-sous-controle#primaryimage\"},\"thumbnailUrl\":\"https:\/\/static.africa-press.net\/guinee-bissau\/sites\/55\/2022\/02\/img-61f9ca4fd99d7.jpg\",\"keywords\":[\"Africa Press\",\"Africa Press-Guinee Bissau\",\"Guinee Bissau\"],\"articleSection\":[\"homepage-french\",\"Politique\",\"to-homepage\",\"Top Nouvelles\",\"Toutes les actualit\u00e9s\"],\"inLanguage\":\"fr-FR\",\"potentialAction\":[{\"@type\":\"CommentAction\",\"name\":\"Comment\",\"target\":[\"https:\/\/www.africa-press.net\/guinee-bissau\/politique\/le-president-assure-que-la-situation-a-bissau-est-sous-controle#respond\"]}]},{\"@type\":\"WebPage\",\"@id\":\"https:\/\/www.africa-press.net\/guinee-bissau\/politique\/le-president-assure-que-la-situation-a-bissau-est-sous-controle\",\"url\":\"https:\/\/www.africa-press.net\/guinee-bissau\/politique\/le-president-assure-que-la-situation-a-bissau-est-sous-controle\",\"name\":\"Le Pr\u00e9sident assure que la situation \u00e0 Bissau est \\\"sous contr\u00f4le\\\" - Guin\u00e9e Bissau\",\"isPartOf\":{\"@id\":\"https:\/\/www.africa-press.net\/guinee-bissau\/#website\"},\"primaryImageOfPage\":{\"@id\":\"https:\/\/www.africa-press.net\/guinee-bissau\/politique\/le-president-assure-que-la-situation-a-bissau-est-sous-controle#primaryimage\"},\"image\":{\"@id\":\"https:\/\/www.africa-press.net\/guinee-bissau\/politique\/le-president-assure-que-la-situation-a-bissau-est-sous-controle#primaryimage\"},\"thumbnailUrl\":\"https:\/\/static.africa-press.net\/guinee-bissau\/sites\/55\/2022\/02\/img-61f9ca4fd99d7.jpg\",\"datePublished\":\"2022-02-01T23:20:35+00:00\",\"dateModified\":\"2022-02-02T00:03:45+00:00\",\"author\":{\"@id\":\"https:\/\/www.africa-press.net\/guinee-bissau\/#\/schema\/person\/2b1cf3cd81a31e3cd26889ca66d677f1\"},\"description\":\"Le Pr\u00e9sident de la Guin\u00e9e-Bissau, Umaro Sissoco Embalo, a assur\u00e9 mardi 1er f\u00e9vrier au soir que son gouvernement contr\u00f4la ...\",\"breadcrumb\":{\"@id\":\"https:\/\/www.africa-press.net\/guinee-bissau\/politique\/le-president-assure-que-la-situation-a-bissau-est-sous-controle#breadcrumb\"},\"inLanguage\":\"fr-FR\",\"potentialAction\":[{\"@type\":\"ReadAction\",\"target\":[\"https:\/\/www.africa-press.net\/guinee-bissau\/politique\/le-president-assure-que-la-situation-a-bissau-est-sous-controle\"]}]},{\"@type\":\"ImageObject\",\"inLanguage\":\"fr-FR\",\"@id\":\"https:\/\/www.africa-press.net\/guinee-bissau\/politique\/le-president-assure-que-la-situation-a-bissau-est-sous-controle#primaryimage\",\"url\":\"https:\/\/static.africa-press.net\/guinee-bissau\/sites\/55\/2022\/02\/img-61f9ca4fd99d7.jpg\",\"contentUrl\":\"https:\/\/static.africa-press.net\/guinee-bissau\/sites\/55\/2022\/02\/img-61f9ca4fd99d7.jpg\",\"width\":736,\"height\":425,\"caption\":\"Le Pr\u00e9sident assure que la situation \u00e0 Bissau est \\\"sous contr\u00f4le\\\"\"},{\"@type\":\"BreadcrumbList\",\"@id\":\"https:\/\/www.africa-press.net\/guinee-bissau\/politique\/le-president-assure-que-la-situation-a-bissau-est-sous-controle#breadcrumb\",\"itemListElement\":[{\"@type\":\"ListItem\",\"position\":1,\"name\":\"Accueil\",\"item\":\"https:\/\/www.africa-press.net\/guinee-bissau\/\"},{\"@type\":\"ListItem\",\"position\":2,\"name\":\"Le Pr\u00e9sident assure que la situation \u00e0 Bissau est &#8220;sous contr\u00f4le&#8221;\"}]},{\"@type\":\"WebSite\",\"@id\":\"https:\/\/www.africa-press.net\/guinee-bissau\/#website\",\"url\":\"https:\/\/www.africa-press.net\/guinee-bissau\/\",\"name\":\"Guin\u00e9e Bissau\",\"description\":\"Just another Africa News Agency Sites site\",\"potentialAction\":[{\"@type\":\"SearchAction\",\"target\":{\"@type\":\"EntryPoint\",\"urlTemplate\":\"https:\/\/www.africa-press.net\/guinee-bissau\/?s={search_term_string}\"},\"query-input\":{\"@type\":\"PropertyValueSpecification\",\"valueRequired\":true,\"valueName\":\"search_term_string\"}}],\"inLanguage\":\"fr-FR\"},{\"@type\":\"Person\",\"@id\":\"https:\/\/www.africa-press.net\/guinee-bissau\/#\/schema\/person\/2b1cf3cd81a31e3cd26889ca66d677f1\",\"name\":\"cfeditorfr\"}]}<\/script>\n<!-- \/ Yoast SEO Premium plugin. -->","yoast_head_json":{"title":"Le Pr\u00e9sident assure que la situation \u00e0 Bissau est \"sous contr\u00f4le\" - Guin\u00e9e Bissau","description":"Le Pr\u00e9sident de la Guin\u00e9e-Bissau, Umaro Sissoco Embalo, a assur\u00e9 mardi 1er f\u00e9vrier au soir que son gouvernement contr\u00f4la ...","robots":{"index":"index","follow":"follow","max-snippet":"max-snippet:-1","max-image-preview":"max-image-preview:large","max-video-preview":"max-video-preview:-1"},"canonical":"https:\/\/www.africa-press.net\/guinee-bissau\/politique\/le-president-assure-que-la-situation-a-bissau-est-sous-controle","og_locale":"fr_FR","og_type":"article","og_title":"Le Pr\u00e9sident assure que la situation \u00e0 Bissau est \"sous contr\u00f4le\"","og_description":"Le Pr\u00e9sident de la Guin\u00e9e-Bissau, Umaro Sissoco Embalo, a assur\u00e9 mardi 1er f\u00e9vrier au soir que son gouvernement contr\u00f4la ...","og_url":"https:\/\/www.africa-press.net\/guinee-bissau\/politique\/le-president-assure-que-la-situation-a-bissau-est-sous-controle","og_site_name":"Guin\u00e9e Bissau","article_published_time":"2022-02-01T23:20:35+00:00","article_modified_time":"2022-02-02T00:03:45+00:00","og_image":[{"width":736,"height":425,"url":"https:\/\/static.africa-press.net\/guinee-bissau\/sites\/55\/2022\/02\/img-61f9ca4fd99d7.jpg","type":"image\/jpeg"}],"author":"cfeditorfr","twitter_card":"summary_large_image","twitter_misc":{"\u00c9crit par":"cfeditorfr","Dur\u00e9e de lecture estim\u00e9e":"4 minutes"},"schema":{"@context":"https:\/\/schema.org","@graph":[{"@type":"Article","@id":"https:\/\/www.africa-press.net\/guinee-bissau\/politique\/le-president-assure-que-la-situation-a-bissau-est-sous-controle#article","isPartOf":{"@id":"https:\/\/www.africa-press.net\/guinee-bissau\/politique\/le-president-assure-que-la-situation-a-bissau-est-sous-controle"},"author":{"name":"cfeditorfr","@id":"https:\/\/www.africa-press.net\/guinee-bissau\/#\/schema\/person\/2b1cf3cd81a31e3cd26889ca66d677f1"},"headline":"Le Pr\u00e9sident assure que la situation \u00e0 Bissau est \u00ab\u00a0sous contr\u00f4le\u00a0\u00bb","datePublished":"2022-02-01T23:20:35+00:00","dateModified":"2022-02-02T00:03:45+00:00","mainEntityOfPage":{"@id":"https:\/\/www.africa-press.net\/guinee-bissau\/politique\/le-president-assure-que-la-situation-a-bissau-est-sous-controle"},"wordCount":822,"commentCount":0,"image":{"@id":"https:\/\/www.africa-press.net\/guinee-bissau\/politique\/le-president-assure-que-la-situation-a-bissau-est-sous-controle#primaryimage"},"thumbnailUrl":"https:\/\/static.africa-press.net\/guinee-bissau\/sites\/55\/2022\/02\/img-61f9ca4fd99d7.jpg","keywords":["Africa Press","Africa Press-Guinee Bissau","Guinee Bissau"],"articleSection":["homepage-french","Politique","to-homepage","Top Nouvelles","Toutes les actualit\u00e9s"],"inLanguage":"fr-FR","potentialAction":[{"@type":"CommentAction","name":"Comment","target":["https:\/\/www.africa-press.net\/guinee-bissau\/politique\/le-president-assure-que-la-situation-a-bissau-est-sous-controle#respond"]}]},{"@type":"WebPage","@id":"https:\/\/www.africa-press.net\/guinee-bissau\/politique\/le-president-assure-que-la-situation-a-bissau-est-sous-controle","url":"https:\/\/www.africa-press.net\/guinee-bissau\/politique\/le-president-assure-que-la-situation-a-bissau-est-sous-controle","name":"Le Pr\u00e9sident assure que la situation \u00e0 Bissau est \"sous contr\u00f4le\" - Guin\u00e9e Bissau","isPartOf":{"@id":"https:\/\/www.africa-press.net\/guinee-bissau\/#website"},"primaryImageOfPage":{"@id":"https:\/\/www.africa-press.net\/guinee-bissau\/politique\/le-president-assure-que-la-situation-a-bissau-est-sous-controle#primaryimage"},"image":{"@id":"https:\/\/www.africa-press.net\/guinee-bissau\/politique\/le-president-assure-que-la-situation-a-bissau-est-sous-controle#primaryimage"},"thumbnailUrl":"https:\/\/static.africa-press.net\/guinee-bissau\/sites\/55\/2022\/02\/img-61f9ca4fd99d7.jpg","datePublished":"2022-02-01T23:20:35+00:00","dateModified":"2022-02-02T00:03:45+00:00","author":{"@id":"https:\/\/www.africa-press.net\/guinee-bissau\/#\/schema\/person\/2b1cf3cd81a31e3cd26889ca66d677f1"},"description":"Le Pr\u00e9sident de la Guin\u00e9e-Bissau, Umaro Sissoco Embalo, a assur\u00e9 mardi 1er f\u00e9vrier au soir que son gouvernement contr\u00f4la ...","breadcrumb":{"@id":"https:\/\/www.africa-press.net\/guinee-bissau\/politique\/le-president-assure-que-la-situation-a-bissau-est-sous-controle#breadcrumb"},"inLanguage":"fr-FR","potentialAction":[{"@type":"ReadAction","target":["https:\/\/www.africa-press.net\/guinee-bissau\/politique\/le-president-assure-que-la-situation-a-bissau-est-sous-controle"]}]},{"@type":"ImageObject","inLanguage":"fr-FR","@id":"https:\/\/www.africa-press.net\/guinee-bissau\/politique\/le-president-assure-que-la-situation-a-bissau-est-sous-controle#primaryimage","url":"https:\/\/static.africa-press.net\/guinee-bissau\/sites\/55\/2022\/02\/img-61f9ca4fd99d7.jpg","contentUrl":"https:\/\/static.africa-press.net\/guinee-bissau\/sites\/55\/2022\/02\/img-61f9ca4fd99d7.jpg","width":736,"height":425,"caption":"Le Pr\u00e9sident assure que la situation \u00e0 Bissau est \"sous contr\u00f4le\""},{"@type":"BreadcrumbList","@id":"https:\/\/www.africa-press.net\/guinee-bissau\/politique\/le-president-assure-que-la-situation-a-bissau-est-sous-controle#breadcrumb","itemListElement":[{"@type":"ListItem","position":1,"name":"Accueil","item":"https:\/\/www.africa-press.net\/guinee-bissau\/"},{"@type":"ListItem","position":2,"name":"Le Pr\u00e9sident assure que la situation \u00e0 Bissau est &#8220;sous contr\u00f4le&#8221;"}]},{"@type":"WebSite","@id":"https:\/\/www.africa-press.net\/guinee-bissau\/#website","url":"https:\/\/www.africa-press.net\/guinee-bissau\/","name":"Guin\u00e9e Bissau","description":"Just another Africa News Agency Sites site","potentialAction":[{"@type":"SearchAction","target":{"@type":"EntryPoint","urlTemplate":"https:\/\/www.africa-press.net\/guinee-bissau\/?s={search_term_string}"},"query-input":{"@type":"PropertyValueSpecification","valueRequired":true,"valueName":"search_term_string"}}],"inLanguage":"fr-FR"},{"@type":"Person","@id":"https:\/\/www.africa-press.net\/guinee-bissau\/#\/schema\/person\/2b1cf3cd81a31e3cd26889ca66d677f1","name":"cfeditorfr"}]}},"_links":{"self":[{"href":"https:\/\/www.africa-press.net\/guinee-bissau\/wp-json\/wp\/v2\/posts\/1576","targetHints":{"allow":["GET"]}}],"collection":[{"href":"https:\/\/www.africa-press.net\/guinee-bissau\/wp-json\/wp\/v2\/posts"}],"about":[{"href":"https:\/\/www.africa-press.net\/guinee-bissau\/wp-json\/wp\/v2\/types\/post"}],"author":[{"embeddable":true,"href":"https:\/\/www.africa-press.net\/guinee-bissau\/wp-json\/wp\/v2\/users\/82"}],"replies":[{"embeddable":true,"href":"https:\/\/www.africa-press.net\/guinee-bissau\/wp-json\/wp\/v2\/comments?post=1576"}],"version-history":[{"count":0,"href":"https:\/\/www.africa-press.net\/guinee-bissau\/wp-json\/wp\/v2\/posts\/1576\/revisions"}],"wp:featuredmedia":[{"embeddable":true,"href":"https:\/\/www.africa-press.net\/guinee-bissau\/wp-json\/wp\/v2\/media\/1575"}],"wp:attachment":[{"href":"https:\/\/www.africa-press.net\/guinee-bissau\/wp-json\/wp\/v2\/media?parent=1576"}],"wp:term":[{"taxonomy":"category","embeddable":true,"href":"https:\/\/www.africa-press.net\/guinee-bissau\/wp-json\/wp\/v2\/categories?post=1576"},{"taxonomy":"post_tag","embeddable":true,"href":"https:\/\/www.africa-press.net\/guinee-bissau\/wp-json\/wp\/v2\/tags?post=1576"}],"curies":[{"name":"wp","href":"https:\/\/api.w.org\/{rel}","templated":true}]}}