{"id":1583,"date":"2022-02-01T23:00:30","date_gmt":"2022-02-01T23:00:30","guid":{"rendered":"https:\/\/www.africa-press.net\/guinee-bissau\/politique\/embalo-il-y-a-eu-beaucoup-de-morts-mais-je-vais-bien"},"modified":"2022-02-02T00:05:38","modified_gmt":"2022-02-02T00:05:38","slug":"embalo-il-y-a-eu-beaucoup-de-morts-mais-je-vais-bien","status":"publish","type":"post","link":"https:\/\/www.africa-press.net\/guinee-bissau\/politique\/embalo-il-y-a-eu-beaucoup-de-morts-mais-je-vais-bien","title":{"rendered":"Embal\u00f3 : \u00ab Il y a eu beaucoup de morts mais je vais bien \u00bb"},"content":{"rendered":"<p><span style=\"color: #ff6600\"><strong>Africa-Press &#8211; Guinee Bissau. <\/strong><\/span>Joint par Jeune Afrique, le pr\u00e9sident Umaro Sissoco Embal\u00f3 a affirm\u00e9 se trouver en s\u00e9curit\u00e9. La situation restait confuse alors que, depuis le d\u00e9but de l\u2019apr\u00e8s-midi de ce mardi, une tentative de coup d\u2019\u00c9tat \u00e9tait en cours.<\/p>\n<p>\u00ab Je vais bien, la situation a \u00e9t\u00e9 maitris\u00e9e \u00bb, a affirm\u00e9 le pr\u00e9sident Umaro Sissoco Embal\u00f3 \u00e0 Jeune Afrique, aux alentours de 19h, heure locale. Joint par t\u00e9l\u00e9phone, le chef de l\u2019\u00c9tat bissau-guin\u00e9en a assur\u00e9 se trouver au palais pr\u00e9sidentiel. Il a pr\u00e9cis\u00e9 que les tirs, nourris, avaient dur\u00e9 5 heures et qu\u2019il y avait \u00ab beaucoup de morts \u00bb. \u00ab Ils sont le fait d\u2019\u00e9l\u00e9ments isol\u00e9s \u00bb, a-t-il ajout\u00e9.<\/p>\n<p>La situation restait confuse \u00e0 Bissau, ce mardi 1er f\u00e9vrier au soir, alors qu\u2019au d\u00e9but de l\u2019apr\u00e8s-midi des tirs ont retenti dans le secteur du palais du gouvernement. Le pr\u00e9sident Umaro Sissoco Embal\u00f3 ainsi que son Premier ministre, Nuno Gomes Nabiam, et des ministres, s\u2019y trouvaient pour un conseil des ministres extraordinaire. Le b\u00e2timent \u00e9tait encercl\u00e9 par des hommes lourdement arm\u00e9s.<\/p>\n<p>Dans l\u2019apr\u00e8s-midi, les militaires autour du palais du gouvernement, situ\u00e9 \u00e0 la p\u00e9riph\u00e9rie de la ville, non loin de l\u2019a\u00e9roport, tenaient les gens \u00e0 distance. Un correspondant de l\u2019AFP a rapport\u00e9 qu\u2019un homme l\u2019avait somm\u00e9 de s\u2019\u00e9loigner en le braquant avec son arme. Les alentours \u00e9taient en proie \u00e0 des mouvements d\u2019habitants fuyant les lieux. Les march\u00e9s se sont vid\u00e9s et les banques ont ferm\u00e9 leurs portes. De nombreux v\u00e9hicules militaires charg\u00e9s de soldats sillonnaient les rues.<\/p>\n<p>Tensions au sein de l\u2019ex\u00e9cutif Un communiqu\u00e9 de la Cedeao diffus\u00e9 dans l\u2019apr\u00e8s-midi tenait \u00ab les militaires [pour] responsables de l\u2019int\u00e9grit\u00e9 physique \u00bb du chef de l\u2019\u00c9tat et leur demandait de \u00ab retourner dans leurs casernes \u00bb. Communiqu\u00e9 de la CEDEAO sur la Guin\u00e9e Bissau pic.twitter.com\/2ZSF60L1mQ \u2014 ECOWAS-CEDEAO (@ecowas_cedeao) February 1, 2022<\/p>\n<p>Cela intervient moins d\u2019une semaine apr\u00e8s un remaniement minist\u00e9riel, op\u00e9r\u00e9 le 24 janvier dernier, lors duquel le secr\u00e9taire d\u2019\u00c9tat \u00e0 l\u2019ordre public, Albert Malu, a \u00e9t\u00e9 limog\u00e9. Il \u00e9tait en premi\u00e8re ligne du conflit qui opposait ces derni\u00e8res semaines le gouvernement et le pr\u00e9sident autour d\u2019un airbus A340 venu de Banjul avec l\u2019accord pr\u00e9sidentiel. Le Premier ministre avait d\u2019abord d\u00e9clar\u00e9 que l\u2019avion transportait une cargaison suspecte et \u00e9tait entr\u00e9 ill\u00e9galement dans le pays, avant de revenir sur ses dires.<\/p>\n<p><strong>Pour plus d&rsquo;informations et d&rsquo;analyses sur la <a href=\"https:\/\/www.africa-press.net\/guinee-bissau\">Guinee Bissau<\/a>, suivez <a href=\"https:\/\/www.africa-press.net\/\">Africa-Press<\/a><\/strong><\/p>\n","protected":false},"excerpt":{"rendered":"<p>Africa-Press &#8211; Guinee Bissau. Joint par Jeune Afrique, le pr\u00e9sident Umaro Sissoco Embal\u00f3 a affirm\u00e9 se trouver en s\u00e9curit\u00e9. La situation restait confuse alors que, depuis le d\u00e9but de l\u2019apr\u00e8s-midi de ce mardi, une tentative de coup d\u2019\u00c9tat \u00e9tait en cours. \u00ab Je vais bien, la situation a \u00e9t\u00e9 maitris\u00e9e \u00bb, a affirm\u00e9 le pr\u00e9sident [&hellip;]<\/p>\n","protected":false},"author":82,"featured_media":1582,"comment_status":"open","ping_status":"closed","sticky":false,"template":"","format":"standard","meta":{"footnotes":""},"categories":[11,2,10],"tags":[36,49,50],"class_list":["post-1583","post","type-post","status-publish","format-standard","has-post-thumbnail","hentry","category-homepage-french","category-politique","category-toutes-les-actualites","tag-africa-press","tag-africa-press-guinee-bissau","tag-guinee-bissau"],"yoast_head":"<!-- This site is optimized with the Yoast SEO Premium plugin v26.1 (Yoast SEO v27.0) - https:\/\/yoast.com\/product\/yoast-seo-premium-wordpress\/ -->\n<title>Embal\u00f3 : \u00ab Il y a eu beaucoup de morts mais je vais bien \u00bb - Guin\u00e9e Bissau<\/title>\n<meta name=\"description\" content=\"Joint par Jeune Afrique, le pr\u00e9sident Umaro Sissoco Embal\u00f3 a affirm\u00e9 se trouver en s\u00e9curit\u00e9. La situation restait confus ...\" \/>\n<meta name=\"robots\" content=\"index, follow, max-snippet:-1, max-image-preview:large, max-video-preview:-1\" \/>\n<link rel=\"canonical\" href=\"https:\/\/www.africa-press.net\/guinee-bissau\/politique\/embalo-il-y-a-eu-beaucoup-de-morts-mais-je-vais-bien\" \/>\n<meta property=\"og:locale\" content=\"fr_FR\" \/>\n<meta property=\"og:type\" content=\"article\" \/>\n<meta property=\"og:title\" content=\"Embal\u00f3 : \u00ab Il y a eu beaucoup de morts mais je vais bien \u00bb\" \/>\n<meta property=\"og:description\" content=\"Joint par Jeune Afrique, le pr\u00e9sident Umaro Sissoco Embal\u00f3 a affirm\u00e9 se trouver en s\u00e9curit\u00e9. La situation restait confus ...\" \/>\n<meta property=\"og:url\" content=\"https:\/\/www.africa-press.net\/guinee-bissau\/politique\/embalo-il-y-a-eu-beaucoup-de-morts-mais-je-vais-bien\" \/>\n<meta property=\"og:site_name\" content=\"Guin\u00e9e Bissau\" \/>\n<meta property=\"article:published_time\" content=\"2022-02-01T23:00:30+00:00\" \/>\n<meta property=\"article:modified_time\" content=\"2022-02-02T00:05:38+00:00\" \/>\n<meta property=\"og:image\" content=\"https:\/\/static.africa-press.net\/guinee-bissau\/sites\/55\/2022\/02\/img-61f9cabdcb0a5.jpg\" \/>\n\t<meta property=\"og:image:width\" content=\"1261\" \/>\n\t<meta property=\"og:image:height\" content=\"1261\" \/>\n\t<meta property=\"og:image:type\" content=\"image\/jpeg\" \/>\n<meta name=\"author\" content=\"cfeditorfr\" \/>\n<meta name=\"twitter:card\" content=\"summary_large_image\" \/>\n<meta name=\"twitter:label1\" content=\"\u00c9crit par\" \/>\n\t<meta name=\"twitter:data1\" content=\"cfeditorfr\" \/>\n\t<meta name=\"twitter:label2\" content=\"Dur\u00e9e de lecture estim\u00e9e\" \/>\n\t<meta name=\"twitter:data2\" content=\"2 minutes\" \/>\n<script type=\"application\/ld+json\" class=\"yoast-schema-graph\">{\"@context\":\"https:\/\/schema.org\",\"@graph\":[{\"@type\":\"Article\",\"@id\":\"https:\/\/www.africa-press.net\/guinee-bissau\/politique\/embalo-il-y-a-eu-beaucoup-de-morts-mais-je-vais-bien#article\",\"isPartOf\":{\"@id\":\"https:\/\/www.africa-press.net\/guinee-bissau\/politique\/embalo-il-y-a-eu-beaucoup-de-morts-mais-je-vais-bien\"},\"author\":{\"name\":\"cfeditorfr\",\"@id\":\"https:\/\/www.africa-press.net\/guinee-bissau\/#\/schema\/person\/2b1cf3cd81a31e3cd26889ca66d677f1\"},\"headline\":\"Embal\u00f3 : \u00ab Il y a eu beaucoup de morts mais je vais bien \u00bb\",\"datePublished\":\"2022-02-01T23:00:30+00:00\",\"dateModified\":\"2022-02-02T00:05:38+00:00\",\"mainEntityOfPage\":{\"@id\":\"https:\/\/www.africa-press.net\/guinee-bissau\/politique\/embalo-il-y-a-eu-beaucoup-de-morts-mais-je-vais-bien\"},\"wordCount\":458,\"commentCount\":0,\"image\":{\"@id\":\"https:\/\/www.africa-press.net\/guinee-bissau\/politique\/embalo-il-y-a-eu-beaucoup-de-morts-mais-je-vais-bien#primaryimage\"},\"thumbnailUrl\":\"https:\/\/static.africa-press.net\/guinee-bissau\/sites\/55\/2022\/02\/img-61f9cabdcb0a5.jpg\",\"keywords\":[\"Africa Press\",\"Africa Press-Guinee Bissau\",\"Guinee Bissau\"],\"articleSection\":[\"homepage-french\",\"Politique\",\"Toutes les actualit\u00e9s\"],\"inLanguage\":\"fr-FR\",\"potentialAction\":[{\"@type\":\"CommentAction\",\"name\":\"Comment\",\"target\":[\"https:\/\/www.africa-press.net\/guinee-bissau\/politique\/embalo-il-y-a-eu-beaucoup-de-morts-mais-je-vais-bien#respond\"]}]},{\"@type\":\"WebPage\",\"@id\":\"https:\/\/www.africa-press.net\/guinee-bissau\/politique\/embalo-il-y-a-eu-beaucoup-de-morts-mais-je-vais-bien\",\"url\":\"https:\/\/www.africa-press.net\/guinee-bissau\/politique\/embalo-il-y-a-eu-beaucoup-de-morts-mais-je-vais-bien\",\"name\":\"Embal\u00f3 : \u00ab Il y a eu beaucoup de morts mais je vais bien \u00bb - Guin\u00e9e Bissau\",\"isPartOf\":{\"@id\":\"https:\/\/www.africa-press.net\/guinee-bissau\/#website\"},\"primaryImageOfPage\":{\"@id\":\"https:\/\/www.africa-press.net\/guinee-bissau\/politique\/embalo-il-y-a-eu-beaucoup-de-morts-mais-je-vais-bien#primaryimage\"},\"image\":{\"@id\":\"https:\/\/www.africa-press.net\/guinee-bissau\/politique\/embalo-il-y-a-eu-beaucoup-de-morts-mais-je-vais-bien#primaryimage\"},\"thumbnailUrl\":\"https:\/\/static.africa-press.net\/guinee-bissau\/sites\/55\/2022\/02\/img-61f9cabdcb0a5.jpg\",\"datePublished\":\"2022-02-01T23:00:30+00:00\",\"dateModified\":\"2022-02-02T00:05:38+00:00\",\"author\":{\"@id\":\"https:\/\/www.africa-press.net\/guinee-bissau\/#\/schema\/person\/2b1cf3cd81a31e3cd26889ca66d677f1\"},\"description\":\"Joint par Jeune Afrique, le pr\u00e9sident Umaro Sissoco Embal\u00f3 a affirm\u00e9 se trouver en s\u00e9curit\u00e9. La situation restait confus ...\",\"breadcrumb\":{\"@id\":\"https:\/\/www.africa-press.net\/guinee-bissau\/politique\/embalo-il-y-a-eu-beaucoup-de-morts-mais-je-vais-bien#breadcrumb\"},\"inLanguage\":\"fr-FR\",\"potentialAction\":[{\"@type\":\"ReadAction\",\"target\":[\"https:\/\/www.africa-press.net\/guinee-bissau\/politique\/embalo-il-y-a-eu-beaucoup-de-morts-mais-je-vais-bien\"]}]},{\"@type\":\"ImageObject\",\"inLanguage\":\"fr-FR\",\"@id\":\"https:\/\/www.africa-press.net\/guinee-bissau\/politique\/embalo-il-y-a-eu-beaucoup-de-morts-mais-je-vais-bien#primaryimage\",\"url\":\"https:\/\/static.africa-press.net\/guinee-bissau\/sites\/55\/2022\/02\/img-61f9cabdcb0a5.jpg\",\"contentUrl\":\"https:\/\/static.africa-press.net\/guinee-bissau\/sites\/55\/2022\/02\/img-61f9cabdcb0a5.jpg\",\"width\":1261,\"height\":1261,\"caption\":\"Embal\u00f3 : \u00ab Il y a eu beaucoup de morts mais je vais bien \u00bb\"},{\"@type\":\"BreadcrumbList\",\"@id\":\"https:\/\/www.africa-press.net\/guinee-bissau\/politique\/embalo-il-y-a-eu-beaucoup-de-morts-mais-je-vais-bien#breadcrumb\",\"itemListElement\":[{\"@type\":\"ListItem\",\"position\":1,\"name\":\"Accueil\",\"item\":\"https:\/\/www.africa-press.net\/guinee-bissau\/\"},{\"@type\":\"ListItem\",\"position\":2,\"name\":\"Embal\u00f3 : \u00ab Il y a eu beaucoup de morts mais je vais bien \u00bb\"}]},{\"@type\":\"WebSite\",\"@id\":\"https:\/\/www.africa-press.net\/guinee-bissau\/#website\",\"url\":\"https:\/\/www.africa-press.net\/guinee-bissau\/\",\"name\":\"Guin\u00e9e Bissau\",\"description\":\"Just another Africa News Agency Sites site\",\"potentialAction\":[{\"@type\":\"SearchAction\",\"target\":{\"@type\":\"EntryPoint\",\"urlTemplate\":\"https:\/\/www.africa-press.net\/guinee-bissau\/?s={search_term_string}\"},\"query-input\":{\"@type\":\"PropertyValueSpecification\",\"valueRequired\":true,\"valueName\":\"search_term_string\"}}],\"inLanguage\":\"fr-FR\"},{\"@type\":\"Person\",\"@id\":\"https:\/\/www.africa-press.net\/guinee-bissau\/#\/schema\/person\/2b1cf3cd81a31e3cd26889ca66d677f1\",\"name\":\"cfeditorfr\"}]}<\/script>\n<!-- \/ Yoast SEO Premium plugin. -->","yoast_head_json":{"title":"Embal\u00f3 : \u00ab Il y a eu beaucoup de morts mais je vais bien \u00bb - Guin\u00e9e Bissau","description":"Joint par Jeune Afrique, le pr\u00e9sident Umaro Sissoco Embal\u00f3 a affirm\u00e9 se trouver en s\u00e9curit\u00e9. La situation restait confus ...","robots":{"index":"index","follow":"follow","max-snippet":"max-snippet:-1","max-image-preview":"max-image-preview:large","max-video-preview":"max-video-preview:-1"},"canonical":"https:\/\/www.africa-press.net\/guinee-bissau\/politique\/embalo-il-y-a-eu-beaucoup-de-morts-mais-je-vais-bien","og_locale":"fr_FR","og_type":"article","og_title":"Embal\u00f3 : \u00ab Il y a eu beaucoup de morts mais je vais bien \u00bb","og_description":"Joint par Jeune Afrique, le pr\u00e9sident Umaro Sissoco Embal\u00f3 a affirm\u00e9 se trouver en s\u00e9curit\u00e9. La situation restait confus ...","og_url":"https:\/\/www.africa-press.net\/guinee-bissau\/politique\/embalo-il-y-a-eu-beaucoup-de-morts-mais-je-vais-bien","og_site_name":"Guin\u00e9e Bissau","article_published_time":"2022-02-01T23:00:30+00:00","article_modified_time":"2022-02-02T00:05:38+00:00","og_image":[{"width":1261,"height":1261,"url":"https:\/\/static.africa-press.net\/guinee-bissau\/sites\/55\/2022\/02\/img-61f9cabdcb0a5.jpg","type":"image\/jpeg"}],"author":"cfeditorfr","twitter_card":"summary_large_image","twitter_misc":{"\u00c9crit par":"cfeditorfr","Dur\u00e9e de lecture estim\u00e9e":"2 minutes"},"schema":{"@context":"https:\/\/schema.org","@graph":[{"@type":"Article","@id":"https:\/\/www.africa-press.net\/guinee-bissau\/politique\/embalo-il-y-a-eu-beaucoup-de-morts-mais-je-vais-bien#article","isPartOf":{"@id":"https:\/\/www.africa-press.net\/guinee-bissau\/politique\/embalo-il-y-a-eu-beaucoup-de-morts-mais-je-vais-bien"},"author":{"name":"cfeditorfr","@id":"https:\/\/www.africa-press.net\/guinee-bissau\/#\/schema\/person\/2b1cf3cd81a31e3cd26889ca66d677f1"},"headline":"Embal\u00f3 : \u00ab Il y a eu beaucoup de morts mais je vais bien \u00bb","datePublished":"2022-02-01T23:00:30+00:00","dateModified":"2022-02-02T00:05:38+00:00","mainEntityOfPage":{"@id":"https:\/\/www.africa-press.net\/guinee-bissau\/politique\/embalo-il-y-a-eu-beaucoup-de-morts-mais-je-vais-bien"},"wordCount":458,"commentCount":0,"image":{"@id":"https:\/\/www.africa-press.net\/guinee-bissau\/politique\/embalo-il-y-a-eu-beaucoup-de-morts-mais-je-vais-bien#primaryimage"},"thumbnailUrl":"https:\/\/static.africa-press.net\/guinee-bissau\/sites\/55\/2022\/02\/img-61f9cabdcb0a5.jpg","keywords":["Africa Press","Africa Press-Guinee Bissau","Guinee Bissau"],"articleSection":["homepage-french","Politique","Toutes les actualit\u00e9s"],"inLanguage":"fr-FR","potentialAction":[{"@type":"CommentAction","name":"Comment","target":["https:\/\/www.africa-press.net\/guinee-bissau\/politique\/embalo-il-y-a-eu-beaucoup-de-morts-mais-je-vais-bien#respond"]}]},{"@type":"WebPage","@id":"https:\/\/www.africa-press.net\/guinee-bissau\/politique\/embalo-il-y-a-eu-beaucoup-de-morts-mais-je-vais-bien","url":"https:\/\/www.africa-press.net\/guinee-bissau\/politique\/embalo-il-y-a-eu-beaucoup-de-morts-mais-je-vais-bien","name":"Embal\u00f3 : \u00ab Il y a eu beaucoup de morts mais je vais bien \u00bb - Guin\u00e9e Bissau","isPartOf":{"@id":"https:\/\/www.africa-press.net\/guinee-bissau\/#website"},"primaryImageOfPage":{"@id":"https:\/\/www.africa-press.net\/guinee-bissau\/politique\/embalo-il-y-a-eu-beaucoup-de-morts-mais-je-vais-bien#primaryimage"},"image":{"@id":"https:\/\/www.africa-press.net\/guinee-bissau\/politique\/embalo-il-y-a-eu-beaucoup-de-morts-mais-je-vais-bien#primaryimage"},"thumbnailUrl":"https:\/\/static.africa-press.net\/guinee-bissau\/sites\/55\/2022\/02\/img-61f9cabdcb0a5.jpg","datePublished":"2022-02-01T23:00:30+00:00","dateModified":"2022-02-02T00:05:38+00:00","author":{"@id":"https:\/\/www.africa-press.net\/guinee-bissau\/#\/schema\/person\/2b1cf3cd81a31e3cd26889ca66d677f1"},"description":"Joint par Jeune Afrique, le pr\u00e9sident Umaro Sissoco Embal\u00f3 a affirm\u00e9 se trouver en s\u00e9curit\u00e9. La situation restait confus ...","breadcrumb":{"@id":"https:\/\/www.africa-press.net\/guinee-bissau\/politique\/embalo-il-y-a-eu-beaucoup-de-morts-mais-je-vais-bien#breadcrumb"},"inLanguage":"fr-FR","potentialAction":[{"@type":"ReadAction","target":["https:\/\/www.africa-press.net\/guinee-bissau\/politique\/embalo-il-y-a-eu-beaucoup-de-morts-mais-je-vais-bien"]}]},{"@type":"ImageObject","inLanguage":"fr-FR","@id":"https:\/\/www.africa-press.net\/guinee-bissau\/politique\/embalo-il-y-a-eu-beaucoup-de-morts-mais-je-vais-bien#primaryimage","url":"https:\/\/static.africa-press.net\/guinee-bissau\/sites\/55\/2022\/02\/img-61f9cabdcb0a5.jpg","contentUrl":"https:\/\/static.africa-press.net\/guinee-bissau\/sites\/55\/2022\/02\/img-61f9cabdcb0a5.jpg","width":1261,"height":1261,"caption":"Embal\u00f3 : \u00ab Il y a eu beaucoup de morts mais je vais bien \u00bb"},{"@type":"BreadcrumbList","@id":"https:\/\/www.africa-press.net\/guinee-bissau\/politique\/embalo-il-y-a-eu-beaucoup-de-morts-mais-je-vais-bien#breadcrumb","itemListElement":[{"@type":"ListItem","position":1,"name":"Accueil","item":"https:\/\/www.africa-press.net\/guinee-bissau\/"},{"@type":"ListItem","position":2,"name":"Embal\u00f3 : \u00ab Il y a eu beaucoup de morts mais je vais bien \u00bb"}]},{"@type":"WebSite","@id":"https:\/\/www.africa-press.net\/guinee-bissau\/#website","url":"https:\/\/www.africa-press.net\/guinee-bissau\/","name":"Guin\u00e9e Bissau","description":"Just another Africa News Agency Sites site","potentialAction":[{"@type":"SearchAction","target":{"@type":"EntryPoint","urlTemplate":"https:\/\/www.africa-press.net\/guinee-bissau\/?s={search_term_string}"},"query-input":{"@type":"PropertyValueSpecification","valueRequired":true,"valueName":"search_term_string"}}],"inLanguage":"fr-FR"},{"@type":"Person","@id":"https:\/\/www.africa-press.net\/guinee-bissau\/#\/schema\/person\/2b1cf3cd81a31e3cd26889ca66d677f1","name":"cfeditorfr"}]}},"_links":{"self":[{"href":"https:\/\/www.africa-press.net\/guinee-bissau\/wp-json\/wp\/v2\/posts\/1583","targetHints":{"allow":["GET"]}}],"collection":[{"href":"https:\/\/www.africa-press.net\/guinee-bissau\/wp-json\/wp\/v2\/posts"}],"about":[{"href":"https:\/\/www.africa-press.net\/guinee-bissau\/wp-json\/wp\/v2\/types\/post"}],"author":[{"embeddable":true,"href":"https:\/\/www.africa-press.net\/guinee-bissau\/wp-json\/wp\/v2\/users\/82"}],"replies":[{"embeddable":true,"href":"https:\/\/www.africa-press.net\/guinee-bissau\/wp-json\/wp\/v2\/comments?post=1583"}],"version-history":[{"count":0,"href":"https:\/\/www.africa-press.net\/guinee-bissau\/wp-json\/wp\/v2\/posts\/1583\/revisions"}],"wp:featuredmedia":[{"embeddable":true,"href":"https:\/\/www.africa-press.net\/guinee-bissau\/wp-json\/wp\/v2\/media\/1582"}],"wp:attachment":[{"href":"https:\/\/www.africa-press.net\/guinee-bissau\/wp-json\/wp\/v2\/media?parent=1583"}],"wp:term":[{"taxonomy":"category","embeddable":true,"href":"https:\/\/www.africa-press.net\/guinee-bissau\/wp-json\/wp\/v2\/categories?post=1583"},{"taxonomy":"post_tag","embeddable":true,"href":"https:\/\/www.africa-press.net\/guinee-bissau\/wp-json\/wp\/v2\/tags?post=1583"}],"curies":[{"name":"wp","href":"https:\/\/api.w.org\/{rel}","templated":true}]}}