{"id":1586,"date":"2022-02-01T23:37:04","date_gmt":"2022-02-01T23:37:04","guid":{"rendered":"https:\/\/www.africa-press.net\/guinee-bissau\/politique\/la-cedeao-condamne-la-tentative-de-coup-detat"},"modified":"2022-02-02T00:06:04","modified_gmt":"2022-02-02T00:06:04","slug":"la-cedeao-condamne-la-tentative-de-coup-detat","status":"publish","type":"post","link":"https:\/\/www.africa-press.net\/guinee-bissau\/politique\/la-cedeao-condamne-la-tentative-de-coup-detat","title":{"rendered":"La CEDEAO condamne la tentative de coup d\u2019Etat"},"content":{"rendered":"<p><span style=\"color: #ff6600\"><strong>Africa-Press &#8211; Guinee Bissau. <\/strong><\/span>\u2013 \u201cEt tient les militaires responsables de l\u2019int\u00e9grit\u00e9 physique du Pr\u00e9sident Umaro Sissoco Embalo\u201d<\/p>\n<p>La Communaut\u00e9 \u00e9conomique des Etats de l\u2019Afrique de l\u2019Ouest (CEDEAO) a condamn\u00e9, mardi, la tentative de coup d\u2019Etat en cours depuis cet apr\u00e8s-midi \u00e0 Bissau, capitale de la Guin\u00e9e-Bissau.<\/p>\n<p>La CEDEAO \u201ccondamne cette tentative de coup d\u2019Etat et tient les militaires responsables de l\u2019int\u00e9grit\u00e9 physique du Pr\u00e9sident Umaro Sissoco Embalo et des membres de son gouvernement\u201d, indique la CEDEAO dans un communiqu\u00e9, rendu public mardi et consult\u00e9 par l\u2019Agence Anadolu.<\/p>\n<p>La CEDEAO \u201cdemande aux militaires de retourner dans leurs casernes et de maintenir une posture r\u00e9publicaine\u201d, selon la m\u00eame source qui pr\u00e9cise que l\u2019organisation sous-r\u00e9gionale suivait avec une \u201cgrande pr\u00e9occupation\u201d l\u2019\u00e9volution de la situation en Guin\u00e9e Bissau.<\/p>\n<p>Mardi, des tirs d\u2019armes automatiques ont \u00e9t\u00e9 entendus en d\u00e9but d\u2019apr\u00e8s-midi autour du palais pr\u00e9sidentiel dans la capitale de la Guin\u00e9e-Bissau, en plein conseil des ministres extraordinaire, ont annonc\u00e9 plusieurs m\u00e9dias.<\/p>\n<p>La situation reste confuse sur les motivations des militaires. Cette situation intervient une semaine apr\u00e8s une mutinerie qui s\u2019est transform\u00e9e en coup d\u2019Etat au Burkina Faso en renversant le pr\u00e9sident Roch Marc Christian Kabor\u00e9.<\/p>\n<p>Le Burkina Faso vient s\u2019ajouter au Mali et \u00e0 la Guin\u00e9e-Conakry, o\u00f9 les militaires ont renvers\u00e9 des chefs d\u2019Etat et pr\u00e9sident la destin\u00e9e de leurs peuples en attendant la tenue d\u2019\u00e9lections d\u00e9mocratiques. Source: https:\/\/www.aa.com.tr\/<\/p>\n<p><strong>Pour plus d&rsquo;informations et d&rsquo;analyses sur la <a href=\"https:\/\/www.africa-press.net\/guinee-bissau\">Guinee Bissau<\/a>, suivez <a href=\"https:\/\/www.africa-press.net\/\">Africa-Press<\/a><\/strong><\/p>\n","protected":false},"excerpt":{"rendered":"<p>Africa-Press &#8211; Guinee Bissau. \u2013 \u201cEt tient les militaires responsables de l\u2019int\u00e9grit\u00e9 physique du Pr\u00e9sident Umaro Sissoco Embalo\u201d La Communaut\u00e9 \u00e9conomique des Etats de l\u2019Afrique de l\u2019Ouest (CEDEAO) a condamn\u00e9, mardi, la tentative de coup d\u2019Etat en cours depuis cet apr\u00e8s-midi \u00e0 Bissau, capitale de la Guin\u00e9e-Bissau. La CEDEAO \u201ccondamne cette tentative de coup d\u2019Etat [&hellip;]<\/p>\n","protected":false},"author":82,"featured_media":1585,"comment_status":"open","ping_status":"closed","sticky":false,"template":"","format":"standard","meta":{"footnotes":""},"categories":[11,2,20,10],"tags":[36,49,50],"class_list":["post-1586","post","type-post","status-publish","format-standard","has-post-thumbnail","hentry","category-homepage-french","category-politique","category-top-nouvelles","category-toutes-les-actualites","tag-africa-press","tag-africa-press-guinee-bissau","tag-guinee-bissau"],"yoast_head":"<!-- This site is optimized with the Yoast SEO Premium plugin v26.1 (Yoast SEO v27.0) - https:\/\/yoast.com\/product\/yoast-seo-premium-wordpress\/ -->\n<title>La CEDEAO condamne la tentative de coup d\u2019Etat - Guin\u00e9e Bissau<\/title>\n<meta name=\"description\" content=\"\u2013 \u201cEt tient les militaires responsables de l\u2019int\u00e9grit\u00e9 physique du Pr\u00e9sident Umaro Sissoco Embalo\u201d La Communaut\u00e9 \u00e9conom ...\" \/>\n<meta name=\"robots\" content=\"index, follow, max-snippet:-1, max-image-preview:large, max-video-preview:-1\" \/>\n<link rel=\"canonical\" href=\"https:\/\/www.africa-press.net\/guinee-bissau\/politique\/la-cedeao-condamne-la-tentative-de-coup-detat\" \/>\n<meta property=\"og:locale\" content=\"fr_FR\" \/>\n<meta property=\"og:type\" content=\"article\" \/>\n<meta property=\"og:title\" content=\"La CEDEAO condamne la tentative de coup d\u2019Etat\" \/>\n<meta property=\"og:description\" content=\"\u2013 \u201cEt tient les militaires responsables de l\u2019int\u00e9grit\u00e9 physique du Pr\u00e9sident Umaro Sissoco Embalo\u201d La Communaut\u00e9 \u00e9conom ...\" \/>\n<meta property=\"og:url\" content=\"https:\/\/www.africa-press.net\/guinee-bissau\/politique\/la-cedeao-condamne-la-tentative-de-coup-detat\" \/>\n<meta property=\"og:site_name\" content=\"Guin\u00e9e Bissau\" \/>\n<meta property=\"article:published_time\" content=\"2022-02-01T23:37:04+00:00\" \/>\n<meta property=\"article:modified_time\" content=\"2022-02-02T00:06:04+00:00\" \/>\n<meta property=\"og:image\" content=\"https:\/\/static.africa-press.net\/guinee-bissau\/sites\/55\/2022\/02\/img-61f9cad7dec11.jpg\" \/>\n\t<meta property=\"og:image:width\" content=\"1194\" \/>\n\t<meta property=\"og:image:height\" content=\"796\" \/>\n\t<meta property=\"og:image:type\" content=\"image\/jpeg\" \/>\n<meta name=\"author\" content=\"cfeditorfr\" \/>\n<meta name=\"twitter:card\" content=\"summary_large_image\" \/>\n<meta name=\"twitter:label1\" content=\"\u00c9crit par\" \/>\n\t<meta name=\"twitter:data1\" content=\"cfeditorfr\" \/>\n\t<meta name=\"twitter:label2\" content=\"Dur\u00e9e de lecture estim\u00e9e\" \/>\n\t<meta name=\"twitter:data2\" content=\"1 minute\" \/>\n<script type=\"application\/ld+json\" class=\"yoast-schema-graph\">{\"@context\":\"https:\/\/schema.org\",\"@graph\":[{\"@type\":\"Article\",\"@id\":\"https:\/\/www.africa-press.net\/guinee-bissau\/politique\/la-cedeao-condamne-la-tentative-de-coup-detat#article\",\"isPartOf\":{\"@id\":\"https:\/\/www.africa-press.net\/guinee-bissau\/politique\/la-cedeao-condamne-la-tentative-de-coup-detat\"},\"author\":{\"name\":\"cfeditorfr\",\"@id\":\"https:\/\/www.africa-press.net\/guinee-bissau\/#\/schema\/person\/2b1cf3cd81a31e3cd26889ca66d677f1\"},\"headline\":\"La CEDEAO condamne la tentative de coup d\u2019Etat\",\"datePublished\":\"2022-02-01T23:37:04+00:00\",\"dateModified\":\"2022-02-02T00:06:04+00:00\",\"mainEntityOfPage\":{\"@id\":\"https:\/\/www.africa-press.net\/guinee-bissau\/politique\/la-cedeao-condamne-la-tentative-de-coup-detat\"},\"wordCount\":287,\"commentCount\":0,\"image\":{\"@id\":\"https:\/\/www.africa-press.net\/guinee-bissau\/politique\/la-cedeao-condamne-la-tentative-de-coup-detat#primaryimage\"},\"thumbnailUrl\":\"https:\/\/static.africa-press.net\/guinee-bissau\/sites\/55\/2022\/02\/img-61f9cad7dec11.jpg\",\"keywords\":[\"Africa Press\",\"Africa Press-Guinee Bissau\",\"Guinee Bissau\"],\"articleSection\":[\"homepage-french\",\"Politique\",\"Top Nouvelles\",\"Toutes les actualit\u00e9s\"],\"inLanguage\":\"fr-FR\",\"potentialAction\":[{\"@type\":\"CommentAction\",\"name\":\"Comment\",\"target\":[\"https:\/\/www.africa-press.net\/guinee-bissau\/politique\/la-cedeao-condamne-la-tentative-de-coup-detat#respond\"]}]},{\"@type\":\"WebPage\",\"@id\":\"https:\/\/www.africa-press.net\/guinee-bissau\/politique\/la-cedeao-condamne-la-tentative-de-coup-detat\",\"url\":\"https:\/\/www.africa-press.net\/guinee-bissau\/politique\/la-cedeao-condamne-la-tentative-de-coup-detat\",\"name\":\"La CEDEAO condamne la tentative de coup d\u2019Etat - Guin\u00e9e Bissau\",\"isPartOf\":{\"@id\":\"https:\/\/www.africa-press.net\/guinee-bissau\/#website\"},\"primaryImageOfPage\":{\"@id\":\"https:\/\/www.africa-press.net\/guinee-bissau\/politique\/la-cedeao-condamne-la-tentative-de-coup-detat#primaryimage\"},\"image\":{\"@id\":\"https:\/\/www.africa-press.net\/guinee-bissau\/politique\/la-cedeao-condamne-la-tentative-de-coup-detat#primaryimage\"},\"thumbnailUrl\":\"https:\/\/static.africa-press.net\/guinee-bissau\/sites\/55\/2022\/02\/img-61f9cad7dec11.jpg\",\"datePublished\":\"2022-02-01T23:37:04+00:00\",\"dateModified\":\"2022-02-02T00:06:04+00:00\",\"author\":{\"@id\":\"https:\/\/www.africa-press.net\/guinee-bissau\/#\/schema\/person\/2b1cf3cd81a31e3cd26889ca66d677f1\"},\"description\":\"\u2013 \u201cEt tient les militaires responsables de l\u2019int\u00e9grit\u00e9 physique du Pr\u00e9sident Umaro Sissoco Embalo\u201d La Communaut\u00e9 \u00e9conom ...\",\"breadcrumb\":{\"@id\":\"https:\/\/www.africa-press.net\/guinee-bissau\/politique\/la-cedeao-condamne-la-tentative-de-coup-detat#breadcrumb\"},\"inLanguage\":\"fr-FR\",\"potentialAction\":[{\"@type\":\"ReadAction\",\"target\":[\"https:\/\/www.africa-press.net\/guinee-bissau\/politique\/la-cedeao-condamne-la-tentative-de-coup-detat\"]}]},{\"@type\":\"ImageObject\",\"inLanguage\":\"fr-FR\",\"@id\":\"https:\/\/www.africa-press.net\/guinee-bissau\/politique\/la-cedeao-condamne-la-tentative-de-coup-detat#primaryimage\",\"url\":\"https:\/\/static.africa-press.net\/guinee-bissau\/sites\/55\/2022\/02\/img-61f9cad7dec11.jpg\",\"contentUrl\":\"https:\/\/static.africa-press.net\/guinee-bissau\/sites\/55\/2022\/02\/img-61f9cad7dec11.jpg\",\"width\":1194,\"height\":796,\"caption\":\"La CEDEAO condamne la tentative de coup d\u2019Etat\"},{\"@type\":\"BreadcrumbList\",\"@id\":\"https:\/\/www.africa-press.net\/guinee-bissau\/politique\/la-cedeao-condamne-la-tentative-de-coup-detat#breadcrumb\",\"itemListElement\":[{\"@type\":\"ListItem\",\"position\":1,\"name\":\"Accueil\",\"item\":\"https:\/\/www.africa-press.net\/guinee-bissau\/\"},{\"@type\":\"ListItem\",\"position\":2,\"name\":\"La CEDEAO condamne la tentative de coup d\u2019Etat\"}]},{\"@type\":\"WebSite\",\"@id\":\"https:\/\/www.africa-press.net\/guinee-bissau\/#website\",\"url\":\"https:\/\/www.africa-press.net\/guinee-bissau\/\",\"name\":\"Guin\u00e9e Bissau\",\"description\":\"Just another Africa News Agency Sites site\",\"potentialAction\":[{\"@type\":\"SearchAction\",\"target\":{\"@type\":\"EntryPoint\",\"urlTemplate\":\"https:\/\/www.africa-press.net\/guinee-bissau\/?s={search_term_string}\"},\"query-input\":{\"@type\":\"PropertyValueSpecification\",\"valueRequired\":true,\"valueName\":\"search_term_string\"}}],\"inLanguage\":\"fr-FR\"},{\"@type\":\"Person\",\"@id\":\"https:\/\/www.africa-press.net\/guinee-bissau\/#\/schema\/person\/2b1cf3cd81a31e3cd26889ca66d677f1\",\"name\":\"cfeditorfr\"}]}<\/script>\n<!-- \/ Yoast SEO Premium plugin. -->","yoast_head_json":{"title":"La CEDEAO condamne la tentative de coup d\u2019Etat - Guin\u00e9e Bissau","description":"\u2013 \u201cEt tient les militaires responsables de l\u2019int\u00e9grit\u00e9 physique du Pr\u00e9sident Umaro Sissoco Embalo\u201d La Communaut\u00e9 \u00e9conom ...","robots":{"index":"index","follow":"follow","max-snippet":"max-snippet:-1","max-image-preview":"max-image-preview:large","max-video-preview":"max-video-preview:-1"},"canonical":"https:\/\/www.africa-press.net\/guinee-bissau\/politique\/la-cedeao-condamne-la-tentative-de-coup-detat","og_locale":"fr_FR","og_type":"article","og_title":"La CEDEAO condamne la tentative de coup d\u2019Etat","og_description":"\u2013 \u201cEt tient les militaires responsables de l\u2019int\u00e9grit\u00e9 physique du Pr\u00e9sident Umaro Sissoco Embalo\u201d La Communaut\u00e9 \u00e9conom ...","og_url":"https:\/\/www.africa-press.net\/guinee-bissau\/politique\/la-cedeao-condamne-la-tentative-de-coup-detat","og_site_name":"Guin\u00e9e Bissau","article_published_time":"2022-02-01T23:37:04+00:00","article_modified_time":"2022-02-02T00:06:04+00:00","og_image":[{"width":1194,"height":796,"url":"https:\/\/static.africa-press.net\/guinee-bissau\/sites\/55\/2022\/02\/img-61f9cad7dec11.jpg","type":"image\/jpeg"}],"author":"cfeditorfr","twitter_card":"summary_large_image","twitter_misc":{"\u00c9crit par":"cfeditorfr","Dur\u00e9e de lecture estim\u00e9e":"1 minute"},"schema":{"@context":"https:\/\/schema.org","@graph":[{"@type":"Article","@id":"https:\/\/www.africa-press.net\/guinee-bissau\/politique\/la-cedeao-condamne-la-tentative-de-coup-detat#article","isPartOf":{"@id":"https:\/\/www.africa-press.net\/guinee-bissau\/politique\/la-cedeao-condamne-la-tentative-de-coup-detat"},"author":{"name":"cfeditorfr","@id":"https:\/\/www.africa-press.net\/guinee-bissau\/#\/schema\/person\/2b1cf3cd81a31e3cd26889ca66d677f1"},"headline":"La CEDEAO condamne la tentative de coup d\u2019Etat","datePublished":"2022-02-01T23:37:04+00:00","dateModified":"2022-02-02T00:06:04+00:00","mainEntityOfPage":{"@id":"https:\/\/www.africa-press.net\/guinee-bissau\/politique\/la-cedeao-condamne-la-tentative-de-coup-detat"},"wordCount":287,"commentCount":0,"image":{"@id":"https:\/\/www.africa-press.net\/guinee-bissau\/politique\/la-cedeao-condamne-la-tentative-de-coup-detat#primaryimage"},"thumbnailUrl":"https:\/\/static.africa-press.net\/guinee-bissau\/sites\/55\/2022\/02\/img-61f9cad7dec11.jpg","keywords":["Africa Press","Africa Press-Guinee Bissau","Guinee Bissau"],"articleSection":["homepage-french","Politique","Top Nouvelles","Toutes les actualit\u00e9s"],"inLanguage":"fr-FR","potentialAction":[{"@type":"CommentAction","name":"Comment","target":["https:\/\/www.africa-press.net\/guinee-bissau\/politique\/la-cedeao-condamne-la-tentative-de-coup-detat#respond"]}]},{"@type":"WebPage","@id":"https:\/\/www.africa-press.net\/guinee-bissau\/politique\/la-cedeao-condamne-la-tentative-de-coup-detat","url":"https:\/\/www.africa-press.net\/guinee-bissau\/politique\/la-cedeao-condamne-la-tentative-de-coup-detat","name":"La CEDEAO condamne la tentative de coup d\u2019Etat - Guin\u00e9e Bissau","isPartOf":{"@id":"https:\/\/www.africa-press.net\/guinee-bissau\/#website"},"primaryImageOfPage":{"@id":"https:\/\/www.africa-press.net\/guinee-bissau\/politique\/la-cedeao-condamne-la-tentative-de-coup-detat#primaryimage"},"image":{"@id":"https:\/\/www.africa-press.net\/guinee-bissau\/politique\/la-cedeao-condamne-la-tentative-de-coup-detat#primaryimage"},"thumbnailUrl":"https:\/\/static.africa-press.net\/guinee-bissau\/sites\/55\/2022\/02\/img-61f9cad7dec11.jpg","datePublished":"2022-02-01T23:37:04+00:00","dateModified":"2022-02-02T00:06:04+00:00","author":{"@id":"https:\/\/www.africa-press.net\/guinee-bissau\/#\/schema\/person\/2b1cf3cd81a31e3cd26889ca66d677f1"},"description":"\u2013 \u201cEt tient les militaires responsables de l\u2019int\u00e9grit\u00e9 physique du Pr\u00e9sident Umaro Sissoco Embalo\u201d La Communaut\u00e9 \u00e9conom ...","breadcrumb":{"@id":"https:\/\/www.africa-press.net\/guinee-bissau\/politique\/la-cedeao-condamne-la-tentative-de-coup-detat#breadcrumb"},"inLanguage":"fr-FR","potentialAction":[{"@type":"ReadAction","target":["https:\/\/www.africa-press.net\/guinee-bissau\/politique\/la-cedeao-condamne-la-tentative-de-coup-detat"]}]},{"@type":"ImageObject","inLanguage":"fr-FR","@id":"https:\/\/www.africa-press.net\/guinee-bissau\/politique\/la-cedeao-condamne-la-tentative-de-coup-detat#primaryimage","url":"https:\/\/static.africa-press.net\/guinee-bissau\/sites\/55\/2022\/02\/img-61f9cad7dec11.jpg","contentUrl":"https:\/\/static.africa-press.net\/guinee-bissau\/sites\/55\/2022\/02\/img-61f9cad7dec11.jpg","width":1194,"height":796,"caption":"La CEDEAO condamne la tentative de coup d\u2019Etat"},{"@type":"BreadcrumbList","@id":"https:\/\/www.africa-press.net\/guinee-bissau\/politique\/la-cedeao-condamne-la-tentative-de-coup-detat#breadcrumb","itemListElement":[{"@type":"ListItem","position":1,"name":"Accueil","item":"https:\/\/www.africa-press.net\/guinee-bissau\/"},{"@type":"ListItem","position":2,"name":"La CEDEAO condamne la tentative de coup d\u2019Etat"}]},{"@type":"WebSite","@id":"https:\/\/www.africa-press.net\/guinee-bissau\/#website","url":"https:\/\/www.africa-press.net\/guinee-bissau\/","name":"Guin\u00e9e Bissau","description":"Just another Africa News Agency Sites site","potentialAction":[{"@type":"SearchAction","target":{"@type":"EntryPoint","urlTemplate":"https:\/\/www.africa-press.net\/guinee-bissau\/?s={search_term_string}"},"query-input":{"@type":"PropertyValueSpecification","valueRequired":true,"valueName":"search_term_string"}}],"inLanguage":"fr-FR"},{"@type":"Person","@id":"https:\/\/www.africa-press.net\/guinee-bissau\/#\/schema\/person\/2b1cf3cd81a31e3cd26889ca66d677f1","name":"cfeditorfr"}]}},"_links":{"self":[{"href":"https:\/\/www.africa-press.net\/guinee-bissau\/wp-json\/wp\/v2\/posts\/1586","targetHints":{"allow":["GET"]}}],"collection":[{"href":"https:\/\/www.africa-press.net\/guinee-bissau\/wp-json\/wp\/v2\/posts"}],"about":[{"href":"https:\/\/www.africa-press.net\/guinee-bissau\/wp-json\/wp\/v2\/types\/post"}],"author":[{"embeddable":true,"href":"https:\/\/www.africa-press.net\/guinee-bissau\/wp-json\/wp\/v2\/users\/82"}],"replies":[{"embeddable":true,"href":"https:\/\/www.africa-press.net\/guinee-bissau\/wp-json\/wp\/v2\/comments?post=1586"}],"version-history":[{"count":0,"href":"https:\/\/www.africa-press.net\/guinee-bissau\/wp-json\/wp\/v2\/posts\/1586\/revisions"}],"wp:featuredmedia":[{"embeddable":true,"href":"https:\/\/www.africa-press.net\/guinee-bissau\/wp-json\/wp\/v2\/media\/1585"}],"wp:attachment":[{"href":"https:\/\/www.africa-press.net\/guinee-bissau\/wp-json\/wp\/v2\/media?parent=1586"}],"wp:term":[{"taxonomy":"category","embeddable":true,"href":"https:\/\/www.africa-press.net\/guinee-bissau\/wp-json\/wp\/v2\/categories?post=1586"},{"taxonomy":"post_tag","embeddable":true,"href":"https:\/\/www.africa-press.net\/guinee-bissau\/wp-json\/wp\/v2\/tags?post=1586"}],"curies":[{"name":"wp","href":"https:\/\/api.w.org\/{rel}","templated":true}]}}