{"id":1602,"date":"2022-02-02T22:02:43","date_gmt":"2022-02-02T22:02:43","guid":{"rendered":"https:\/\/www.africa-press.net\/guinee-bissau\/politique\/le-president-embalo-rechappe-a-un-nouveau-coup-de-force-en-afrique-de-louest"},"modified":"2022-02-02T22:34:27","modified_gmt":"2022-02-02T22:34:27","slug":"le-president-embalo-rechappe-a-un-nouveau-coup-de-force-en-afrique-de-louest","status":"publish","type":"post","link":"https:\/\/www.africa-press.net\/guinee-bissau\/dossiers\/le-president-embalo-rechappe-a-un-nouveau-coup-de-force-en-afrique-de-louest","title":{"rendered":"le pr\u00e9sident Embalo r\u00e9chappe \u00e0 un nouveau coup de force en Afrique de l&rsquo;Ouest"},"content":{"rendered":"<p><span style=\"color: #ff6600\"><strong>Africa-Press &#8211; Guinee Bissau. <\/strong><\/span>Le pr\u00e9sident de la Guin\u00e9e-Bissau, Umaro Sissoco Embalo, a r\u00e9chapp\u00e9 mardi \u00e0 une tentative de coup d&rsquo;Etat qui a fait de nombreux morts selon lui, dernier en date d&rsquo;une s\u00e9rie de coups de force \u00e0 travers l&rsquo;Afrique de l&rsquo;Ouest.<\/p>\n<p>M. Embalo, un ancien g\u00e9n\u00e9ral arriv\u00e9 en 2020 \u00e0 la t\u00eate de ce petit pays \u00e0 l&rsquo;histoire politique jalonn\u00e9e de tels \u00e9v\u00e8nements, s&rsquo;est pr\u00e9sent\u00e9 mardi soir devant la presse indemne et serein, apr\u00e8s \u00eatre rest\u00e9 coinc\u00e9 avec les ministres dans le palais du gouvernement, th\u00e9\u00e2tre pendant plusieurs heures l&rsquo;apr\u00e8s-midi d&rsquo;\u00e9changes de tirs nourris.<\/p>\n<p>Le chef de l&rsquo;Etat et les membres du gouvernement ont \u00e9t\u00e9 surpris \u00e0 l&rsquo;int\u00e9rieur du palais, le si\u00e8ge des minist\u00e8res o\u00f9 se d\u00e9roulait un conseil des ministres extraordinaire, par des hommes en armes aux motivations encore mal connues, selon les t\u00e9moignages. Il s&rsquo;agissait de \u00ab\u00a0tuer le pr\u00e9sident de la R\u00e9publique et tout le cabinet\u00a0\u00bb, a-t-il dit.<\/p>\n<p>M. Embalo n&rsquo;a pas pr\u00e9cis\u00e9ment d\u00e9sign\u00e9 les auteurs de cette tentative de coup d&rsquo;Etat. Celle-ci \u00ab\u00a0doit venir de ceux qui sont contre les d\u00e9cisions que j&rsquo;ai prises, notamment dans la lutte contre le trafic de drogue et la corruption\u00a0\u00bb, a-t-il dit, parlant d'\u00a0\u00bbacte tr\u00e8s bien pr\u00e9par\u00e9 et organis\u00e9\u00a0\u00bb, mais aussi d&rsquo;acte \u00ab\u00a0isol\u00e9\u00a0\u00bb.<\/p>\n<p>Il s&rsquo;est retrouv\u00e9 \u00ab\u00a0sous des tirs nourris d&rsquo;armes lourdes pendant cinq heures\u00a0\u00bb, aux c\u00f4t\u00e9s de son aide de camp, de deux gardes du corps et d&rsquo;une ministre, tandis que les combats faisaient rage, a-t-il racont\u00e9.<\/p>\n<p>Il y a eu \u00ab\u00a0beaucoup de morts\u00a0\u00bb, a-t-il d\u00e9clar\u00e9.<\/p>\n<p>Apr\u00e8s plusieurs heures de confusion et de rumeurs, le pr\u00e9sident a \u00e9t\u00e9 tir\u00e9 d&rsquo;affaire. \u00ab\u00a0Tout va bien\u00a0\u00bb, a-t-il dit dans un bref \u00e9change t\u00e9l\u00e9phonique avec l&rsquo;AFP, \u00e0 un moment o\u00f9 il se trouvait semble-t-il toujours au palais du gouvernement. Puis ses services ont annonc\u00e9 son retour au palais pr\u00e9sidentiel et lui-m\u00eame a tweet\u00e9 : \u00ab\u00a0Je vais bien Alhamdoulillah (Dieu merci). La situation est sous contr\u00f4le gouvernemental\u00a0\u00bb.<\/p>\n<p><b>Putschs et corruption<\/b><\/p>\n<p>La Communaut\u00e9 \u00e9conomique des Etats de l&rsquo;Afrique de l&rsquo;Ouest (C\u00e9d\u00e9ao) a condamn\u00e9 \u00ab\u00a0cette tentative de coup d&rsquo;Etat\u00a0\u00bb. Le pr\u00e9sident de la Commission de l&rsquo;Union africaine, Moussa Faki Mahamat, a exprim\u00e9 sa \u00ab\u00a0grande inqui\u00e9tude\u00a0\u00bb. Les deux organisations ont paru d\u00e9signer les militaires comme en ayant \u00e9t\u00e9 les responsables car charg\u00e9s de la s\u00e9curit\u00e9 du pr\u00e9sident et du gouvernement.<\/p>\n<p>La part prise par l&rsquo;arm\u00e9e, qui joue un r\u00f4le pr\u00e9\u00e9minent dans ce pays \u00e0 l&rsquo;histoire troubl\u00e9e, donnait lieu \u00e0 toutes les conjectures.<\/p>\n<p>La Guin\u00e9e-Bissau, une petite nation d&rsquo;environ deux millions d&rsquo;habitants frontali\u00e8re du S\u00e9n\u00e9gal et de la Guin\u00e9e, est abonn\u00e9e aux coups de force. Depuis son ind\u00e9pendance du Portugal en 1974, elle a connu quatre putschs (le dernier en 2012), une kyrielle de tentatives de coup d&rsquo;Etat et une valse des gouvernements.<\/p>\n<p>Depuis 2014, elle s&rsquo;est engag\u00e9e vers un retour \u00e0 l&rsquo;ordre constitutionnel, ce qui ne l&rsquo;a pas pr\u00e9serv\u00e9e des turbulences, mais sans violences.<\/p>\n<p>Le pays p\u00e2tit d&rsquo;une corruption end\u00e9mique. Il passe aussi pour \u00eatre une plaque tournante du trafic de coca\u00efne entre l&rsquo;Am\u00e9rique latine et l&rsquo;Europe.<\/p>\n<p>Depuis d\u00e9but 2020, Umaro Sissoco Embalo, un ancien g\u00e9n\u00e9ral, est le chef de l&rsquo;Etat, \u00e0 la suite d&rsquo;une pr\u00e9sidentielle au r\u00e9sultat toujours contest\u00e9 par le Parti africain pour l&rsquo;ind\u00e9pendance de la Guin\u00e9e et du Cap Vert (PAIGC), une formation dominante depuis l&rsquo;ind\u00e9pendance.<\/p>\n<p>M. Embalo, 49 ans, avait forc\u00e9 son destin en f\u00e9vrier 2020 en mettant l&rsquo;\u00e9charpe de pr\u00e9sident et en s&rsquo;installant au palais pr\u00e9sidentiel, malgr\u00e9 la persistance de la contestation.<\/p>\n<p>Depuis des mois, il est \u00e0 couteaux tir\u00e9s avec le Premier ministre Nuno Gomes Nabiam et la menace d&rsquo;un limogeage de ce dernier et d&rsquo;une dissolution du parlement p\u00e8se sur la vie politique.<\/p>\n<p>Les \u00e9v\u00e8nements de mardi \u00e9voquent immanquablement les putschs en s\u00e9rie qui agitent l&rsquo;Afrique de l&rsquo;Ouest depuis 2020 : au Mali en ao\u00fbt de cette ann\u00e9e-l\u00e0 et \u00e0 nouveau en mai 2021, en Guin\u00e9e en septembre 2021 et au Burkina Faso en janvier de cette ann\u00e9e.<\/p>\n<p>M. Embalo est \u00e0 nouveau appel\u00e9 \u00e0 prendre part cette semaine \u00e0 un sommet des dirigeants ouest-africains o\u00f9 doit \u00eatre \u00e9voqu\u00e9e la situation dans ces diff\u00e9rents pays.<\/p>\n<p>Avant le d\u00e9nouement, le secr\u00e9taire g\u00e9n\u00e9ral de l&rsquo;ONU Antonio Guterres disait ne pas conna\u00eetre les d\u00e9tails de l&rsquo;affaire. Mais, ajoutait-il, \u00ab\u00a0nous assistons \u00e0 une multiplication terrible des coups d&rsquo;Etat\u00a0\u00bb.<\/p>\n<p><strong>Pour plus d&rsquo;informations et d&rsquo;analyses sur la <a href=\"https:\/\/www.africa-press.net\/guinee-bissau\">Guinee Bissau<\/a>, suivez <a href=\"https:\/\/www.africa-press.net\/\">Africa-Press<\/a><\/strong><\/p>\n","protected":false},"excerpt":{"rendered":"<p>Africa-Press &#8211; Guinee Bissau. Le pr\u00e9sident de la Guin\u00e9e-Bissau, Umaro Sissoco Embalo, a r\u00e9chapp\u00e9 mardi \u00e0 une tentative de coup d&rsquo;Etat qui a fait de nombreux morts selon lui, dernier en date d&rsquo;une s\u00e9rie de coups de force \u00e0 travers l&rsquo;Afrique de l&rsquo;Ouest. M. Embalo, un ancien g\u00e9n\u00e9ral arriv\u00e9 en 2020 \u00e0 la t\u00eate de [&hellip;]<\/p>\n","protected":false},"author":82,"featured_media":1601,"comment_status":"open","ping_status":"closed","sticky":false,"template":"","format":"standard","meta":{"footnotes":""},"categories":[7,11,10],"tags":[36,49,37,50,77],"class_list":["post-1602","post","type-post","status-publish","format-standard","has-post-thumbnail","hentry","category-dossiers","category-homepage-french","category-toutes-les-actualites","tag-africa-press","tag-africa-press-guinee-bissau","tag-afrique","tag-guinee-bissau","tag-internationales"],"yoast_head":"<!-- This site is optimized with the Yoast SEO Premium plugin v26.1 (Yoast SEO v27.0) - https:\/\/yoast.com\/product\/yoast-seo-premium-wordpress\/ -->\n<title>le pr\u00e9sident Embalo r\u00e9chappe \u00e0 un nouveau coup de force en Afrique de l&#039;Ouest - Guin\u00e9e Bissau<\/title>\n<meta name=\"description\" content=\"Le pr\u00e9sident de la Guin\u00e9e-Bissau, Umaro Sissoco Embalo, a r\u00e9chapp\u00e9 mardi \u00e0 une tentative de coup d&#039;Etat qui a fait de no ...\" \/>\n<meta name=\"robots\" content=\"index, follow, max-snippet:-1, max-image-preview:large, max-video-preview:-1\" \/>\n<link rel=\"canonical\" href=\"https:\/\/www.africa-press.net\/guinee-bissau\/dossiers\/le-president-embalo-rechappe-a-un-nouveau-coup-de-force-en-afrique-de-louest\" \/>\n<meta property=\"og:locale\" content=\"fr_FR\" \/>\n<meta property=\"og:type\" content=\"article\" \/>\n<meta property=\"og:title\" content=\"le pr\u00e9sident Embalo r\u00e9chappe \u00e0 un nouveau coup de force en Afrique de l&#039;Ouest\" \/>\n<meta property=\"og:description\" content=\"Le pr\u00e9sident de la Guin\u00e9e-Bissau, Umaro Sissoco Embalo, a r\u00e9chapp\u00e9 mardi \u00e0 une tentative de coup d&#039;Etat qui a fait de no ...\" \/>\n<meta property=\"og:url\" content=\"https:\/\/www.africa-press.net\/guinee-bissau\/dossiers\/le-president-embalo-rechappe-a-un-nouveau-coup-de-force-en-afrique-de-louest\" \/>\n<meta property=\"og:site_name\" content=\"Guin\u00e9e Bissau\" \/>\n<meta property=\"article:published_time\" content=\"2022-02-02T22:02:43+00:00\" \/>\n<meta property=\"article:modified_time\" content=\"2022-02-02T22:34:27+00:00\" \/>\n<meta property=\"og:image\" content=\"https:\/\/static.africa-press.net\/guinee-bissau\/sites\/55\/2022\/02\/img-61fb06da21e56.jpg\" \/>\n\t<meta property=\"og:image:width\" content=\"1250\" \/>\n\t<meta property=\"og:image:height\" content=\"625\" \/>\n\t<meta property=\"og:image:type\" content=\"image\/jpeg\" \/>\n<meta name=\"author\" content=\"cfeditorfr\" \/>\n<meta name=\"twitter:card\" content=\"summary_large_image\" \/>\n<meta name=\"twitter:label1\" content=\"\u00c9crit par\" \/>\n\t<meta name=\"twitter:data1\" content=\"cfeditorfr\" \/>\n\t<meta name=\"twitter:label2\" content=\"Dur\u00e9e de lecture estim\u00e9e\" \/>\n\t<meta name=\"twitter:data2\" content=\"4 minutes\" \/>\n<script type=\"application\/ld+json\" class=\"yoast-schema-graph\">{\"@context\":\"https:\/\/schema.org\",\"@graph\":[{\"@type\":\"Article\",\"@id\":\"https:\/\/www.africa-press.net\/guinee-bissau\/dossiers\/le-president-embalo-rechappe-a-un-nouveau-coup-de-force-en-afrique-de-louest#article\",\"isPartOf\":{\"@id\":\"https:\/\/www.africa-press.net\/guinee-bissau\/dossiers\/le-president-embalo-rechappe-a-un-nouveau-coup-de-force-en-afrique-de-louest\"},\"author\":{\"name\":\"cfeditorfr\",\"@id\":\"https:\/\/www.africa-press.net\/guinee-bissau\/#\/schema\/person\/2b1cf3cd81a31e3cd26889ca66d677f1\"},\"headline\":\"le pr\u00e9sident Embalo r\u00e9chappe \u00e0 un nouveau coup de force en Afrique de l&rsquo;Ouest\",\"datePublished\":\"2022-02-02T22:02:43+00:00\",\"dateModified\":\"2022-02-02T22:34:27+00:00\",\"mainEntityOfPage\":{\"@id\":\"https:\/\/www.africa-press.net\/guinee-bissau\/dossiers\/le-president-embalo-rechappe-a-un-nouveau-coup-de-force-en-afrique-de-louest\"},\"wordCount\":834,\"commentCount\":0,\"image\":{\"@id\":\"https:\/\/www.africa-press.net\/guinee-bissau\/dossiers\/le-president-embalo-rechappe-a-un-nouveau-coup-de-force-en-afrique-de-louest#primaryimage\"},\"thumbnailUrl\":\"https:\/\/static.africa-press.net\/guinee-bissau\/sites\/55\/2022\/02\/img-61fb06da21e56.jpg\",\"keywords\":[\"Africa Press\",\"Africa Press-Guinee Bissau\",\"Afrique\",\"Guinee Bissau\",\"Internationales\"],\"articleSection\":[\"Dossiers\",\"homepage-french\",\"Toutes les actualit\u00e9s\"],\"inLanguage\":\"fr-FR\",\"potentialAction\":[{\"@type\":\"CommentAction\",\"name\":\"Comment\",\"target\":[\"https:\/\/www.africa-press.net\/guinee-bissau\/dossiers\/le-president-embalo-rechappe-a-un-nouveau-coup-de-force-en-afrique-de-louest#respond\"]}]},{\"@type\":\"WebPage\",\"@id\":\"https:\/\/www.africa-press.net\/guinee-bissau\/dossiers\/le-president-embalo-rechappe-a-un-nouveau-coup-de-force-en-afrique-de-louest\",\"url\":\"https:\/\/www.africa-press.net\/guinee-bissau\/dossiers\/le-president-embalo-rechappe-a-un-nouveau-coup-de-force-en-afrique-de-louest\",\"name\":\"le pr\u00e9sident Embalo r\u00e9chappe \u00e0 un nouveau coup de force en Afrique de l'Ouest - Guin\u00e9e Bissau\",\"isPartOf\":{\"@id\":\"https:\/\/www.africa-press.net\/guinee-bissau\/#website\"},\"primaryImageOfPage\":{\"@id\":\"https:\/\/www.africa-press.net\/guinee-bissau\/dossiers\/le-president-embalo-rechappe-a-un-nouveau-coup-de-force-en-afrique-de-louest#primaryimage\"},\"image\":{\"@id\":\"https:\/\/www.africa-press.net\/guinee-bissau\/dossiers\/le-president-embalo-rechappe-a-un-nouveau-coup-de-force-en-afrique-de-louest#primaryimage\"},\"thumbnailUrl\":\"https:\/\/static.africa-press.net\/guinee-bissau\/sites\/55\/2022\/02\/img-61fb06da21e56.jpg\",\"datePublished\":\"2022-02-02T22:02:43+00:00\",\"dateModified\":\"2022-02-02T22:34:27+00:00\",\"author\":{\"@id\":\"https:\/\/www.africa-press.net\/guinee-bissau\/#\/schema\/person\/2b1cf3cd81a31e3cd26889ca66d677f1\"},\"description\":\"Le pr\u00e9sident de la Guin\u00e9e-Bissau, Umaro Sissoco Embalo, a r\u00e9chapp\u00e9 mardi \u00e0 une tentative de coup d'Etat qui a fait de no ...\",\"breadcrumb\":{\"@id\":\"https:\/\/www.africa-press.net\/guinee-bissau\/dossiers\/le-president-embalo-rechappe-a-un-nouveau-coup-de-force-en-afrique-de-louest#breadcrumb\"},\"inLanguage\":\"fr-FR\",\"potentialAction\":[{\"@type\":\"ReadAction\",\"target\":[\"https:\/\/www.africa-press.net\/guinee-bissau\/dossiers\/le-president-embalo-rechappe-a-un-nouveau-coup-de-force-en-afrique-de-louest\"]}]},{\"@type\":\"ImageObject\",\"inLanguage\":\"fr-FR\",\"@id\":\"https:\/\/www.africa-press.net\/guinee-bissau\/dossiers\/le-president-embalo-rechappe-a-un-nouveau-coup-de-force-en-afrique-de-louest#primaryimage\",\"url\":\"https:\/\/static.africa-press.net\/guinee-bissau\/sites\/55\/2022\/02\/img-61fb06da21e56.jpg\",\"contentUrl\":\"https:\/\/static.africa-press.net\/guinee-bissau\/sites\/55\/2022\/02\/img-61fb06da21e56.jpg\",\"width\":1250,\"height\":625,\"caption\":\"le pr\u00e9sident Embalo r\u00e9chappe \u00e0 un nouveau coup de force en Afrique de l'Ouest\"},{\"@type\":\"BreadcrumbList\",\"@id\":\"https:\/\/www.africa-press.net\/guinee-bissau\/dossiers\/le-president-embalo-rechappe-a-un-nouveau-coup-de-force-en-afrique-de-louest#breadcrumb\",\"itemListElement\":[{\"@type\":\"ListItem\",\"position\":1,\"name\":\"Accueil\",\"item\":\"https:\/\/www.africa-press.net\/guinee-bissau\/\"},{\"@type\":\"ListItem\",\"position\":2,\"name\":\"le pr\u00e9sident Embalo r\u00e9chappe \u00e0 un nouveau coup de force en Afrique de l&#8217;Ouest\"}]},{\"@type\":\"WebSite\",\"@id\":\"https:\/\/www.africa-press.net\/guinee-bissau\/#website\",\"url\":\"https:\/\/www.africa-press.net\/guinee-bissau\/\",\"name\":\"Guin\u00e9e Bissau\",\"description\":\"Just another Africa News Agency Sites site\",\"potentialAction\":[{\"@type\":\"SearchAction\",\"target\":{\"@type\":\"EntryPoint\",\"urlTemplate\":\"https:\/\/www.africa-press.net\/guinee-bissau\/?s={search_term_string}\"},\"query-input\":{\"@type\":\"PropertyValueSpecification\",\"valueRequired\":true,\"valueName\":\"search_term_string\"}}],\"inLanguage\":\"fr-FR\"},{\"@type\":\"Person\",\"@id\":\"https:\/\/www.africa-press.net\/guinee-bissau\/#\/schema\/person\/2b1cf3cd81a31e3cd26889ca66d677f1\",\"name\":\"cfeditorfr\"}]}<\/script>\n<!-- \/ Yoast SEO Premium plugin. -->","yoast_head_json":{"title":"le pr\u00e9sident Embalo r\u00e9chappe \u00e0 un nouveau coup de force en Afrique de l'Ouest - Guin\u00e9e Bissau","description":"Le pr\u00e9sident de la Guin\u00e9e-Bissau, Umaro Sissoco Embalo, a r\u00e9chapp\u00e9 mardi \u00e0 une tentative de coup d'Etat qui a fait de no ...","robots":{"index":"index","follow":"follow","max-snippet":"max-snippet:-1","max-image-preview":"max-image-preview:large","max-video-preview":"max-video-preview:-1"},"canonical":"https:\/\/www.africa-press.net\/guinee-bissau\/dossiers\/le-president-embalo-rechappe-a-un-nouveau-coup-de-force-en-afrique-de-louest","og_locale":"fr_FR","og_type":"article","og_title":"le pr\u00e9sident Embalo r\u00e9chappe \u00e0 un nouveau coup de force en Afrique de l'Ouest","og_description":"Le pr\u00e9sident de la Guin\u00e9e-Bissau, Umaro Sissoco Embalo, a r\u00e9chapp\u00e9 mardi \u00e0 une tentative de coup d'Etat qui a fait de no ...","og_url":"https:\/\/www.africa-press.net\/guinee-bissau\/dossiers\/le-president-embalo-rechappe-a-un-nouveau-coup-de-force-en-afrique-de-louest","og_site_name":"Guin\u00e9e Bissau","article_published_time":"2022-02-02T22:02:43+00:00","article_modified_time":"2022-02-02T22:34:27+00:00","og_image":[{"width":1250,"height":625,"url":"https:\/\/static.africa-press.net\/guinee-bissau\/sites\/55\/2022\/02\/img-61fb06da21e56.jpg","type":"image\/jpeg"}],"author":"cfeditorfr","twitter_card":"summary_large_image","twitter_misc":{"\u00c9crit par":"cfeditorfr","Dur\u00e9e de lecture estim\u00e9e":"4 minutes"},"schema":{"@context":"https:\/\/schema.org","@graph":[{"@type":"Article","@id":"https:\/\/www.africa-press.net\/guinee-bissau\/dossiers\/le-president-embalo-rechappe-a-un-nouveau-coup-de-force-en-afrique-de-louest#article","isPartOf":{"@id":"https:\/\/www.africa-press.net\/guinee-bissau\/dossiers\/le-president-embalo-rechappe-a-un-nouveau-coup-de-force-en-afrique-de-louest"},"author":{"name":"cfeditorfr","@id":"https:\/\/www.africa-press.net\/guinee-bissau\/#\/schema\/person\/2b1cf3cd81a31e3cd26889ca66d677f1"},"headline":"le pr\u00e9sident Embalo r\u00e9chappe \u00e0 un nouveau coup de force en Afrique de l&rsquo;Ouest","datePublished":"2022-02-02T22:02:43+00:00","dateModified":"2022-02-02T22:34:27+00:00","mainEntityOfPage":{"@id":"https:\/\/www.africa-press.net\/guinee-bissau\/dossiers\/le-president-embalo-rechappe-a-un-nouveau-coup-de-force-en-afrique-de-louest"},"wordCount":834,"commentCount":0,"image":{"@id":"https:\/\/www.africa-press.net\/guinee-bissau\/dossiers\/le-president-embalo-rechappe-a-un-nouveau-coup-de-force-en-afrique-de-louest#primaryimage"},"thumbnailUrl":"https:\/\/static.africa-press.net\/guinee-bissau\/sites\/55\/2022\/02\/img-61fb06da21e56.jpg","keywords":["Africa Press","Africa Press-Guinee Bissau","Afrique","Guinee Bissau","Internationales"],"articleSection":["Dossiers","homepage-french","Toutes les actualit\u00e9s"],"inLanguage":"fr-FR","potentialAction":[{"@type":"CommentAction","name":"Comment","target":["https:\/\/www.africa-press.net\/guinee-bissau\/dossiers\/le-president-embalo-rechappe-a-un-nouveau-coup-de-force-en-afrique-de-louest#respond"]}]},{"@type":"WebPage","@id":"https:\/\/www.africa-press.net\/guinee-bissau\/dossiers\/le-president-embalo-rechappe-a-un-nouveau-coup-de-force-en-afrique-de-louest","url":"https:\/\/www.africa-press.net\/guinee-bissau\/dossiers\/le-president-embalo-rechappe-a-un-nouveau-coup-de-force-en-afrique-de-louest","name":"le pr\u00e9sident Embalo r\u00e9chappe \u00e0 un nouveau coup de force en Afrique de l'Ouest - Guin\u00e9e Bissau","isPartOf":{"@id":"https:\/\/www.africa-press.net\/guinee-bissau\/#website"},"primaryImageOfPage":{"@id":"https:\/\/www.africa-press.net\/guinee-bissau\/dossiers\/le-president-embalo-rechappe-a-un-nouveau-coup-de-force-en-afrique-de-louest#primaryimage"},"image":{"@id":"https:\/\/www.africa-press.net\/guinee-bissau\/dossiers\/le-president-embalo-rechappe-a-un-nouveau-coup-de-force-en-afrique-de-louest#primaryimage"},"thumbnailUrl":"https:\/\/static.africa-press.net\/guinee-bissau\/sites\/55\/2022\/02\/img-61fb06da21e56.jpg","datePublished":"2022-02-02T22:02:43+00:00","dateModified":"2022-02-02T22:34:27+00:00","author":{"@id":"https:\/\/www.africa-press.net\/guinee-bissau\/#\/schema\/person\/2b1cf3cd81a31e3cd26889ca66d677f1"},"description":"Le pr\u00e9sident de la Guin\u00e9e-Bissau, Umaro Sissoco Embalo, a r\u00e9chapp\u00e9 mardi \u00e0 une tentative de coup d'Etat qui a fait de no ...","breadcrumb":{"@id":"https:\/\/www.africa-press.net\/guinee-bissau\/dossiers\/le-president-embalo-rechappe-a-un-nouveau-coup-de-force-en-afrique-de-louest#breadcrumb"},"inLanguage":"fr-FR","potentialAction":[{"@type":"ReadAction","target":["https:\/\/www.africa-press.net\/guinee-bissau\/dossiers\/le-president-embalo-rechappe-a-un-nouveau-coup-de-force-en-afrique-de-louest"]}]},{"@type":"ImageObject","inLanguage":"fr-FR","@id":"https:\/\/www.africa-press.net\/guinee-bissau\/dossiers\/le-president-embalo-rechappe-a-un-nouveau-coup-de-force-en-afrique-de-louest#primaryimage","url":"https:\/\/static.africa-press.net\/guinee-bissau\/sites\/55\/2022\/02\/img-61fb06da21e56.jpg","contentUrl":"https:\/\/static.africa-press.net\/guinee-bissau\/sites\/55\/2022\/02\/img-61fb06da21e56.jpg","width":1250,"height":625,"caption":"le pr\u00e9sident Embalo r\u00e9chappe \u00e0 un nouveau coup de force en Afrique de l'Ouest"},{"@type":"BreadcrumbList","@id":"https:\/\/www.africa-press.net\/guinee-bissau\/dossiers\/le-president-embalo-rechappe-a-un-nouveau-coup-de-force-en-afrique-de-louest#breadcrumb","itemListElement":[{"@type":"ListItem","position":1,"name":"Accueil","item":"https:\/\/www.africa-press.net\/guinee-bissau\/"},{"@type":"ListItem","position":2,"name":"le pr\u00e9sident Embalo r\u00e9chappe \u00e0 un nouveau coup de force en Afrique de l&#8217;Ouest"}]},{"@type":"WebSite","@id":"https:\/\/www.africa-press.net\/guinee-bissau\/#website","url":"https:\/\/www.africa-press.net\/guinee-bissau\/","name":"Guin\u00e9e Bissau","description":"Just another Africa News Agency Sites site","potentialAction":[{"@type":"SearchAction","target":{"@type":"EntryPoint","urlTemplate":"https:\/\/www.africa-press.net\/guinee-bissau\/?s={search_term_string}"},"query-input":{"@type":"PropertyValueSpecification","valueRequired":true,"valueName":"search_term_string"}}],"inLanguage":"fr-FR"},{"@type":"Person","@id":"https:\/\/www.africa-press.net\/guinee-bissau\/#\/schema\/person\/2b1cf3cd81a31e3cd26889ca66d677f1","name":"cfeditorfr"}]}},"_links":{"self":[{"href":"https:\/\/www.africa-press.net\/guinee-bissau\/wp-json\/wp\/v2\/posts\/1602","targetHints":{"allow":["GET"]}}],"collection":[{"href":"https:\/\/www.africa-press.net\/guinee-bissau\/wp-json\/wp\/v2\/posts"}],"about":[{"href":"https:\/\/www.africa-press.net\/guinee-bissau\/wp-json\/wp\/v2\/types\/post"}],"author":[{"embeddable":true,"href":"https:\/\/www.africa-press.net\/guinee-bissau\/wp-json\/wp\/v2\/users\/82"}],"replies":[{"embeddable":true,"href":"https:\/\/www.africa-press.net\/guinee-bissau\/wp-json\/wp\/v2\/comments?post=1602"}],"version-history":[{"count":0,"href":"https:\/\/www.africa-press.net\/guinee-bissau\/wp-json\/wp\/v2\/posts\/1602\/revisions"}],"wp:featuredmedia":[{"embeddable":true,"href":"https:\/\/www.africa-press.net\/guinee-bissau\/wp-json\/wp\/v2\/media\/1601"}],"wp:attachment":[{"href":"https:\/\/www.africa-press.net\/guinee-bissau\/wp-json\/wp\/v2\/media?parent=1602"}],"wp:term":[{"taxonomy":"category","embeddable":true,"href":"https:\/\/www.africa-press.net\/guinee-bissau\/wp-json\/wp\/v2\/categories?post=1602"},{"taxonomy":"post_tag","embeddable":true,"href":"https:\/\/www.africa-press.net\/guinee-bissau\/wp-json\/wp\/v2\/tags?post=1602"}],"curies":[{"name":"wp","href":"https:\/\/api.w.org\/{rel}","templated":true}]}}