{"id":16243,"date":"2024-12-30T19:53:44","date_gmt":"2024-12-30T19:53:44","guid":{"rendered":"https:\/\/www.africa-press.net\/guinee-bissau\/politique\/embalo-annonce-ses-soutiens-pour-les-presidentielles-de-2025"},"modified":"2024-12-31T12:19:20","modified_gmt":"2024-12-31T12:19:20","slug":"embalo-annonce-ses-soutiens-pour-les-presidentielles-de-2025","status":"publish","type":"post","link":"https:\/\/www.africa-press.net\/guinee-bissau\/politique\/embalo-annonce-ses-soutiens-pour-les-presidentielles-de-2025","title":{"rendered":"Embalo\u0301 Annonce Ses Soutiens pour les Pr\u00e9sidentielles de 2025"},"content":{"rendered":"<p><span style=\"color: #ff6600\"><strong>Africa-Press &#8211; Guinee Bissau. <\/strong><\/span>Le Pre\u0301sident de la Re\u0301publique, Umaro Sissoco Embalo\u0301, a affirme\u0301 que plusieurs figures politiques, dont Nuno Gomes Nabian, Braima Camara\u0301 et Fernando Dias da Costa, soutiendront sa candidature aux e\u0301lections pre\u0301sidentielles de 2025.<\/p>\n<p>Lors d\u2019un rassemblement a\u0300 Untche Ncot, il a re\u0301fute\u0301 les accusations de favoritisme ethnique ou de perse\u0301cution envers les Balantas, affirmant que la Guine\u0301e-Bissau appartient a\u0300 tous ses citoyens, quelle que soit leur origine ethnique ou leur religion.<\/p>\n<p>Il a appele\u0301 les ethnies Fula et Balanta a\u0300 rejeter les troubles fomente\u0301s par certaines personnes et a\u0300 \u0153uvrer pour l\u2019unite\u0301 nationale. Il a e\u0301galement rappele\u0301 que l\u2019e\u0301lection d\u2019un pre\u0301sident ne\u0301cessite un large soutien au-dela\u0300 des divisions ethniques.<\/p>\n<p>Le Pre\u0301sident a remercie\u0301 ses soutiens actuels et anciens pour leur fide\u0301lite\u0301 a\u0300 son projet, tout en appelant a\u0300 une meilleure coope\u0301ration entre les diffe\u0301rents groupes pour renforcer la stabilite\u0301 et l\u2019unite\u0301 du pays.<\/p>\n<p><strong>Pour plus d&rsquo;informations et d&rsquo;analyses sur la <span style=\"color: #ff6600\">Guinee Bissau<\/span>, suivez <span style=\"color: #ff6600\">Africa-Press<\/span><\/strong><\/p>\n","protected":false},"excerpt":{"rendered":"<p>Africa-Press &#8211; Guinee Bissau. Le Pre\u0301sident de la Re\u0301publique, Umaro Sissoco Embalo\u0301, a affirme\u0301 que plusieurs figures politiques, dont Nuno Gomes Nabian, Braima Camara\u0301 et Fernando Dias da Costa, soutiendront sa candidature aux e\u0301lections pre\u0301sidentielles de 2025. Lors d\u2019un rassemblement a\u0300 Untche Ncot, il a re\u0301fute\u0301 les accusations de favoritisme ethnique ou de perse\u0301cution envers [&hellip;]<\/p>\n","protected":false},"author":82,"featured_media":16242,"comment_status":"open","ping_status":"closed","sticky":false,"template":"","format":"standard","meta":{"footnotes":""},"categories":[2,10],"tags":[50],"class_list":["post-16243","post","type-post","status-publish","format-standard","has-post-thumbnail","hentry","category-politique","category-toutes-les-actualites","tag-guinee-bissau"],"yoast_head":"<!-- This site is optimized with the Yoast SEO Premium plugin v26.1 (Yoast SEO v27.0) - https:\/\/yoast.com\/product\/yoast-seo-premium-wordpress\/ -->\n<title>Embalo\u0301 Annonce Ses Soutiens pour les Pr\u00e9sidentielles de 2025 - Guin\u00e9e Bissau<\/title>\n<meta name=\"description\" content=\"Le Pre\u0301sident de la Re\u0301publique, Umaro Sissoco Embalo\u0301, a affirme\u0301 que plusieurs figures politiques, dont Nuno Gomes Nab ...\" \/>\n<meta name=\"robots\" content=\"index, follow, max-snippet:-1, max-image-preview:large, max-video-preview:-1\" \/>\n<link rel=\"canonical\" href=\"https:\/\/www.africa-press.net\/guinee-bissau\/politique\/embalo-annonce-ses-soutiens-pour-les-presidentielles-de-2025\" \/>\n<meta property=\"og:locale\" content=\"fr_FR\" \/>\n<meta property=\"og:type\" content=\"article\" \/>\n<meta property=\"og:title\" content=\"Embalo\u0301 Annonce Ses Soutiens pour les Pr\u00e9sidentielles de 2025\" \/>\n<meta property=\"og:description\" content=\"Le Pre\u0301sident de la Re\u0301publique, Umaro Sissoco Embalo\u0301, a affirme\u0301 que plusieurs figures politiques, dont Nuno Gomes Nab ...\" \/>\n<meta property=\"og:url\" content=\"https:\/\/www.africa-press.net\/guinee-bissau\/politique\/embalo-annonce-ses-soutiens-pour-les-presidentielles-de-2025\" \/>\n<meta property=\"og:site_name\" content=\"Guin\u00e9e Bissau\" \/>\n<meta property=\"article:published_time\" content=\"2024-12-30T19:53:44+00:00\" \/>\n<meta property=\"article:modified_time\" content=\"2024-12-31T12:19:20+00:00\" \/>\n<meta property=\"og:image\" content=\"https:\/\/static.africa-press.net\/guinee-bissau\/sites\/55\/2024\/12\/sm_1735634813.139063.jpg\" \/>\n\t<meta property=\"og:image:width\" content=\"605\" \/>\n\t<meta property=\"og:image:height\" content=\"312\" \/>\n\t<meta property=\"og:image:type\" content=\"image\/jpeg\" \/>\n<meta name=\"author\" content=\"cfeditorfr\" \/>\n<meta name=\"twitter:card\" content=\"summary_large_image\" \/>\n<meta name=\"twitter:label1\" content=\"\u00c9crit par\" \/>\n\t<meta name=\"twitter:data1\" content=\"cfeditorfr\" \/>\n\t<meta name=\"twitter:label2\" content=\"Dur\u00e9e de lecture estim\u00e9e\" \/>\n\t<meta name=\"twitter:data2\" content=\"1 minute\" \/>\n<script type=\"application\/ld+json\" class=\"yoast-schema-graph\">{\"@context\":\"https:\/\/schema.org\",\"@graph\":[{\"@type\":\"Article\",\"@id\":\"https:\/\/www.africa-press.net\/guinee-bissau\/politique\/embalo-annonce-ses-soutiens-pour-les-presidentielles-de-2025#article\",\"isPartOf\":{\"@id\":\"https:\/\/www.africa-press.net\/guinee-bissau\/politique\/embalo-annonce-ses-soutiens-pour-les-presidentielles-de-2025\"},\"author\":{\"name\":\"cfeditorfr\",\"@id\":\"https:\/\/www.africa-press.net\/guinee-bissau\/#\/schema\/person\/2b1cf3cd81a31e3cd26889ca66d677f1\"},\"headline\":\"Embalo\u0301 Annonce Ses Soutiens pour les Pr\u00e9sidentielles de 2025\",\"datePublished\":\"2024-12-30T19:53:44+00:00\",\"dateModified\":\"2024-12-31T12:19:20+00:00\",\"mainEntityOfPage\":{\"@id\":\"https:\/\/www.africa-press.net\/guinee-bissau\/politique\/embalo-annonce-ses-soutiens-pour-les-presidentielles-de-2025\"},\"wordCount\":189,\"commentCount\":0,\"image\":{\"@id\":\"https:\/\/www.africa-press.net\/guinee-bissau\/politique\/embalo-annonce-ses-soutiens-pour-les-presidentielles-de-2025#primaryimage\"},\"thumbnailUrl\":\"https:\/\/static.africa-press.net\/guinee-bissau\/sites\/55\/2024\/12\/sm_1735634813.139063.jpg\",\"keywords\":[\"Guinee Bissau\"],\"articleSection\":[\"Politique\",\"Toutes les actualit\u00e9s\"],\"inLanguage\":\"fr-FR\",\"potentialAction\":[{\"@type\":\"CommentAction\",\"name\":\"Comment\",\"target\":[\"https:\/\/www.africa-press.net\/guinee-bissau\/politique\/embalo-annonce-ses-soutiens-pour-les-presidentielles-de-2025#respond\"]}]},{\"@type\":\"WebPage\",\"@id\":\"https:\/\/www.africa-press.net\/guinee-bissau\/politique\/embalo-annonce-ses-soutiens-pour-les-presidentielles-de-2025\",\"url\":\"https:\/\/www.africa-press.net\/guinee-bissau\/politique\/embalo-annonce-ses-soutiens-pour-les-presidentielles-de-2025\",\"name\":\"Embalo\u0301 Annonce Ses Soutiens pour les Pr\u00e9sidentielles de 2025 - Guin\u00e9e Bissau\",\"isPartOf\":{\"@id\":\"https:\/\/www.africa-press.net\/guinee-bissau\/#website\"},\"primaryImageOfPage\":{\"@id\":\"https:\/\/www.africa-press.net\/guinee-bissau\/politique\/embalo-annonce-ses-soutiens-pour-les-presidentielles-de-2025#primaryimage\"},\"image\":{\"@id\":\"https:\/\/www.africa-press.net\/guinee-bissau\/politique\/embalo-annonce-ses-soutiens-pour-les-presidentielles-de-2025#primaryimage\"},\"thumbnailUrl\":\"https:\/\/static.africa-press.net\/guinee-bissau\/sites\/55\/2024\/12\/sm_1735634813.139063.jpg\",\"datePublished\":\"2024-12-30T19:53:44+00:00\",\"dateModified\":\"2024-12-31T12:19:20+00:00\",\"author\":{\"@id\":\"https:\/\/www.africa-press.net\/guinee-bissau\/#\/schema\/person\/2b1cf3cd81a31e3cd26889ca66d677f1\"},\"description\":\"Le Pre\u0301sident de la Re\u0301publique, Umaro Sissoco Embalo\u0301, a affirme\u0301 que plusieurs figures politiques, dont Nuno Gomes Nab ...\",\"breadcrumb\":{\"@id\":\"https:\/\/www.africa-press.net\/guinee-bissau\/politique\/embalo-annonce-ses-soutiens-pour-les-presidentielles-de-2025#breadcrumb\"},\"inLanguage\":\"fr-FR\",\"potentialAction\":[{\"@type\":\"ReadAction\",\"target\":[\"https:\/\/www.africa-press.net\/guinee-bissau\/politique\/embalo-annonce-ses-soutiens-pour-les-presidentielles-de-2025\"]}]},{\"@type\":\"ImageObject\",\"inLanguage\":\"fr-FR\",\"@id\":\"https:\/\/www.africa-press.net\/guinee-bissau\/politique\/embalo-annonce-ses-soutiens-pour-les-presidentielles-de-2025#primaryimage\",\"url\":\"https:\/\/static.africa-press.net\/guinee-bissau\/sites\/55\/2024\/12\/sm_1735634813.139063.jpg\",\"contentUrl\":\"https:\/\/static.africa-press.net\/guinee-bissau\/sites\/55\/2024\/12\/sm_1735634813.139063.jpg\",\"width\":605,\"height\":312,\"caption\":\"Embalo\u0301 Annonce Ses Soutiens pour les Pr\u00e9sidentielles de 2025\"},{\"@type\":\"BreadcrumbList\",\"@id\":\"https:\/\/www.africa-press.net\/guinee-bissau\/politique\/embalo-annonce-ses-soutiens-pour-les-presidentielles-de-2025#breadcrumb\",\"itemListElement\":[{\"@type\":\"ListItem\",\"position\":1,\"name\":\"Accueil\",\"item\":\"https:\/\/www.africa-press.net\/guinee-bissau\/\"},{\"@type\":\"ListItem\",\"position\":2,\"name\":\"Embalo\u0301 Annonce Ses Soutiens pour les Pr\u00e9sidentielles de 2025\"}]},{\"@type\":\"WebSite\",\"@id\":\"https:\/\/www.africa-press.net\/guinee-bissau\/#website\",\"url\":\"https:\/\/www.africa-press.net\/guinee-bissau\/\",\"name\":\"Guin\u00e9e Bissau\",\"description\":\"Just another Africa News Agency Sites site\",\"potentialAction\":[{\"@type\":\"SearchAction\",\"target\":{\"@type\":\"EntryPoint\",\"urlTemplate\":\"https:\/\/www.africa-press.net\/guinee-bissau\/?s={search_term_string}\"},\"query-input\":{\"@type\":\"PropertyValueSpecification\",\"valueRequired\":true,\"valueName\":\"search_term_string\"}}],\"inLanguage\":\"fr-FR\"},{\"@type\":\"Person\",\"@id\":\"https:\/\/www.africa-press.net\/guinee-bissau\/#\/schema\/person\/2b1cf3cd81a31e3cd26889ca66d677f1\",\"name\":\"cfeditorfr\"}]}<\/script>\n<!-- \/ Yoast SEO Premium plugin. -->","yoast_head_json":{"title":"Embalo\u0301 Annonce Ses Soutiens pour les Pr\u00e9sidentielles de 2025 - Guin\u00e9e Bissau","description":"Le Pre\u0301sident de la Re\u0301publique, Umaro Sissoco Embalo\u0301, a affirme\u0301 que plusieurs figures politiques, dont Nuno Gomes Nab ...","robots":{"index":"index","follow":"follow","max-snippet":"max-snippet:-1","max-image-preview":"max-image-preview:large","max-video-preview":"max-video-preview:-1"},"canonical":"https:\/\/www.africa-press.net\/guinee-bissau\/politique\/embalo-annonce-ses-soutiens-pour-les-presidentielles-de-2025","og_locale":"fr_FR","og_type":"article","og_title":"Embalo\u0301 Annonce Ses Soutiens pour les Pr\u00e9sidentielles de 2025","og_description":"Le Pre\u0301sident de la Re\u0301publique, Umaro Sissoco Embalo\u0301, a affirme\u0301 que plusieurs figures politiques, dont Nuno Gomes Nab ...","og_url":"https:\/\/www.africa-press.net\/guinee-bissau\/politique\/embalo-annonce-ses-soutiens-pour-les-presidentielles-de-2025","og_site_name":"Guin\u00e9e Bissau","article_published_time":"2024-12-30T19:53:44+00:00","article_modified_time":"2024-12-31T12:19:20+00:00","og_image":[{"width":605,"height":312,"url":"https:\/\/static.africa-press.net\/guinee-bissau\/sites\/55\/2024\/12\/sm_1735634813.139063.jpg","type":"image\/jpeg"}],"author":"cfeditorfr","twitter_card":"summary_large_image","twitter_misc":{"\u00c9crit par":"cfeditorfr","Dur\u00e9e de lecture estim\u00e9e":"1 minute"},"schema":{"@context":"https:\/\/schema.org","@graph":[{"@type":"Article","@id":"https:\/\/www.africa-press.net\/guinee-bissau\/politique\/embalo-annonce-ses-soutiens-pour-les-presidentielles-de-2025#article","isPartOf":{"@id":"https:\/\/www.africa-press.net\/guinee-bissau\/politique\/embalo-annonce-ses-soutiens-pour-les-presidentielles-de-2025"},"author":{"name":"cfeditorfr","@id":"https:\/\/www.africa-press.net\/guinee-bissau\/#\/schema\/person\/2b1cf3cd81a31e3cd26889ca66d677f1"},"headline":"Embalo\u0301 Annonce Ses Soutiens pour les Pr\u00e9sidentielles de 2025","datePublished":"2024-12-30T19:53:44+00:00","dateModified":"2024-12-31T12:19:20+00:00","mainEntityOfPage":{"@id":"https:\/\/www.africa-press.net\/guinee-bissau\/politique\/embalo-annonce-ses-soutiens-pour-les-presidentielles-de-2025"},"wordCount":189,"commentCount":0,"image":{"@id":"https:\/\/www.africa-press.net\/guinee-bissau\/politique\/embalo-annonce-ses-soutiens-pour-les-presidentielles-de-2025#primaryimage"},"thumbnailUrl":"https:\/\/static.africa-press.net\/guinee-bissau\/sites\/55\/2024\/12\/sm_1735634813.139063.jpg","keywords":["Guinee Bissau"],"articleSection":["Politique","Toutes les actualit\u00e9s"],"inLanguage":"fr-FR","potentialAction":[{"@type":"CommentAction","name":"Comment","target":["https:\/\/www.africa-press.net\/guinee-bissau\/politique\/embalo-annonce-ses-soutiens-pour-les-presidentielles-de-2025#respond"]}]},{"@type":"WebPage","@id":"https:\/\/www.africa-press.net\/guinee-bissau\/politique\/embalo-annonce-ses-soutiens-pour-les-presidentielles-de-2025","url":"https:\/\/www.africa-press.net\/guinee-bissau\/politique\/embalo-annonce-ses-soutiens-pour-les-presidentielles-de-2025","name":"Embalo\u0301 Annonce Ses Soutiens pour les Pr\u00e9sidentielles de 2025 - Guin\u00e9e Bissau","isPartOf":{"@id":"https:\/\/www.africa-press.net\/guinee-bissau\/#website"},"primaryImageOfPage":{"@id":"https:\/\/www.africa-press.net\/guinee-bissau\/politique\/embalo-annonce-ses-soutiens-pour-les-presidentielles-de-2025#primaryimage"},"image":{"@id":"https:\/\/www.africa-press.net\/guinee-bissau\/politique\/embalo-annonce-ses-soutiens-pour-les-presidentielles-de-2025#primaryimage"},"thumbnailUrl":"https:\/\/static.africa-press.net\/guinee-bissau\/sites\/55\/2024\/12\/sm_1735634813.139063.jpg","datePublished":"2024-12-30T19:53:44+00:00","dateModified":"2024-12-31T12:19:20+00:00","author":{"@id":"https:\/\/www.africa-press.net\/guinee-bissau\/#\/schema\/person\/2b1cf3cd81a31e3cd26889ca66d677f1"},"description":"Le Pre\u0301sident de la Re\u0301publique, Umaro Sissoco Embalo\u0301, a affirme\u0301 que plusieurs figures politiques, dont Nuno Gomes Nab ...","breadcrumb":{"@id":"https:\/\/www.africa-press.net\/guinee-bissau\/politique\/embalo-annonce-ses-soutiens-pour-les-presidentielles-de-2025#breadcrumb"},"inLanguage":"fr-FR","potentialAction":[{"@type":"ReadAction","target":["https:\/\/www.africa-press.net\/guinee-bissau\/politique\/embalo-annonce-ses-soutiens-pour-les-presidentielles-de-2025"]}]},{"@type":"ImageObject","inLanguage":"fr-FR","@id":"https:\/\/www.africa-press.net\/guinee-bissau\/politique\/embalo-annonce-ses-soutiens-pour-les-presidentielles-de-2025#primaryimage","url":"https:\/\/static.africa-press.net\/guinee-bissau\/sites\/55\/2024\/12\/sm_1735634813.139063.jpg","contentUrl":"https:\/\/static.africa-press.net\/guinee-bissau\/sites\/55\/2024\/12\/sm_1735634813.139063.jpg","width":605,"height":312,"caption":"Embalo\u0301 Annonce Ses Soutiens pour les Pr\u00e9sidentielles de 2025"},{"@type":"BreadcrumbList","@id":"https:\/\/www.africa-press.net\/guinee-bissau\/politique\/embalo-annonce-ses-soutiens-pour-les-presidentielles-de-2025#breadcrumb","itemListElement":[{"@type":"ListItem","position":1,"name":"Accueil","item":"https:\/\/www.africa-press.net\/guinee-bissau\/"},{"@type":"ListItem","position":2,"name":"Embalo\u0301 Annonce Ses Soutiens pour les Pr\u00e9sidentielles de 2025"}]},{"@type":"WebSite","@id":"https:\/\/www.africa-press.net\/guinee-bissau\/#website","url":"https:\/\/www.africa-press.net\/guinee-bissau\/","name":"Guin\u00e9e Bissau","description":"Just another Africa News Agency Sites site","potentialAction":[{"@type":"SearchAction","target":{"@type":"EntryPoint","urlTemplate":"https:\/\/www.africa-press.net\/guinee-bissau\/?s={search_term_string}"},"query-input":{"@type":"PropertyValueSpecification","valueRequired":true,"valueName":"search_term_string"}}],"inLanguage":"fr-FR"},{"@type":"Person","@id":"https:\/\/www.africa-press.net\/guinee-bissau\/#\/schema\/person\/2b1cf3cd81a31e3cd26889ca66d677f1","name":"cfeditorfr"}]}},"_links":{"self":[{"href":"https:\/\/www.africa-press.net\/guinee-bissau\/wp-json\/wp\/v2\/posts\/16243","targetHints":{"allow":["GET"]}}],"collection":[{"href":"https:\/\/www.africa-press.net\/guinee-bissau\/wp-json\/wp\/v2\/posts"}],"about":[{"href":"https:\/\/www.africa-press.net\/guinee-bissau\/wp-json\/wp\/v2\/types\/post"}],"author":[{"embeddable":true,"href":"https:\/\/www.africa-press.net\/guinee-bissau\/wp-json\/wp\/v2\/users\/82"}],"replies":[{"embeddable":true,"href":"https:\/\/www.africa-press.net\/guinee-bissau\/wp-json\/wp\/v2\/comments?post=16243"}],"version-history":[{"count":0,"href":"https:\/\/www.africa-press.net\/guinee-bissau\/wp-json\/wp\/v2\/posts\/16243\/revisions"}],"wp:featuredmedia":[{"embeddable":true,"href":"https:\/\/www.africa-press.net\/guinee-bissau\/wp-json\/wp\/v2\/media\/16242"}],"wp:attachment":[{"href":"https:\/\/www.africa-press.net\/guinee-bissau\/wp-json\/wp\/v2\/media?parent=16243"}],"wp:term":[{"taxonomy":"category","embeddable":true,"href":"https:\/\/www.africa-press.net\/guinee-bissau\/wp-json\/wp\/v2\/categories?post=16243"},{"taxonomy":"post_tag","embeddable":true,"href":"https:\/\/www.africa-press.net\/guinee-bissau\/wp-json\/wp\/v2\/tags?post=16243"}],"curies":[{"name":"wp","href":"https:\/\/api.w.org\/{rel}","templated":true}]}}