{"id":17064,"date":"2025-01-31T04:35:09","date_gmt":"2025-01-31T04:35:09","guid":{"rendered":"https:\/\/www.africa-press.net\/guinee-bissau\/politique\/ministre-de-la-peche-la-gestion-durable-passe-par-la-surveillance"},"modified":"2025-05-05T18:56:04","modified_gmt":"2025-05-05T18:56:04","slug":"ministre-de-la-peche-la-gestion-durable-passe-par-la-surveillance","status":"publish","type":"post","link":"https:\/\/www.africa-press.net\/guinee-bissau\/economie\/ministre-de-la-peche-la-gestion-durable-passe-par-la-surveillance","title":{"rendered":"Ministre de la P\u00eache : la Gestion Durable Passe par la Surveillance"},"content":{"rendered":"<p><span style=\"color: #ff6600\"><strong>Africa-Press &#8211; Guinee Bissau. <\/strong><\/span>Le ministre de la Pe\u0302che et de l&rsquo;E\u0301conomie Maritime a de\u0301clare\u0301 ce vendredi que la richesse halieutique de la Guine\u0301e-Bissau ne sera exploite\u0301e que gra\u0302ce a\u0300 des efforts conjoints, notamment par la mise en place d&rsquo;une surveillance re\u0301gulie\u0300re et permanente de la mer, afin de garantir une gestion rationnelle, e\u0301quilibre\u0301e et durable pour les ge\u0301ne\u0301rations futures.<\/p>\n<p>Ma\u0301rio Mussante da Silva faisait un bilan des 30 jours de repos maritime observe\u0301s au cours de ce mois et a annonce\u0301 que la pe\u0302che reprendra a\u0300 partir de ze\u0301ro heure le 1er fe\u0301vrier.<\/p>\n<p>Il a souligne\u0301 que le repos biologique est essentiel, d&rsquo;ou\u0300 la ne\u0301cessite\u0301 de maintenir la lutte \u00ab\u00a0sans rela\u0302che\u00a0\u00bb contre la pe\u0302che ille\u0301gale, la pe\u0302che non de\u0301clare\u0301e et non re\u0301glemente\u0301e.<\/p>\n<p>Mussante da Silva a salue\u0301 les efforts des agents de l&rsquo;Institut National de la Surveillance et du Contro\u0302le des Activite\u0301s de Pe\u0302che (FISCAP) depuis la pre\u0301paration jusqu&rsquo;a\u0300 l&rsquo;exe\u0301cution de la campagne de fermeture de la mer, en conformite\u0301 avec le de\u0301cret gouvernemental.<\/p>\n<p>\u00ab\u00a0Durant cette pe\u0301riode de repos biologique, il n&rsquo;y a eu aucun manquement, ce qui de\u0301montre le degre\u0301 de responsabilite\u0301 par rapport a\u0300 l&rsquo;accomplissement du devoir patriotique\u00a0\u00bb, a de\u0301clare\u0301 le ministre de la Pe\u0302che, qui a e\u0301galement remercie\u0301 les acteurs du secteur maritime, notamment les agents de FISCAP, la marine, la Garde nationale et l&rsquo;entreprise d&rsquo;E\u0301tat chinoise.<\/p>\n<p><strong>Pour plus d&rsquo;informations et d&rsquo;analyses sur la <span style=\"color: #ff6600\">Guinee Bissau<\/span>, suivez <span style=\"color: #ff6600\">Africa-Press<\/span><\/strong><\/p>\n","protected":false},"excerpt":{"rendered":"<p>Africa-Press &#8211; Guinee Bissau. Le ministre de la Pe\u0302che et de l&rsquo;E\u0301conomie Maritime a de\u0301clare\u0301 ce vendredi que la richesse halieutique de la Guine\u0301e-Bissau ne sera exploite\u0301e que gra\u0302ce a\u0300 des efforts conjoints, notamment par la mise en place d&rsquo;une surveillance re\u0301gulie\u0300re et permanente de la mer, afin de garantir une gestion rationnelle, e\u0301quilibre\u0301e et [&hellip;]<\/p>\n","protected":false},"author":82,"featured_media":17063,"comment_status":"open","ping_status":"closed","sticky":false,"template":"","format":"standard","meta":{"footnotes":""},"categories":[3,10],"tags":[50],"class_list":["post-17064","post","type-post","status-publish","format-standard","has-post-thumbnail","hentry","category-economie","category-toutes-les-actualites","tag-guinee-bissau"],"yoast_head":"<!-- This site is optimized with the Yoast SEO Premium plugin v26.1 (Yoast SEO v27.0) - https:\/\/yoast.com\/product\/yoast-seo-premium-wordpress\/ -->\n<title>Ministre de la P\u00eache : la Gestion Durable Passe par la Surveillance - Guin\u00e9e Bissau<\/title>\n<meta name=\"description\" content=\"Le ministre de la Pe\u0302che et de l&#039;E\u0301conomie Maritime a de\u0301clare\u0301 ce vendredi que la richesse halieutique de la Guine\u0301e-Bi ...\" \/>\n<meta name=\"robots\" content=\"index, follow, max-snippet:-1, max-image-preview:large, max-video-preview:-1\" \/>\n<link rel=\"canonical\" href=\"https:\/\/www.africa-press.net\/guinee-bissau\/economie\/ministre-de-la-peche-la-gestion-durable-passe-par-la-surveillance\" \/>\n<meta property=\"og:locale\" content=\"fr_FR\" \/>\n<meta property=\"og:type\" content=\"article\" \/>\n<meta property=\"og:title\" content=\"Ministre de la P\u00eache : la Gestion Durable Passe par la Surveillance\" \/>\n<meta property=\"og:description\" content=\"Le ministre de la Pe\u0302che et de l&#039;E\u0301conomie Maritime a de\u0301clare\u0301 ce vendredi que la richesse halieutique de la Guine\u0301e-Bi ...\" \/>\n<meta property=\"og:url\" content=\"https:\/\/www.africa-press.net\/guinee-bissau\/economie\/ministre-de-la-peche-la-gestion-durable-passe-par-la-surveillance\" \/>\n<meta property=\"og:site_name\" content=\"Guin\u00e9e Bissau\" \/>\n<meta property=\"article:published_time\" content=\"2025-01-31T04:35:09+00:00\" \/>\n<meta property=\"article:modified_time\" content=\"2025-05-05T18:56:04+00:00\" \/>\n<meta property=\"og:image\" content=\"https:\/\/static.africa-press.net\/guinee-bissau\/sites\/55\/2025\/02\/sm_1738461534.934187.jpg\" \/>\n\t<meta property=\"og:image:width\" content=\"720\" \/>\n\t<meta property=\"og:image:height\" content=\"460\" \/>\n\t<meta property=\"og:image:type\" content=\"image\/jpeg\" \/>\n<meta name=\"author\" content=\"cfeditorfr\" \/>\n<meta name=\"twitter:card\" content=\"summary_large_image\" \/>\n<meta name=\"twitter:label1\" content=\"\u00c9crit par\" \/>\n\t<meta name=\"twitter:data1\" content=\"cfeditorfr\" \/>\n\t<meta name=\"twitter:label2\" content=\"Dur\u00e9e de lecture estim\u00e9e\" \/>\n\t<meta name=\"twitter:data2\" content=\"1 minute\" \/>\n<script type=\"application\/ld+json\" class=\"yoast-schema-graph\">{\"@context\":\"https:\/\/schema.org\",\"@graph\":[{\"@type\":\"Article\",\"@id\":\"https:\/\/www.africa-press.net\/guinee-bissau\/economie\/ministre-de-la-peche-la-gestion-durable-passe-par-la-surveillance#article\",\"isPartOf\":{\"@id\":\"https:\/\/www.africa-press.net\/guinee-bissau\/economie\/ministre-de-la-peche-la-gestion-durable-passe-par-la-surveillance\"},\"author\":{\"name\":\"cfeditorfr\",\"@id\":\"https:\/\/www.africa-press.net\/guinee-bissau\/#\/schema\/person\/2b1cf3cd81a31e3cd26889ca66d677f1\"},\"headline\":\"Ministre de la P\u00eache : la Gestion Durable Passe par la Surveillance\",\"datePublished\":\"2025-01-31T04:35:09+00:00\",\"dateModified\":\"2025-05-05T18:56:04+00:00\",\"mainEntityOfPage\":{\"@id\":\"https:\/\/www.africa-press.net\/guinee-bissau\/economie\/ministre-de-la-peche-la-gestion-durable-passe-par-la-surveillance\"},\"wordCount\":293,\"commentCount\":0,\"image\":{\"@id\":\"https:\/\/www.africa-press.net\/guinee-bissau\/economie\/ministre-de-la-peche-la-gestion-durable-passe-par-la-surveillance#primaryimage\"},\"thumbnailUrl\":\"https:\/\/static.africa-press.net\/guinee-bissau\/sites\/55\/2025\/02\/sm_1738461534.934187.jpg\",\"keywords\":[\"Guinee Bissau\"],\"articleSection\":[\"\u00c9conomie\",\"Toutes les actualit\u00e9s\"],\"inLanguage\":\"fr-FR\",\"potentialAction\":[{\"@type\":\"CommentAction\",\"name\":\"Comment\",\"target\":[\"https:\/\/www.africa-press.net\/guinee-bissau\/economie\/ministre-de-la-peche-la-gestion-durable-passe-par-la-surveillance#respond\"]}]},{\"@type\":\"WebPage\",\"@id\":\"https:\/\/www.africa-press.net\/guinee-bissau\/economie\/ministre-de-la-peche-la-gestion-durable-passe-par-la-surveillance\",\"url\":\"https:\/\/www.africa-press.net\/guinee-bissau\/economie\/ministre-de-la-peche-la-gestion-durable-passe-par-la-surveillance\",\"name\":\"Ministre de la P\u00eache : la Gestion Durable Passe par la Surveillance - Guin\u00e9e Bissau\",\"isPartOf\":{\"@id\":\"https:\/\/www.africa-press.net\/guinee-bissau\/#website\"},\"primaryImageOfPage\":{\"@id\":\"https:\/\/www.africa-press.net\/guinee-bissau\/economie\/ministre-de-la-peche-la-gestion-durable-passe-par-la-surveillance#primaryimage\"},\"image\":{\"@id\":\"https:\/\/www.africa-press.net\/guinee-bissau\/economie\/ministre-de-la-peche-la-gestion-durable-passe-par-la-surveillance#primaryimage\"},\"thumbnailUrl\":\"https:\/\/static.africa-press.net\/guinee-bissau\/sites\/55\/2025\/02\/sm_1738461534.934187.jpg\",\"datePublished\":\"2025-01-31T04:35:09+00:00\",\"dateModified\":\"2025-05-05T18:56:04+00:00\",\"author\":{\"@id\":\"https:\/\/www.africa-press.net\/guinee-bissau\/#\/schema\/person\/2b1cf3cd81a31e3cd26889ca66d677f1\"},\"description\":\"Le ministre de la Pe\u0302che et de l'E\u0301conomie Maritime a de\u0301clare\u0301 ce vendredi que la richesse halieutique de la Guine\u0301e-Bi ...\",\"breadcrumb\":{\"@id\":\"https:\/\/www.africa-press.net\/guinee-bissau\/economie\/ministre-de-la-peche-la-gestion-durable-passe-par-la-surveillance#breadcrumb\"},\"inLanguage\":\"fr-FR\",\"potentialAction\":[{\"@type\":\"ReadAction\",\"target\":[\"https:\/\/www.africa-press.net\/guinee-bissau\/economie\/ministre-de-la-peche-la-gestion-durable-passe-par-la-surveillance\"]}]},{\"@type\":\"ImageObject\",\"inLanguage\":\"fr-FR\",\"@id\":\"https:\/\/www.africa-press.net\/guinee-bissau\/economie\/ministre-de-la-peche-la-gestion-durable-passe-par-la-surveillance#primaryimage\",\"url\":\"https:\/\/static.africa-press.net\/guinee-bissau\/sites\/55\/2025\/02\/sm_1738461534.934187.jpg\",\"contentUrl\":\"https:\/\/static.africa-press.net\/guinee-bissau\/sites\/55\/2025\/02\/sm_1738461534.934187.jpg\",\"width\":720,\"height\":460,\"caption\":\"Ministre de la P\u00eache : la Gestion Durable Passe par la Surveillance\"},{\"@type\":\"BreadcrumbList\",\"@id\":\"https:\/\/www.africa-press.net\/guinee-bissau\/economie\/ministre-de-la-peche-la-gestion-durable-passe-par-la-surveillance#breadcrumb\",\"itemListElement\":[{\"@type\":\"ListItem\",\"position\":1,\"name\":\"Accueil\",\"item\":\"https:\/\/www.africa-press.net\/guinee-bissau\/\"},{\"@type\":\"ListItem\",\"position\":2,\"name\":\"Ministre de la P\u00eache : la Gestion Durable Passe par la Surveillance\"}]},{\"@type\":\"WebSite\",\"@id\":\"https:\/\/www.africa-press.net\/guinee-bissau\/#website\",\"url\":\"https:\/\/www.africa-press.net\/guinee-bissau\/\",\"name\":\"Guin\u00e9e Bissau\",\"description\":\"Just another Africa News Agency Sites site\",\"potentialAction\":[{\"@type\":\"SearchAction\",\"target\":{\"@type\":\"EntryPoint\",\"urlTemplate\":\"https:\/\/www.africa-press.net\/guinee-bissau\/?s={search_term_string}\"},\"query-input\":{\"@type\":\"PropertyValueSpecification\",\"valueRequired\":true,\"valueName\":\"search_term_string\"}}],\"inLanguage\":\"fr-FR\"},{\"@type\":\"Person\",\"@id\":\"https:\/\/www.africa-press.net\/guinee-bissau\/#\/schema\/person\/2b1cf3cd81a31e3cd26889ca66d677f1\",\"name\":\"cfeditorfr\"}]}<\/script>\n<!-- \/ Yoast SEO Premium plugin. -->","yoast_head_json":{"title":"Ministre de la P\u00eache : la Gestion Durable Passe par la Surveillance - Guin\u00e9e Bissau","description":"Le ministre de la Pe\u0302che et de l'E\u0301conomie Maritime a de\u0301clare\u0301 ce vendredi que la richesse halieutique de la Guine\u0301e-Bi ...","robots":{"index":"index","follow":"follow","max-snippet":"max-snippet:-1","max-image-preview":"max-image-preview:large","max-video-preview":"max-video-preview:-1"},"canonical":"https:\/\/www.africa-press.net\/guinee-bissau\/economie\/ministre-de-la-peche-la-gestion-durable-passe-par-la-surveillance","og_locale":"fr_FR","og_type":"article","og_title":"Ministre de la P\u00eache : la Gestion Durable Passe par la Surveillance","og_description":"Le ministre de la Pe\u0302che et de l'E\u0301conomie Maritime a de\u0301clare\u0301 ce vendredi que la richesse halieutique de la Guine\u0301e-Bi ...","og_url":"https:\/\/www.africa-press.net\/guinee-bissau\/economie\/ministre-de-la-peche-la-gestion-durable-passe-par-la-surveillance","og_site_name":"Guin\u00e9e Bissau","article_published_time":"2025-01-31T04:35:09+00:00","article_modified_time":"2025-05-05T18:56:04+00:00","og_image":[{"width":720,"height":460,"url":"https:\/\/static.africa-press.net\/guinee-bissau\/sites\/55\/2025\/02\/sm_1738461534.934187.jpg","type":"image\/jpeg"}],"author":"cfeditorfr","twitter_card":"summary_large_image","twitter_misc":{"\u00c9crit par":"cfeditorfr","Dur\u00e9e de lecture estim\u00e9e":"1 minute"},"schema":{"@context":"https:\/\/schema.org","@graph":[{"@type":"Article","@id":"https:\/\/www.africa-press.net\/guinee-bissau\/economie\/ministre-de-la-peche-la-gestion-durable-passe-par-la-surveillance#article","isPartOf":{"@id":"https:\/\/www.africa-press.net\/guinee-bissau\/economie\/ministre-de-la-peche-la-gestion-durable-passe-par-la-surveillance"},"author":{"name":"cfeditorfr","@id":"https:\/\/www.africa-press.net\/guinee-bissau\/#\/schema\/person\/2b1cf3cd81a31e3cd26889ca66d677f1"},"headline":"Ministre de la P\u00eache : la Gestion Durable Passe par la Surveillance","datePublished":"2025-01-31T04:35:09+00:00","dateModified":"2025-05-05T18:56:04+00:00","mainEntityOfPage":{"@id":"https:\/\/www.africa-press.net\/guinee-bissau\/economie\/ministre-de-la-peche-la-gestion-durable-passe-par-la-surveillance"},"wordCount":293,"commentCount":0,"image":{"@id":"https:\/\/www.africa-press.net\/guinee-bissau\/economie\/ministre-de-la-peche-la-gestion-durable-passe-par-la-surveillance#primaryimage"},"thumbnailUrl":"https:\/\/static.africa-press.net\/guinee-bissau\/sites\/55\/2025\/02\/sm_1738461534.934187.jpg","keywords":["Guinee Bissau"],"articleSection":["\u00c9conomie","Toutes les actualit\u00e9s"],"inLanguage":"fr-FR","potentialAction":[{"@type":"CommentAction","name":"Comment","target":["https:\/\/www.africa-press.net\/guinee-bissau\/economie\/ministre-de-la-peche-la-gestion-durable-passe-par-la-surveillance#respond"]}]},{"@type":"WebPage","@id":"https:\/\/www.africa-press.net\/guinee-bissau\/economie\/ministre-de-la-peche-la-gestion-durable-passe-par-la-surveillance","url":"https:\/\/www.africa-press.net\/guinee-bissau\/economie\/ministre-de-la-peche-la-gestion-durable-passe-par-la-surveillance","name":"Ministre de la P\u00eache : la Gestion Durable Passe par la Surveillance - Guin\u00e9e Bissau","isPartOf":{"@id":"https:\/\/www.africa-press.net\/guinee-bissau\/#website"},"primaryImageOfPage":{"@id":"https:\/\/www.africa-press.net\/guinee-bissau\/economie\/ministre-de-la-peche-la-gestion-durable-passe-par-la-surveillance#primaryimage"},"image":{"@id":"https:\/\/www.africa-press.net\/guinee-bissau\/economie\/ministre-de-la-peche-la-gestion-durable-passe-par-la-surveillance#primaryimage"},"thumbnailUrl":"https:\/\/static.africa-press.net\/guinee-bissau\/sites\/55\/2025\/02\/sm_1738461534.934187.jpg","datePublished":"2025-01-31T04:35:09+00:00","dateModified":"2025-05-05T18:56:04+00:00","author":{"@id":"https:\/\/www.africa-press.net\/guinee-bissau\/#\/schema\/person\/2b1cf3cd81a31e3cd26889ca66d677f1"},"description":"Le ministre de la Pe\u0302che et de l'E\u0301conomie Maritime a de\u0301clare\u0301 ce vendredi que la richesse halieutique de la Guine\u0301e-Bi ...","breadcrumb":{"@id":"https:\/\/www.africa-press.net\/guinee-bissau\/economie\/ministre-de-la-peche-la-gestion-durable-passe-par-la-surveillance#breadcrumb"},"inLanguage":"fr-FR","potentialAction":[{"@type":"ReadAction","target":["https:\/\/www.africa-press.net\/guinee-bissau\/economie\/ministre-de-la-peche-la-gestion-durable-passe-par-la-surveillance"]}]},{"@type":"ImageObject","inLanguage":"fr-FR","@id":"https:\/\/www.africa-press.net\/guinee-bissau\/economie\/ministre-de-la-peche-la-gestion-durable-passe-par-la-surveillance#primaryimage","url":"https:\/\/static.africa-press.net\/guinee-bissau\/sites\/55\/2025\/02\/sm_1738461534.934187.jpg","contentUrl":"https:\/\/static.africa-press.net\/guinee-bissau\/sites\/55\/2025\/02\/sm_1738461534.934187.jpg","width":720,"height":460,"caption":"Ministre de la P\u00eache : la Gestion Durable Passe par la Surveillance"},{"@type":"BreadcrumbList","@id":"https:\/\/www.africa-press.net\/guinee-bissau\/economie\/ministre-de-la-peche-la-gestion-durable-passe-par-la-surveillance#breadcrumb","itemListElement":[{"@type":"ListItem","position":1,"name":"Accueil","item":"https:\/\/www.africa-press.net\/guinee-bissau\/"},{"@type":"ListItem","position":2,"name":"Ministre de la P\u00eache : la Gestion Durable Passe par la Surveillance"}]},{"@type":"WebSite","@id":"https:\/\/www.africa-press.net\/guinee-bissau\/#website","url":"https:\/\/www.africa-press.net\/guinee-bissau\/","name":"Guin\u00e9e Bissau","description":"Just another Africa News Agency Sites site","potentialAction":[{"@type":"SearchAction","target":{"@type":"EntryPoint","urlTemplate":"https:\/\/www.africa-press.net\/guinee-bissau\/?s={search_term_string}"},"query-input":{"@type":"PropertyValueSpecification","valueRequired":true,"valueName":"search_term_string"}}],"inLanguage":"fr-FR"},{"@type":"Person","@id":"https:\/\/www.africa-press.net\/guinee-bissau\/#\/schema\/person\/2b1cf3cd81a31e3cd26889ca66d677f1","name":"cfeditorfr"}]}},"_links":{"self":[{"href":"https:\/\/www.africa-press.net\/guinee-bissau\/wp-json\/wp\/v2\/posts\/17064","targetHints":{"allow":["GET"]}}],"collection":[{"href":"https:\/\/www.africa-press.net\/guinee-bissau\/wp-json\/wp\/v2\/posts"}],"about":[{"href":"https:\/\/www.africa-press.net\/guinee-bissau\/wp-json\/wp\/v2\/types\/post"}],"author":[{"embeddable":true,"href":"https:\/\/www.africa-press.net\/guinee-bissau\/wp-json\/wp\/v2\/users\/82"}],"replies":[{"embeddable":true,"href":"https:\/\/www.africa-press.net\/guinee-bissau\/wp-json\/wp\/v2\/comments?post=17064"}],"version-history":[{"count":0,"href":"https:\/\/www.africa-press.net\/guinee-bissau\/wp-json\/wp\/v2\/posts\/17064\/revisions"}],"wp:featuredmedia":[{"embeddable":true,"href":"https:\/\/www.africa-press.net\/guinee-bissau\/wp-json\/wp\/v2\/media\/17063"}],"wp:attachment":[{"href":"https:\/\/www.africa-press.net\/guinee-bissau\/wp-json\/wp\/v2\/media?parent=17064"}],"wp:term":[{"taxonomy":"category","embeddable":true,"href":"https:\/\/www.africa-press.net\/guinee-bissau\/wp-json\/wp\/v2\/categories?post=17064"},{"taxonomy":"post_tag","embeddable":true,"href":"https:\/\/www.africa-press.net\/guinee-bissau\/wp-json\/wp\/v2\/tags?post=17064"}],"curies":[{"name":"wp","href":"https:\/\/api.w.org\/{rel}","templated":true}]}}