{"id":18287,"date":"2025-03-04T20:16:07","date_gmt":"2025-03-04T20:16:07","guid":{"rendered":"https:\/\/www.africa-press.net\/guinee-bissau\/politique\/guinee-bissau-le-fosse-se-creuse-entre-lopposition-et-le-president-umaro-sissoco-embalo-apres-la-fin-de-son-mandat"},"modified":"2025-05-05T00:31:38","modified_gmt":"2025-05-05T00:31:38","slug":"guinee-bissau-le-fosse-se-creuse-entre-lopposition-et-le-president-umaro-sissoco-embalo-apres-la-fin-de-son-mandat","status":"publish","type":"post","link":"https:\/\/www.africa-press.net\/guinee-bissau\/dossiers\/guinee-bissau-le-fosse-se-creuse-entre-lopposition-et-le-president-umaro-sissoco-embalo-apres-la-fin-de-son-mandat","title":{"rendered":"Guine\u0301e-Bissau: le Fosse\u0301 se Creuse entre L&rsquo;Opposition et le Pre\u0301sident Umaro Sissoco Embalo Apre\u0300S la Fin de Son Mandat"},"content":{"rendered":"<p><b>Anouar CHENNOUFI<\/b><\/p>\n<p><span style=\"color: #ff6600\"><strong>Africa-Press &#8211; Guinee Bissau. <\/strong><\/span>La Guine\u0301e-Bissau traverse une phase sensible de son histoire politique, avec une pole\u0301mique sur la date de fin du mandat de l&rsquo;actuel pre\u0301sident Umaro Sissoco Embalo, a\u0300 un moment ou\u0300 le pays connai\u0302t des tensions croissantes sans date claire pour les prochaines e\u0301lections pre\u0301sidentielles.<\/p>\n<p>De son co\u0302te\u0301, le pre\u0301sident Embalo vient d\u2019annoncer, il y a quelques jours, que des e\u0301lections le\u0301gislatives et pre\u0301sidentielles seront organise\u0301es dans le pays, le 30 novembre de l\u2019anne\u0301e en cours, apre\u0300s une \u00ab rixe \u00bb politique avec l&rsquo;opposition, qui l&rsquo;accuse de chercher a\u0300 prolonger son mandat.<\/p>\n<p>Dans ce contexte, l&rsquo;opposition affirme que le mandat du pre\u0301sident Sissoko prend fin le 27 fe\u0301vrier 2025, tout en rappelant que son mandat pre\u0301sidentiel avait pris effet le 27 fe\u0301vrier 2020, ce qui est conforme a\u0300 la constitution qui stipule que le mandat pre\u0301sidentiel dure 5 ans.<\/p>\n<p>Il importe de rappeler que le pre\u0301sident Embalo avait dissous le parlement guine\u0301en (contro\u0302le\u0301 par l\u2019opposition) en de\u0301cembre 2023, apre\u0300s des affrontements arme\u0301s dans la capitale, Bissau, qui furent qualifie\u0301s comme e\u0301tant une tentative de coup d\u2019E\u0301tat militaire soutenue par certains partis politiques.<\/p>\n<p>Le pre\u0301sident avait promis, a\u0300 l\u2019e\u0301poque, d&rsquo;organiser des e\u0301lections le\u0301gislatives fin 2024, mais il a ensuite annonce\u0301 qu&rsquo;elles seraient reporte\u0301es en raison de difficulte\u0301s logistiques et financie\u0300res.<\/p>\n<p>Il importe de rappeler que depuis son inde\u0301pendance du Portugal en 1974, la Guine\u0301e-Bissau a connu de nombreuses tensions politiques, aboutissant a\u0300 4 e\u0301lections re\u0301ussies et 11 coups d&rsquo;E\u0301tat manque\u0301s.<\/p>\n<p><b>\u2022 Controverse sur le timing<\/b><\/p>\n<p>Alors que l&rsquo;opposition a affirme\u0301 que le mandat du pre\u0301sident se termine effectivement le 27 fe\u0301vrier, la Cour supre\u0302me de Guine\u0301e-Bissau a de\u0301cide\u0301, quant a\u0300 elle, qu&rsquo;il se terminerait le 4 septembre, seulement le Front populaire, parti d&rsquo;opposition, a rejete\u0301 la date fixe\u0301e par la Cour supre\u0302me.<\/p>\n<p>Ce nouveau calendrier des e\u0301lections a donc provoque\u0301 une vaste controverse politique entre l\u2019opposition et le re\u0301gime du pre\u0301sident Embalo, mais celui-ci tient bon pour organiser les e\u0301lections en novembre, affirmant que la Loi e\u0301lectorale stipule que \u00ab les e\u0301lections ayant lieu au cours de la dernie\u0300re anne\u0301e d\u2019une le\u0301gislature ou d\u2019un mandat pre\u0301sidentiel se tiendront entre le 23 octobre et le 25 novembre \u00bb.<\/p>\n<p>Ne\u0301anmoins, l&rsquo;opposition exige sans discussion que le pre\u0301sident de\u0301missionne et qu&rsquo;un pre\u0301sident de transition prendrait sa place afin que des e\u0301lections puissent avoir lieu, mais Umaro Sissoko Embalo affirme que me\u0302me si les e\u0301lections seraient reporte\u0301es, il ne remettrait le pouvoir qu&rsquo;a\u0300 celui que le peuple e\u0301lira.<\/p>\n<p>A noter qu\u2019Embalo est arrive\u0301 au pouvoir lors des e\u0301lections de 2020, au cours desquelles il avait remporte\u0301 54 % du total des voix, et le leader du \u00ab Parti africain pour l&rsquo;inde\u0301pendance de la Guine\u0301e et du Cap-Vert \u00bb, parti d&rsquo;opposition, l&rsquo;ancien Premier ministre Domingos Simoes Pereira (du 4 juillet 2014 au 20 aou\u0302t 2015), avait refuse\u0301 de reconnai\u0302tre les re\u0301sultats.<\/p>\n<p><b>\u2022 Quand l\u2019opposition met en garde<\/b><br \/>\n<img loading=\"lazy\" decoding=\"async\" width=\"1200\" height=\"695\" class=\"alignnone wp-image-18284 size-full\" src=\"https:\/\/static.africa-press.net\/guinee-bissau\/sites\/55\/2025\/04\/sm_1744440954.637736.jpg\" srcset=\"https:\/\/static.africa-press.net\/guinee-bissau\/sites\/55\/2025\/04\/sm_1744440954.637736.jpg 1200w, https:\/\/static.africa-press.net\/guinee-bissau\/sites\/55\/2025\/04\/sm_1744440954.637736-300x174.jpg 300w, https:\/\/static.africa-press.net\/guinee-bissau\/sites\/55\/2025\/04\/sm_1744440954.637736-1024x593.jpg 1024w, https:\/\/static.africa-press.net\/guinee-bissau\/sites\/55\/2025\/04\/sm_1744440954.637736-768x445.jpg 768w\" sizes=\"auto, (max-width: 1200px) 100vw, 1200px\" \/><br \/>\nLes conse\u0301quences d\u2019une impasse politique en Guine\u0301e-Bissau<\/p>\n<p>Dans son communique\u0301 publie\u0301 a\u0300 l\u2019occasion, le Front populaire a fait valoir qu&rsquo;Embalo avait pris ses fonctions apre\u0300s avoir pre\u0302te\u0301 serment constitutionnel le 27 fe\u0301vrier 2020, pour un mandat de cinq ans, mettant en garde contre le me\u0301pris continu du gouvernement envers les demandes de l&rsquo;opposition de fixer une date pour les prochaines e\u0301lections.<\/p>\n<p>Apre\u0300s avoir de\u0301clare\u0301 qu\u2019ils ne reconnai\u0302traient plus la le\u0301gitimite\u0301 du pouvoir a\u0300 partir du 27 fe\u0301vrier 2025, les grands partis d\u2019opposition ont appele\u0301 les citoyens a\u0300 un mouvement de gre\u0300ve et de paralysie du pays.<\/p>\n<p>Me\u0302me si le pouvoir a re\u0301agi en de\u0301ployant un imposant dispositif se\u0301curitaire, dans un pays ou\u0300 les \u00ab bastonnades \u00bb ne sont pas rares, l\u2019opposition s\u2019est dite attendre de la CEDEAO \u00ab plus de fermete\u0301 a\u0300 l\u2019e\u0301gard du pre\u0301sident Embalo \u00bb, tout en espe\u0301rant imposer des e\u0301lections le\u0301gislatives et pre\u0301sidentielles sous 90 jours, organise\u0301es avec la participation du Parlement tel qu\u2019il e\u0301tait avant sa dissolution, soulignant e\u0301galement que: \u00ab De crise en crise, c\u2019est toute la chai\u0302ne institutionnelle qui s\u2019est grippe\u0301e et beaucoup des structures de la vie de\u0301mocratique qui ont e\u0301te\u0301 abi\u0302me\u0301es ces dernie\u0300res anne\u0301es \u00bb.<\/p>\n<p>Cependant, Embalo a annonce\u0301 dans des de\u0301clarations faites le jeudi 6 fe\u0301vrier, a\u0300 l\u2019issue d\u2019une re\u0301union du cabinet, que \u00ab me\u0302me si mon mandat se termine le 27 fe\u0301vrier, comme le pre\u0301tendent certains politiciens, la constitution me permet de rester au pouvoir jusqu&rsquo;a\u0300 l&rsquo;investiture du nouveau pre\u0301sident \u00bb.<\/p>\n<p>Il a indique\u0301 que la pole\u0301mique sur la fin de son mandat est une \u00ab farce \u00bb, insistant sur le fait que son mandat se termine en septembre 2025, tout en se basant sur l&rsquo;ide\u0301e qu&rsquo;une date pour les e\u0301lections n&rsquo;a pas encore e\u0301te\u0301 officiellement fixe\u0301e.<\/p>\n<p>Toujours dans le me\u0302me contexte, le ministre des Affaires e\u0301trange\u0300res Carlos Pinto Pereira a indique\u0301, le 28 janvier de cette anne\u0301e, que le gouvernement avait propose\u0301 d&rsquo;organiser des e\u0301lections ge\u0301ne\u0301rales entre le 23 septembre et le 10 octobre 2025, soulignant dans la me\u0302me ligne\u0301e que les e\u0301lections le\u0301gislatives anticipe\u0301es pre\u0301vues pour le 24 novembre 2024 furent e\u0301galement reporte\u0301es sine die, en raison de ce que l&rsquo;on a appele\u0301 des \u00ab difficulte\u0301s logistiques et financie\u0300res \u00bb.<\/p>\n<p><b>\u2022 Le recours a\u0300 une mission de me\u0301diation conjointe de la CEDEAO et des Nations unies<\/b><br \/>\n<img loading=\"lazy\" decoding=\"async\" width=\"1280\" height=\"853\" class=\"alignnone wp-image-18285 size-full\" src=\"https:\/\/static.africa-press.net\/guinee-bissau\/sites\/55\/2025\/04\/sm_1744440960.870254.jpg\" srcset=\"https:\/\/static.africa-press.net\/guinee-bissau\/sites\/55\/2025\/04\/sm_1744440960.870254.jpg 1280w, https:\/\/static.africa-press.net\/guinee-bissau\/sites\/55\/2025\/04\/sm_1744440960.870254-300x200.jpg 300w, https:\/\/static.africa-press.net\/guinee-bissau\/sites\/55\/2025\/04\/sm_1744440960.870254-1024x682.jpg 1024w, https:\/\/static.africa-press.net\/guinee-bissau\/sites\/55\/2025\/04\/sm_1744440960.870254-768x512.jpg 768w\" sizes=\"auto, (max-width: 1280px) 100vw, 1280px\" \/><\/p>\n<p>Une mission de me\u0301diation conjointe de la Communaute\u0301 e\u0301conomique des E\u0301tats de l&rsquo;Afrique de l&rsquo;Ouest et des Nations unies, a e\u0301te\u0301 de\u0301pe\u0302che\u0301e a\u0300 Bissau le 21 fe\u0301vrier 2025, avec comme objectif de parvenir a\u0300 un accord politique sur une feuille de route pour la tenue d&rsquo;e\u0301lections le\u0301gislatives et pre\u0301sidentielles a\u0300 une date convenue par toutes les parties, au cours de l&rsquo;anne\u0301e en cours.<\/p>\n<p>Selon un communique\u0301 publie\u0301 le samedi 1er mars, par ladite mission, ses membres ont rencontre\u0301 tous les parties politiques, a\u0300 commencer par le pre\u0301sident Umaro Sissoco Embalo.<\/p>\n<p>La mission a indique\u0301 e\u0301galement que toutes les parties ont enregistre\u0301 leur engagement a\u0300 s&rsquo;engager dans un dialogue politique visant a\u0300 parvenir a\u0300 un large consensus sur un plan d&rsquo;organisation d&rsquo;e\u0301lections le\u0301gislatives et pre\u0301sidentielles au cours de l&rsquo;anne\u0301e en cours, expliquant qu&rsquo;elle a pre\u0301pare\u0301 un projet d&rsquo;accord sur cette feuille de route et a commence\u0301 a\u0300 le pre\u0301senter aux parties pour approbation.<\/p>\n<p>Il est certain qu\u2019a\u0300 l&rsquo;approche des e\u0301lections prochaines, si toutefois elles seraient tenues, la Communaute\u0301 e\u0301conomique des Etats de l&rsquo;Afrique de l&rsquo;Ouest, garante du processus de stabilisation du pays, doit intervenir pour cre\u0301er les conditions d&rsquo;e\u0301lections apaise\u0301es et cre\u0301dibles. A\u0300 cette fin, l\u2019option de combiner les e\u0301lections le\u0301gislatives et pre\u0301sidentielles a\u0300 une date ulte\u0301rieure convenue par toutes les parties prenantes pourrait e\u0302tre envisage\u0301e.<\/p>\n<p>Par ailleurs, on doit rappeler que la CEDEAO est intervenue a\u0300 trois reprises pour re\u0301tablir la se\u0301curite\u0301 et l\u2019ordre en Guine\u0301e-Bissau, la plus re\u0301cente fu\u0302t en 2022, lorsqu\u2019elle a de\u0301ploye\u0301 une force de stabilisation apre\u0300s l\u2019e\u0301chec du coup d\u2019E\u0301tat contre le re\u0301gime d\u2019Umar Sissoco Embalo, lequel avait e\u0301te\u0301 pre\u0301ce\u0301demment pre\u0301sident de la Communaute\u0301 e\u0301conomique des E\u0301tats de l\u2019Afrique de l\u2019Ouest, de juillet 2022 a\u0300 mi-2023.<\/p>\n<p><b>\u2022 Echec de la mission conjointe<\/b><\/p>\n<p>Certes, la mission a confirme\u0301 avoir quitte\u0301 la Guine\u0301e-Bissau, to\u0302t dans la matine\u0301e du samedi 1er mars, apre\u0300s les menaces du pre\u0301sident bissau-guine\u0301en Umaro Sissoco Embalo de l&rsquo;expulser du pays, mais sans que le communique\u0301 n\u2019explique les raisons de cela, et sans parvenir a\u0300 un accord sur la date de la tenue des e\u0301lections le\u0301gislatives et pre\u0301sidentielles.<\/p>\n<p>Son de\u0301part de la Bissau a coi\u0308ncide\u0301 avec le retour du pre\u0301sident Embalo d&rsquo;une visite effectue\u0301e a\u0300 Moscou, ou\u0300 il a rencontre\u0301 le pre\u0301sident Vladimir Poutine et discute\u0301 de la situation dans le pays et dans la re\u0301gion en ge\u0301ne\u0301ral, selon la presse officielle du pays.<\/p>\n<p>La mission a confirme\u0301 qu&rsquo;elle soumettra son rapport au Pre\u0301sident de la Commission de la CEDEAO concernant ses travaux a\u0300 Bissau, et la feuille de route sur laquelle elle a travaille\u0301, soulignant qu\u2019elle a exhorte\u0301 les parties en Guine\u0301e-Bissau a\u0300 rester calmes et a\u0300 maintenir la paix et la stabilite\u0301 dans le pays.<\/p>\n<p>Devant cette situation, l&rsquo;opposition a\u0300 Bissau a appele\u0301 a\u0300 une paralysie comple\u0300te de la vie du pays, apre\u0300s que le de\u0301lai qu&rsquo;elle avait fixe\u0301 au pre\u0301sident Sissoco Embalo pour quitter le pouvoir, soit le 27 fe\u0301vrier, comme dernier de\u0301lai constitutionnel pour son maintien au pouvoir, date de\u0301ja\u0300 de\u0301passe\u0301e.<\/p>\n<p>A rappeler e\u0301galement qu\u2019Embalo avait annonce\u0301 il y a une semaine que les e\u0301lections pre\u0301sidentielles auraient lieu le 30 novembre, confirmant qu&rsquo;il pourrait se pre\u0301senter pour un second mandat pre\u0301sidentiel.<\/p>\n<p><b>\u2022 Des turbulences politiques et populaires coi\u0308ncidant avec la date inoubliable du 2 mars 2009<\/b><\/p>\n<p>Les divergences en Guine\u0301e-Bissau entre l&rsquo;opposition et le gouvernement, survenues apre\u0300s la fin du mandat du pre\u0301sident Umaro Sissoco Embalo, qui coi\u0308ncide a\u0300 quelques jours pre\u0301s de la comme\u0301moration de l&rsquo;assassinat, le 2 mars 2009, du pre\u0301sident de la Guine\u0301e-Bissau, Joa\u0303o Bernardo Vieira, et de son chef d&rsquo;Etat-major Batista Tagme Na Wai.<\/p>\n<p>Joa\u0303o Bernardo Vieira fu\u0302t tue\u0301 dans sa re\u0301sidence officielle par des hommes arme\u0301s, juste apre\u0300s un attentat a\u0300 la bombe qui tua le chef d&rsquo;Etat-major Batista. Des responsables militaires auraient revendique\u0301 la responsabilite\u0301 de la mort de Vieira.<\/p>\n<p>Pour rappel, en novembre 1980, Vieira avait renverse\u0301 le premier pre\u0301sident du pays (Luis Cabral) lors d&rsquo;un coup d&rsquo;E\u0301tat qui lui permet de s&rsquo;imposer comme pre\u0301sident du pays de 1981 a\u0300 1984.<\/p>\n<p>Puis, en 1994, il e\u0301tait devenu le \u00ab premier pre\u0301sident e\u0301lu de l&rsquo;histoire de la Guine\u0301e-Bissau \u00bb apre\u0300s avoir remporte\u0301 les e\u0301lections. Il fu\u0302t re\u0301e\u0301lu en 1998 jusqu&rsquo;a\u0300 ce qu&rsquo;il soit renverse\u0301 par les rebelles en 1999 et se re\u0301fugia au Portugal.<\/p>\n<p>En avril 2005, il se pre\u0301senta a\u0300 l&rsquo;e\u0301lection pre\u0301sidentielle depuis son exil malgre\u0301 la de\u0301cision de lui interdire toute activite\u0301 politique, re\u0301ussissant a\u0300 se pre\u0301senter comme candidat inde\u0301pendant et remporta les e\u0301lections.<\/p>\n<p>Toutefois, Vieira n\u2019en finissait pas avec les soucis, et en novembre 2008, il avait surve\u0301cu a\u0300 une tentative d\u2019assassinat perpe\u0301tre\u0301e par une dizaine de soldats, jusqu\u2019au jour ou\u0300 il fu\u0302t assassine\u0301 par des e\u0301le\u0301ments re\u0301volutionnaires de l\u2019arme\u0301e, le 2 mars 2009, quelques heures apre\u0300s l\u2019assassinat du chef d\u2019Etat-major de l\u2019arme\u0301e, le ge\u0301ne\u0301ral Tagme Na Wai, par les partisans de Na Wai.<\/p>\n<p>Pour conclure, la position d&rsquo;Embalo sur sa candidature aux e\u0301lections reste ambigue\u0308, sachant qu\u2019il avait pre\u0301ce\u0301demment de\u0301clare\u0301 que \u00ab il ne briguerait pas un second mandat sur les conseils de sa femme \u00bb, mais dans d&rsquo;autres de\u0301clarations, il a confirme\u0301 que \u00ab \u00ab il e\u0301tait au service de son peuple et que si on lui demandait quelque chose, cela ne le de\u0301rangerait peut-e\u0302tre pas \u00bb.<\/p>\n<p>Et ce lundi 3 mars 2025, une annonce vient de tomber, dans laquelle Umaro Sissoco Embalo a de\u0301clare\u0301 que \u00ab sans l\u2019ombre d\u2019aucun doute \u00bb, il serait candidat fin novembre prochain a\u0300 un second mandat, et qu\u2019il entendait remporter la pre\u0301sidentielle de\u0300s le 1er tour.<\/p>\n<p><strong>Pour plus d&rsquo;informations et d&rsquo;analyses sur la <span style=\"color: #ff6600\">Guinee Bissau<\/span>, suivez <span style=\"color: #ff6600\">Africa-Press<\/span><\/strong><\/p>\n","protected":false},"excerpt":{"rendered":"<p>Anouar CHENNOUFI Africa-Press &#8211; Guinee Bissau. La Guine\u0301e-Bissau traverse une phase sensible de son histoire politique, avec une pole\u0301mique sur la date de fin du mandat de l&rsquo;actuel pre\u0301sident Umaro Sissoco Embalo, a\u0300 un moment ou\u0300 le pays connai\u0302t des tensions croissantes sans date claire pour les prochaines e\u0301lections pre\u0301sidentielles. De son co\u0302te\u0301, le pre\u0301sident [&hellip;]<\/p>\n","protected":false},"author":82,"featured_media":18286,"comment_status":"open","ping_status":"closed","sticky":false,"template":"","format":"standard","meta":{"footnotes":""},"categories":[7,51,10],"tags":[971,64,409,50,970,114],"class_list":["post-18287","post","type-post","status-publish","format-standard","has-post-thumbnail","hentry","category-dossiers","category-to-homepage","category-toutes-les-actualites","tag-carlos-pinto-pereira","tag-cedeao","tag-elections","tag-guinee-bissau","tag-joao-bernardo-vieira","tag-umaro-sissoco-embalo"],"yoast_head":"<!-- This site is optimized with the Yoast SEO Premium plugin v26.1 (Yoast SEO v27.0) - https:\/\/yoast.com\/product\/yoast-seo-premium-wordpress\/ -->\n<title>Guine\u0301e-Bissau: le Fosse\u0301 se Creuse entre L&#039;Opposition et le Pre\u0301sident Umaro Sissoco Embalo Apre\u0300S la Fin de Son Mandat - Guin\u00e9e Bissau<\/title>\n<meta name=\"description\" content=\"La Guine\u0301e-Bissau traverse une phase sensible de son histoire politique, avec une pole\u0301mique sur la date de fin du manda ...\" \/>\n<meta name=\"robots\" content=\"index, follow, max-snippet:-1, max-image-preview:large, max-video-preview:-1\" \/>\n<link rel=\"canonical\" href=\"https:\/\/www.africa-press.net\/guinee-bissau\/dossiers\/guinee-bissau-le-fosse-se-creuse-entre-lopposition-et-le-president-umaro-sissoco-embalo-apres-la-fin-de-son-mandat\" \/>\n<meta property=\"og:locale\" content=\"fr_FR\" \/>\n<meta property=\"og:type\" content=\"article\" \/>\n<meta property=\"og:title\" content=\"Guine\u0301e-Bissau: le Fosse\u0301 se Creuse entre L&#039;Opposition et le Pre\u0301sident Umaro Sissoco Embalo Apre\u0300S la Fin de Son Mandat\" \/>\n<meta property=\"og:description\" content=\"La Guine\u0301e-Bissau traverse une phase sensible de son histoire politique, avec une pole\u0301mique sur la date de fin du manda ...\" \/>\n<meta property=\"og:url\" content=\"https:\/\/www.africa-press.net\/guinee-bissau\/dossiers\/guinee-bissau-le-fosse-se-creuse-entre-lopposition-et-le-president-umaro-sissoco-embalo-apres-la-fin-de-son-mandat\" \/>\n<meta property=\"og:site_name\" content=\"Guin\u00e9e Bissau\" \/>\n<meta property=\"article:published_time\" content=\"2025-03-04T20:16:07+00:00\" \/>\n<meta property=\"article:modified_time\" content=\"2025-05-05T00:31:38+00:00\" \/>\n<meta property=\"og:image\" content=\"https:\/\/static.africa-press.net\/guinee-bissau\/sites\/55\/2025\/04\/sm_1744440967.680284.jpg\" \/>\n\t<meta property=\"og:image:width\" content=\"1280\" \/>\n\t<meta property=\"og:image:height\" content=\"720\" \/>\n\t<meta property=\"og:image:type\" content=\"image\/jpeg\" \/>\n<meta name=\"author\" content=\"cfeditorfr\" \/>\n<meta name=\"twitter:card\" content=\"summary_large_image\" \/>\n<meta name=\"twitter:label1\" content=\"\u00c9crit par\" \/>\n\t<meta name=\"twitter:data1\" content=\"cfeditorfr\" \/>\n\t<meta name=\"twitter:label2\" content=\"Dur\u00e9e de lecture estim\u00e9e\" \/>\n\t<meta name=\"twitter:data2\" content=\"10 minutes\" \/>\n<script type=\"application\/ld+json\" class=\"yoast-schema-graph\">{\"@context\":\"https:\/\/schema.org\",\"@graph\":[{\"@type\":\"Article\",\"@id\":\"https:\/\/www.africa-press.net\/guinee-bissau\/dossiers\/guinee-bissau-le-fosse-se-creuse-entre-lopposition-et-le-president-umaro-sissoco-embalo-apres-la-fin-de-son-mandat#article\",\"isPartOf\":{\"@id\":\"https:\/\/www.africa-press.net\/guinee-bissau\/dossiers\/guinee-bissau-le-fosse-se-creuse-entre-lopposition-et-le-president-umaro-sissoco-embalo-apres-la-fin-de-son-mandat\"},\"author\":{\"name\":\"cfeditorfr\",\"@id\":\"https:\/\/www.africa-press.net\/guinee-bissau\/#\/schema\/person\/2b1cf3cd81a31e3cd26889ca66d677f1\"},\"headline\":\"Guine\u0301e-Bissau: le Fosse\u0301 se Creuse entre L&rsquo;Opposition et le Pre\u0301sident Umaro Sissoco Embalo Apre\u0300S la Fin de Son Mandat\",\"datePublished\":\"2025-03-04T20:16:07+00:00\",\"dateModified\":\"2025-05-05T00:31:38+00:00\",\"mainEntityOfPage\":{\"@id\":\"https:\/\/www.africa-press.net\/guinee-bissau\/dossiers\/guinee-bissau-le-fosse-se-creuse-entre-lopposition-et-le-president-umaro-sissoco-embalo-apres-la-fin-de-son-mandat\"},\"wordCount\":2082,\"commentCount\":0,\"image\":{\"@id\":\"https:\/\/www.africa-press.net\/guinee-bissau\/dossiers\/guinee-bissau-le-fosse-se-creuse-entre-lopposition-et-le-president-umaro-sissoco-embalo-apres-la-fin-de-son-mandat#primaryimage\"},\"thumbnailUrl\":\"https:\/\/static.africa-press.net\/guinee-bissau\/sites\/55\/2025\/04\/sm_1744440967.680284.jpg\",\"keywords\":[\"Carlos Pinto Pereira\",\"CEDEAO\",\"Elections\",\"Guinee Bissau\",\"Joa\u0303o Bernardo Vieira\",\"Umaro Sissoco Embal\u00f3\"],\"articleSection\":[\"Dossiers\",\"to-homepage\",\"Toutes les actualit\u00e9s\"],\"inLanguage\":\"fr-FR\",\"potentialAction\":[{\"@type\":\"CommentAction\",\"name\":\"Comment\",\"target\":[\"https:\/\/www.africa-press.net\/guinee-bissau\/dossiers\/guinee-bissau-le-fosse-se-creuse-entre-lopposition-et-le-president-umaro-sissoco-embalo-apres-la-fin-de-son-mandat#respond\"]}]},{\"@type\":\"WebPage\",\"@id\":\"https:\/\/www.africa-press.net\/guinee-bissau\/dossiers\/guinee-bissau-le-fosse-se-creuse-entre-lopposition-et-le-president-umaro-sissoco-embalo-apres-la-fin-de-son-mandat\",\"url\":\"https:\/\/www.africa-press.net\/guinee-bissau\/dossiers\/guinee-bissau-le-fosse-se-creuse-entre-lopposition-et-le-president-umaro-sissoco-embalo-apres-la-fin-de-son-mandat\",\"name\":\"Guine\u0301e-Bissau: le Fosse\u0301 se Creuse entre L'Opposition et le Pre\u0301sident Umaro Sissoco Embalo Apre\u0300S la Fin de Son Mandat - Guin\u00e9e Bissau\",\"isPartOf\":{\"@id\":\"https:\/\/www.africa-press.net\/guinee-bissau\/#website\"},\"primaryImageOfPage\":{\"@id\":\"https:\/\/www.africa-press.net\/guinee-bissau\/dossiers\/guinee-bissau-le-fosse-se-creuse-entre-lopposition-et-le-president-umaro-sissoco-embalo-apres-la-fin-de-son-mandat#primaryimage\"},\"image\":{\"@id\":\"https:\/\/www.africa-press.net\/guinee-bissau\/dossiers\/guinee-bissau-le-fosse-se-creuse-entre-lopposition-et-le-president-umaro-sissoco-embalo-apres-la-fin-de-son-mandat#primaryimage\"},\"thumbnailUrl\":\"https:\/\/static.africa-press.net\/guinee-bissau\/sites\/55\/2025\/04\/sm_1744440967.680284.jpg\",\"datePublished\":\"2025-03-04T20:16:07+00:00\",\"dateModified\":\"2025-05-05T00:31:38+00:00\",\"author\":{\"@id\":\"https:\/\/www.africa-press.net\/guinee-bissau\/#\/schema\/person\/2b1cf3cd81a31e3cd26889ca66d677f1\"},\"description\":\"La Guine\u0301e-Bissau traverse une phase sensible de son histoire politique, avec une pole\u0301mique sur la date de fin du manda ...\",\"breadcrumb\":{\"@id\":\"https:\/\/www.africa-press.net\/guinee-bissau\/dossiers\/guinee-bissau-le-fosse-se-creuse-entre-lopposition-et-le-president-umaro-sissoco-embalo-apres-la-fin-de-son-mandat#breadcrumb\"},\"inLanguage\":\"fr-FR\",\"potentialAction\":[{\"@type\":\"ReadAction\",\"target\":[\"https:\/\/www.africa-press.net\/guinee-bissau\/dossiers\/guinee-bissau-le-fosse-se-creuse-entre-lopposition-et-le-president-umaro-sissoco-embalo-apres-la-fin-de-son-mandat\"]}]},{\"@type\":\"ImageObject\",\"inLanguage\":\"fr-FR\",\"@id\":\"https:\/\/www.africa-press.net\/guinee-bissau\/dossiers\/guinee-bissau-le-fosse-se-creuse-entre-lopposition-et-le-president-umaro-sissoco-embalo-apres-la-fin-de-son-mandat#primaryimage\",\"url\":\"https:\/\/static.africa-press.net\/guinee-bissau\/sites\/55\/2025\/04\/sm_1744440967.680284.jpg\",\"contentUrl\":\"https:\/\/static.africa-press.net\/guinee-bissau\/sites\/55\/2025\/04\/sm_1744440967.680284.jpg\",\"width\":1280,\"height\":720,\"caption\":\"Guine\u0301e-Bissau: le Fosse\u0301 se Creuse entre L'Opposition et le Pre\u0301sident Umaro Sissoco Embalo Apre\u0300S la Fin de Son Mandat\"},{\"@type\":\"BreadcrumbList\",\"@id\":\"https:\/\/www.africa-press.net\/guinee-bissau\/dossiers\/guinee-bissau-le-fosse-se-creuse-entre-lopposition-et-le-president-umaro-sissoco-embalo-apres-la-fin-de-son-mandat#breadcrumb\",\"itemListElement\":[{\"@type\":\"ListItem\",\"position\":1,\"name\":\"Accueil\",\"item\":\"https:\/\/www.africa-press.net\/guinee-bissau\/\"},{\"@type\":\"ListItem\",\"position\":2,\"name\":\"Guine\u0301e-Bissau: le Fosse\u0301 se Creuse entre L&rsquo;Opposition et le Pre\u0301sident Umaro Sissoco Embalo Apre\u0300S la Fin de Son Mandat\"}]},{\"@type\":\"WebSite\",\"@id\":\"https:\/\/www.africa-press.net\/guinee-bissau\/#website\",\"url\":\"https:\/\/www.africa-press.net\/guinee-bissau\/\",\"name\":\"Guin\u00e9e Bissau\",\"description\":\"Just another Africa News Agency Sites site\",\"potentialAction\":[{\"@type\":\"SearchAction\",\"target\":{\"@type\":\"EntryPoint\",\"urlTemplate\":\"https:\/\/www.africa-press.net\/guinee-bissau\/?s={search_term_string}\"},\"query-input\":{\"@type\":\"PropertyValueSpecification\",\"valueRequired\":true,\"valueName\":\"search_term_string\"}}],\"inLanguage\":\"fr-FR\"},{\"@type\":\"Person\",\"@id\":\"https:\/\/www.africa-press.net\/guinee-bissau\/#\/schema\/person\/2b1cf3cd81a31e3cd26889ca66d677f1\",\"name\":\"cfeditorfr\"}]}<\/script>\n<!-- \/ Yoast SEO Premium plugin. -->","yoast_head_json":{"title":"Guine\u0301e-Bissau: le Fosse\u0301 se Creuse entre L'Opposition et le Pre\u0301sident Umaro Sissoco Embalo Apre\u0300S la Fin de Son Mandat - Guin\u00e9e Bissau","description":"La Guine\u0301e-Bissau traverse une phase sensible de son histoire politique, avec une pole\u0301mique sur la date de fin du manda ...","robots":{"index":"index","follow":"follow","max-snippet":"max-snippet:-1","max-image-preview":"max-image-preview:large","max-video-preview":"max-video-preview:-1"},"canonical":"https:\/\/www.africa-press.net\/guinee-bissau\/dossiers\/guinee-bissau-le-fosse-se-creuse-entre-lopposition-et-le-president-umaro-sissoco-embalo-apres-la-fin-de-son-mandat","og_locale":"fr_FR","og_type":"article","og_title":"Guine\u0301e-Bissau: le Fosse\u0301 se Creuse entre L'Opposition et le Pre\u0301sident Umaro Sissoco Embalo Apre\u0300S la Fin de Son Mandat","og_description":"La Guine\u0301e-Bissau traverse une phase sensible de son histoire politique, avec une pole\u0301mique sur la date de fin du manda ...","og_url":"https:\/\/www.africa-press.net\/guinee-bissau\/dossiers\/guinee-bissau-le-fosse-se-creuse-entre-lopposition-et-le-president-umaro-sissoco-embalo-apres-la-fin-de-son-mandat","og_site_name":"Guin\u00e9e Bissau","article_published_time":"2025-03-04T20:16:07+00:00","article_modified_time":"2025-05-05T00:31:38+00:00","og_image":[{"width":1280,"height":720,"url":"https:\/\/static.africa-press.net\/guinee-bissau\/sites\/55\/2025\/04\/sm_1744440967.680284.jpg","type":"image\/jpeg"}],"author":"cfeditorfr","twitter_card":"summary_large_image","twitter_misc":{"\u00c9crit par":"cfeditorfr","Dur\u00e9e de lecture estim\u00e9e":"10 minutes"},"schema":{"@context":"https:\/\/schema.org","@graph":[{"@type":"Article","@id":"https:\/\/www.africa-press.net\/guinee-bissau\/dossiers\/guinee-bissau-le-fosse-se-creuse-entre-lopposition-et-le-president-umaro-sissoco-embalo-apres-la-fin-de-son-mandat#article","isPartOf":{"@id":"https:\/\/www.africa-press.net\/guinee-bissau\/dossiers\/guinee-bissau-le-fosse-se-creuse-entre-lopposition-et-le-president-umaro-sissoco-embalo-apres-la-fin-de-son-mandat"},"author":{"name":"cfeditorfr","@id":"https:\/\/www.africa-press.net\/guinee-bissau\/#\/schema\/person\/2b1cf3cd81a31e3cd26889ca66d677f1"},"headline":"Guine\u0301e-Bissau: le Fosse\u0301 se Creuse entre L&rsquo;Opposition et le Pre\u0301sident Umaro Sissoco Embalo Apre\u0300S la Fin de Son Mandat","datePublished":"2025-03-04T20:16:07+00:00","dateModified":"2025-05-05T00:31:38+00:00","mainEntityOfPage":{"@id":"https:\/\/www.africa-press.net\/guinee-bissau\/dossiers\/guinee-bissau-le-fosse-se-creuse-entre-lopposition-et-le-president-umaro-sissoco-embalo-apres-la-fin-de-son-mandat"},"wordCount":2082,"commentCount":0,"image":{"@id":"https:\/\/www.africa-press.net\/guinee-bissau\/dossiers\/guinee-bissau-le-fosse-se-creuse-entre-lopposition-et-le-president-umaro-sissoco-embalo-apres-la-fin-de-son-mandat#primaryimage"},"thumbnailUrl":"https:\/\/static.africa-press.net\/guinee-bissau\/sites\/55\/2025\/04\/sm_1744440967.680284.jpg","keywords":["Carlos Pinto Pereira","CEDEAO","Elections","Guinee Bissau","Joa\u0303o Bernardo Vieira","Umaro Sissoco Embal\u00f3"],"articleSection":["Dossiers","to-homepage","Toutes les actualit\u00e9s"],"inLanguage":"fr-FR","potentialAction":[{"@type":"CommentAction","name":"Comment","target":["https:\/\/www.africa-press.net\/guinee-bissau\/dossiers\/guinee-bissau-le-fosse-se-creuse-entre-lopposition-et-le-president-umaro-sissoco-embalo-apres-la-fin-de-son-mandat#respond"]}]},{"@type":"WebPage","@id":"https:\/\/www.africa-press.net\/guinee-bissau\/dossiers\/guinee-bissau-le-fosse-se-creuse-entre-lopposition-et-le-president-umaro-sissoco-embalo-apres-la-fin-de-son-mandat","url":"https:\/\/www.africa-press.net\/guinee-bissau\/dossiers\/guinee-bissau-le-fosse-se-creuse-entre-lopposition-et-le-president-umaro-sissoco-embalo-apres-la-fin-de-son-mandat","name":"Guine\u0301e-Bissau: le Fosse\u0301 se Creuse entre L'Opposition et le Pre\u0301sident Umaro Sissoco Embalo Apre\u0300S la Fin de Son Mandat - Guin\u00e9e Bissau","isPartOf":{"@id":"https:\/\/www.africa-press.net\/guinee-bissau\/#website"},"primaryImageOfPage":{"@id":"https:\/\/www.africa-press.net\/guinee-bissau\/dossiers\/guinee-bissau-le-fosse-se-creuse-entre-lopposition-et-le-president-umaro-sissoco-embalo-apres-la-fin-de-son-mandat#primaryimage"},"image":{"@id":"https:\/\/www.africa-press.net\/guinee-bissau\/dossiers\/guinee-bissau-le-fosse-se-creuse-entre-lopposition-et-le-president-umaro-sissoco-embalo-apres-la-fin-de-son-mandat#primaryimage"},"thumbnailUrl":"https:\/\/static.africa-press.net\/guinee-bissau\/sites\/55\/2025\/04\/sm_1744440967.680284.jpg","datePublished":"2025-03-04T20:16:07+00:00","dateModified":"2025-05-05T00:31:38+00:00","author":{"@id":"https:\/\/www.africa-press.net\/guinee-bissau\/#\/schema\/person\/2b1cf3cd81a31e3cd26889ca66d677f1"},"description":"La Guine\u0301e-Bissau traverse une phase sensible de son histoire politique, avec une pole\u0301mique sur la date de fin du manda ...","breadcrumb":{"@id":"https:\/\/www.africa-press.net\/guinee-bissau\/dossiers\/guinee-bissau-le-fosse-se-creuse-entre-lopposition-et-le-president-umaro-sissoco-embalo-apres-la-fin-de-son-mandat#breadcrumb"},"inLanguage":"fr-FR","potentialAction":[{"@type":"ReadAction","target":["https:\/\/www.africa-press.net\/guinee-bissau\/dossiers\/guinee-bissau-le-fosse-se-creuse-entre-lopposition-et-le-president-umaro-sissoco-embalo-apres-la-fin-de-son-mandat"]}]},{"@type":"ImageObject","inLanguage":"fr-FR","@id":"https:\/\/www.africa-press.net\/guinee-bissau\/dossiers\/guinee-bissau-le-fosse-se-creuse-entre-lopposition-et-le-president-umaro-sissoco-embalo-apres-la-fin-de-son-mandat#primaryimage","url":"https:\/\/static.africa-press.net\/guinee-bissau\/sites\/55\/2025\/04\/sm_1744440967.680284.jpg","contentUrl":"https:\/\/static.africa-press.net\/guinee-bissau\/sites\/55\/2025\/04\/sm_1744440967.680284.jpg","width":1280,"height":720,"caption":"Guine\u0301e-Bissau: le Fosse\u0301 se Creuse entre L'Opposition et le Pre\u0301sident Umaro Sissoco Embalo Apre\u0300S la Fin de Son Mandat"},{"@type":"BreadcrumbList","@id":"https:\/\/www.africa-press.net\/guinee-bissau\/dossiers\/guinee-bissau-le-fosse-se-creuse-entre-lopposition-et-le-president-umaro-sissoco-embalo-apres-la-fin-de-son-mandat#breadcrumb","itemListElement":[{"@type":"ListItem","position":1,"name":"Accueil","item":"https:\/\/www.africa-press.net\/guinee-bissau\/"},{"@type":"ListItem","position":2,"name":"Guine\u0301e-Bissau: le Fosse\u0301 se Creuse entre L&rsquo;Opposition et le Pre\u0301sident Umaro Sissoco Embalo Apre\u0300S la Fin de Son Mandat"}]},{"@type":"WebSite","@id":"https:\/\/www.africa-press.net\/guinee-bissau\/#website","url":"https:\/\/www.africa-press.net\/guinee-bissau\/","name":"Guin\u00e9e Bissau","description":"Just another Africa News Agency Sites site","potentialAction":[{"@type":"SearchAction","target":{"@type":"EntryPoint","urlTemplate":"https:\/\/www.africa-press.net\/guinee-bissau\/?s={search_term_string}"},"query-input":{"@type":"PropertyValueSpecification","valueRequired":true,"valueName":"search_term_string"}}],"inLanguage":"fr-FR"},{"@type":"Person","@id":"https:\/\/www.africa-press.net\/guinee-bissau\/#\/schema\/person\/2b1cf3cd81a31e3cd26889ca66d677f1","name":"cfeditorfr"}]}},"_links":{"self":[{"href":"https:\/\/www.africa-press.net\/guinee-bissau\/wp-json\/wp\/v2\/posts\/18287","targetHints":{"allow":["GET"]}}],"collection":[{"href":"https:\/\/www.africa-press.net\/guinee-bissau\/wp-json\/wp\/v2\/posts"}],"about":[{"href":"https:\/\/www.africa-press.net\/guinee-bissau\/wp-json\/wp\/v2\/types\/post"}],"author":[{"embeddable":true,"href":"https:\/\/www.africa-press.net\/guinee-bissau\/wp-json\/wp\/v2\/users\/82"}],"replies":[{"embeddable":true,"href":"https:\/\/www.africa-press.net\/guinee-bissau\/wp-json\/wp\/v2\/comments?post=18287"}],"version-history":[{"count":0,"href":"https:\/\/www.africa-press.net\/guinee-bissau\/wp-json\/wp\/v2\/posts\/18287\/revisions"}],"wp:featuredmedia":[{"embeddable":true,"href":"https:\/\/www.africa-press.net\/guinee-bissau\/wp-json\/wp\/v2\/media\/18286"}],"wp:attachment":[{"href":"https:\/\/www.africa-press.net\/guinee-bissau\/wp-json\/wp\/v2\/media?parent=18287"}],"wp:term":[{"taxonomy":"category","embeddable":true,"href":"https:\/\/www.africa-press.net\/guinee-bissau\/wp-json\/wp\/v2\/categories?post=18287"},{"taxonomy":"post_tag","embeddable":true,"href":"https:\/\/www.africa-press.net\/guinee-bissau\/wp-json\/wp\/v2\/tags?post=18287"}],"curies":[{"name":"wp","href":"https:\/\/api.w.org\/{rel}","templated":true}]}}