{"id":20554,"date":"2025-05-29T21:16:04","date_gmt":"2025-05-29T21:16:04","guid":{"rendered":"https:\/\/www.africa-press.net\/guinee-bissau\/politique\/sissoco-promet-de-reduire-larriere-judiciaire"},"modified":"2025-05-31T22:08:01","modified_gmt":"2025-05-31T22:08:01","slug":"sissoco-promet-de-reduire-larriere-judiciaire","status":"publish","type":"post","link":"https:\/\/www.africa-press.net\/guinee-bissau\/politique\/sissoco-promet-de-reduire-larriere-judiciaire","title":{"rendered":"Sissoco Promet de R\u00e9duire L\u2019arri\u00e9r\u00e9 Judiciaire"},"content":{"rendered":"<p><span style=\"color: #ff6600\"><strong>Africa-Press &#8211; Guinee Bissau. <\/strong><\/span>Le pre\u0301sident de la Re\u0301publique, Umaro Sissoco Embalo\u0301, s\u2019est engage\u0301 a\u0300 re\u0301duire progressivement l&rsquo;accumulation des dossiers judiciaires afin de lutter contre la lenteur dans le traitement des affaires soumises aux tribunaux.<\/p>\n<p>Sissoco Embalo\u0301 s\u2019exprimait lors de la ce\u0301re\u0301monie de prise de fonction du nouveau pre\u0301sident de la Cour supre\u0302me de justice (STJ), Arafam Mane\u0301, ou\u0300 il a re\u0301affirme\u0301 son soutien institutionnel total au pouvoir judiciaire, et en particulier a\u0300 la Cour supre\u0302me, organe le plus e\u0301leve\u0301 de la hie\u0301rarchie judiciaire.<\/p>\n<p>Il a souligne\u0301 que son programme pour le secteur judiciaire n\u2019a pas change\u0301 et ne changera pas. L\u2019une de ses priorite\u0301s reste de renforcer la confiance de la socie\u0301te\u0301 guine\u0301enne dans la justice, d\u2019assurer la transparence des proce\u0301dures judiciaires, l\u2019acce\u0300s de ses compatriotes a\u0300 la justice, de lutter contre la corruption, la criminalite\u0301 organise\u0301e et de re\u0301duire progressivement l\u2019accumulation des affaires judiciaires.<\/p>\n<p>Conscient du manque de ressources humaines, technologiques, d\u2019e\u0301quipements et de logistique dans les tribunaux, il a promis de ne me\u0301nager aucun effort pour re\u0301pondre a\u0300 ces besoins.<\/p>\n<p>Il a de\u0301clare\u0301 que ce nouveau mandat marque un nouveau chapitre au sein de la haute hie\u0301rarchie du pouvoir judiciaire guine\u0301en.<\/p>\n<p>Sissoco Embalo\u0301 a e\u0301galement rappele\u0301 qu\u2019une fois les e\u0301lections termine\u0301es et les re\u0301sultats proclame\u0301s, il n\u2019y a plus de vainqueurs ni de vaincus. Il a invite\u0301 tous les Guine\u0301ens et toutes les institutions a\u0300 travailler ensemble au service de la justice, un pilier fondamental de la Re\u0301publique.<\/p>\n<p>\u00ab Il ne fait aucun doute que la justice est essentielle dans la vie des citoyens et dans le de\u0301veloppement e\u0301conomique de la Guine\u0301e-Bissau \u00bb, a-t-il souligne\u0301.<\/p>\n<p>De son co\u0302te\u0301, le nouveau pre\u0301sident de la Cour supre\u0302me de justice, Arafam Mane\u0301, a affirme\u0301 qu\u2019il exercera ses fonctions avec exemplarite\u0301, se\u0301re\u0301nite\u0301 et rigueur, afin de mieux de\u0301fendre le prestige et promouvoir l\u2019inde\u0301pendance des tribunaux a\u0300 travers leurs magistrats.<\/p>\n<p>Il a e\u0301galement promis de soutenir la direction du centre national de la fonction judiciaire dans le processus de se\u0301lection rigoureuse pour la formation initiale et continue des magistrats et des officiers de justice. Il souhaite aussi stimuler le fonctionnement structure\u0301 et pe\u0301dagogiquement compe\u0301tent des services d\u2019inspection du conseil, dans le but d\u2019ame\u0301liorer qualitativement l\u2019administration judiciaire.<\/p>\n<p><strong>Pour plus d&rsquo;informations et d&rsquo;analyses sur la <span style=\"color: #ff6600\">Guinee Bissau<\/span>, suivez <span style=\"color: #ff6600\">Africa-Press<\/span><\/strong><\/p>\n","protected":false},"excerpt":{"rendered":"<p>Africa-Press &#8211; Guinee Bissau. Le pre\u0301sident de la Re\u0301publique, Umaro Sissoco Embalo\u0301, s\u2019est engage\u0301 a\u0300 re\u0301duire progressivement l&rsquo;accumulation des dossiers judiciaires afin de lutter contre la lenteur dans le traitement des affaires soumises aux tribunaux. Sissoco Embalo\u0301 s\u2019exprimait lors de la ce\u0301re\u0301monie de prise de fonction du nouveau pre\u0301sident de la Cour supre\u0302me de justice [&hellip;]<\/p>\n","protected":false},"author":82,"featured_media":20553,"comment_status":"open","ping_status":"closed","sticky":false,"template":"","format":"standard","meta":{"footnotes":""},"categories":[4,2,10],"tags":[50],"class_list":["post-20554","post","type-post","status-publish","format-standard","has-post-thumbnail","hentry","category-parties","category-politique","category-toutes-les-actualites","tag-guinee-bissau"],"yoast_head":"<!-- This site is optimized with the Yoast SEO Premium plugin v26.1 (Yoast SEO v27.0) - https:\/\/yoast.com\/product\/yoast-seo-premium-wordpress\/ -->\n<title>Sissoco Promet de R\u00e9duire L\u2019arri\u00e9r\u00e9 Judiciaire - Guin\u00e9e Bissau<\/title>\n<meta name=\"description\" content=\"Le pre\u0301sident de la Re\u0301publique, Umaro Sissoco Embalo\u0301, s\u2019est engage\u0301 a\u0300 re\u0301duire progressivement l&#039;accumulation des dos ...\" \/>\n<meta name=\"robots\" content=\"index, follow, max-snippet:-1, max-image-preview:large, max-video-preview:-1\" \/>\n<link rel=\"canonical\" href=\"https:\/\/www.africa-press.net\/guinee-bissau\/politique\/sissoco-promet-de-reduire-larriere-judiciaire\" \/>\n<meta property=\"og:locale\" content=\"fr_FR\" \/>\n<meta property=\"og:type\" content=\"article\" \/>\n<meta property=\"og:title\" content=\"Sissoco Promet de R\u00e9duire L\u2019arri\u00e9r\u00e9 Judiciaire\" \/>\n<meta property=\"og:description\" content=\"Le pre\u0301sident de la Re\u0301publique, Umaro Sissoco Embalo\u0301, s\u2019est engage\u0301 a\u0300 re\u0301duire progressivement l&#039;accumulation des dos ...\" \/>\n<meta property=\"og:url\" content=\"https:\/\/www.africa-press.net\/guinee-bissau\/politique\/sissoco-promet-de-reduire-larriere-judiciaire\" \/>\n<meta property=\"og:site_name\" content=\"Guin\u00e9e Bissau\" \/>\n<meta property=\"article:published_time\" content=\"2025-05-29T21:16:04+00:00\" \/>\n<meta property=\"article:modified_time\" content=\"2025-05-31T22:08:01+00:00\" \/>\n<meta property=\"og:image\" content=\"https:\/\/static.africa-press.net\/guinee-bissau\/sites\/55\/2025\/05\/sm_1748716486.239076.jpg\" \/>\n\t<meta property=\"og:image:width\" content=\"1280\" \/>\n\t<meta property=\"og:image:height\" content=\"576\" \/>\n\t<meta property=\"og:image:type\" content=\"image\/jpeg\" \/>\n<meta name=\"author\" content=\"cfeditorfr\" \/>\n<meta name=\"twitter:card\" content=\"summary_large_image\" \/>\n<meta name=\"twitter:label1\" content=\"\u00c9crit par\" \/>\n\t<meta name=\"twitter:data1\" content=\"cfeditorfr\" \/>\n\t<meta name=\"twitter:label2\" content=\"Dur\u00e9e de lecture estim\u00e9e\" \/>\n\t<meta name=\"twitter:data2\" content=\"2 minutes\" \/>\n<script type=\"application\/ld+json\" class=\"yoast-schema-graph\">{\"@context\":\"https:\/\/schema.org\",\"@graph\":[{\"@type\":\"Article\",\"@id\":\"https:\/\/www.africa-press.net\/guinee-bissau\/politique\/sissoco-promet-de-reduire-larriere-judiciaire#article\",\"isPartOf\":{\"@id\":\"https:\/\/www.africa-press.net\/guinee-bissau\/politique\/sissoco-promet-de-reduire-larriere-judiciaire\"},\"author\":{\"name\":\"cfeditorfr\",\"@id\":\"https:\/\/www.africa-press.net\/guinee-bissau\/#\/schema\/person\/2b1cf3cd81a31e3cd26889ca66d677f1\"},\"headline\":\"Sissoco Promet de R\u00e9duire L\u2019arri\u00e9r\u00e9 Judiciaire\",\"datePublished\":\"2025-05-29T21:16:04+00:00\",\"dateModified\":\"2025-05-31T22:08:01+00:00\",\"mainEntityOfPage\":{\"@id\":\"https:\/\/www.africa-press.net\/guinee-bissau\/politique\/sissoco-promet-de-reduire-larriere-judiciaire\"},\"wordCount\":446,\"commentCount\":0,\"image\":{\"@id\":\"https:\/\/www.africa-press.net\/guinee-bissau\/politique\/sissoco-promet-de-reduire-larriere-judiciaire#primaryimage\"},\"thumbnailUrl\":\"https:\/\/static.africa-press.net\/guinee-bissau\/sites\/55\/2025\/05\/sm_1748716486.239076.jpg\",\"keywords\":[\"Guinee Bissau\"],\"articleSection\":[\"Parties\",\"Politique\",\"Toutes les actualit\u00e9s\"],\"inLanguage\":\"fr-FR\",\"potentialAction\":[{\"@type\":\"CommentAction\",\"name\":\"Comment\",\"target\":[\"https:\/\/www.africa-press.net\/guinee-bissau\/politique\/sissoco-promet-de-reduire-larriere-judiciaire#respond\"]}]},{\"@type\":\"WebPage\",\"@id\":\"https:\/\/www.africa-press.net\/guinee-bissau\/politique\/sissoco-promet-de-reduire-larriere-judiciaire\",\"url\":\"https:\/\/www.africa-press.net\/guinee-bissau\/politique\/sissoco-promet-de-reduire-larriere-judiciaire\",\"name\":\"Sissoco Promet de R\u00e9duire L\u2019arri\u00e9r\u00e9 Judiciaire - Guin\u00e9e Bissau\",\"isPartOf\":{\"@id\":\"https:\/\/www.africa-press.net\/guinee-bissau\/#website\"},\"primaryImageOfPage\":{\"@id\":\"https:\/\/www.africa-press.net\/guinee-bissau\/politique\/sissoco-promet-de-reduire-larriere-judiciaire#primaryimage\"},\"image\":{\"@id\":\"https:\/\/www.africa-press.net\/guinee-bissau\/politique\/sissoco-promet-de-reduire-larriere-judiciaire#primaryimage\"},\"thumbnailUrl\":\"https:\/\/static.africa-press.net\/guinee-bissau\/sites\/55\/2025\/05\/sm_1748716486.239076.jpg\",\"datePublished\":\"2025-05-29T21:16:04+00:00\",\"dateModified\":\"2025-05-31T22:08:01+00:00\",\"author\":{\"@id\":\"https:\/\/www.africa-press.net\/guinee-bissau\/#\/schema\/person\/2b1cf3cd81a31e3cd26889ca66d677f1\"},\"description\":\"Le pre\u0301sident de la Re\u0301publique, Umaro Sissoco Embalo\u0301, s\u2019est engage\u0301 a\u0300 re\u0301duire progressivement l'accumulation des dos ...\",\"breadcrumb\":{\"@id\":\"https:\/\/www.africa-press.net\/guinee-bissau\/politique\/sissoco-promet-de-reduire-larriere-judiciaire#breadcrumb\"},\"inLanguage\":\"fr-FR\",\"potentialAction\":[{\"@type\":\"ReadAction\",\"target\":[\"https:\/\/www.africa-press.net\/guinee-bissau\/politique\/sissoco-promet-de-reduire-larriere-judiciaire\"]}]},{\"@type\":\"ImageObject\",\"inLanguage\":\"fr-FR\",\"@id\":\"https:\/\/www.africa-press.net\/guinee-bissau\/politique\/sissoco-promet-de-reduire-larriere-judiciaire#primaryimage\",\"url\":\"https:\/\/static.africa-press.net\/guinee-bissau\/sites\/55\/2025\/05\/sm_1748716486.239076.jpg\",\"contentUrl\":\"https:\/\/static.africa-press.net\/guinee-bissau\/sites\/55\/2025\/05\/sm_1748716486.239076.jpg\",\"width\":1280,\"height\":576,\"caption\":\"Sissoco Promet de R\u00e9duire L\u2019arri\u00e9r\u00e9 Judiciaire\"},{\"@type\":\"BreadcrumbList\",\"@id\":\"https:\/\/www.africa-press.net\/guinee-bissau\/politique\/sissoco-promet-de-reduire-larriere-judiciaire#breadcrumb\",\"itemListElement\":[{\"@type\":\"ListItem\",\"position\":1,\"name\":\"Accueil\",\"item\":\"https:\/\/www.africa-press.net\/guinee-bissau\/\"},{\"@type\":\"ListItem\",\"position\":2,\"name\":\"Sissoco Promet de R\u00e9duire L\u2019arri\u00e9r\u00e9 Judiciaire\"}]},{\"@type\":\"WebSite\",\"@id\":\"https:\/\/www.africa-press.net\/guinee-bissau\/#website\",\"url\":\"https:\/\/www.africa-press.net\/guinee-bissau\/\",\"name\":\"Guin\u00e9e Bissau\",\"description\":\"Just another Africa News Agency Sites site\",\"potentialAction\":[{\"@type\":\"SearchAction\",\"target\":{\"@type\":\"EntryPoint\",\"urlTemplate\":\"https:\/\/www.africa-press.net\/guinee-bissau\/?s={search_term_string}\"},\"query-input\":{\"@type\":\"PropertyValueSpecification\",\"valueRequired\":true,\"valueName\":\"search_term_string\"}}],\"inLanguage\":\"fr-FR\"},{\"@type\":\"Person\",\"@id\":\"https:\/\/www.africa-press.net\/guinee-bissau\/#\/schema\/person\/2b1cf3cd81a31e3cd26889ca66d677f1\",\"name\":\"cfeditorfr\"}]}<\/script>\n<!-- \/ Yoast SEO Premium plugin. -->","yoast_head_json":{"title":"Sissoco Promet de R\u00e9duire L\u2019arri\u00e9r\u00e9 Judiciaire - Guin\u00e9e Bissau","description":"Le pre\u0301sident de la Re\u0301publique, Umaro Sissoco Embalo\u0301, s\u2019est engage\u0301 a\u0300 re\u0301duire progressivement l'accumulation des dos ...","robots":{"index":"index","follow":"follow","max-snippet":"max-snippet:-1","max-image-preview":"max-image-preview:large","max-video-preview":"max-video-preview:-1"},"canonical":"https:\/\/www.africa-press.net\/guinee-bissau\/politique\/sissoco-promet-de-reduire-larriere-judiciaire","og_locale":"fr_FR","og_type":"article","og_title":"Sissoco Promet de R\u00e9duire L\u2019arri\u00e9r\u00e9 Judiciaire","og_description":"Le pre\u0301sident de la Re\u0301publique, Umaro Sissoco Embalo\u0301, s\u2019est engage\u0301 a\u0300 re\u0301duire progressivement l'accumulation des dos ...","og_url":"https:\/\/www.africa-press.net\/guinee-bissau\/politique\/sissoco-promet-de-reduire-larriere-judiciaire","og_site_name":"Guin\u00e9e Bissau","article_published_time":"2025-05-29T21:16:04+00:00","article_modified_time":"2025-05-31T22:08:01+00:00","og_image":[{"width":1280,"height":576,"url":"https:\/\/static.africa-press.net\/guinee-bissau\/sites\/55\/2025\/05\/sm_1748716486.239076.jpg","type":"image\/jpeg"}],"author":"cfeditorfr","twitter_card":"summary_large_image","twitter_misc":{"\u00c9crit par":"cfeditorfr","Dur\u00e9e de lecture estim\u00e9e":"2 minutes"},"schema":{"@context":"https:\/\/schema.org","@graph":[{"@type":"Article","@id":"https:\/\/www.africa-press.net\/guinee-bissau\/politique\/sissoco-promet-de-reduire-larriere-judiciaire#article","isPartOf":{"@id":"https:\/\/www.africa-press.net\/guinee-bissau\/politique\/sissoco-promet-de-reduire-larriere-judiciaire"},"author":{"name":"cfeditorfr","@id":"https:\/\/www.africa-press.net\/guinee-bissau\/#\/schema\/person\/2b1cf3cd81a31e3cd26889ca66d677f1"},"headline":"Sissoco Promet de R\u00e9duire L\u2019arri\u00e9r\u00e9 Judiciaire","datePublished":"2025-05-29T21:16:04+00:00","dateModified":"2025-05-31T22:08:01+00:00","mainEntityOfPage":{"@id":"https:\/\/www.africa-press.net\/guinee-bissau\/politique\/sissoco-promet-de-reduire-larriere-judiciaire"},"wordCount":446,"commentCount":0,"image":{"@id":"https:\/\/www.africa-press.net\/guinee-bissau\/politique\/sissoco-promet-de-reduire-larriere-judiciaire#primaryimage"},"thumbnailUrl":"https:\/\/static.africa-press.net\/guinee-bissau\/sites\/55\/2025\/05\/sm_1748716486.239076.jpg","keywords":["Guinee Bissau"],"articleSection":["Parties","Politique","Toutes les actualit\u00e9s"],"inLanguage":"fr-FR","potentialAction":[{"@type":"CommentAction","name":"Comment","target":["https:\/\/www.africa-press.net\/guinee-bissau\/politique\/sissoco-promet-de-reduire-larriere-judiciaire#respond"]}]},{"@type":"WebPage","@id":"https:\/\/www.africa-press.net\/guinee-bissau\/politique\/sissoco-promet-de-reduire-larriere-judiciaire","url":"https:\/\/www.africa-press.net\/guinee-bissau\/politique\/sissoco-promet-de-reduire-larriere-judiciaire","name":"Sissoco Promet de R\u00e9duire L\u2019arri\u00e9r\u00e9 Judiciaire - Guin\u00e9e Bissau","isPartOf":{"@id":"https:\/\/www.africa-press.net\/guinee-bissau\/#website"},"primaryImageOfPage":{"@id":"https:\/\/www.africa-press.net\/guinee-bissau\/politique\/sissoco-promet-de-reduire-larriere-judiciaire#primaryimage"},"image":{"@id":"https:\/\/www.africa-press.net\/guinee-bissau\/politique\/sissoco-promet-de-reduire-larriere-judiciaire#primaryimage"},"thumbnailUrl":"https:\/\/static.africa-press.net\/guinee-bissau\/sites\/55\/2025\/05\/sm_1748716486.239076.jpg","datePublished":"2025-05-29T21:16:04+00:00","dateModified":"2025-05-31T22:08:01+00:00","author":{"@id":"https:\/\/www.africa-press.net\/guinee-bissau\/#\/schema\/person\/2b1cf3cd81a31e3cd26889ca66d677f1"},"description":"Le pre\u0301sident de la Re\u0301publique, Umaro Sissoco Embalo\u0301, s\u2019est engage\u0301 a\u0300 re\u0301duire progressivement l'accumulation des dos ...","breadcrumb":{"@id":"https:\/\/www.africa-press.net\/guinee-bissau\/politique\/sissoco-promet-de-reduire-larriere-judiciaire#breadcrumb"},"inLanguage":"fr-FR","potentialAction":[{"@type":"ReadAction","target":["https:\/\/www.africa-press.net\/guinee-bissau\/politique\/sissoco-promet-de-reduire-larriere-judiciaire"]}]},{"@type":"ImageObject","inLanguage":"fr-FR","@id":"https:\/\/www.africa-press.net\/guinee-bissau\/politique\/sissoco-promet-de-reduire-larriere-judiciaire#primaryimage","url":"https:\/\/static.africa-press.net\/guinee-bissau\/sites\/55\/2025\/05\/sm_1748716486.239076.jpg","contentUrl":"https:\/\/static.africa-press.net\/guinee-bissau\/sites\/55\/2025\/05\/sm_1748716486.239076.jpg","width":1280,"height":576,"caption":"Sissoco Promet de R\u00e9duire L\u2019arri\u00e9r\u00e9 Judiciaire"},{"@type":"BreadcrumbList","@id":"https:\/\/www.africa-press.net\/guinee-bissau\/politique\/sissoco-promet-de-reduire-larriere-judiciaire#breadcrumb","itemListElement":[{"@type":"ListItem","position":1,"name":"Accueil","item":"https:\/\/www.africa-press.net\/guinee-bissau\/"},{"@type":"ListItem","position":2,"name":"Sissoco Promet de R\u00e9duire L\u2019arri\u00e9r\u00e9 Judiciaire"}]},{"@type":"WebSite","@id":"https:\/\/www.africa-press.net\/guinee-bissau\/#website","url":"https:\/\/www.africa-press.net\/guinee-bissau\/","name":"Guin\u00e9e Bissau","description":"Just another Africa News Agency Sites site","potentialAction":[{"@type":"SearchAction","target":{"@type":"EntryPoint","urlTemplate":"https:\/\/www.africa-press.net\/guinee-bissau\/?s={search_term_string}"},"query-input":{"@type":"PropertyValueSpecification","valueRequired":true,"valueName":"search_term_string"}}],"inLanguage":"fr-FR"},{"@type":"Person","@id":"https:\/\/www.africa-press.net\/guinee-bissau\/#\/schema\/person\/2b1cf3cd81a31e3cd26889ca66d677f1","name":"cfeditorfr"}]}},"_links":{"self":[{"href":"https:\/\/www.africa-press.net\/guinee-bissau\/wp-json\/wp\/v2\/posts\/20554","targetHints":{"allow":["GET"]}}],"collection":[{"href":"https:\/\/www.africa-press.net\/guinee-bissau\/wp-json\/wp\/v2\/posts"}],"about":[{"href":"https:\/\/www.africa-press.net\/guinee-bissau\/wp-json\/wp\/v2\/types\/post"}],"author":[{"embeddable":true,"href":"https:\/\/www.africa-press.net\/guinee-bissau\/wp-json\/wp\/v2\/users\/82"}],"replies":[{"embeddable":true,"href":"https:\/\/www.africa-press.net\/guinee-bissau\/wp-json\/wp\/v2\/comments?post=20554"}],"version-history":[{"count":0,"href":"https:\/\/www.africa-press.net\/guinee-bissau\/wp-json\/wp\/v2\/posts\/20554\/revisions"}],"wp:featuredmedia":[{"embeddable":true,"href":"https:\/\/www.africa-press.net\/guinee-bissau\/wp-json\/wp\/v2\/media\/20553"}],"wp:attachment":[{"href":"https:\/\/www.africa-press.net\/guinee-bissau\/wp-json\/wp\/v2\/media?parent=20554"}],"wp:term":[{"taxonomy":"category","embeddable":true,"href":"https:\/\/www.africa-press.net\/guinee-bissau\/wp-json\/wp\/v2\/categories?post=20554"},{"taxonomy":"post_tag","embeddable":true,"href":"https:\/\/www.africa-press.net\/guinee-bissau\/wp-json\/wp\/v2\/tags?post=20554"}],"curies":[{"name":"wp","href":"https:\/\/api.w.org\/{rel}","templated":true}]}}