{"id":20557,"date":"2025-05-28T21:17:12","date_gmt":"2025-05-28T21:17:12","guid":{"rendered":"https:\/\/www.africa-press.net\/guinee-bissau\/politique\/coordonnateurs-du-mp-reclament-une-strategie-claire"},"modified":"2025-05-31T22:08:17","modified_gmt":"2025-05-31T22:08:17","slug":"coordonnateurs-du-mp-reclament-une-strategie-claire","status":"publish","type":"post","link":"https:\/\/www.africa-press.net\/guinee-bissau\/politique\/coordonnateurs-du-mp-reclament-une-strategie-claire","title":{"rendered":"Coordonnateurs du Mp R\u00e9clament une Strat\u00e9gie Claire"},"content":{"rendered":"<p><span style=\"color: #ff6600\"><strong>Africa-Press &#8211; Guinee Bissau. <\/strong><\/span>Les coordonnateurs de plusieurs circonscriptions e\u0301lectorales du Mouvement Patriotique (MP) exigent la de\u0301finition urgente d\u2019une ve\u0301ritable strate\u0301gie pour le parti, dans le respect des principes de\u0301mocratiques, des statuts du parti, et des raisons fondatrices du MP, fonde\u0301es sur la justice, le pluralisme, et les liberte\u0301s d\u2019expression et de manifestation.<\/p>\n<p>Dans une lettre ouverte date\u0301e du 26 mai 2025, signe\u0301e par huit coordonnateurs et adresse\u0301e au pre\u0301sident inte\u0301rimaire du parti, le groupe exhorte Andre\u0301 Nanque et sa direction a\u0300 corriger les erreurs passe\u0301es, a\u0300 respecter les re\u0300gles statutaires, a\u0300 observer les principes de\u0301mocratiques et a\u0300 consulter les structures du parti, notamment en re\u0301unissant ses organes, afin d&rsquo;assurer une participation pleine des militants et dirigeants.<\/p>\n<p>Le groupe espe\u0300re que cette lettre ouverte sera une opportunite\u0301 de changement et permettra de rapprocher le parti de sa base militante, sous peine d\u2019aggraver encore l\u2019impact ne\u0301gatif qui a fragilise\u0301 les structures de base du MP, provoquant leur mise en sommeil et l\u2019e\u0301loignement de nombreux militants convaincus par sa vision.<\/p>\n<p>Les coordonnateurs affirment que les militants et sympathisants ne se reconnaissent pas dans les me\u0301thodes actuelles de la direction inte\u0301rimaire, illustre\u0301es par une de\u0301mobilisation totale des militants. Cette situation serait due aux de\u0301cisions unilate\u0301rales du pre\u0301sident inte\u0301rimaire et de sa direction, notamment leur soutien a\u0300 un second mandat d\u2019Umaro Sissoco Embalo\u0301, pre\u0301tendument en violation des statuts du parti, qui pre\u0301voient que ces de\u0301cisions rele\u0300vent de la Commission nationale.<\/p>\n<p>\u00ab Le cas le plus criant de votre gestion reste l\u2019inte\u0301gration du parti dans la Plateforme Re\u0301publicaine, et la monopolisation de l\u2019information sur les ne\u0301gociations et positions du MP dans cette coalition. Les membres de la Commission nationale et les militants ignorent les be\u0301ne\u0301fices politiques tire\u0301s de cette inte\u0301gration, et encore moins comment le MP peut y contribuer au bon fonctionnement de\u0301mocratique en Guine\u0301e-Bissau, et par conse\u0301quent a\u0300 la stabilite\u0301 politique du pays \u00bb, lit-on dans la lettre.<\/p>\n<p>Le document rappelle que cette coalition avait e\u0301te\u0301 pre\u0301sente\u0301e comme un projet politique pour les le\u0301gislatives pre\u0301vues en novembre 2024, finalement reporte\u0301es sine die sans explication.<\/p>\n<p>Le groupe accuse aussi la direction inte\u0301rimaire de ne pas avoir communique\u0301 les re\u0301sultats des ne\u0301gociations mene\u0301es dans le cadre de la Plateforme Re\u0301publicaine, ni a\u0300 la Commission nationale, ni a\u0300 la Commission politique nationale, pre\u0301fe\u0301rant garder les informations secre\u0300tes.<\/p>\n<p>\u00ab Le pre\u0301sident inte\u0301rimaire a usurpe\u0301 depuis un an la compe\u0301tence de la Commission nationale pour de\u0301cider des strate\u0301gies e\u0301lectorales, que ce soit pour les le\u0301gislatives ou la pre\u0301sidentielle. Pire encore, il a re\u0301cemment appele\u0301 les militants via un groupe WhatsApp a\u0300 participer a\u0300 la campagne d\u2019Umaro Sissoco Embalo\u0301 dans la circonscription 29 \u2013 Quartier Militaire. Ce programme n\u2019a jamais e\u0301te\u0301 valide\u0301 par la Commission nationale \u00bb, ont-ils critique\u0301.<\/p>\n<p>Enfin, les coordonnateurs de\u0301noncent la mise a\u0300 l\u2019e\u0301cart des organes du parti des affaires politiques, ce qui, selon eux, nuit a\u0300 la cohe\u0301sion et a\u0300 la mobilisation du MP, illustrant un divorce entre le Mouvement Patriotique et sa vision politique.<\/p>\n<p><strong>Pour plus d&rsquo;informations et d&rsquo;analyses sur la <span style=\"color: #ff6600\">Guinee Bissau<\/span>, suivez <span style=\"color: #ff6600\">Africa-Press<\/span><\/strong><\/p>\n","protected":false},"excerpt":{"rendered":"<p>Africa-Press &#8211; Guinee Bissau. Les coordonnateurs de plusieurs circonscriptions e\u0301lectorales du Mouvement Patriotique (MP) exigent la de\u0301finition urgente d\u2019une ve\u0301ritable strate\u0301gie pour le parti, dans le respect des principes de\u0301mocratiques, des statuts du parti, et des raisons fondatrices du MP, fonde\u0301es sur la justice, le pluralisme, et les liberte\u0301s d\u2019expression et de manifestation. Dans une [&hellip;]<\/p>\n","protected":false},"author":82,"featured_media":20555,"comment_status":"open","ping_status":"closed","sticky":false,"template":"","format":"standard","meta":{"footnotes":""},"categories":[4,2,20,10],"tags":[50],"class_list":["post-20557","post","type-post","status-publish","format-standard","has-post-thumbnail","hentry","category-parties","category-politique","category-top-nouvelles","category-toutes-les-actualites","tag-guinee-bissau"],"yoast_head":"<!-- This site is optimized with the Yoast SEO Premium plugin v26.1 (Yoast SEO v27.0) - https:\/\/yoast.com\/product\/yoast-seo-premium-wordpress\/ -->\n<title>Coordonnateurs du Mp R\u00e9clament une Strat\u00e9gie Claire - Guin\u00e9e Bissau<\/title>\n<meta name=\"description\" content=\"Les coordonnateurs de plusieurs circonscriptions e\u0301lectorales du Mouvement Patriotique (MP) exigent la de\u0301finition urgen ...\" \/>\n<meta name=\"robots\" content=\"index, follow, max-snippet:-1, max-image-preview:large, max-video-preview:-1\" \/>\n<link rel=\"canonical\" href=\"https:\/\/www.africa-press.net\/guinee-bissau\/politique\/coordonnateurs-du-mp-reclament-une-strategie-claire\" \/>\n<meta property=\"og:locale\" content=\"fr_FR\" \/>\n<meta property=\"og:type\" content=\"article\" \/>\n<meta property=\"og:title\" content=\"Coordonnateurs du Mp R\u00e9clament une Strat\u00e9gie Claire\" \/>\n<meta property=\"og:description\" content=\"Les coordonnateurs de plusieurs circonscriptions e\u0301lectorales du Mouvement Patriotique (MP) exigent la de\u0301finition urgen ...\" \/>\n<meta property=\"og:url\" content=\"https:\/\/www.africa-press.net\/guinee-bissau\/politique\/coordonnateurs-du-mp-reclament-une-strategie-claire\" \/>\n<meta property=\"og:site_name\" content=\"Guin\u00e9e Bissau\" \/>\n<meta property=\"article:published_time\" content=\"2025-05-28T21:17:12+00:00\" \/>\n<meta property=\"article:modified_time\" content=\"2025-05-31T22:08:17+00:00\" \/>\n<meta property=\"og:image\" content=\"https:\/\/static.africa-press.net\/guinee-bissau\/sites\/55\/2025\/05\/sm_1748716498.268066.jpg\" \/>\n\t<meta property=\"og:image:width\" content=\"1556\" \/>\n\t<meta property=\"og:image:height\" content=\"1167\" \/>\n\t<meta property=\"og:image:type\" content=\"image\/jpeg\" \/>\n<meta name=\"author\" content=\"cfeditorfr\" \/>\n<meta name=\"twitter:card\" content=\"summary_large_image\" \/>\n<meta name=\"twitter:label1\" content=\"\u00c9crit par\" \/>\n\t<meta name=\"twitter:data1\" content=\"cfeditorfr\" \/>\n\t<meta name=\"twitter:label2\" content=\"Dur\u00e9e de lecture estim\u00e9e\" \/>\n\t<meta name=\"twitter:data2\" content=\"3 minutes\" \/>\n<script type=\"application\/ld+json\" class=\"yoast-schema-graph\">{\"@context\":\"https:\/\/schema.org\",\"@graph\":[{\"@type\":\"Article\",\"@id\":\"https:\/\/www.africa-press.net\/guinee-bissau\/politique\/coordonnateurs-du-mp-reclament-une-strategie-claire#article\",\"isPartOf\":{\"@id\":\"https:\/\/www.africa-press.net\/guinee-bissau\/politique\/coordonnateurs-du-mp-reclament-une-strategie-claire\"},\"author\":{\"name\":\"cfeditorfr\",\"@id\":\"https:\/\/www.africa-press.net\/guinee-bissau\/#\/schema\/person\/2b1cf3cd81a31e3cd26889ca66d677f1\"},\"headline\":\"Coordonnateurs du Mp R\u00e9clament une Strat\u00e9gie Claire\",\"datePublished\":\"2025-05-28T21:17:12+00:00\",\"dateModified\":\"2025-05-31T22:08:17+00:00\",\"mainEntityOfPage\":{\"@id\":\"https:\/\/www.africa-press.net\/guinee-bissau\/politique\/coordonnateurs-du-mp-reclament-une-strategie-claire\"},\"wordCount\":582,\"commentCount\":0,\"image\":{\"@id\":\"https:\/\/www.africa-press.net\/guinee-bissau\/politique\/coordonnateurs-du-mp-reclament-une-strategie-claire#primaryimage\"},\"thumbnailUrl\":\"https:\/\/static.africa-press.net\/guinee-bissau\/sites\/55\/2025\/05\/sm_1748716498.268066.jpg\",\"keywords\":[\"Guinee Bissau\"],\"articleSection\":[\"Parties\",\"Politique\",\"Top Nouvelles\",\"Toutes les actualit\u00e9s\"],\"inLanguage\":\"fr-FR\",\"potentialAction\":[{\"@type\":\"CommentAction\",\"name\":\"Comment\",\"target\":[\"https:\/\/www.africa-press.net\/guinee-bissau\/politique\/coordonnateurs-du-mp-reclament-une-strategie-claire#respond\"]}]},{\"@type\":\"WebPage\",\"@id\":\"https:\/\/www.africa-press.net\/guinee-bissau\/politique\/coordonnateurs-du-mp-reclament-une-strategie-claire\",\"url\":\"https:\/\/www.africa-press.net\/guinee-bissau\/politique\/coordonnateurs-du-mp-reclament-une-strategie-claire\",\"name\":\"Coordonnateurs du Mp R\u00e9clament une Strat\u00e9gie Claire - Guin\u00e9e Bissau\",\"isPartOf\":{\"@id\":\"https:\/\/www.africa-press.net\/guinee-bissau\/#website\"},\"primaryImageOfPage\":{\"@id\":\"https:\/\/www.africa-press.net\/guinee-bissau\/politique\/coordonnateurs-du-mp-reclament-une-strategie-claire#primaryimage\"},\"image\":{\"@id\":\"https:\/\/www.africa-press.net\/guinee-bissau\/politique\/coordonnateurs-du-mp-reclament-une-strategie-claire#primaryimage\"},\"thumbnailUrl\":\"https:\/\/static.africa-press.net\/guinee-bissau\/sites\/55\/2025\/05\/sm_1748716498.268066.jpg\",\"datePublished\":\"2025-05-28T21:17:12+00:00\",\"dateModified\":\"2025-05-31T22:08:17+00:00\",\"author\":{\"@id\":\"https:\/\/www.africa-press.net\/guinee-bissau\/#\/schema\/person\/2b1cf3cd81a31e3cd26889ca66d677f1\"},\"description\":\"Les coordonnateurs de plusieurs circonscriptions e\u0301lectorales du Mouvement Patriotique (MP) exigent la de\u0301finition urgen ...\",\"breadcrumb\":{\"@id\":\"https:\/\/www.africa-press.net\/guinee-bissau\/politique\/coordonnateurs-du-mp-reclament-une-strategie-claire#breadcrumb\"},\"inLanguage\":\"fr-FR\",\"potentialAction\":[{\"@type\":\"ReadAction\",\"target\":[\"https:\/\/www.africa-press.net\/guinee-bissau\/politique\/coordonnateurs-du-mp-reclament-une-strategie-claire\"]}]},{\"@type\":\"ImageObject\",\"inLanguage\":\"fr-FR\",\"@id\":\"https:\/\/www.africa-press.net\/guinee-bissau\/politique\/coordonnateurs-du-mp-reclament-une-strategie-claire#primaryimage\",\"url\":\"https:\/\/static.africa-press.net\/guinee-bissau\/sites\/55\/2025\/05\/sm_1748716498.268066.jpg\",\"contentUrl\":\"https:\/\/static.africa-press.net\/guinee-bissau\/sites\/55\/2025\/05\/sm_1748716498.268066.jpg\",\"width\":1556,\"height\":1167,\"caption\":\"Coordonnateurs du Mp R\u00e9clament une Strat\u00e9gie Claire\"},{\"@type\":\"BreadcrumbList\",\"@id\":\"https:\/\/www.africa-press.net\/guinee-bissau\/politique\/coordonnateurs-du-mp-reclament-une-strategie-claire#breadcrumb\",\"itemListElement\":[{\"@type\":\"ListItem\",\"position\":1,\"name\":\"Accueil\",\"item\":\"https:\/\/www.africa-press.net\/guinee-bissau\/\"},{\"@type\":\"ListItem\",\"position\":2,\"name\":\"Coordonnateurs du Mp R\u00e9clament une Strat\u00e9gie Claire\"}]},{\"@type\":\"WebSite\",\"@id\":\"https:\/\/www.africa-press.net\/guinee-bissau\/#website\",\"url\":\"https:\/\/www.africa-press.net\/guinee-bissau\/\",\"name\":\"Guin\u00e9e Bissau\",\"description\":\"Just another Africa News Agency Sites site\",\"potentialAction\":[{\"@type\":\"SearchAction\",\"target\":{\"@type\":\"EntryPoint\",\"urlTemplate\":\"https:\/\/www.africa-press.net\/guinee-bissau\/?s={search_term_string}\"},\"query-input\":{\"@type\":\"PropertyValueSpecification\",\"valueRequired\":true,\"valueName\":\"search_term_string\"}}],\"inLanguage\":\"fr-FR\"},{\"@type\":\"Person\",\"@id\":\"https:\/\/www.africa-press.net\/guinee-bissau\/#\/schema\/person\/2b1cf3cd81a31e3cd26889ca66d677f1\",\"name\":\"cfeditorfr\"}]}<\/script>\n<!-- \/ Yoast SEO Premium plugin. -->","yoast_head_json":{"title":"Coordonnateurs du Mp R\u00e9clament une Strat\u00e9gie Claire - Guin\u00e9e Bissau","description":"Les coordonnateurs de plusieurs circonscriptions e\u0301lectorales du Mouvement Patriotique (MP) exigent la de\u0301finition urgen ...","robots":{"index":"index","follow":"follow","max-snippet":"max-snippet:-1","max-image-preview":"max-image-preview:large","max-video-preview":"max-video-preview:-1"},"canonical":"https:\/\/www.africa-press.net\/guinee-bissau\/politique\/coordonnateurs-du-mp-reclament-une-strategie-claire","og_locale":"fr_FR","og_type":"article","og_title":"Coordonnateurs du Mp R\u00e9clament une Strat\u00e9gie Claire","og_description":"Les coordonnateurs de plusieurs circonscriptions e\u0301lectorales du Mouvement Patriotique (MP) exigent la de\u0301finition urgen ...","og_url":"https:\/\/www.africa-press.net\/guinee-bissau\/politique\/coordonnateurs-du-mp-reclament-une-strategie-claire","og_site_name":"Guin\u00e9e Bissau","article_published_time":"2025-05-28T21:17:12+00:00","article_modified_time":"2025-05-31T22:08:17+00:00","og_image":[{"width":1556,"height":1167,"url":"https:\/\/static.africa-press.net\/guinee-bissau\/sites\/55\/2025\/05\/sm_1748716498.268066.jpg","type":"image\/jpeg"}],"author":"cfeditorfr","twitter_card":"summary_large_image","twitter_misc":{"\u00c9crit par":"cfeditorfr","Dur\u00e9e de lecture estim\u00e9e":"3 minutes"},"schema":{"@context":"https:\/\/schema.org","@graph":[{"@type":"Article","@id":"https:\/\/www.africa-press.net\/guinee-bissau\/politique\/coordonnateurs-du-mp-reclament-une-strategie-claire#article","isPartOf":{"@id":"https:\/\/www.africa-press.net\/guinee-bissau\/politique\/coordonnateurs-du-mp-reclament-une-strategie-claire"},"author":{"name":"cfeditorfr","@id":"https:\/\/www.africa-press.net\/guinee-bissau\/#\/schema\/person\/2b1cf3cd81a31e3cd26889ca66d677f1"},"headline":"Coordonnateurs du Mp R\u00e9clament une Strat\u00e9gie Claire","datePublished":"2025-05-28T21:17:12+00:00","dateModified":"2025-05-31T22:08:17+00:00","mainEntityOfPage":{"@id":"https:\/\/www.africa-press.net\/guinee-bissau\/politique\/coordonnateurs-du-mp-reclament-une-strategie-claire"},"wordCount":582,"commentCount":0,"image":{"@id":"https:\/\/www.africa-press.net\/guinee-bissau\/politique\/coordonnateurs-du-mp-reclament-une-strategie-claire#primaryimage"},"thumbnailUrl":"https:\/\/static.africa-press.net\/guinee-bissau\/sites\/55\/2025\/05\/sm_1748716498.268066.jpg","keywords":["Guinee Bissau"],"articleSection":["Parties","Politique","Top Nouvelles","Toutes les actualit\u00e9s"],"inLanguage":"fr-FR","potentialAction":[{"@type":"CommentAction","name":"Comment","target":["https:\/\/www.africa-press.net\/guinee-bissau\/politique\/coordonnateurs-du-mp-reclament-une-strategie-claire#respond"]}]},{"@type":"WebPage","@id":"https:\/\/www.africa-press.net\/guinee-bissau\/politique\/coordonnateurs-du-mp-reclament-une-strategie-claire","url":"https:\/\/www.africa-press.net\/guinee-bissau\/politique\/coordonnateurs-du-mp-reclament-une-strategie-claire","name":"Coordonnateurs du Mp R\u00e9clament une Strat\u00e9gie Claire - Guin\u00e9e Bissau","isPartOf":{"@id":"https:\/\/www.africa-press.net\/guinee-bissau\/#website"},"primaryImageOfPage":{"@id":"https:\/\/www.africa-press.net\/guinee-bissau\/politique\/coordonnateurs-du-mp-reclament-une-strategie-claire#primaryimage"},"image":{"@id":"https:\/\/www.africa-press.net\/guinee-bissau\/politique\/coordonnateurs-du-mp-reclament-une-strategie-claire#primaryimage"},"thumbnailUrl":"https:\/\/static.africa-press.net\/guinee-bissau\/sites\/55\/2025\/05\/sm_1748716498.268066.jpg","datePublished":"2025-05-28T21:17:12+00:00","dateModified":"2025-05-31T22:08:17+00:00","author":{"@id":"https:\/\/www.africa-press.net\/guinee-bissau\/#\/schema\/person\/2b1cf3cd81a31e3cd26889ca66d677f1"},"description":"Les coordonnateurs de plusieurs circonscriptions e\u0301lectorales du Mouvement Patriotique (MP) exigent la de\u0301finition urgen ...","breadcrumb":{"@id":"https:\/\/www.africa-press.net\/guinee-bissau\/politique\/coordonnateurs-du-mp-reclament-une-strategie-claire#breadcrumb"},"inLanguage":"fr-FR","potentialAction":[{"@type":"ReadAction","target":["https:\/\/www.africa-press.net\/guinee-bissau\/politique\/coordonnateurs-du-mp-reclament-une-strategie-claire"]}]},{"@type":"ImageObject","inLanguage":"fr-FR","@id":"https:\/\/www.africa-press.net\/guinee-bissau\/politique\/coordonnateurs-du-mp-reclament-une-strategie-claire#primaryimage","url":"https:\/\/static.africa-press.net\/guinee-bissau\/sites\/55\/2025\/05\/sm_1748716498.268066.jpg","contentUrl":"https:\/\/static.africa-press.net\/guinee-bissau\/sites\/55\/2025\/05\/sm_1748716498.268066.jpg","width":1556,"height":1167,"caption":"Coordonnateurs du Mp R\u00e9clament une Strat\u00e9gie Claire"},{"@type":"BreadcrumbList","@id":"https:\/\/www.africa-press.net\/guinee-bissau\/politique\/coordonnateurs-du-mp-reclament-une-strategie-claire#breadcrumb","itemListElement":[{"@type":"ListItem","position":1,"name":"Accueil","item":"https:\/\/www.africa-press.net\/guinee-bissau\/"},{"@type":"ListItem","position":2,"name":"Coordonnateurs du Mp R\u00e9clament une Strat\u00e9gie Claire"}]},{"@type":"WebSite","@id":"https:\/\/www.africa-press.net\/guinee-bissau\/#website","url":"https:\/\/www.africa-press.net\/guinee-bissau\/","name":"Guin\u00e9e Bissau","description":"Just another Africa News Agency Sites site","potentialAction":[{"@type":"SearchAction","target":{"@type":"EntryPoint","urlTemplate":"https:\/\/www.africa-press.net\/guinee-bissau\/?s={search_term_string}"},"query-input":{"@type":"PropertyValueSpecification","valueRequired":true,"valueName":"search_term_string"}}],"inLanguage":"fr-FR"},{"@type":"Person","@id":"https:\/\/www.africa-press.net\/guinee-bissau\/#\/schema\/person\/2b1cf3cd81a31e3cd26889ca66d677f1","name":"cfeditorfr"}]}},"_links":{"self":[{"href":"https:\/\/www.africa-press.net\/guinee-bissau\/wp-json\/wp\/v2\/posts\/20557","targetHints":{"allow":["GET"]}}],"collection":[{"href":"https:\/\/www.africa-press.net\/guinee-bissau\/wp-json\/wp\/v2\/posts"}],"about":[{"href":"https:\/\/www.africa-press.net\/guinee-bissau\/wp-json\/wp\/v2\/types\/post"}],"author":[{"embeddable":true,"href":"https:\/\/www.africa-press.net\/guinee-bissau\/wp-json\/wp\/v2\/users\/82"}],"replies":[{"embeddable":true,"href":"https:\/\/www.africa-press.net\/guinee-bissau\/wp-json\/wp\/v2\/comments?post=20557"}],"version-history":[{"count":0,"href":"https:\/\/www.africa-press.net\/guinee-bissau\/wp-json\/wp\/v2\/posts\/20557\/revisions"}],"wp:featuredmedia":[{"embeddable":true,"href":"https:\/\/www.africa-press.net\/guinee-bissau\/wp-json\/wp\/v2\/media\/20555"}],"wp:attachment":[{"href":"https:\/\/www.africa-press.net\/guinee-bissau\/wp-json\/wp\/v2\/media?parent=20557"}],"wp:term":[{"taxonomy":"category","embeddable":true,"href":"https:\/\/www.africa-press.net\/guinee-bissau\/wp-json\/wp\/v2\/categories?post=20557"},{"taxonomy":"post_tag","embeddable":true,"href":"https:\/\/www.africa-press.net\/guinee-bissau\/wp-json\/wp\/v2\/tags?post=20557"}],"curies":[{"name":"wp","href":"https:\/\/api.w.org\/{rel}","templated":true}]}}