{"id":20605,"date":"2025-05-25T15:54:33","date_gmt":"2025-05-25T15:54:33","guid":{"rendered":"https:\/\/www.africa-press.net\/guinee-bissau\/politique\/frente-populaire-demande-liberation-de-six-militants"},"modified":"2025-06-01T17:17:43","modified_gmt":"2025-06-01T17:17:43","slug":"frente-populaire-demande-liberation-de-six-militants","status":"publish","type":"post","link":"https:\/\/www.africa-press.net\/guinee-bissau\/politique\/frente-populaire-demande-liberation-de-six-militants","title":{"rendered":"Frente Populaire Demande Lib\u00e9ration de Six Militants"},"content":{"rendered":"<p><span style=\"color: #ff6600\"><strong>Africa-Press &#8211; Guinee Bissau. <\/strong><\/span>La Frente Popular et le Mouvement Civique Po\u0301 di Te\u0301rra, deux plateformes de la socie\u0301te\u0301 civile, ont confirme\u0301 l\u2019arrestation de six militants aux premie\u0300res heures de ce dimanche alors qu\u2019ils e\u0301taient rassemble\u0301s aux abords du QG, et ont exige\u0301 leur libe\u0301ration inconditionnelle.<\/p>\n<p>Malgre\u0301 les menaces, les deux organisations ont manifeste\u0301 de manie\u0300re disperse\u0301e dans plusieurs points strate\u0301giques de la capitale, avant d\u2019e\u0302tre disperse\u0301es par les forces de l\u2019ordre. De\u0300s l\u2019aube, une forte pre\u0301sence se\u0301curitaire e\u0301tait visible dans les rues, tentant de contenir les manifestants. Ne\u0301anmoins, la mobilisation a eu lieu.<\/p>\n<p>Les militants accusent le re\u0301gime en place de chercher par tous les moyens a\u0300 restreindre la liberte\u0301 d\u2019expression et de manifestation dans le pays.<\/p>\n<p>Les arrestations ont eu lieu dans diffe\u0301rents quartiers de Bissau, a\u0300 l\u2019inte\u0301rieur du pays, ainsi que dans la diaspora, notamment en Afrique et en Europe.<\/p>\n<p>To\u0302t le matin, les rues de la capitale e\u0301taient envahies par des e\u0301le\u0301ments de la Police d\u2019intervention rapide, de la Garde nationale et d\u2019autres forces de la Police de l\u2019ordre public, lourdement e\u0301quipe\u0301s et arme\u0301s.<\/p>\n<p>Selon les organisateurs, des personnes en tenue de sport ont e\u0301galement e\u0301te\u0301 arre\u0302te\u0301es, soupc\u0327onne\u0301es d\u2019avoir participe\u0301 a\u0300 la marche.<\/p>\n<p>Lors d\u2019une confe\u0301rence de presse, Inkanande Ka, membre de la Frente Popular, a de\u0301clare\u0301 que des hommes \u00ab lourdement arme\u0301s \u00bb ont frappe\u0301 et arre\u0302te\u0301 six membres des deux organisations avant de poursuivre des ope\u0301rations de traque dans les quartiers pour capturer les manifestants.<\/p>\n<p>\u00ab Nous avons de\u0301passe\u0301 toutes les limites en matie\u0300re de droits humains. Nous vivons dans un pays de barbarie, ou\u0300 il est interdit de parler de lois ou de droits. Nous ne sommes qu\u2019un groupe de jeunes de\u0301cide\u0301s a\u0300 lutter pour cette Re\u0301publique, a\u0300 re\u0301clamer la ve\u0301rite\u0301, la bonne gouvernance, une e\u0301ducation de qualite\u0301 et des soins gratuits pour tous \u00bb, a-t-il affirme\u0301.<\/p>\n<p>Inkanande Ka a dit croire qu\u2019un changement reste possible, raison pour laquelle ils ne renonceront jamais a\u0300 ce combat, qu\u2019ils me\u0300neront jusqu\u2019au bout, avec ou sans l\u2019accord des autorite\u0301s.<\/p>\n<p>Il a ajoute\u0301 qu\u2019ils e\u0301taient pre\u0302ts a\u0300 risquer leur inte\u0301grite\u0301 physique face a\u0300 toutes les menaces, afin de mettre fin aux atrocite\u0301s commises par les autorite\u0301s.<\/p>\n<p>\u00ab Nous sommes solidaires de nos camarades de\u0301tenus. En 2024, lors de la marche du 18 mai, les forces de l\u2019ordre ont de\u0301ja\u0300 agi avec brutalite\u0301. Ce ne sont plus des forces de l\u2019ordre, mais des forces du de\u0301sordre. Nos compagnons sont probablement soumis a\u0300 la torture, comme tant d&rsquo;autres l\u2019ont e\u0301te\u0301 sous le re\u0301gime actuel \u00bb, a-t-il indique\u0301.<\/p>\n<p>Selon les organisateurs, la manifestation visait a\u0300 lutter contre la dictature, a\u0300 exiger le re\u0301tablissement de l\u2019ordre de\u0301mocratique et a\u0300 mettre fin a\u0300 la suppression des liberte\u0301s fondamentales des citoyens.<\/p>\n<p><strong>Pour plus d&rsquo;informations et d&rsquo;analyses sur la <span style=\"color: #ff6600\">Guinee Bissau<\/span>, suivez <span style=\"color: #ff6600\">Africa-Press<\/span><\/strong><\/p>\n","protected":false},"excerpt":{"rendered":"<p>Africa-Press &#8211; Guinee Bissau. La Frente Popular et le Mouvement Civique Po\u0301 di Te\u0301rra, deux plateformes de la socie\u0301te\u0301 civile, ont confirme\u0301 l\u2019arrestation de six militants aux premie\u0300res heures de ce dimanche alors qu\u2019ils e\u0301taient rassemble\u0301s aux abords du QG, et ont exige\u0301 leur libe\u0301ration inconditionnelle. Malgre\u0301 les menaces, les deux organisations ont manifeste\u0301 de [&hellip;]<\/p>\n","protected":false},"author":82,"featured_media":20603,"comment_status":"open","ping_status":"closed","sticky":false,"template":"","format":"standard","meta":{"footnotes":""},"categories":[4,2,20,10],"tags":[50],"class_list":["post-20605","post","type-post","status-publish","format-standard","has-post-thumbnail","hentry","category-parties","category-politique","category-top-nouvelles","category-toutes-les-actualites","tag-guinee-bissau"],"yoast_head":"<!-- This site is optimized with the Yoast SEO Premium plugin v26.1 (Yoast SEO v27.0) - https:\/\/yoast.com\/product\/yoast-seo-premium-wordpress\/ -->\n<title>Frente Populaire Demande Lib\u00e9ration de Six Militants - Guin\u00e9e Bissau<\/title>\n<meta name=\"description\" content=\"La Frente Popular et le Mouvement Civique Po\u0301 di Te\u0301rra, deux plateformes de la socie\u0301te\u0301 civile, ont confirme\u0301 l\u2019arrest ...\" \/>\n<meta name=\"robots\" content=\"index, follow, max-snippet:-1, max-image-preview:large, max-video-preview:-1\" \/>\n<link rel=\"canonical\" href=\"https:\/\/www.africa-press.net\/guinee-bissau\/politique\/frente-populaire-demande-liberation-de-six-militants\" \/>\n<meta property=\"og:locale\" content=\"fr_FR\" \/>\n<meta property=\"og:type\" content=\"article\" \/>\n<meta property=\"og:title\" content=\"Frente Populaire Demande Lib\u00e9ration de Six Militants\" \/>\n<meta property=\"og:description\" content=\"La Frente Popular et le Mouvement Civique Po\u0301 di Te\u0301rra, deux plateformes de la socie\u0301te\u0301 civile, ont confirme\u0301 l\u2019arrest ...\" \/>\n<meta property=\"og:url\" content=\"https:\/\/www.africa-press.net\/guinee-bissau\/politique\/frente-populaire-demande-liberation-de-six-militants\" \/>\n<meta property=\"og:site_name\" content=\"Guin\u00e9e Bissau\" \/>\n<meta property=\"article:published_time\" content=\"2025-05-25T15:54:33+00:00\" \/>\n<meta property=\"article:modified_time\" content=\"2025-06-01T17:17:43+00:00\" \/>\n<meta property=\"og:image\" content=\"https:\/\/static.africa-press.net\/guinee-bissau\/sites\/55\/2025\/06\/sm_1748785466.476601.jpg\" \/>\n\t<meta property=\"og:image:width\" content=\"1080\" \/>\n\t<meta property=\"og:image:height\" content=\"474\" \/>\n\t<meta property=\"og:image:type\" content=\"image\/jpeg\" \/>\n<meta name=\"author\" content=\"cfeditorfr\" \/>\n<meta name=\"twitter:card\" content=\"summary_large_image\" \/>\n<meta name=\"twitter:label1\" content=\"\u00c9crit par\" \/>\n\t<meta name=\"twitter:data1\" content=\"cfeditorfr\" \/>\n\t<meta name=\"twitter:label2\" content=\"Dur\u00e9e de lecture estim\u00e9e\" \/>\n\t<meta name=\"twitter:data2\" content=\"3 minutes\" \/>\n<script type=\"application\/ld+json\" class=\"yoast-schema-graph\">{\"@context\":\"https:\/\/schema.org\",\"@graph\":[{\"@type\":\"Article\",\"@id\":\"https:\/\/www.africa-press.net\/guinee-bissau\/politique\/frente-populaire-demande-liberation-de-six-militants#article\",\"isPartOf\":{\"@id\":\"https:\/\/www.africa-press.net\/guinee-bissau\/politique\/frente-populaire-demande-liberation-de-six-militants\"},\"author\":{\"name\":\"cfeditorfr\",\"@id\":\"https:\/\/www.africa-press.net\/guinee-bissau\/#\/schema\/person\/2b1cf3cd81a31e3cd26889ca66d677f1\"},\"headline\":\"Frente Populaire Demande Lib\u00e9ration de Six Militants\",\"datePublished\":\"2025-05-25T15:54:33+00:00\",\"dateModified\":\"2025-06-01T17:17:43+00:00\",\"mainEntityOfPage\":{\"@id\":\"https:\/\/www.africa-press.net\/guinee-bissau\/politique\/frente-populaire-demande-liberation-de-six-militants\"},\"wordCount\":544,\"commentCount\":0,\"image\":{\"@id\":\"https:\/\/www.africa-press.net\/guinee-bissau\/politique\/frente-populaire-demande-liberation-de-six-militants#primaryimage\"},\"thumbnailUrl\":\"https:\/\/static.africa-press.net\/guinee-bissau\/sites\/55\/2025\/06\/sm_1748785466.476601.jpg\",\"keywords\":[\"Guinee Bissau\"],\"articleSection\":[\"Parties\",\"Politique\",\"Top Nouvelles\",\"Toutes les actualit\u00e9s\"],\"inLanguage\":\"fr-FR\",\"potentialAction\":[{\"@type\":\"CommentAction\",\"name\":\"Comment\",\"target\":[\"https:\/\/www.africa-press.net\/guinee-bissau\/politique\/frente-populaire-demande-liberation-de-six-militants#respond\"]}]},{\"@type\":\"WebPage\",\"@id\":\"https:\/\/www.africa-press.net\/guinee-bissau\/politique\/frente-populaire-demande-liberation-de-six-militants\",\"url\":\"https:\/\/www.africa-press.net\/guinee-bissau\/politique\/frente-populaire-demande-liberation-de-six-militants\",\"name\":\"Frente Populaire Demande Lib\u00e9ration de Six Militants - Guin\u00e9e Bissau\",\"isPartOf\":{\"@id\":\"https:\/\/www.africa-press.net\/guinee-bissau\/#website\"},\"primaryImageOfPage\":{\"@id\":\"https:\/\/www.africa-press.net\/guinee-bissau\/politique\/frente-populaire-demande-liberation-de-six-militants#primaryimage\"},\"image\":{\"@id\":\"https:\/\/www.africa-press.net\/guinee-bissau\/politique\/frente-populaire-demande-liberation-de-six-militants#primaryimage\"},\"thumbnailUrl\":\"https:\/\/static.africa-press.net\/guinee-bissau\/sites\/55\/2025\/06\/sm_1748785466.476601.jpg\",\"datePublished\":\"2025-05-25T15:54:33+00:00\",\"dateModified\":\"2025-06-01T17:17:43+00:00\",\"author\":{\"@id\":\"https:\/\/www.africa-press.net\/guinee-bissau\/#\/schema\/person\/2b1cf3cd81a31e3cd26889ca66d677f1\"},\"description\":\"La Frente Popular et le Mouvement Civique Po\u0301 di Te\u0301rra, deux plateformes de la socie\u0301te\u0301 civile, ont confirme\u0301 l\u2019arrest ...\",\"breadcrumb\":{\"@id\":\"https:\/\/www.africa-press.net\/guinee-bissau\/politique\/frente-populaire-demande-liberation-de-six-militants#breadcrumb\"},\"inLanguage\":\"fr-FR\",\"potentialAction\":[{\"@type\":\"ReadAction\",\"target\":[\"https:\/\/www.africa-press.net\/guinee-bissau\/politique\/frente-populaire-demande-liberation-de-six-militants\"]}]},{\"@type\":\"ImageObject\",\"inLanguage\":\"fr-FR\",\"@id\":\"https:\/\/www.africa-press.net\/guinee-bissau\/politique\/frente-populaire-demande-liberation-de-six-militants#primaryimage\",\"url\":\"https:\/\/static.africa-press.net\/guinee-bissau\/sites\/55\/2025\/06\/sm_1748785466.476601.jpg\",\"contentUrl\":\"https:\/\/static.africa-press.net\/guinee-bissau\/sites\/55\/2025\/06\/sm_1748785466.476601.jpg\",\"width\":1080,\"height\":474,\"caption\":\"Frente Populaire Demande Lib\u00e9ration de Six Militants\"},{\"@type\":\"BreadcrumbList\",\"@id\":\"https:\/\/www.africa-press.net\/guinee-bissau\/politique\/frente-populaire-demande-liberation-de-six-militants#breadcrumb\",\"itemListElement\":[{\"@type\":\"ListItem\",\"position\":1,\"name\":\"Accueil\",\"item\":\"https:\/\/www.africa-press.net\/guinee-bissau\/\"},{\"@type\":\"ListItem\",\"position\":2,\"name\":\"Frente Populaire Demande Lib\u00e9ration de Six Militants\"}]},{\"@type\":\"WebSite\",\"@id\":\"https:\/\/www.africa-press.net\/guinee-bissau\/#website\",\"url\":\"https:\/\/www.africa-press.net\/guinee-bissau\/\",\"name\":\"Guin\u00e9e Bissau\",\"description\":\"Just another Africa News Agency Sites site\",\"potentialAction\":[{\"@type\":\"SearchAction\",\"target\":{\"@type\":\"EntryPoint\",\"urlTemplate\":\"https:\/\/www.africa-press.net\/guinee-bissau\/?s={search_term_string}\"},\"query-input\":{\"@type\":\"PropertyValueSpecification\",\"valueRequired\":true,\"valueName\":\"search_term_string\"}}],\"inLanguage\":\"fr-FR\"},{\"@type\":\"Person\",\"@id\":\"https:\/\/www.africa-press.net\/guinee-bissau\/#\/schema\/person\/2b1cf3cd81a31e3cd26889ca66d677f1\",\"name\":\"cfeditorfr\"}]}<\/script>\n<!-- \/ Yoast SEO Premium plugin. -->","yoast_head_json":{"title":"Frente Populaire Demande Lib\u00e9ration de Six Militants - Guin\u00e9e Bissau","description":"La Frente Popular et le Mouvement Civique Po\u0301 di Te\u0301rra, deux plateformes de la socie\u0301te\u0301 civile, ont confirme\u0301 l\u2019arrest ...","robots":{"index":"index","follow":"follow","max-snippet":"max-snippet:-1","max-image-preview":"max-image-preview:large","max-video-preview":"max-video-preview:-1"},"canonical":"https:\/\/www.africa-press.net\/guinee-bissau\/politique\/frente-populaire-demande-liberation-de-six-militants","og_locale":"fr_FR","og_type":"article","og_title":"Frente Populaire Demande Lib\u00e9ration de Six Militants","og_description":"La Frente Popular et le Mouvement Civique Po\u0301 di Te\u0301rra, deux plateformes de la socie\u0301te\u0301 civile, ont confirme\u0301 l\u2019arrest ...","og_url":"https:\/\/www.africa-press.net\/guinee-bissau\/politique\/frente-populaire-demande-liberation-de-six-militants","og_site_name":"Guin\u00e9e Bissau","article_published_time":"2025-05-25T15:54:33+00:00","article_modified_time":"2025-06-01T17:17:43+00:00","og_image":[{"width":1080,"height":474,"url":"https:\/\/static.africa-press.net\/guinee-bissau\/sites\/55\/2025\/06\/sm_1748785466.476601.jpg","type":"image\/jpeg"}],"author":"cfeditorfr","twitter_card":"summary_large_image","twitter_misc":{"\u00c9crit par":"cfeditorfr","Dur\u00e9e de lecture estim\u00e9e":"3 minutes"},"schema":{"@context":"https:\/\/schema.org","@graph":[{"@type":"Article","@id":"https:\/\/www.africa-press.net\/guinee-bissau\/politique\/frente-populaire-demande-liberation-de-six-militants#article","isPartOf":{"@id":"https:\/\/www.africa-press.net\/guinee-bissau\/politique\/frente-populaire-demande-liberation-de-six-militants"},"author":{"name":"cfeditorfr","@id":"https:\/\/www.africa-press.net\/guinee-bissau\/#\/schema\/person\/2b1cf3cd81a31e3cd26889ca66d677f1"},"headline":"Frente Populaire Demande Lib\u00e9ration de Six Militants","datePublished":"2025-05-25T15:54:33+00:00","dateModified":"2025-06-01T17:17:43+00:00","mainEntityOfPage":{"@id":"https:\/\/www.africa-press.net\/guinee-bissau\/politique\/frente-populaire-demande-liberation-de-six-militants"},"wordCount":544,"commentCount":0,"image":{"@id":"https:\/\/www.africa-press.net\/guinee-bissau\/politique\/frente-populaire-demande-liberation-de-six-militants#primaryimage"},"thumbnailUrl":"https:\/\/static.africa-press.net\/guinee-bissau\/sites\/55\/2025\/06\/sm_1748785466.476601.jpg","keywords":["Guinee Bissau"],"articleSection":["Parties","Politique","Top Nouvelles","Toutes les actualit\u00e9s"],"inLanguage":"fr-FR","potentialAction":[{"@type":"CommentAction","name":"Comment","target":["https:\/\/www.africa-press.net\/guinee-bissau\/politique\/frente-populaire-demande-liberation-de-six-militants#respond"]}]},{"@type":"WebPage","@id":"https:\/\/www.africa-press.net\/guinee-bissau\/politique\/frente-populaire-demande-liberation-de-six-militants","url":"https:\/\/www.africa-press.net\/guinee-bissau\/politique\/frente-populaire-demande-liberation-de-six-militants","name":"Frente Populaire Demande Lib\u00e9ration de Six Militants - Guin\u00e9e Bissau","isPartOf":{"@id":"https:\/\/www.africa-press.net\/guinee-bissau\/#website"},"primaryImageOfPage":{"@id":"https:\/\/www.africa-press.net\/guinee-bissau\/politique\/frente-populaire-demande-liberation-de-six-militants#primaryimage"},"image":{"@id":"https:\/\/www.africa-press.net\/guinee-bissau\/politique\/frente-populaire-demande-liberation-de-six-militants#primaryimage"},"thumbnailUrl":"https:\/\/static.africa-press.net\/guinee-bissau\/sites\/55\/2025\/06\/sm_1748785466.476601.jpg","datePublished":"2025-05-25T15:54:33+00:00","dateModified":"2025-06-01T17:17:43+00:00","author":{"@id":"https:\/\/www.africa-press.net\/guinee-bissau\/#\/schema\/person\/2b1cf3cd81a31e3cd26889ca66d677f1"},"description":"La Frente Popular et le Mouvement Civique Po\u0301 di Te\u0301rra, deux plateformes de la socie\u0301te\u0301 civile, ont confirme\u0301 l\u2019arrest ...","breadcrumb":{"@id":"https:\/\/www.africa-press.net\/guinee-bissau\/politique\/frente-populaire-demande-liberation-de-six-militants#breadcrumb"},"inLanguage":"fr-FR","potentialAction":[{"@type":"ReadAction","target":["https:\/\/www.africa-press.net\/guinee-bissau\/politique\/frente-populaire-demande-liberation-de-six-militants"]}]},{"@type":"ImageObject","inLanguage":"fr-FR","@id":"https:\/\/www.africa-press.net\/guinee-bissau\/politique\/frente-populaire-demande-liberation-de-six-militants#primaryimage","url":"https:\/\/static.africa-press.net\/guinee-bissau\/sites\/55\/2025\/06\/sm_1748785466.476601.jpg","contentUrl":"https:\/\/static.africa-press.net\/guinee-bissau\/sites\/55\/2025\/06\/sm_1748785466.476601.jpg","width":1080,"height":474,"caption":"Frente Populaire Demande Lib\u00e9ration de Six Militants"},{"@type":"BreadcrumbList","@id":"https:\/\/www.africa-press.net\/guinee-bissau\/politique\/frente-populaire-demande-liberation-de-six-militants#breadcrumb","itemListElement":[{"@type":"ListItem","position":1,"name":"Accueil","item":"https:\/\/www.africa-press.net\/guinee-bissau\/"},{"@type":"ListItem","position":2,"name":"Frente Populaire Demande Lib\u00e9ration de Six Militants"}]},{"@type":"WebSite","@id":"https:\/\/www.africa-press.net\/guinee-bissau\/#website","url":"https:\/\/www.africa-press.net\/guinee-bissau\/","name":"Guin\u00e9e Bissau","description":"Just another Africa News Agency Sites site","potentialAction":[{"@type":"SearchAction","target":{"@type":"EntryPoint","urlTemplate":"https:\/\/www.africa-press.net\/guinee-bissau\/?s={search_term_string}"},"query-input":{"@type":"PropertyValueSpecification","valueRequired":true,"valueName":"search_term_string"}}],"inLanguage":"fr-FR"},{"@type":"Person","@id":"https:\/\/www.africa-press.net\/guinee-bissau\/#\/schema\/person\/2b1cf3cd81a31e3cd26889ca66d677f1","name":"cfeditorfr"}]}},"_links":{"self":[{"href":"https:\/\/www.africa-press.net\/guinee-bissau\/wp-json\/wp\/v2\/posts\/20605","targetHints":{"allow":["GET"]}}],"collection":[{"href":"https:\/\/www.africa-press.net\/guinee-bissau\/wp-json\/wp\/v2\/posts"}],"about":[{"href":"https:\/\/www.africa-press.net\/guinee-bissau\/wp-json\/wp\/v2\/types\/post"}],"author":[{"embeddable":true,"href":"https:\/\/www.africa-press.net\/guinee-bissau\/wp-json\/wp\/v2\/users\/82"}],"replies":[{"embeddable":true,"href":"https:\/\/www.africa-press.net\/guinee-bissau\/wp-json\/wp\/v2\/comments?post=20605"}],"version-history":[{"count":0,"href":"https:\/\/www.africa-press.net\/guinee-bissau\/wp-json\/wp\/v2\/posts\/20605\/revisions"}],"wp:featuredmedia":[{"embeddable":true,"href":"https:\/\/www.africa-press.net\/guinee-bissau\/wp-json\/wp\/v2\/media\/20603"}],"wp:attachment":[{"href":"https:\/\/www.africa-press.net\/guinee-bissau\/wp-json\/wp\/v2\/media?parent=20605"}],"wp:term":[{"taxonomy":"category","embeddable":true,"href":"https:\/\/www.africa-press.net\/guinee-bissau\/wp-json\/wp\/v2\/categories?post=20605"},{"taxonomy":"post_tag","embeddable":true,"href":"https:\/\/www.africa-press.net\/guinee-bissau\/wp-json\/wp\/v2\/tags?post=20605"}],"curies":[{"name":"wp","href":"https:\/\/api.w.org\/{rel}","templated":true}]}}