{"id":20613,"date":"2025-05-24T15:57:43","date_gmt":"2025-05-24T15:57:43","guid":{"rendered":"https:\/\/www.africa-press.net\/guinee-bissau\/politique\/simoes-pereira-met-en-garde-embalo-sur-la-justice"},"modified":"2025-06-01T17:18:27","modified_gmt":"2025-06-01T17:18:27","slug":"simoes-pereira-met-en-garde-embalo-sur-la-justice","status":"publish","type":"post","link":"https:\/\/www.africa-press.net\/guinee-bissau\/politique\/simoes-pereira-met-en-garde-embalo-sur-la-justice","title":{"rendered":"Sim\u00f5es Pereira Met en Garde Embal\u00f3 sur la Justice"},"content":{"rendered":"<p><span style=\"color: #ff6600\"><strong>Africa-Press &#8211; Guinee Bissau. <\/strong><\/span>Le pre\u0301sident de l\u2019Assemble\u0301e nationale populaire (ANP) et de la coalition Plateforme de l\u2019Alliance Inclusive (PAI-Terra Ranka), Domingos Simo\u0303es Pereira, a averti le chef de l\u2019E\u0301tat guine\u0301en, Umaro Sissoco Embalo\u0301, qu\u2019il peut acheter tous les tribunaux du pays, mais qu\u2019un jour il voudra que la justice fonctionne, et ce sera ce me\u0302me tribunal qu\u2019il aura cre\u0301e\u0301 qu\u2019il trouvera en face de lui.<\/p>\n<p>\u00ab Tu veux acheter le tribunal? Ache\u0300te-les tous, mais un jour tu voudras que la justice fonctionne, et tu tomberas sur le me\u0302me tribunal que tu as mis en place. Ce jour-la\u0300, il sera trop tard pour toi, et pour moi aussi \u00bb, a de\u0301clare\u0301 le dirigeant du Parti africain pour l\u2019inde\u0301pendance de la Guine\u0301e et du Cap-Vert (PAIGC), en re\u0301fe\u0301rence aux e\u0301lections a\u0300 la te\u0302te de la Cour supre\u0302me et du Conseil supe\u0301rieur de la magistrature judiciaire, remporte\u0301es par les juges conseillers Arafam Mane\u0301 et Joa\u0303o Mendes, ce dernier e\u0301lu vice-pre\u0301sident.<\/p>\n<p>Dans son message hebdomadaire publie\u0301 sur sa page Facebook, vendredi 23 mai 2025, Simo\u0303es Pereira a vivement critique\u0301 la gouvernance d\u2019Umaro Sissoco Embalo\u0301, particulie\u0300rement en raison de la manie\u0300re dont il continue d\u2019exercer le pouvoir malgre\u0301 l\u2019expiration de son mandat.<\/p>\n<p>Sans nommer directement le pre\u0301sident Embalo\u0301, il a minimise\u0301 l\u2019importance de la visite annonce\u0301e du pre\u0301sident se\u0301ne\u0301galais Bassirou Diomaye Faye en Guine\u0301e-Bissau, laissant entendre qu\u2019il s\u2019agissait d\u2019une tentative de le\u0301gitimation par Embalo\u0301, bien qu\u2019il sache que son mandat est termine\u0301.<\/p>\n<p>\u00ab La le\u0301gitimite\u0301 et le droit de diriger viennent du peuple. Ce n\u2019est pas en invitant des ho\u0302tes. Tu peux faire venir tous les invite\u0301s du monde, aucun ne te donnera la le\u0301gitimite\u0301 \u00bb, a-t-il affirme\u0301.<\/p>\n<p>Il a ajoute\u0301 que \u00ab l\u2019invite\u0301 en question a lui-me\u0302me cherche\u0301 la le\u0301gitimite\u0301 aupre\u0300s de son peuple. Il connai\u0302t les limites de son mandat, sait ce qu\u2019est un E\u0301tat, et est respecte\u0301 \\[dans son pays] parce qu\u2019il respecte sa Constitution, et non l\u2019inverse \u00bb.<\/p>\n<p>A\u0300 propos de la situation de l\u2019Assemble\u0301e nationale populaire, Simo\u0303es Pereira a de\u0301nonce\u0301 les agissements du re\u0301gime dirige\u0301 par Embalo\u0301.<\/p>\n<p>\u00ab Tu peux continuer a\u0300 forcer les portes de l\u2019Assemble\u0301e, a\u0300 en briser autant que tu veux, a\u0300 y placer qui tu veux, cela ne rend personne le\u0301gitime, et n\u2019empe\u0302che pas le peuple de comprendre. Le peuple comprend tre\u0300s bien, c\u2019est pourquoi il re\u0301clame que les urnes soient installe\u0301es pour voter \u00bb, a-t-il de\u0301clare\u0301.<\/p>\n<p>Dans sa vide\u0301o de 17 minutes sur la situation politique du pays, Simo\u0303es Pereira s\u2019est aussi adresse\u0301 a\u0300 la jeunesse guine\u0301enne.<\/p>\n<p>\u00ab Les jeunes doivent comprendre qu\u2019il est de leur responsabilite\u0301 de de\u0301fendre la ve\u0301rite\u0301. En de\u0301fendant la ve\u0301rite\u0301, ils de\u0301fendent leur dignite\u0301, et vivront donc mieux, aujourd\u2019hui comme demain \u00bb, a-t-il souligne\u0301.<\/p>\n<p>Il a e\u0301galement appele\u0301 les jeunes a\u0300 rejeter toute tentative d\u2019achat de leur conscience, car selon lui, cela hypothe\u0300que leur avenir.<\/p>\n<p><strong>Pour plus d&rsquo;informations et d&rsquo;analyses sur la <span style=\"color: #ff6600\">Guinee Bissau<\/span>, suivez <span style=\"color: #ff6600\">Africa-Press<\/span><\/strong><\/p>\n","protected":false},"excerpt":{"rendered":"<p>Africa-Press &#8211; Guinee Bissau. Le pre\u0301sident de l\u2019Assemble\u0301e nationale populaire (ANP) et de la coalition Plateforme de l\u2019Alliance Inclusive (PAI-Terra Ranka), Domingos Simo\u0303es Pereira, a averti le chef de l\u2019E\u0301tat guine\u0301en, Umaro Sissoco Embalo\u0301, qu\u2019il peut acheter tous les tribunaux du pays, mais qu\u2019un jour il voudra que la justice fonctionne, et ce sera ce [&hellip;]<\/p>\n","protected":false},"author":82,"featured_media":20612,"comment_status":"open","ping_status":"closed","sticky":false,"template":"","format":"standard","meta":{"footnotes":""},"categories":[4,2,10],"tags":[50],"class_list":["post-20613","post","type-post","status-publish","format-standard","has-post-thumbnail","hentry","category-parties","category-politique","category-toutes-les-actualites","tag-guinee-bissau"],"yoast_head":"<!-- This site is optimized with the Yoast SEO Premium plugin v26.1 (Yoast SEO v27.0) - https:\/\/yoast.com\/product\/yoast-seo-premium-wordpress\/ -->\n<title>Sim\u00f5es Pereira Met en Garde Embal\u00f3 sur la Justice - Guin\u00e9e Bissau<\/title>\n<meta name=\"description\" content=\"Le pre\u0301sident de l\u2019Assemble\u0301e nationale populaire (ANP) et de la coalition Plateforme de l\u2019Alliance Inclusive (PAI-Terra ...\" \/>\n<meta name=\"robots\" content=\"index, follow, max-snippet:-1, max-image-preview:large, max-video-preview:-1\" \/>\n<link rel=\"canonical\" href=\"https:\/\/www.africa-press.net\/guinee-bissau\/politique\/simoes-pereira-met-en-garde-embalo-sur-la-justice\" \/>\n<meta property=\"og:locale\" content=\"fr_FR\" \/>\n<meta property=\"og:type\" content=\"article\" \/>\n<meta property=\"og:title\" content=\"Sim\u00f5es Pereira Met en Garde Embal\u00f3 sur la Justice\" \/>\n<meta property=\"og:description\" content=\"Le pre\u0301sident de l\u2019Assemble\u0301e nationale populaire (ANP) et de la coalition Plateforme de l\u2019Alliance Inclusive (PAI-Terra ...\" \/>\n<meta property=\"og:url\" content=\"https:\/\/www.africa-press.net\/guinee-bissau\/politique\/simoes-pereira-met-en-garde-embalo-sur-la-justice\" \/>\n<meta property=\"og:site_name\" content=\"Guin\u00e9e Bissau\" \/>\n<meta property=\"article:published_time\" content=\"2025-05-24T15:57:43+00:00\" \/>\n<meta property=\"article:modified_time\" content=\"2025-06-01T17:18:27+00:00\" \/>\n<meta property=\"og:image\" content=\"https:\/\/static.africa-press.net\/guinee-bissau\/sites\/55\/2025\/06\/sm_1748785499.283087.jpg\" \/>\n\t<meta property=\"og:image:width\" content=\"1728\" \/>\n\t<meta property=\"og:image:height\" content=\"1143\" \/>\n\t<meta property=\"og:image:type\" content=\"image\/jpeg\" \/>\n<meta name=\"author\" content=\"cfeditorfr\" \/>\n<meta name=\"twitter:card\" content=\"summary_large_image\" \/>\n<meta name=\"twitter:label1\" content=\"\u00c9crit par\" \/>\n\t<meta name=\"twitter:data1\" content=\"cfeditorfr\" \/>\n\t<meta name=\"twitter:label2\" content=\"Dur\u00e9e de lecture estim\u00e9e\" \/>\n\t<meta name=\"twitter:data2\" content=\"3 minutes\" \/>\n<script type=\"application\/ld+json\" class=\"yoast-schema-graph\">{\"@context\":\"https:\/\/schema.org\",\"@graph\":[{\"@type\":\"Article\",\"@id\":\"https:\/\/www.africa-press.net\/guinee-bissau\/politique\/simoes-pereira-met-en-garde-embalo-sur-la-justice#article\",\"isPartOf\":{\"@id\":\"https:\/\/www.africa-press.net\/guinee-bissau\/politique\/simoes-pereira-met-en-garde-embalo-sur-la-justice\"},\"author\":{\"name\":\"cfeditorfr\",\"@id\":\"https:\/\/www.africa-press.net\/guinee-bissau\/#\/schema\/person\/2b1cf3cd81a31e3cd26889ca66d677f1\"},\"headline\":\"Sim\u00f5es Pereira Met en Garde Embal\u00f3 sur la Justice\",\"datePublished\":\"2025-05-24T15:57:43+00:00\",\"dateModified\":\"2025-06-01T17:18:27+00:00\",\"mainEntityOfPage\":{\"@id\":\"https:\/\/www.africa-press.net\/guinee-bissau\/politique\/simoes-pereira-met-en-garde-embalo-sur-la-justice\"},\"wordCount\":567,\"commentCount\":0,\"image\":{\"@id\":\"https:\/\/www.africa-press.net\/guinee-bissau\/politique\/simoes-pereira-met-en-garde-embalo-sur-la-justice#primaryimage\"},\"thumbnailUrl\":\"https:\/\/static.africa-press.net\/guinee-bissau\/sites\/55\/2025\/06\/sm_1748785499.283087.jpg\",\"keywords\":[\"Guinee Bissau\"],\"articleSection\":[\"Parties\",\"Politique\",\"Toutes les actualit\u00e9s\"],\"inLanguage\":\"fr-FR\",\"potentialAction\":[{\"@type\":\"CommentAction\",\"name\":\"Comment\",\"target\":[\"https:\/\/www.africa-press.net\/guinee-bissau\/politique\/simoes-pereira-met-en-garde-embalo-sur-la-justice#respond\"]}]},{\"@type\":\"WebPage\",\"@id\":\"https:\/\/www.africa-press.net\/guinee-bissau\/politique\/simoes-pereira-met-en-garde-embalo-sur-la-justice\",\"url\":\"https:\/\/www.africa-press.net\/guinee-bissau\/politique\/simoes-pereira-met-en-garde-embalo-sur-la-justice\",\"name\":\"Sim\u00f5es Pereira Met en Garde Embal\u00f3 sur la Justice - Guin\u00e9e Bissau\",\"isPartOf\":{\"@id\":\"https:\/\/www.africa-press.net\/guinee-bissau\/#website\"},\"primaryImageOfPage\":{\"@id\":\"https:\/\/www.africa-press.net\/guinee-bissau\/politique\/simoes-pereira-met-en-garde-embalo-sur-la-justice#primaryimage\"},\"image\":{\"@id\":\"https:\/\/www.africa-press.net\/guinee-bissau\/politique\/simoes-pereira-met-en-garde-embalo-sur-la-justice#primaryimage\"},\"thumbnailUrl\":\"https:\/\/static.africa-press.net\/guinee-bissau\/sites\/55\/2025\/06\/sm_1748785499.283087.jpg\",\"datePublished\":\"2025-05-24T15:57:43+00:00\",\"dateModified\":\"2025-06-01T17:18:27+00:00\",\"author\":{\"@id\":\"https:\/\/www.africa-press.net\/guinee-bissau\/#\/schema\/person\/2b1cf3cd81a31e3cd26889ca66d677f1\"},\"description\":\"Le pre\u0301sident de l\u2019Assemble\u0301e nationale populaire (ANP) et de la coalition Plateforme de l\u2019Alliance Inclusive (PAI-Terra ...\",\"breadcrumb\":{\"@id\":\"https:\/\/www.africa-press.net\/guinee-bissau\/politique\/simoes-pereira-met-en-garde-embalo-sur-la-justice#breadcrumb\"},\"inLanguage\":\"fr-FR\",\"potentialAction\":[{\"@type\":\"ReadAction\",\"target\":[\"https:\/\/www.africa-press.net\/guinee-bissau\/politique\/simoes-pereira-met-en-garde-embalo-sur-la-justice\"]}]},{\"@type\":\"ImageObject\",\"inLanguage\":\"fr-FR\",\"@id\":\"https:\/\/www.africa-press.net\/guinee-bissau\/politique\/simoes-pereira-met-en-garde-embalo-sur-la-justice#primaryimage\",\"url\":\"https:\/\/static.africa-press.net\/guinee-bissau\/sites\/55\/2025\/06\/sm_1748785499.283087.jpg\",\"contentUrl\":\"https:\/\/static.africa-press.net\/guinee-bissau\/sites\/55\/2025\/06\/sm_1748785499.283087.jpg\",\"width\":1728,\"height\":1143,\"caption\":\"Sim\u00f5es Pereira Met en Garde Embal\u00f3 sur la Justice\"},{\"@type\":\"BreadcrumbList\",\"@id\":\"https:\/\/www.africa-press.net\/guinee-bissau\/politique\/simoes-pereira-met-en-garde-embalo-sur-la-justice#breadcrumb\",\"itemListElement\":[{\"@type\":\"ListItem\",\"position\":1,\"name\":\"Accueil\",\"item\":\"https:\/\/www.africa-press.net\/guinee-bissau\/\"},{\"@type\":\"ListItem\",\"position\":2,\"name\":\"Sim\u00f5es Pereira Met en Garde Embal\u00f3 sur la Justice\"}]},{\"@type\":\"WebSite\",\"@id\":\"https:\/\/www.africa-press.net\/guinee-bissau\/#website\",\"url\":\"https:\/\/www.africa-press.net\/guinee-bissau\/\",\"name\":\"Guin\u00e9e Bissau\",\"description\":\"Just another Africa News Agency Sites site\",\"potentialAction\":[{\"@type\":\"SearchAction\",\"target\":{\"@type\":\"EntryPoint\",\"urlTemplate\":\"https:\/\/www.africa-press.net\/guinee-bissau\/?s={search_term_string}\"},\"query-input\":{\"@type\":\"PropertyValueSpecification\",\"valueRequired\":true,\"valueName\":\"search_term_string\"}}],\"inLanguage\":\"fr-FR\"},{\"@type\":\"Person\",\"@id\":\"https:\/\/www.africa-press.net\/guinee-bissau\/#\/schema\/person\/2b1cf3cd81a31e3cd26889ca66d677f1\",\"name\":\"cfeditorfr\"}]}<\/script>\n<!-- \/ Yoast SEO Premium plugin. -->","yoast_head_json":{"title":"Sim\u00f5es Pereira Met en Garde Embal\u00f3 sur la Justice - Guin\u00e9e Bissau","description":"Le pre\u0301sident de l\u2019Assemble\u0301e nationale populaire (ANP) et de la coalition Plateforme de l\u2019Alliance Inclusive (PAI-Terra ...","robots":{"index":"index","follow":"follow","max-snippet":"max-snippet:-1","max-image-preview":"max-image-preview:large","max-video-preview":"max-video-preview:-1"},"canonical":"https:\/\/www.africa-press.net\/guinee-bissau\/politique\/simoes-pereira-met-en-garde-embalo-sur-la-justice","og_locale":"fr_FR","og_type":"article","og_title":"Sim\u00f5es Pereira Met en Garde Embal\u00f3 sur la Justice","og_description":"Le pre\u0301sident de l\u2019Assemble\u0301e nationale populaire (ANP) et de la coalition Plateforme de l\u2019Alliance Inclusive (PAI-Terra ...","og_url":"https:\/\/www.africa-press.net\/guinee-bissau\/politique\/simoes-pereira-met-en-garde-embalo-sur-la-justice","og_site_name":"Guin\u00e9e Bissau","article_published_time":"2025-05-24T15:57:43+00:00","article_modified_time":"2025-06-01T17:18:27+00:00","og_image":[{"width":1728,"height":1143,"url":"https:\/\/static.africa-press.net\/guinee-bissau\/sites\/55\/2025\/06\/sm_1748785499.283087.jpg","type":"image\/jpeg"}],"author":"cfeditorfr","twitter_card":"summary_large_image","twitter_misc":{"\u00c9crit par":"cfeditorfr","Dur\u00e9e de lecture estim\u00e9e":"3 minutes"},"schema":{"@context":"https:\/\/schema.org","@graph":[{"@type":"Article","@id":"https:\/\/www.africa-press.net\/guinee-bissau\/politique\/simoes-pereira-met-en-garde-embalo-sur-la-justice#article","isPartOf":{"@id":"https:\/\/www.africa-press.net\/guinee-bissau\/politique\/simoes-pereira-met-en-garde-embalo-sur-la-justice"},"author":{"name":"cfeditorfr","@id":"https:\/\/www.africa-press.net\/guinee-bissau\/#\/schema\/person\/2b1cf3cd81a31e3cd26889ca66d677f1"},"headline":"Sim\u00f5es Pereira Met en Garde Embal\u00f3 sur la Justice","datePublished":"2025-05-24T15:57:43+00:00","dateModified":"2025-06-01T17:18:27+00:00","mainEntityOfPage":{"@id":"https:\/\/www.africa-press.net\/guinee-bissau\/politique\/simoes-pereira-met-en-garde-embalo-sur-la-justice"},"wordCount":567,"commentCount":0,"image":{"@id":"https:\/\/www.africa-press.net\/guinee-bissau\/politique\/simoes-pereira-met-en-garde-embalo-sur-la-justice#primaryimage"},"thumbnailUrl":"https:\/\/static.africa-press.net\/guinee-bissau\/sites\/55\/2025\/06\/sm_1748785499.283087.jpg","keywords":["Guinee Bissau"],"articleSection":["Parties","Politique","Toutes les actualit\u00e9s"],"inLanguage":"fr-FR","potentialAction":[{"@type":"CommentAction","name":"Comment","target":["https:\/\/www.africa-press.net\/guinee-bissau\/politique\/simoes-pereira-met-en-garde-embalo-sur-la-justice#respond"]}]},{"@type":"WebPage","@id":"https:\/\/www.africa-press.net\/guinee-bissau\/politique\/simoes-pereira-met-en-garde-embalo-sur-la-justice","url":"https:\/\/www.africa-press.net\/guinee-bissau\/politique\/simoes-pereira-met-en-garde-embalo-sur-la-justice","name":"Sim\u00f5es Pereira Met en Garde Embal\u00f3 sur la Justice - Guin\u00e9e Bissau","isPartOf":{"@id":"https:\/\/www.africa-press.net\/guinee-bissau\/#website"},"primaryImageOfPage":{"@id":"https:\/\/www.africa-press.net\/guinee-bissau\/politique\/simoes-pereira-met-en-garde-embalo-sur-la-justice#primaryimage"},"image":{"@id":"https:\/\/www.africa-press.net\/guinee-bissau\/politique\/simoes-pereira-met-en-garde-embalo-sur-la-justice#primaryimage"},"thumbnailUrl":"https:\/\/static.africa-press.net\/guinee-bissau\/sites\/55\/2025\/06\/sm_1748785499.283087.jpg","datePublished":"2025-05-24T15:57:43+00:00","dateModified":"2025-06-01T17:18:27+00:00","author":{"@id":"https:\/\/www.africa-press.net\/guinee-bissau\/#\/schema\/person\/2b1cf3cd81a31e3cd26889ca66d677f1"},"description":"Le pre\u0301sident de l\u2019Assemble\u0301e nationale populaire (ANP) et de la coalition Plateforme de l\u2019Alliance Inclusive (PAI-Terra ...","breadcrumb":{"@id":"https:\/\/www.africa-press.net\/guinee-bissau\/politique\/simoes-pereira-met-en-garde-embalo-sur-la-justice#breadcrumb"},"inLanguage":"fr-FR","potentialAction":[{"@type":"ReadAction","target":["https:\/\/www.africa-press.net\/guinee-bissau\/politique\/simoes-pereira-met-en-garde-embalo-sur-la-justice"]}]},{"@type":"ImageObject","inLanguage":"fr-FR","@id":"https:\/\/www.africa-press.net\/guinee-bissau\/politique\/simoes-pereira-met-en-garde-embalo-sur-la-justice#primaryimage","url":"https:\/\/static.africa-press.net\/guinee-bissau\/sites\/55\/2025\/06\/sm_1748785499.283087.jpg","contentUrl":"https:\/\/static.africa-press.net\/guinee-bissau\/sites\/55\/2025\/06\/sm_1748785499.283087.jpg","width":1728,"height":1143,"caption":"Sim\u00f5es Pereira Met en Garde Embal\u00f3 sur la Justice"},{"@type":"BreadcrumbList","@id":"https:\/\/www.africa-press.net\/guinee-bissau\/politique\/simoes-pereira-met-en-garde-embalo-sur-la-justice#breadcrumb","itemListElement":[{"@type":"ListItem","position":1,"name":"Accueil","item":"https:\/\/www.africa-press.net\/guinee-bissau\/"},{"@type":"ListItem","position":2,"name":"Sim\u00f5es Pereira Met en Garde Embal\u00f3 sur la Justice"}]},{"@type":"WebSite","@id":"https:\/\/www.africa-press.net\/guinee-bissau\/#website","url":"https:\/\/www.africa-press.net\/guinee-bissau\/","name":"Guin\u00e9e Bissau","description":"Just another Africa News Agency Sites site","potentialAction":[{"@type":"SearchAction","target":{"@type":"EntryPoint","urlTemplate":"https:\/\/www.africa-press.net\/guinee-bissau\/?s={search_term_string}"},"query-input":{"@type":"PropertyValueSpecification","valueRequired":true,"valueName":"search_term_string"}}],"inLanguage":"fr-FR"},{"@type":"Person","@id":"https:\/\/www.africa-press.net\/guinee-bissau\/#\/schema\/person\/2b1cf3cd81a31e3cd26889ca66d677f1","name":"cfeditorfr"}]}},"_links":{"self":[{"href":"https:\/\/www.africa-press.net\/guinee-bissau\/wp-json\/wp\/v2\/posts\/20613","targetHints":{"allow":["GET"]}}],"collection":[{"href":"https:\/\/www.africa-press.net\/guinee-bissau\/wp-json\/wp\/v2\/posts"}],"about":[{"href":"https:\/\/www.africa-press.net\/guinee-bissau\/wp-json\/wp\/v2\/types\/post"}],"author":[{"embeddable":true,"href":"https:\/\/www.africa-press.net\/guinee-bissau\/wp-json\/wp\/v2\/users\/82"}],"replies":[{"embeddable":true,"href":"https:\/\/www.africa-press.net\/guinee-bissau\/wp-json\/wp\/v2\/comments?post=20613"}],"version-history":[{"count":0,"href":"https:\/\/www.africa-press.net\/guinee-bissau\/wp-json\/wp\/v2\/posts\/20613\/revisions"}],"wp:featuredmedia":[{"embeddable":true,"href":"https:\/\/www.africa-press.net\/guinee-bissau\/wp-json\/wp\/v2\/media\/20612"}],"wp:attachment":[{"href":"https:\/\/www.africa-press.net\/guinee-bissau\/wp-json\/wp\/v2\/media?parent=20613"}],"wp:term":[{"taxonomy":"category","embeddable":true,"href":"https:\/\/www.africa-press.net\/guinee-bissau\/wp-json\/wp\/v2\/categories?post=20613"},{"taxonomy":"post_tag","embeddable":true,"href":"https:\/\/www.africa-press.net\/guinee-bissau\/wp-json\/wp\/v2\/tags?post=20613"}],"curies":[{"name":"wp","href":"https:\/\/api.w.org\/{rel}","templated":true}]}}