{"id":20773,"date":"2025-06-04T02:06:16","date_gmt":"2025-06-04T02:06:16","guid":{"rendered":"https:\/\/www.africa-press.net\/guinee-bissau\/politique\/remise-de-prix-aux-cineastes-guineens-sana-na-nhada-et-binete-undonque"},"modified":"2025-06-05T07:05:38","modified_gmt":"2025-06-05T07:05:38","slug":"remise-de-prix-aux-cineastes-guineens-sana-na-nhada-et-binete-undonque","status":"publish","type":"post","link":"https:\/\/www.africa-press.net\/guinee-bissau\/culture-et-art\/remise-de-prix-aux-cineastes-guineens-sana-na-nhada-et-binete-undonque","title":{"rendered":"Remise de Prix aux Cin\u00e9astes Guin\u00e9ens Sana Na Nhada et Binete Undonque"},"content":{"rendered":"<p><span style=\"color: #ff6600\"><strong>Africa-Press &#8211; Guinee Bissau. <\/strong><\/span>La ministre de la Culture, de la Jeunesse et des Sports a proce\u0301de\u0301, mardi, a\u0300 la remise de trophe\u0301es aux cine\u0301astes Sana Na Nhada et Binete Undonque, tous deux laure\u0301ats lors du 9e Festival international du cine\u0301ma, tenu en de\u0301cembre 2024 a\u0300 Bruxelles (Belgique).<\/p>\n<p>Maria da Conceic\u0327a\u0303o E\u0301vora a de\u0301clare\u0301 que ce geste se justifie par leur contribution a\u0300 la valorisation de l\u2019identite\u0301 culturelle du pays sur la sce\u0300ne cine\u0301matographique internationale.<\/p>\n<p>Elle a souligne\u0301 que le ve\u0301te\u0301ran Sana Na Nhada est un combattant de la liberte\u0301 de la patrie, qui a obtenu tre\u0300s to\u0302t sa licence en arts cine\u0301matographiques en Re\u0301publique communiste de Cuba.<\/p>\n<p>\u00ab Sana Na Nhada a de\u0301ja\u0300 lance\u0301 plusieurs courts et longs me\u0301trages sur le marche\u0301, tels que *Bissau de Isabel*, *A Nossa Guine\u0301* et plusieurs autres \u0153uvres connues et cre\u0301e\u0301es par lui \u00bb, a explique\u0301 la ministre.<\/p>\n<p>Conceic\u0327a\u0303o E\u0301vora a exprime\u0301, a\u0300 cette occasion, sa tristesse face aux difficulte\u0301s rencontre\u0301es par le ministe\u0300re qu\u2019elle dirige, raison pour laquelle il ne parvient pas a\u0300 fournir le soutien ne\u0301cessaire au secteur, du cine\u0301ma a\u0300 la musique, en passant par les arts graphiques et plastiques.<\/p>\n<p>\u00ab Il y a quelque temps, j\u2019ai effectue\u0301 une visite a\u0300 l\u2019Institut national du cine\u0301ma (INC), et j\u2019ai e\u0301te\u0301 attriste\u0301e par l\u2019e\u0301tat avance\u0301 de de\u0301gradation du ba\u0302timent \u00bb, a-t-elle de\u0301clare\u0301.<\/p>\n<p>Elle a ajoute\u0301 que son ministe\u0300re, avec ses partenaires, e\u0301tudie de\u0301ja\u0300 les possibilite\u0301s de re\u0301habilitation de l\u2019INC, afin de permettre aux techniciens du secteur de continuer a\u0300 exercer leur travail pour le de\u0301veloppement de ce domaine.<\/p>\n<p>Selon la responsable, pour dynamiser le secteur, il faut commencer a\u0300 envisager l\u2019octroi de bourses de formation a\u0300 la nouvelle ge\u0301ne\u0301ration de cine\u0301astes guine\u0301ens.<\/p>\n<p>\u00ab Car ce n\u2019est qu\u2019en formant les jeunes dans ce domaine que le pays pourra donner une continuite\u0301 aux \u0153uvres re\u0301alise\u0301es par les mai\u0302tres Sana Na Nhada, Binete Undonque, Flora Gomes et d\u2019autres \u00bb, a de\u0301clare\u0301 la ministre.<\/p>\n<p>Elle a estime\u0301 qu\u2019il est ne\u0301cessaire de cre\u0301er des e\u0301changes culturels avec les pays de la sous-re\u0301gion, ainsi qu\u2019avec d\u2019autres re\u0301gions du monde de\u0301veloppe\u0301es dans le domaine du cine\u0301ma, afin de permettre aux cine\u0301astes locaux de produire a\u0300 l\u2019avenir des documentaires et des films qui pourront e\u0302tre consomme\u0301s a\u0300 l\u2019e\u0301chelle mondiale.<\/p>\n<p><strong>Pour plus d&rsquo;informations et d&rsquo;analyses sur la <span style=\"color: #ff6600\">Guinee Bissau<\/span>, suivez <span style=\"color: #ff6600\">Africa-Press<\/span><\/strong><\/p>\n","protected":false},"excerpt":{"rendered":"<p>Africa-Press &#8211; Guinee Bissau. La ministre de la Culture, de la Jeunesse et des Sports a proce\u0301de\u0301, mardi, a\u0300 la remise de trophe\u0301es aux cine\u0301astes Sana Na Nhada et Binete Undonque, tous deux laure\u0301ats lors du 9e Festival international du cine\u0301ma, tenu en de\u0301cembre 2024 a\u0300 Bruxelles (Belgique). Maria da Conceic\u0327a\u0303o E\u0301vora a de\u0301clare\u0301 que [&hellip;]<\/p>\n","protected":false},"author":82,"featured_media":20772,"comment_status":"open","ping_status":"closed","sticky":false,"template":"","format":"standard","meta":{"footnotes":""},"categories":[5,51,10],"tags":[50],"class_list":["post-20773","post","type-post","status-publish","format-standard","has-post-thumbnail","hentry","category-culture-et-art","category-to-homepage","category-toutes-les-actualites","tag-guinee-bissau"],"yoast_head":"<!-- This site is optimized with the Yoast SEO Premium plugin v26.1 (Yoast SEO v27.0) - https:\/\/yoast.com\/product\/yoast-seo-premium-wordpress\/ -->\n<title>Remise de Prix aux Cin\u00e9astes Guin\u00e9ens Sana Na Nhada et Binete Undonque - Guin\u00e9e Bissau<\/title>\n<meta name=\"description\" content=\"La ministre de la Culture, de la Jeunesse et des Sports a proce\u0301de\u0301, mardi, a\u0300 la remise de trophe\u0301es aux cine\u0301astes San ...\" \/>\n<meta name=\"robots\" content=\"index, follow, max-snippet:-1, max-image-preview:large, max-video-preview:-1\" \/>\n<link rel=\"canonical\" href=\"https:\/\/www.africa-press.net\/guinee-bissau\/culture-et-art\/remise-de-prix-aux-cineastes-guineens-sana-na-nhada-et-binete-undonque\" \/>\n<meta property=\"og:locale\" content=\"fr_FR\" \/>\n<meta property=\"og:type\" content=\"article\" \/>\n<meta property=\"og:title\" content=\"Remise de Prix aux Cin\u00e9astes Guin\u00e9ens Sana Na Nhada et Binete Undonque\" \/>\n<meta property=\"og:description\" content=\"La ministre de la Culture, de la Jeunesse et des Sports a proce\u0301de\u0301, mardi, a\u0300 la remise de trophe\u0301es aux cine\u0301astes San ...\" \/>\n<meta property=\"og:url\" content=\"https:\/\/www.africa-press.net\/guinee-bissau\/culture-et-art\/remise-de-prix-aux-cineastes-guineens-sana-na-nhada-et-binete-undonque\" \/>\n<meta property=\"og:site_name\" content=\"Guin\u00e9e Bissau\" \/>\n<meta property=\"article:published_time\" content=\"2025-06-04T02:06:16+00:00\" \/>\n<meta property=\"article:modified_time\" content=\"2025-06-05T07:05:38+00:00\" \/>\n<meta property=\"og:image\" content=\"https:\/\/static.africa-press.net\/guinee-bissau\/sites\/55\/2025\/06\/sm_1749094309.210699.jpg\" \/>\n\t<meta property=\"og:image:width\" content=\"1160\" \/>\n\t<meta property=\"og:image:height\" content=\"640\" \/>\n\t<meta property=\"og:image:type\" content=\"image\/jpeg\" \/>\n<meta name=\"author\" content=\"cfeditorfr\" \/>\n<meta name=\"twitter:card\" content=\"summary_large_image\" \/>\n<meta name=\"twitter:label1\" content=\"\u00c9crit par\" \/>\n\t<meta name=\"twitter:data1\" content=\"cfeditorfr\" \/>\n\t<meta name=\"twitter:label2\" content=\"Dur\u00e9e de lecture estim\u00e9e\" \/>\n\t<meta name=\"twitter:data2\" content=\"3 minutes\" \/>\n<script type=\"application\/ld+json\" class=\"yoast-schema-graph\">{\"@context\":\"https:\/\/schema.org\",\"@graph\":[{\"@type\":\"Article\",\"@id\":\"https:\/\/www.africa-press.net\/guinee-bissau\/culture-et-art\/remise-de-prix-aux-cineastes-guineens-sana-na-nhada-et-binete-undonque#article\",\"isPartOf\":{\"@id\":\"https:\/\/www.africa-press.net\/guinee-bissau\/culture-et-art\/remise-de-prix-aux-cineastes-guineens-sana-na-nhada-et-binete-undonque\"},\"author\":{\"name\":\"cfeditorfr\",\"@id\":\"https:\/\/www.africa-press.net\/guinee-bissau\/#\/schema\/person\/2b1cf3cd81a31e3cd26889ca66d677f1\"},\"headline\":\"Remise de Prix aux Cin\u00e9astes Guin\u00e9ens Sana Na Nhada et Binete Undonque\",\"datePublished\":\"2025-06-04T02:06:16+00:00\",\"dateModified\":\"2025-06-05T07:05:38+00:00\",\"mainEntityOfPage\":{\"@id\":\"https:\/\/www.africa-press.net\/guinee-bissau\/culture-et-art\/remise-de-prix-aux-cineastes-guineens-sana-na-nhada-et-binete-undonque\"},\"wordCount\":468,\"commentCount\":0,\"image\":{\"@id\":\"https:\/\/www.africa-press.net\/guinee-bissau\/culture-et-art\/remise-de-prix-aux-cineastes-guineens-sana-na-nhada-et-binete-undonque#primaryimage\"},\"thumbnailUrl\":\"https:\/\/static.africa-press.net\/guinee-bissau\/sites\/55\/2025\/06\/sm_1749094309.210699.jpg\",\"keywords\":[\"Guinee Bissau\"],\"articleSection\":[\"Culture et Art\",\"to-homepage\",\"Toutes les actualit\u00e9s\"],\"inLanguage\":\"fr-FR\",\"potentialAction\":[{\"@type\":\"CommentAction\",\"name\":\"Comment\",\"target\":[\"https:\/\/www.africa-press.net\/guinee-bissau\/culture-et-art\/remise-de-prix-aux-cineastes-guineens-sana-na-nhada-et-binete-undonque#respond\"]}]},{\"@type\":\"WebPage\",\"@id\":\"https:\/\/www.africa-press.net\/guinee-bissau\/culture-et-art\/remise-de-prix-aux-cineastes-guineens-sana-na-nhada-et-binete-undonque\",\"url\":\"https:\/\/www.africa-press.net\/guinee-bissau\/culture-et-art\/remise-de-prix-aux-cineastes-guineens-sana-na-nhada-et-binete-undonque\",\"name\":\"Remise de Prix aux Cin\u00e9astes Guin\u00e9ens Sana Na Nhada et Binete Undonque - Guin\u00e9e Bissau\",\"isPartOf\":{\"@id\":\"https:\/\/www.africa-press.net\/guinee-bissau\/#website\"},\"primaryImageOfPage\":{\"@id\":\"https:\/\/www.africa-press.net\/guinee-bissau\/culture-et-art\/remise-de-prix-aux-cineastes-guineens-sana-na-nhada-et-binete-undonque#primaryimage\"},\"image\":{\"@id\":\"https:\/\/www.africa-press.net\/guinee-bissau\/culture-et-art\/remise-de-prix-aux-cineastes-guineens-sana-na-nhada-et-binete-undonque#primaryimage\"},\"thumbnailUrl\":\"https:\/\/static.africa-press.net\/guinee-bissau\/sites\/55\/2025\/06\/sm_1749094309.210699.jpg\",\"datePublished\":\"2025-06-04T02:06:16+00:00\",\"dateModified\":\"2025-06-05T07:05:38+00:00\",\"author\":{\"@id\":\"https:\/\/www.africa-press.net\/guinee-bissau\/#\/schema\/person\/2b1cf3cd81a31e3cd26889ca66d677f1\"},\"description\":\"La ministre de la Culture, de la Jeunesse et des Sports a proce\u0301de\u0301, mardi, a\u0300 la remise de trophe\u0301es aux cine\u0301astes San ...\",\"breadcrumb\":{\"@id\":\"https:\/\/www.africa-press.net\/guinee-bissau\/culture-et-art\/remise-de-prix-aux-cineastes-guineens-sana-na-nhada-et-binete-undonque#breadcrumb\"},\"inLanguage\":\"fr-FR\",\"potentialAction\":[{\"@type\":\"ReadAction\",\"target\":[\"https:\/\/www.africa-press.net\/guinee-bissau\/culture-et-art\/remise-de-prix-aux-cineastes-guineens-sana-na-nhada-et-binete-undonque\"]}]},{\"@type\":\"ImageObject\",\"inLanguage\":\"fr-FR\",\"@id\":\"https:\/\/www.africa-press.net\/guinee-bissau\/culture-et-art\/remise-de-prix-aux-cineastes-guineens-sana-na-nhada-et-binete-undonque#primaryimage\",\"url\":\"https:\/\/static.africa-press.net\/guinee-bissau\/sites\/55\/2025\/06\/sm_1749094309.210699.jpg\",\"contentUrl\":\"https:\/\/static.africa-press.net\/guinee-bissau\/sites\/55\/2025\/06\/sm_1749094309.210699.jpg\",\"width\":1160,\"height\":640,\"caption\":\"Remise de Prix aux Cin\u00e9astes Guin\u00e9ens Sana Na Nhada et Binete Undonque\"},{\"@type\":\"BreadcrumbList\",\"@id\":\"https:\/\/www.africa-press.net\/guinee-bissau\/culture-et-art\/remise-de-prix-aux-cineastes-guineens-sana-na-nhada-et-binete-undonque#breadcrumb\",\"itemListElement\":[{\"@type\":\"ListItem\",\"position\":1,\"name\":\"Accueil\",\"item\":\"https:\/\/www.africa-press.net\/guinee-bissau\/\"},{\"@type\":\"ListItem\",\"position\":2,\"name\":\"Remise de Prix aux Cin\u00e9astes Guin\u00e9ens Sana Na Nhada et Binete Undonque\"}]},{\"@type\":\"WebSite\",\"@id\":\"https:\/\/www.africa-press.net\/guinee-bissau\/#website\",\"url\":\"https:\/\/www.africa-press.net\/guinee-bissau\/\",\"name\":\"Guin\u00e9e Bissau\",\"description\":\"Just another Africa News Agency Sites site\",\"potentialAction\":[{\"@type\":\"SearchAction\",\"target\":{\"@type\":\"EntryPoint\",\"urlTemplate\":\"https:\/\/www.africa-press.net\/guinee-bissau\/?s={search_term_string}\"},\"query-input\":{\"@type\":\"PropertyValueSpecification\",\"valueRequired\":true,\"valueName\":\"search_term_string\"}}],\"inLanguage\":\"fr-FR\"},{\"@type\":\"Person\",\"@id\":\"https:\/\/www.africa-press.net\/guinee-bissau\/#\/schema\/person\/2b1cf3cd81a31e3cd26889ca66d677f1\",\"name\":\"cfeditorfr\"}]}<\/script>\n<!-- \/ Yoast SEO Premium plugin. -->","yoast_head_json":{"title":"Remise de Prix aux Cin\u00e9astes Guin\u00e9ens Sana Na Nhada et Binete Undonque - Guin\u00e9e Bissau","description":"La ministre de la Culture, de la Jeunesse et des Sports a proce\u0301de\u0301, mardi, a\u0300 la remise de trophe\u0301es aux cine\u0301astes San ...","robots":{"index":"index","follow":"follow","max-snippet":"max-snippet:-1","max-image-preview":"max-image-preview:large","max-video-preview":"max-video-preview:-1"},"canonical":"https:\/\/www.africa-press.net\/guinee-bissau\/culture-et-art\/remise-de-prix-aux-cineastes-guineens-sana-na-nhada-et-binete-undonque","og_locale":"fr_FR","og_type":"article","og_title":"Remise de Prix aux Cin\u00e9astes Guin\u00e9ens Sana Na Nhada et Binete Undonque","og_description":"La ministre de la Culture, de la Jeunesse et des Sports a proce\u0301de\u0301, mardi, a\u0300 la remise de trophe\u0301es aux cine\u0301astes San ...","og_url":"https:\/\/www.africa-press.net\/guinee-bissau\/culture-et-art\/remise-de-prix-aux-cineastes-guineens-sana-na-nhada-et-binete-undonque","og_site_name":"Guin\u00e9e Bissau","article_published_time":"2025-06-04T02:06:16+00:00","article_modified_time":"2025-06-05T07:05:38+00:00","og_image":[{"width":1160,"height":640,"url":"https:\/\/static.africa-press.net\/guinee-bissau\/sites\/55\/2025\/06\/sm_1749094309.210699.jpg","type":"image\/jpeg"}],"author":"cfeditorfr","twitter_card":"summary_large_image","twitter_misc":{"\u00c9crit par":"cfeditorfr","Dur\u00e9e de lecture estim\u00e9e":"3 minutes"},"schema":{"@context":"https:\/\/schema.org","@graph":[{"@type":"Article","@id":"https:\/\/www.africa-press.net\/guinee-bissau\/culture-et-art\/remise-de-prix-aux-cineastes-guineens-sana-na-nhada-et-binete-undonque#article","isPartOf":{"@id":"https:\/\/www.africa-press.net\/guinee-bissau\/culture-et-art\/remise-de-prix-aux-cineastes-guineens-sana-na-nhada-et-binete-undonque"},"author":{"name":"cfeditorfr","@id":"https:\/\/www.africa-press.net\/guinee-bissau\/#\/schema\/person\/2b1cf3cd81a31e3cd26889ca66d677f1"},"headline":"Remise de Prix aux Cin\u00e9astes Guin\u00e9ens Sana Na Nhada et Binete Undonque","datePublished":"2025-06-04T02:06:16+00:00","dateModified":"2025-06-05T07:05:38+00:00","mainEntityOfPage":{"@id":"https:\/\/www.africa-press.net\/guinee-bissau\/culture-et-art\/remise-de-prix-aux-cineastes-guineens-sana-na-nhada-et-binete-undonque"},"wordCount":468,"commentCount":0,"image":{"@id":"https:\/\/www.africa-press.net\/guinee-bissau\/culture-et-art\/remise-de-prix-aux-cineastes-guineens-sana-na-nhada-et-binete-undonque#primaryimage"},"thumbnailUrl":"https:\/\/static.africa-press.net\/guinee-bissau\/sites\/55\/2025\/06\/sm_1749094309.210699.jpg","keywords":["Guinee Bissau"],"articleSection":["Culture et Art","to-homepage","Toutes les actualit\u00e9s"],"inLanguage":"fr-FR","potentialAction":[{"@type":"CommentAction","name":"Comment","target":["https:\/\/www.africa-press.net\/guinee-bissau\/culture-et-art\/remise-de-prix-aux-cineastes-guineens-sana-na-nhada-et-binete-undonque#respond"]}]},{"@type":"WebPage","@id":"https:\/\/www.africa-press.net\/guinee-bissau\/culture-et-art\/remise-de-prix-aux-cineastes-guineens-sana-na-nhada-et-binete-undonque","url":"https:\/\/www.africa-press.net\/guinee-bissau\/culture-et-art\/remise-de-prix-aux-cineastes-guineens-sana-na-nhada-et-binete-undonque","name":"Remise de Prix aux Cin\u00e9astes Guin\u00e9ens Sana Na Nhada et Binete Undonque - Guin\u00e9e Bissau","isPartOf":{"@id":"https:\/\/www.africa-press.net\/guinee-bissau\/#website"},"primaryImageOfPage":{"@id":"https:\/\/www.africa-press.net\/guinee-bissau\/culture-et-art\/remise-de-prix-aux-cineastes-guineens-sana-na-nhada-et-binete-undonque#primaryimage"},"image":{"@id":"https:\/\/www.africa-press.net\/guinee-bissau\/culture-et-art\/remise-de-prix-aux-cineastes-guineens-sana-na-nhada-et-binete-undonque#primaryimage"},"thumbnailUrl":"https:\/\/static.africa-press.net\/guinee-bissau\/sites\/55\/2025\/06\/sm_1749094309.210699.jpg","datePublished":"2025-06-04T02:06:16+00:00","dateModified":"2025-06-05T07:05:38+00:00","author":{"@id":"https:\/\/www.africa-press.net\/guinee-bissau\/#\/schema\/person\/2b1cf3cd81a31e3cd26889ca66d677f1"},"description":"La ministre de la Culture, de la Jeunesse et des Sports a proce\u0301de\u0301, mardi, a\u0300 la remise de trophe\u0301es aux cine\u0301astes San ...","breadcrumb":{"@id":"https:\/\/www.africa-press.net\/guinee-bissau\/culture-et-art\/remise-de-prix-aux-cineastes-guineens-sana-na-nhada-et-binete-undonque#breadcrumb"},"inLanguage":"fr-FR","potentialAction":[{"@type":"ReadAction","target":["https:\/\/www.africa-press.net\/guinee-bissau\/culture-et-art\/remise-de-prix-aux-cineastes-guineens-sana-na-nhada-et-binete-undonque"]}]},{"@type":"ImageObject","inLanguage":"fr-FR","@id":"https:\/\/www.africa-press.net\/guinee-bissau\/culture-et-art\/remise-de-prix-aux-cineastes-guineens-sana-na-nhada-et-binete-undonque#primaryimage","url":"https:\/\/static.africa-press.net\/guinee-bissau\/sites\/55\/2025\/06\/sm_1749094309.210699.jpg","contentUrl":"https:\/\/static.africa-press.net\/guinee-bissau\/sites\/55\/2025\/06\/sm_1749094309.210699.jpg","width":1160,"height":640,"caption":"Remise de Prix aux Cin\u00e9astes Guin\u00e9ens Sana Na Nhada et Binete Undonque"},{"@type":"BreadcrumbList","@id":"https:\/\/www.africa-press.net\/guinee-bissau\/culture-et-art\/remise-de-prix-aux-cineastes-guineens-sana-na-nhada-et-binete-undonque#breadcrumb","itemListElement":[{"@type":"ListItem","position":1,"name":"Accueil","item":"https:\/\/www.africa-press.net\/guinee-bissau\/"},{"@type":"ListItem","position":2,"name":"Remise de Prix aux Cin\u00e9astes Guin\u00e9ens Sana Na Nhada et Binete Undonque"}]},{"@type":"WebSite","@id":"https:\/\/www.africa-press.net\/guinee-bissau\/#website","url":"https:\/\/www.africa-press.net\/guinee-bissau\/","name":"Guin\u00e9e Bissau","description":"Just another Africa News Agency Sites site","potentialAction":[{"@type":"SearchAction","target":{"@type":"EntryPoint","urlTemplate":"https:\/\/www.africa-press.net\/guinee-bissau\/?s={search_term_string}"},"query-input":{"@type":"PropertyValueSpecification","valueRequired":true,"valueName":"search_term_string"}}],"inLanguage":"fr-FR"},{"@type":"Person","@id":"https:\/\/www.africa-press.net\/guinee-bissau\/#\/schema\/person\/2b1cf3cd81a31e3cd26889ca66d677f1","name":"cfeditorfr"}]}},"_links":{"self":[{"href":"https:\/\/www.africa-press.net\/guinee-bissau\/wp-json\/wp\/v2\/posts\/20773","targetHints":{"allow":["GET"]}}],"collection":[{"href":"https:\/\/www.africa-press.net\/guinee-bissau\/wp-json\/wp\/v2\/posts"}],"about":[{"href":"https:\/\/www.africa-press.net\/guinee-bissau\/wp-json\/wp\/v2\/types\/post"}],"author":[{"embeddable":true,"href":"https:\/\/www.africa-press.net\/guinee-bissau\/wp-json\/wp\/v2\/users\/82"}],"replies":[{"embeddable":true,"href":"https:\/\/www.africa-press.net\/guinee-bissau\/wp-json\/wp\/v2\/comments?post=20773"}],"version-history":[{"count":0,"href":"https:\/\/www.africa-press.net\/guinee-bissau\/wp-json\/wp\/v2\/posts\/20773\/revisions"}],"wp:featuredmedia":[{"embeddable":true,"href":"https:\/\/www.africa-press.net\/guinee-bissau\/wp-json\/wp\/v2\/media\/20772"}],"wp:attachment":[{"href":"https:\/\/www.africa-press.net\/guinee-bissau\/wp-json\/wp\/v2\/media?parent=20773"}],"wp:term":[{"taxonomy":"category","embeddable":true,"href":"https:\/\/www.africa-press.net\/guinee-bissau\/wp-json\/wp\/v2\/categories?post=20773"},{"taxonomy":"post_tag","embeddable":true,"href":"https:\/\/www.africa-press.net\/guinee-bissau\/wp-json\/wp\/v2\/tags?post=20773"}],"curies":[{"name":"wp","href":"https:\/\/api.w.org\/{rel}","templated":true}]}}