{"id":23472,"date":"2025-11-23T23:22:06","date_gmt":"2025-11-23T23:22:06","guid":{"rendered":"https:\/\/www.africa-press.net\/guinee-bissau\/politique\/elections-guinee-bissau-embalo-vise-un-2e-mandat"},"modified":"2025-11-23T23:35:46","modified_gmt":"2025-11-23T23:35:46","slug":"elections-guinee-bissau-embalo-vise-un-2e-mandat","status":"publish","type":"post","link":"https:\/\/www.africa-press.net\/guinee-bissau\/politique\/elections-guinee-bissau-embalo-vise-un-2e-mandat","title":{"rendered":"\u00c9lections Guin\u00e9e-Bissau: Embal\u00f3 Vise un 2E Mandat"},"content":{"rendered":"<div class=\"ap-summary\" dir=\"ltr\" lang=\"fr\">\n<h4>CE Qu\u2019Il Faut Savoir<\/h4>\n<p>Les \u00e9lections pr\u00e9sidentielles et l\u00e9gislatives en Guin\u00e9e-Bissau ont d\u00e9but\u00e9 dans un climat politique tendu. Le pr\u00e9sident sortant, Oumarou Sissoko Embalo, cherche \u00e0 obtenir un second mandat face \u00e0 une forte concurrence, notamment de Fernando Dias. Pr\u00e8s d&rsquo;un million d&rsquo;\u00e9lecteurs sont appel\u00e9s aux urnes, et un second tour est possible si aucun candidat ne d\u00e9passe 50% des voix.<\/p>\n<\/div>\n<p><span class=\"ap-article-header-tag\"> <strong>Africa-Press &#8211; Guinee Bissau. <\/strong> <\/span>Les e\u0301lections pre\u0301sidentielles et le\u0301gislatives en Guine\u0301e-Bissau ont de\u0301bute\u0301 , dans un climat politique tendu et une forte polarisation. Le pre\u0301sident actuel, Oumarou Sissoko Embalo, cherche a\u0300 obtenir un second mandat, tandis qu&rsquo;il fait face a\u0300 une forte concurrence de la part de l&rsquo;opposant Fernando Dias et d&rsquo;autres candidats.<\/p>\n<p>Pre\u0300s d&rsquo;un million d&rsquo;e\u0301lecteurs inscrits, soit environ la moitie\u0301 de la population du pays de 2,25 millions d&rsquo;habitants, sont appele\u0301s a\u0300 voter.<\/p>\n<p>Embalo affronte 11 autres candidats, parmi lesquels le nouvel arrivant politique Fernando Dias, qui be\u0301ne\u0301ficie du soutien du leader du Parti de l&rsquo;inde\u0301pendance de la Guine\u0301e et du Cap-Vert, qui a dirige\u0301 la lutte pour l&rsquo;inde\u0301pendance du Portugal dans les anne\u0301es 1960 et 1970.<\/p>\n<p>Pour la premie\u0300re fois, le parti a e\u0301te\u0301 empe\u0302che\u0301 de pre\u0301senter ses candidats aux e\u0301lections pre\u0301sidentielles et le\u0301gislatives apre\u0300s que les autorite\u0301s ont de\u0301clare\u0301 qu&rsquo;il avait soumis ses documents trop tard.<\/p>\n<p>Les analystes pre\u0301voient une course serre\u0301e entre Embalo et Dias, et un second tour sera organise\u0301 si aucun candidat ne parvient a\u0300 obtenir plus de 50 % des voix.<\/p>\n<p>Les e\u0301lecteurs semblent fortement divise\u0301s lors des derniers rassemblements vendredi.<\/p>\n<p><b>Politique de Forte Polarisation<\/b><\/p>\n<p>Le petit pays situe\u0301 entre le Se\u0301ne\u0301gal et la Guine\u0301e a connu au moins 9 coups d&rsquo;E\u0301tat ou tentatives de coup d&rsquo;E\u0301tat avant l&rsquo;arrive\u0301e d&rsquo;Embalo au pouvoir. Embalo affirme avoir surve\u0301cu a\u0300 3 autres tentatives depuis lors, bien que ses adversaires l&rsquo;accusent d&rsquo;avoir cre\u0301e\u0301 des crises pour justifier des campagnes de re\u0301pression, des accusations qu&rsquo;il nie.<\/p>\n<p>Le pre\u0301sident Embalo s&rsquo;est engage\u0301 a\u0300 stabiliser le pays, a\u0300 construire davantage de routes et a\u0300 e\u0301largir l&rsquo;acce\u0300s a\u0300 l&rsquo;eau s&rsquo;il obtient un second mandat. Dias, quant a\u0300 lui, a promis d&rsquo;ame\u0301liorer les services de base et a de\u0301clare\u0301 qu&rsquo;il renforcerait la re\u0301conciliation tout en maintenant l&rsquo;arme\u0301e a\u0300 l&rsquo;e\u0301cart de la politique.<\/p>\n<p>Embalo a e\u0301galement e\u0301te\u0301 accuse\u0301 de planifier l&rsquo;affaiblissement des institutions de la Guine\u0301e-Bissau pour renforcer les pouvoirs de la pre\u0301sidence s&rsquo;il est re\u0301e\u0301lu.<\/p>\n<p>Tout au long de l&rsquo;anne\u0301e, des questions ont e\u0301te\u0301 souleve\u0301es concernant la le\u0301gitimite\u0301 d&rsquo;Embalo, ses opposants affirmant que son mandat avait pris fin en fe\u0301vrier dernier.<\/p>\n<p>Lucia de Lugo, directrice de l&rsquo;Observatoire des e\u0301conomies illicites en Afrique de l&rsquo;Ouest, a de\u0301clare\u0301 que \u00ab\u00a0le climat e\u0301lectoral actuel est extre\u0302mement tendu, avec un paysage politique tre\u0300s polarise\u0301\u00a0\u00bb.<\/p>\n<p>Elle a ajoute\u0301 que \u00ab\u00a0l&rsquo;opposition be\u0301ne\u0301ficie d&rsquo;un soutien populaire important et durable, mais leurs efforts de campagne ont e\u0301te\u0301 fortement restreints, et il n&rsquo;y a pas d&rsquo;e\u0301galite\u0301 des chances alors que nous nous dirigeons vers les e\u0301lections\u00a0\u00bb.<\/p>\n<p>L&rsquo;observatoire fait partie de l&rsquo;initiative mondiale de lutte contre la criminalite\u0301 organise\u0301e transnationale, qui a suivi la situation de la Guine\u0301e-Bissau en tant que point de transit principal pour la cocai\u0308ne en provenance d&rsquo;Ame\u0301rique du Sud vers l&rsquo;Europe.<\/p>\n<p>Sai\u0308ko Kandi, un tailleur, a de\u0301clare\u0301: \u00ab\u00a0Je voterai pour Oumarou Sissoko Embalo pour mener une lutte contre la corruption et le trafic de drogue\u00a0\u00bb.<\/p>\n<p>Il a ajoute\u0301 qu'\u00a0\u00bbEmbalo trouvera e\u0301galement une solution a\u0300 la crise de la se\u0301curite\u0301 et a\u0300 la crise alimentaire, et bien su\u0302r a\u0300 la crise politique qui a longtemps plonge\u0301 la Guine\u0301e-Bissau dans l&rsquo;instabilite\u0301\u00a0\u00bb.<\/p>\n<p>Berta da Gui\u0301a, une femme d&rsquo;affaires, a exprime\u0301 son inquie\u0301tude face a\u0300 la de\u0301cision d&rsquo;Embalo de dissoudre le parlement apre\u0300s que son gouvernement a pre\u0301tendu avoir de\u0301joue\u0301 une tentative de coup d&rsquo;E\u0301tat a\u0300 la fin de 2023. Elle a ajoute\u0301: \u00ab\u00a0Je soutiens Fernando Dias\u00a0\u00bb, notant qu&rsquo;elle s&rsquo;attend a\u0300 ce qu&rsquo;il obtienne un fort soutien du groupe ethnique balanta, le plus important du pays, qui a traditionnellement soutenu le Parti de Dias pour le renouvellement social.<\/p>\n<p>La Guine\u0301e-Bissau, un petit pays d&rsquo;Afrique de l&rsquo;Ouest, a connu de nombreux coups d&rsquo;E\u0301tat depuis son inde\u0301pendance du Portugal dans les anne\u0301es 1970. Le pays a e\u0301te\u0301 le the\u0301a\u0302tre de tensions politiques et de crises institutionnelles, rendant son paysage politique particulie\u0300rement instable. Oumarou Sissoko Embalo a pris ses fonctions apre\u0300s une e\u0301lection conteste\u0301e, et son mandat a e\u0301te\u0301 marque\u0301 par des accusations de re\u0301pression et de manipulation politique.<\/p>\n<p>Les e\u0301lections actuelles sont cruciales pour l&rsquo;avenir du pays. Les analystes pre\u0301voient un scrutin serre\u0301 entre Embalo et ses adversaires, notamment Fernando Dias, qui be\u0301ne\u0301ficie d&rsquo;un soutien populaire significatif.<\/p>\n<p class=\"ap-article-footer-note\">Retrouvez plus d\u2019actualit\u00e9s et d\u2019analyses sur <span class=\"ap-highlight-country\">Guinee Bissau<\/span> sur le site <span class=\"ap-highlight-brand\">Africa Press<\/span><\/p>\n","protected":false},"excerpt":{"rendered":"<p>CE Qu\u2019Il Faut Savoir Les \u00e9lections pr\u00e9sidentielles et l\u00e9gislatives en Guin\u00e9e-Bissau ont d\u00e9but\u00e9 dans un climat politique tendu. Le pr\u00e9sident sortant, Oumarou Sissoko Embalo, cherche \u00e0 obtenir un second mandat face \u00e0 une forte concurrence, notamment de Fernando Dias. Pr\u00e8s d&rsquo;un million d&rsquo;\u00e9lecteurs sont appel\u00e9s aux urnes, et un second tour est possible si aucun [&hellip;]<\/p>\n","protected":false},"author":82,"featured_media":23471,"comment_status":"open","ping_status":"closed","sticky":false,"template":"","format":"standard","meta":{"footnotes":""},"categories":[2,51,20,10],"tags":[409,1127,50,103,1126,83],"class_list":["post-23472","post","type-post","status-publish","format-standard","has-post-thumbnail","hentry","category-politique","category-to-homepage","category-top-nouvelles","category-toutes-les-actualites","tag-elections","tag-fernando-dias","tag-guinee-bissau","tag-guinee-bissau-2","tag-oumarou-sissoko","tag-politique"],"yoast_head":"<!-- This site is optimized with the Yoast SEO Premium plugin v26.1 (Yoast SEO v27.0) - https:\/\/yoast.com\/product\/yoast-seo-premium-wordpress\/ -->\n<title>\u00c9lections Guin\u00e9e-Bissau: Embal\u00f3 Vise un 2E Mandat - Guin\u00e9e Bissau<\/title>\n<meta name=\"description\" content=\"Les \u00e9lections pr\u00e9sidentielles et l\u00e9gislatives en Guin\u00e9e-Bissau se d\u00e9roulent dans un climat tendu, avec Sissoko et Dias en ved\" \/>\n<meta name=\"robots\" content=\"index, follow, max-snippet:-1, max-image-preview:large, max-video-preview:-1\" \/>\n<link rel=\"canonical\" href=\"https:\/\/www.africa-press.net\/guinee-bissau\/politique\/elections-guinee-bissau-embalo-vise-un-2e-mandat\" \/>\n<meta property=\"og:locale\" content=\"fr_FR\" \/>\n<meta property=\"og:type\" content=\"article\" \/>\n<meta property=\"og:title\" content=\"\u00c9lections Guin\u00e9e-Bissau: Embal\u00f3 Vise un 2E Mandat\" \/>\n<meta property=\"og:description\" content=\"Les \u00e9lections pr\u00e9sidentielles et l\u00e9gislatives en Guin\u00e9e-Bissau se d\u00e9roulent dans un climat tendu, avec Sissoko et Dias en ved\" \/>\n<meta property=\"og:url\" content=\"https:\/\/www.africa-press.net\/guinee-bissau\/politique\/elections-guinee-bissau-embalo-vise-un-2e-mandat\" \/>\n<meta property=\"og:site_name\" content=\"Guin\u00e9e Bissau\" \/>\n<meta property=\"article:published_time\" content=\"2025-11-23T23:22:06+00:00\" \/>\n<meta property=\"article:modified_time\" content=\"2025-11-23T23:35:46+00:00\" \/>\n<meta property=\"og:image\" content=\"https:\/\/static.africa-press.net\/guinee-bissau\/sites\/55\/2025\/11\/sm_1763940684.11953.jpg\" \/>\n\t<meta property=\"og:image:width\" content=\"1556\" \/>\n\t<meta property=\"og:image:height\" content=\"1167\" \/>\n\t<meta property=\"og:image:type\" content=\"image\/jpeg\" \/>\n<meta name=\"author\" content=\"cfeditorfr\" \/>\n<meta name=\"twitter:card\" content=\"summary_large_image\" \/>\n<meta name=\"twitter:label1\" content=\"\u00c9crit par\" \/>\n\t<meta name=\"twitter:data1\" content=\"cfeditorfr\" \/>\n\t<meta name=\"twitter:label2\" content=\"Dur\u00e9e de lecture estim\u00e9e\" \/>\n\t<meta name=\"twitter:data2\" content=\"5 minutes\" \/>\n<script type=\"application\/ld+json\" class=\"yoast-schema-graph\">{\"@context\":\"https:\/\/schema.org\",\"@graph\":[{\"@type\":\"Article\",\"@id\":\"https:\/\/www.africa-press.net\/guinee-bissau\/politique\/elections-guinee-bissau-embalo-vise-un-2e-mandat#article\",\"isPartOf\":{\"@id\":\"https:\/\/www.africa-press.net\/guinee-bissau\/politique\/elections-guinee-bissau-embalo-vise-un-2e-mandat\"},\"author\":{\"name\":\"cfeditorfr\",\"@id\":\"https:\/\/www.africa-press.net\/guinee-bissau\/#\/schema\/person\/2b1cf3cd81a31e3cd26889ca66d677f1\"},\"headline\":\"\u00c9lections Guin\u00e9e-Bissau: Embal\u00f3 Vise un 2E Mandat\",\"datePublished\":\"2025-11-23T23:22:06+00:00\",\"dateModified\":\"2025-11-23T23:35:46+00:00\",\"mainEntityOfPage\":{\"@id\":\"https:\/\/www.africa-press.net\/guinee-bissau\/politique\/elections-guinee-bissau-embalo-vise-un-2e-mandat\"},\"wordCount\":918,\"commentCount\":0,\"image\":{\"@id\":\"https:\/\/www.africa-press.net\/guinee-bissau\/politique\/elections-guinee-bissau-embalo-vise-un-2e-mandat#primaryimage\"},\"thumbnailUrl\":\"https:\/\/static.africa-press.net\/guinee-bissau\/sites\/55\/2025\/11\/sm_1763940684.11953.jpg\",\"keywords\":[\"Elections\",\"Fernando Dias\",\"Guinee Bissau\",\"Guinee-Bissau\",\"Oumarou Sissoko\",\"Politique\"],\"articleSection\":[\"Politique\",\"to-homepage\",\"Top Nouvelles\",\"Toutes les actualit\u00e9s\"],\"inLanguage\":\"fr-FR\",\"potentialAction\":[{\"@type\":\"CommentAction\",\"name\":\"Comment\",\"target\":[\"https:\/\/www.africa-press.net\/guinee-bissau\/politique\/elections-guinee-bissau-embalo-vise-un-2e-mandat#respond\"]}]},{\"@type\":\"WebPage\",\"@id\":\"https:\/\/www.africa-press.net\/guinee-bissau\/politique\/elections-guinee-bissau-embalo-vise-un-2e-mandat\",\"url\":\"https:\/\/www.africa-press.net\/guinee-bissau\/politique\/elections-guinee-bissau-embalo-vise-un-2e-mandat\",\"name\":\"\u00c9lections Guin\u00e9e-Bissau: Embal\u00f3 Vise un 2E Mandat - Guin\u00e9e Bissau\",\"isPartOf\":{\"@id\":\"https:\/\/www.africa-press.net\/guinee-bissau\/#website\"},\"primaryImageOfPage\":{\"@id\":\"https:\/\/www.africa-press.net\/guinee-bissau\/politique\/elections-guinee-bissau-embalo-vise-un-2e-mandat#primaryimage\"},\"image\":{\"@id\":\"https:\/\/www.africa-press.net\/guinee-bissau\/politique\/elections-guinee-bissau-embalo-vise-un-2e-mandat#primaryimage\"},\"thumbnailUrl\":\"https:\/\/static.africa-press.net\/guinee-bissau\/sites\/55\/2025\/11\/sm_1763940684.11953.jpg\",\"datePublished\":\"2025-11-23T23:22:06+00:00\",\"dateModified\":\"2025-11-23T23:35:46+00:00\",\"author\":{\"@id\":\"https:\/\/www.africa-press.net\/guinee-bissau\/#\/schema\/person\/2b1cf3cd81a31e3cd26889ca66d677f1\"},\"description\":\"Les \u00e9lections pr\u00e9sidentielles et l\u00e9gislatives en Guin\u00e9e-Bissau se d\u00e9roulent dans un climat tendu, avec Sissoko et Dias en ved\",\"breadcrumb\":{\"@id\":\"https:\/\/www.africa-press.net\/guinee-bissau\/politique\/elections-guinee-bissau-embalo-vise-un-2e-mandat#breadcrumb\"},\"inLanguage\":\"fr-FR\",\"potentialAction\":[{\"@type\":\"ReadAction\",\"target\":[\"https:\/\/www.africa-press.net\/guinee-bissau\/politique\/elections-guinee-bissau-embalo-vise-un-2e-mandat\"]}]},{\"@type\":\"ImageObject\",\"inLanguage\":\"fr-FR\",\"@id\":\"https:\/\/www.africa-press.net\/guinee-bissau\/politique\/elections-guinee-bissau-embalo-vise-un-2e-mandat#primaryimage\",\"url\":\"https:\/\/static.africa-press.net\/guinee-bissau\/sites\/55\/2025\/11\/sm_1763940684.11953.jpg\",\"contentUrl\":\"https:\/\/static.africa-press.net\/guinee-bissau\/sites\/55\/2025\/11\/sm_1763940684.11953.jpg\",\"width\":1556,\"height\":1167,\"caption\":\"\u00c9lections Guin\u00e9e-Bissau: Embal\u00f3 Vise un 2E Mandat\"},{\"@type\":\"BreadcrumbList\",\"@id\":\"https:\/\/www.africa-press.net\/guinee-bissau\/politique\/elections-guinee-bissau-embalo-vise-un-2e-mandat#breadcrumb\",\"itemListElement\":[{\"@type\":\"ListItem\",\"position\":1,\"name\":\"Accueil\",\"item\":\"https:\/\/www.africa-press.net\/guinee-bissau\/\"},{\"@type\":\"ListItem\",\"position\":2,\"name\":\"\u00c9lections Guin\u00e9e-Bissau: Embal\u00f3 Vise un 2E Mandat\"}]},{\"@type\":\"WebSite\",\"@id\":\"https:\/\/www.africa-press.net\/guinee-bissau\/#website\",\"url\":\"https:\/\/www.africa-press.net\/guinee-bissau\/\",\"name\":\"Guin\u00e9e Bissau\",\"description\":\"Just another Africa News Agency Sites site\",\"potentialAction\":[{\"@type\":\"SearchAction\",\"target\":{\"@type\":\"EntryPoint\",\"urlTemplate\":\"https:\/\/www.africa-press.net\/guinee-bissau\/?s={search_term_string}\"},\"query-input\":{\"@type\":\"PropertyValueSpecification\",\"valueRequired\":true,\"valueName\":\"search_term_string\"}}],\"inLanguage\":\"fr-FR\"},{\"@type\":\"Person\",\"@id\":\"https:\/\/www.africa-press.net\/guinee-bissau\/#\/schema\/person\/2b1cf3cd81a31e3cd26889ca66d677f1\",\"name\":\"cfeditorfr\"}]}<\/script>\n<!-- \/ Yoast SEO Premium plugin. -->","yoast_head_json":{"title":"\u00c9lections Guin\u00e9e-Bissau: Embal\u00f3 Vise un 2E Mandat - Guin\u00e9e Bissau","description":"Les \u00e9lections pr\u00e9sidentielles et l\u00e9gislatives en Guin\u00e9e-Bissau se d\u00e9roulent dans un climat tendu, avec Sissoko et Dias en ved","robots":{"index":"index","follow":"follow","max-snippet":"max-snippet:-1","max-image-preview":"max-image-preview:large","max-video-preview":"max-video-preview:-1"},"canonical":"https:\/\/www.africa-press.net\/guinee-bissau\/politique\/elections-guinee-bissau-embalo-vise-un-2e-mandat","og_locale":"fr_FR","og_type":"article","og_title":"\u00c9lections Guin\u00e9e-Bissau: Embal\u00f3 Vise un 2E Mandat","og_description":"Les \u00e9lections pr\u00e9sidentielles et l\u00e9gislatives en Guin\u00e9e-Bissau se d\u00e9roulent dans un climat tendu, avec Sissoko et Dias en ved","og_url":"https:\/\/www.africa-press.net\/guinee-bissau\/politique\/elections-guinee-bissau-embalo-vise-un-2e-mandat","og_site_name":"Guin\u00e9e Bissau","article_published_time":"2025-11-23T23:22:06+00:00","article_modified_time":"2025-11-23T23:35:46+00:00","og_image":[{"width":1556,"height":1167,"url":"https:\/\/static.africa-press.net\/guinee-bissau\/sites\/55\/2025\/11\/sm_1763940684.11953.jpg","type":"image\/jpeg"}],"author":"cfeditorfr","twitter_card":"summary_large_image","twitter_misc":{"\u00c9crit par":"cfeditorfr","Dur\u00e9e de lecture estim\u00e9e":"5 minutes"},"schema":{"@context":"https:\/\/schema.org","@graph":[{"@type":"Article","@id":"https:\/\/www.africa-press.net\/guinee-bissau\/politique\/elections-guinee-bissau-embalo-vise-un-2e-mandat#article","isPartOf":{"@id":"https:\/\/www.africa-press.net\/guinee-bissau\/politique\/elections-guinee-bissau-embalo-vise-un-2e-mandat"},"author":{"name":"cfeditorfr","@id":"https:\/\/www.africa-press.net\/guinee-bissau\/#\/schema\/person\/2b1cf3cd81a31e3cd26889ca66d677f1"},"headline":"\u00c9lections Guin\u00e9e-Bissau: Embal\u00f3 Vise un 2E Mandat","datePublished":"2025-11-23T23:22:06+00:00","dateModified":"2025-11-23T23:35:46+00:00","mainEntityOfPage":{"@id":"https:\/\/www.africa-press.net\/guinee-bissau\/politique\/elections-guinee-bissau-embalo-vise-un-2e-mandat"},"wordCount":918,"commentCount":0,"image":{"@id":"https:\/\/www.africa-press.net\/guinee-bissau\/politique\/elections-guinee-bissau-embalo-vise-un-2e-mandat#primaryimage"},"thumbnailUrl":"https:\/\/static.africa-press.net\/guinee-bissau\/sites\/55\/2025\/11\/sm_1763940684.11953.jpg","keywords":["Elections","Fernando Dias","Guinee Bissau","Guinee-Bissau","Oumarou Sissoko","Politique"],"articleSection":["Politique","to-homepage","Top Nouvelles","Toutes les actualit\u00e9s"],"inLanguage":"fr-FR","potentialAction":[{"@type":"CommentAction","name":"Comment","target":["https:\/\/www.africa-press.net\/guinee-bissau\/politique\/elections-guinee-bissau-embalo-vise-un-2e-mandat#respond"]}]},{"@type":"WebPage","@id":"https:\/\/www.africa-press.net\/guinee-bissau\/politique\/elections-guinee-bissau-embalo-vise-un-2e-mandat","url":"https:\/\/www.africa-press.net\/guinee-bissau\/politique\/elections-guinee-bissau-embalo-vise-un-2e-mandat","name":"\u00c9lections Guin\u00e9e-Bissau: Embal\u00f3 Vise un 2E Mandat - Guin\u00e9e Bissau","isPartOf":{"@id":"https:\/\/www.africa-press.net\/guinee-bissau\/#website"},"primaryImageOfPage":{"@id":"https:\/\/www.africa-press.net\/guinee-bissau\/politique\/elections-guinee-bissau-embalo-vise-un-2e-mandat#primaryimage"},"image":{"@id":"https:\/\/www.africa-press.net\/guinee-bissau\/politique\/elections-guinee-bissau-embalo-vise-un-2e-mandat#primaryimage"},"thumbnailUrl":"https:\/\/static.africa-press.net\/guinee-bissau\/sites\/55\/2025\/11\/sm_1763940684.11953.jpg","datePublished":"2025-11-23T23:22:06+00:00","dateModified":"2025-11-23T23:35:46+00:00","author":{"@id":"https:\/\/www.africa-press.net\/guinee-bissau\/#\/schema\/person\/2b1cf3cd81a31e3cd26889ca66d677f1"},"description":"Les \u00e9lections pr\u00e9sidentielles et l\u00e9gislatives en Guin\u00e9e-Bissau se d\u00e9roulent dans un climat tendu, avec Sissoko et Dias en ved","breadcrumb":{"@id":"https:\/\/www.africa-press.net\/guinee-bissau\/politique\/elections-guinee-bissau-embalo-vise-un-2e-mandat#breadcrumb"},"inLanguage":"fr-FR","potentialAction":[{"@type":"ReadAction","target":["https:\/\/www.africa-press.net\/guinee-bissau\/politique\/elections-guinee-bissau-embalo-vise-un-2e-mandat"]}]},{"@type":"ImageObject","inLanguage":"fr-FR","@id":"https:\/\/www.africa-press.net\/guinee-bissau\/politique\/elections-guinee-bissau-embalo-vise-un-2e-mandat#primaryimage","url":"https:\/\/static.africa-press.net\/guinee-bissau\/sites\/55\/2025\/11\/sm_1763940684.11953.jpg","contentUrl":"https:\/\/static.africa-press.net\/guinee-bissau\/sites\/55\/2025\/11\/sm_1763940684.11953.jpg","width":1556,"height":1167,"caption":"\u00c9lections Guin\u00e9e-Bissau: Embal\u00f3 Vise un 2E Mandat"},{"@type":"BreadcrumbList","@id":"https:\/\/www.africa-press.net\/guinee-bissau\/politique\/elections-guinee-bissau-embalo-vise-un-2e-mandat#breadcrumb","itemListElement":[{"@type":"ListItem","position":1,"name":"Accueil","item":"https:\/\/www.africa-press.net\/guinee-bissau\/"},{"@type":"ListItem","position":2,"name":"\u00c9lections Guin\u00e9e-Bissau: Embal\u00f3 Vise un 2E Mandat"}]},{"@type":"WebSite","@id":"https:\/\/www.africa-press.net\/guinee-bissau\/#website","url":"https:\/\/www.africa-press.net\/guinee-bissau\/","name":"Guin\u00e9e Bissau","description":"Just another Africa News Agency Sites site","potentialAction":[{"@type":"SearchAction","target":{"@type":"EntryPoint","urlTemplate":"https:\/\/www.africa-press.net\/guinee-bissau\/?s={search_term_string}"},"query-input":{"@type":"PropertyValueSpecification","valueRequired":true,"valueName":"search_term_string"}}],"inLanguage":"fr-FR"},{"@type":"Person","@id":"https:\/\/www.africa-press.net\/guinee-bissau\/#\/schema\/person\/2b1cf3cd81a31e3cd26889ca66d677f1","name":"cfeditorfr"}]}},"_links":{"self":[{"href":"https:\/\/www.africa-press.net\/guinee-bissau\/wp-json\/wp\/v2\/posts\/23472","targetHints":{"allow":["GET"]}}],"collection":[{"href":"https:\/\/www.africa-press.net\/guinee-bissau\/wp-json\/wp\/v2\/posts"}],"about":[{"href":"https:\/\/www.africa-press.net\/guinee-bissau\/wp-json\/wp\/v2\/types\/post"}],"author":[{"embeddable":true,"href":"https:\/\/www.africa-press.net\/guinee-bissau\/wp-json\/wp\/v2\/users\/82"}],"replies":[{"embeddable":true,"href":"https:\/\/www.africa-press.net\/guinee-bissau\/wp-json\/wp\/v2\/comments?post=23472"}],"version-history":[{"count":0,"href":"https:\/\/www.africa-press.net\/guinee-bissau\/wp-json\/wp\/v2\/posts\/23472\/revisions"}],"wp:featuredmedia":[{"embeddable":true,"href":"https:\/\/www.africa-press.net\/guinee-bissau\/wp-json\/wp\/v2\/media\/23471"}],"wp:attachment":[{"href":"https:\/\/www.africa-press.net\/guinee-bissau\/wp-json\/wp\/v2\/media?parent=23472"}],"wp:term":[{"taxonomy":"category","embeddable":true,"href":"https:\/\/www.africa-press.net\/guinee-bissau\/wp-json\/wp\/v2\/categories?post=23472"},{"taxonomy":"post_tag","embeddable":true,"href":"https:\/\/www.africa-press.net\/guinee-bissau\/wp-json\/wp\/v2\/tags?post=23472"}],"curies":[{"name":"wp","href":"https:\/\/api.w.org\/{rel}","templated":true}]}}