{"id":23514,"date":"2025-11-25T14:00:00","date_gmt":"2025-11-25T14:00:00","guid":{"rendered":"https:\/\/www.africa-press.net\/guinee-bissau\/politique\/independant-et-president-sortant-revendiquent-victoire"},"modified":"2025-11-25T18:13:25","modified_gmt":"2025-11-25T18:13:25","slug":"independant-et-president-sortant-revendiquent-victoire","status":"publish","type":"post","link":"https:\/\/www.africa-press.net\/guinee-bissau\/politique\/independant-et-president-sortant-revendiquent-victoire","title":{"rendered":"Ind\u00e9pendant et Pr\u00e9sident Sortant Revendiquent Victoire"},"content":{"rendered":"<p><span style=\"color: #ff6600\"><strong>Africa-Press &#8211; Guinee Bissau. <\/strong><\/span>Fernando Dias, candidat inde\u0301pendant, et le camp du pre\u0301sident sortant Umaro Sissoco Embalo, ont tous deux revendique\u0301 lundi la victoire a\u0300 l\u2019e\u0301lection pre\u0301sidentielle tenue ce week-end en Guine\u0301e-Bissau, alors que le pays attend les re\u0301sultats officiels.<\/p>\n<p>Dias, conside\u0301re\u0301 comme le principal concurrent lors du scrutin, a fe\u0301licite\u0301 les e\u0301lecteurs pour leur participation, affirmant qu\u2019il s\u2019agissait d\u2019une de\u0301monstration de la volonte\u0301 de changement, a rapporte\u0301 le journal en ligne inde\u0301pendant O Democrata GB.<\/p>\n<p>\u00ab Nous avons de\u0301ja\u0300 nos donne\u0301es et nous savons quel est le re\u0301sultat. Cette e\u0301lection a e\u0301te\u0301 remporte\u0301e de\u0300s le premier tour. Nous attendons simplement que l\u2019entite\u0301 compe\u0301tente (organe e\u0301lectoral) confirme \u00bb, a indique\u0301 le journal.<\/p>\n<p>Dias a affirme\u0301 que sa candidature avait obtenu un avantage dans presque toutes les re\u0301gions. Plus to\u0302t, il avait de\u0301nonce\u0301 des tentatives pre\u0301sume\u0301es d\u2019inge\u0301rence dans le processus de comptabilisation des votes.<\/p>\n<p>Dias be\u0301ne\u0301ficie du soutien de l\u2019ancien Premier ministre Domingos Simoes Pereira, qui fut le principal adversaire d\u2019Embalo lors du second tour en 2019.<\/p>\n<p>Pereira, du Parti africain pour l\u2019inde\u0301pendance de la Guine\u0301e et du Cap-Vert (PAIGC), qui a conduit le mouvement nationaliste pour l\u2019inde\u0301pendance vis-a\u0300-vis du Portugal en 1974, a e\u0301te\u0301 disqualifie\u0301 cette anne\u0301e apre\u0300s que les autorite\u0301s ont indique\u0301 qu\u2019il avait de\u0301pose\u0301 ses documents en retard.<\/p>\n<p>Par ailleurs, Oscar Barbosa, porte-parole de la campagne d\u2019Embalo, a de\u0301clare\u0301 a\u0300 des journalistes dans la capitale Bissau que leur candidat avait gagne\u0301 et \u00ab qu\u2019il n\u2019y aurait pas de second tour \u00bb.<\/p>\n<p>La commission e\u0301lectorale a promis d\u2019annoncer le re\u0301sultat final de l\u2019e\u0301lection d\u2019ici jeudi. Elle a mis en garde les e\u0301lecteurs, les candidats, les partis politiques, les coalitions e\u0301lectorales et les me\u0301dias contre toute annonce de re\u0301sultats.<\/p>\n<p>Environ la moitie\u0301 des 2,2 millions d\u2019habitants de la Guine\u0301e-Bissau e\u0301taient habilite\u0301s a\u0300 voter. Le taux de participation a e\u0301te\u0301 estime\u0301 a\u0300 plus de 65 %.<\/p>\n<p>Lundi, une coalition d\u2019observateurs e\u0301lectoraux, dont ceux de l\u2019Union africaine, a exhorte\u0301 toutes les parties a\u0300 attendre l\u2019annonce officielle des re\u0301sultats.<\/p>\n<p>Le chef de la Mission d\u2019observation e\u0301lectorale de la Communaute\u0301 e\u0301conomique des E\u0301tats de l\u2019Afrique de l\u2019Ouest (CEDEAO) en Guine\u0301e-Bissau pour les e\u0301lections ge\u0301ne\u0301rales tenues le 23 novembre, l\u2019ambassadeur du Ghana Baba Kamara, a de\u0301clare\u0301 que le processus e\u0301lectoral s\u2019e\u0301tait bien de\u0301roule\u0301.<\/p>\n<p>Plus de 200 observateurs internationaux e\u0301taient pre\u0301sents dans le pays pour suivre le processus e\u0301lectoral, notamment de la CEDEAO, de l\u2019Union africaine et de la communaute\u0301 des pays de langue portugaise.<\/p>\n<p>Douze candidats e\u0301taient en lice pour la pre\u0301sidence. Depuis son arrive\u0301e au pouvoir en 2020, plusieurs tentatives de coup d\u2019E\u0301tat ont e\u0301te\u0301 rapporte\u0301es contre Embalo, illustrant la rivalite\u0301 profonde a\u0300 laquelle il a e\u0301te\u0301 confronte\u0301.<\/p>\n<p><strong>Pour plus d&rsquo;informations et d&rsquo;analyses sur la <span style=\"color: #ff6600\">Guinee Bissau<\/span>, suivez <span style=\"color: #ff6600\">Africa-Press<\/span><\/strong><\/p>\n","protected":false},"excerpt":{"rendered":"<p>Africa-Press &#8211; Guinee Bissau. Fernando Dias, candidat inde\u0301pendant, et le camp du pre\u0301sident sortant Umaro Sissoco Embalo, ont tous deux revendique\u0301 lundi la victoire a\u0300 l\u2019e\u0301lection pre\u0301sidentielle tenue ce week-end en Guine\u0301e-Bissau, alors que le pays attend les re\u0301sultats officiels. Dias, conside\u0301re\u0301 comme le principal concurrent lors du scrutin, a fe\u0301licite\u0301 les e\u0301lecteurs pour leur [&hellip;]<\/p>\n","protected":false},"author":82,"featured_media":23513,"comment_status":"open","ping_status":"closed","sticky":false,"template":"","format":"standard","meta":{"footnotes":""},"categories":[2,51,20,10],"tags":[1127,50,103,114],"class_list":["post-23514","post","type-post","status-publish","format-standard","has-post-thumbnail","hentry","category-politique","category-to-homepage","category-top-nouvelles","category-toutes-les-actualites","tag-fernando-dias","tag-guinee-bissau","tag-guinee-bissau-2","tag-umaro-sissoco-embalo"],"yoast_head":"<!-- This site is optimized with the Yoast SEO Premium plugin v26.1 (Yoast SEO v27.0) - https:\/\/yoast.com\/product\/yoast-seo-premium-wordpress\/ -->\n<title>Ind\u00e9pendant et Pr\u00e9sident Sortant Revendiquent Victoire - Guin\u00e9e Bissau<\/title>\n<meta name=\"description\" content=\"Fernando Dias, candidat inde\u0301pendant, et le camp du pre\u0301sident sortant Umaro Sissoco Embalo, ont tous deux revendique\u0301 l ...\" \/>\n<meta name=\"robots\" content=\"index, follow, max-snippet:-1, max-image-preview:large, max-video-preview:-1\" \/>\n<link rel=\"canonical\" href=\"https:\/\/www.africa-press.net\/guinee-bissau\/politique\/independant-et-president-sortant-revendiquent-victoire\" \/>\n<meta property=\"og:locale\" content=\"fr_FR\" \/>\n<meta property=\"og:type\" content=\"article\" \/>\n<meta property=\"og:title\" content=\"Ind\u00e9pendant et Pr\u00e9sident Sortant Revendiquent Victoire\" \/>\n<meta property=\"og:description\" content=\"Fernando Dias, candidat inde\u0301pendant, et le camp du pre\u0301sident sortant Umaro Sissoco Embalo, ont tous deux revendique\u0301 l ...\" \/>\n<meta property=\"og:url\" content=\"https:\/\/www.africa-press.net\/guinee-bissau\/politique\/independant-et-president-sortant-revendiquent-victoire\" \/>\n<meta property=\"og:site_name\" content=\"Guin\u00e9e Bissau\" \/>\n<meta property=\"article:published_time\" content=\"2025-11-25T14:00:00+00:00\" \/>\n<meta property=\"article:modified_time\" content=\"2025-11-25T18:13:25+00:00\" \/>\n<meta property=\"og:image\" content=\"https:\/\/static.africa-press.net\/guinee-bissau\/sites\/55\/2025\/11\/sm_1764123147.076972.jpg\" \/>\n\t<meta property=\"og:image:width\" content=\"864\" \/>\n\t<meta property=\"og:image:height\" content=\"486\" \/>\n\t<meta property=\"og:image:type\" content=\"image\/jpeg\" \/>\n<meta name=\"author\" content=\"cfeditorfr\" \/>\n<meta name=\"twitter:card\" content=\"summary_large_image\" \/>\n<meta name=\"twitter:label1\" content=\"\u00c9crit par\" \/>\n\t<meta name=\"twitter:data1\" content=\"cfeditorfr\" \/>\n\t<meta name=\"twitter:label2\" content=\"Dur\u00e9e de lecture estim\u00e9e\" \/>\n\t<meta name=\"twitter:data2\" content=\"3 minutes\" \/>\n<script type=\"application\/ld+json\" class=\"yoast-schema-graph\">{\"@context\":\"https:\/\/schema.org\",\"@graph\":[{\"@type\":\"Article\",\"@id\":\"https:\/\/www.africa-press.net\/guinee-bissau\/politique\/independant-et-president-sortant-revendiquent-victoire#article\",\"isPartOf\":{\"@id\":\"https:\/\/www.africa-press.net\/guinee-bissau\/politique\/independant-et-president-sortant-revendiquent-victoire\"},\"author\":{\"name\":\"cfeditorfr\",\"@id\":\"https:\/\/www.africa-press.net\/guinee-bissau\/#\/schema\/person\/2b1cf3cd81a31e3cd26889ca66d677f1\"},\"headline\":\"Ind\u00e9pendant et Pr\u00e9sident Sortant Revendiquent Victoire\",\"datePublished\":\"2025-11-25T14:00:00+00:00\",\"dateModified\":\"2025-11-25T18:13:25+00:00\",\"mainEntityOfPage\":{\"@id\":\"https:\/\/www.africa-press.net\/guinee-bissau\/politique\/independant-et-president-sortant-revendiquent-victoire\"},\"wordCount\":543,\"commentCount\":0,\"image\":{\"@id\":\"https:\/\/www.africa-press.net\/guinee-bissau\/politique\/independant-et-president-sortant-revendiquent-victoire#primaryimage\"},\"thumbnailUrl\":\"https:\/\/static.africa-press.net\/guinee-bissau\/sites\/55\/2025\/11\/sm_1764123147.076972.jpg\",\"keywords\":[\"Fernando Dias\",\"Guinee Bissau\",\"Guinee-Bissau\",\"Umaro Sissoco Embal\u00f3\"],\"articleSection\":[\"Politique\",\"to-homepage\",\"Top Nouvelles\",\"Toutes les actualit\u00e9s\"],\"inLanguage\":\"fr-FR\",\"potentialAction\":[{\"@type\":\"CommentAction\",\"name\":\"Comment\",\"target\":[\"https:\/\/www.africa-press.net\/guinee-bissau\/politique\/independant-et-president-sortant-revendiquent-victoire#respond\"]}]},{\"@type\":\"WebPage\",\"@id\":\"https:\/\/www.africa-press.net\/guinee-bissau\/politique\/independant-et-president-sortant-revendiquent-victoire\",\"url\":\"https:\/\/www.africa-press.net\/guinee-bissau\/politique\/independant-et-president-sortant-revendiquent-victoire\",\"name\":\"Ind\u00e9pendant et Pr\u00e9sident Sortant Revendiquent Victoire - Guin\u00e9e Bissau\",\"isPartOf\":{\"@id\":\"https:\/\/www.africa-press.net\/guinee-bissau\/#website\"},\"primaryImageOfPage\":{\"@id\":\"https:\/\/www.africa-press.net\/guinee-bissau\/politique\/independant-et-president-sortant-revendiquent-victoire#primaryimage\"},\"image\":{\"@id\":\"https:\/\/www.africa-press.net\/guinee-bissau\/politique\/independant-et-president-sortant-revendiquent-victoire#primaryimage\"},\"thumbnailUrl\":\"https:\/\/static.africa-press.net\/guinee-bissau\/sites\/55\/2025\/11\/sm_1764123147.076972.jpg\",\"datePublished\":\"2025-11-25T14:00:00+00:00\",\"dateModified\":\"2025-11-25T18:13:25+00:00\",\"author\":{\"@id\":\"https:\/\/www.africa-press.net\/guinee-bissau\/#\/schema\/person\/2b1cf3cd81a31e3cd26889ca66d677f1\"},\"description\":\"Fernando Dias, candidat inde\u0301pendant, et le camp du pre\u0301sident sortant Umaro Sissoco Embalo, ont tous deux revendique\u0301 l ...\",\"breadcrumb\":{\"@id\":\"https:\/\/www.africa-press.net\/guinee-bissau\/politique\/independant-et-president-sortant-revendiquent-victoire#breadcrumb\"},\"inLanguage\":\"fr-FR\",\"potentialAction\":[{\"@type\":\"ReadAction\",\"target\":[\"https:\/\/www.africa-press.net\/guinee-bissau\/politique\/independant-et-president-sortant-revendiquent-victoire\"]}]},{\"@type\":\"ImageObject\",\"inLanguage\":\"fr-FR\",\"@id\":\"https:\/\/www.africa-press.net\/guinee-bissau\/politique\/independant-et-president-sortant-revendiquent-victoire#primaryimage\",\"url\":\"https:\/\/static.africa-press.net\/guinee-bissau\/sites\/55\/2025\/11\/sm_1764123147.076972.jpg\",\"contentUrl\":\"https:\/\/static.africa-press.net\/guinee-bissau\/sites\/55\/2025\/11\/sm_1764123147.076972.jpg\",\"width\":864,\"height\":486,\"caption\":\"Ind\u00e9pendant et Pr\u00e9sident Sortant Revendiquent Victoire\"},{\"@type\":\"BreadcrumbList\",\"@id\":\"https:\/\/www.africa-press.net\/guinee-bissau\/politique\/independant-et-president-sortant-revendiquent-victoire#breadcrumb\",\"itemListElement\":[{\"@type\":\"ListItem\",\"position\":1,\"name\":\"Accueil\",\"item\":\"https:\/\/www.africa-press.net\/guinee-bissau\/\"},{\"@type\":\"ListItem\",\"position\":2,\"name\":\"Ind\u00e9pendant et Pr\u00e9sident Sortant Revendiquent Victoire\"}]},{\"@type\":\"WebSite\",\"@id\":\"https:\/\/www.africa-press.net\/guinee-bissau\/#website\",\"url\":\"https:\/\/www.africa-press.net\/guinee-bissau\/\",\"name\":\"Guin\u00e9e Bissau\",\"description\":\"Just another Africa News Agency Sites site\",\"potentialAction\":[{\"@type\":\"SearchAction\",\"target\":{\"@type\":\"EntryPoint\",\"urlTemplate\":\"https:\/\/www.africa-press.net\/guinee-bissau\/?s={search_term_string}\"},\"query-input\":{\"@type\":\"PropertyValueSpecification\",\"valueRequired\":true,\"valueName\":\"search_term_string\"}}],\"inLanguage\":\"fr-FR\"},{\"@type\":\"Person\",\"@id\":\"https:\/\/www.africa-press.net\/guinee-bissau\/#\/schema\/person\/2b1cf3cd81a31e3cd26889ca66d677f1\",\"name\":\"cfeditorfr\"}]}<\/script>\n<!-- \/ Yoast SEO Premium plugin. -->","yoast_head_json":{"title":"Ind\u00e9pendant et Pr\u00e9sident Sortant Revendiquent Victoire - Guin\u00e9e Bissau","description":"Fernando Dias, candidat inde\u0301pendant, et le camp du pre\u0301sident sortant Umaro Sissoco Embalo, ont tous deux revendique\u0301 l ...","robots":{"index":"index","follow":"follow","max-snippet":"max-snippet:-1","max-image-preview":"max-image-preview:large","max-video-preview":"max-video-preview:-1"},"canonical":"https:\/\/www.africa-press.net\/guinee-bissau\/politique\/independant-et-president-sortant-revendiquent-victoire","og_locale":"fr_FR","og_type":"article","og_title":"Ind\u00e9pendant et Pr\u00e9sident Sortant Revendiquent Victoire","og_description":"Fernando Dias, candidat inde\u0301pendant, et le camp du pre\u0301sident sortant Umaro Sissoco Embalo, ont tous deux revendique\u0301 l ...","og_url":"https:\/\/www.africa-press.net\/guinee-bissau\/politique\/independant-et-president-sortant-revendiquent-victoire","og_site_name":"Guin\u00e9e Bissau","article_published_time":"2025-11-25T14:00:00+00:00","article_modified_time":"2025-11-25T18:13:25+00:00","og_image":[{"width":864,"height":486,"url":"https:\/\/static.africa-press.net\/guinee-bissau\/sites\/55\/2025\/11\/sm_1764123147.076972.jpg","type":"image\/jpeg"}],"author":"cfeditorfr","twitter_card":"summary_large_image","twitter_misc":{"\u00c9crit par":"cfeditorfr","Dur\u00e9e de lecture estim\u00e9e":"3 minutes"},"schema":{"@context":"https:\/\/schema.org","@graph":[{"@type":"Article","@id":"https:\/\/www.africa-press.net\/guinee-bissau\/politique\/independant-et-president-sortant-revendiquent-victoire#article","isPartOf":{"@id":"https:\/\/www.africa-press.net\/guinee-bissau\/politique\/independant-et-president-sortant-revendiquent-victoire"},"author":{"name":"cfeditorfr","@id":"https:\/\/www.africa-press.net\/guinee-bissau\/#\/schema\/person\/2b1cf3cd81a31e3cd26889ca66d677f1"},"headline":"Ind\u00e9pendant et Pr\u00e9sident Sortant Revendiquent Victoire","datePublished":"2025-11-25T14:00:00+00:00","dateModified":"2025-11-25T18:13:25+00:00","mainEntityOfPage":{"@id":"https:\/\/www.africa-press.net\/guinee-bissau\/politique\/independant-et-president-sortant-revendiquent-victoire"},"wordCount":543,"commentCount":0,"image":{"@id":"https:\/\/www.africa-press.net\/guinee-bissau\/politique\/independant-et-president-sortant-revendiquent-victoire#primaryimage"},"thumbnailUrl":"https:\/\/static.africa-press.net\/guinee-bissau\/sites\/55\/2025\/11\/sm_1764123147.076972.jpg","keywords":["Fernando Dias","Guinee Bissau","Guinee-Bissau","Umaro Sissoco Embal\u00f3"],"articleSection":["Politique","to-homepage","Top Nouvelles","Toutes les actualit\u00e9s"],"inLanguage":"fr-FR","potentialAction":[{"@type":"CommentAction","name":"Comment","target":["https:\/\/www.africa-press.net\/guinee-bissau\/politique\/independant-et-president-sortant-revendiquent-victoire#respond"]}]},{"@type":"WebPage","@id":"https:\/\/www.africa-press.net\/guinee-bissau\/politique\/independant-et-president-sortant-revendiquent-victoire","url":"https:\/\/www.africa-press.net\/guinee-bissau\/politique\/independant-et-president-sortant-revendiquent-victoire","name":"Ind\u00e9pendant et Pr\u00e9sident Sortant Revendiquent Victoire - Guin\u00e9e Bissau","isPartOf":{"@id":"https:\/\/www.africa-press.net\/guinee-bissau\/#website"},"primaryImageOfPage":{"@id":"https:\/\/www.africa-press.net\/guinee-bissau\/politique\/independant-et-president-sortant-revendiquent-victoire#primaryimage"},"image":{"@id":"https:\/\/www.africa-press.net\/guinee-bissau\/politique\/independant-et-president-sortant-revendiquent-victoire#primaryimage"},"thumbnailUrl":"https:\/\/static.africa-press.net\/guinee-bissau\/sites\/55\/2025\/11\/sm_1764123147.076972.jpg","datePublished":"2025-11-25T14:00:00+00:00","dateModified":"2025-11-25T18:13:25+00:00","author":{"@id":"https:\/\/www.africa-press.net\/guinee-bissau\/#\/schema\/person\/2b1cf3cd81a31e3cd26889ca66d677f1"},"description":"Fernando Dias, candidat inde\u0301pendant, et le camp du pre\u0301sident sortant Umaro Sissoco Embalo, ont tous deux revendique\u0301 l ...","breadcrumb":{"@id":"https:\/\/www.africa-press.net\/guinee-bissau\/politique\/independant-et-president-sortant-revendiquent-victoire#breadcrumb"},"inLanguage":"fr-FR","potentialAction":[{"@type":"ReadAction","target":["https:\/\/www.africa-press.net\/guinee-bissau\/politique\/independant-et-president-sortant-revendiquent-victoire"]}]},{"@type":"ImageObject","inLanguage":"fr-FR","@id":"https:\/\/www.africa-press.net\/guinee-bissau\/politique\/independant-et-president-sortant-revendiquent-victoire#primaryimage","url":"https:\/\/static.africa-press.net\/guinee-bissau\/sites\/55\/2025\/11\/sm_1764123147.076972.jpg","contentUrl":"https:\/\/static.africa-press.net\/guinee-bissau\/sites\/55\/2025\/11\/sm_1764123147.076972.jpg","width":864,"height":486,"caption":"Ind\u00e9pendant et Pr\u00e9sident Sortant Revendiquent Victoire"},{"@type":"BreadcrumbList","@id":"https:\/\/www.africa-press.net\/guinee-bissau\/politique\/independant-et-president-sortant-revendiquent-victoire#breadcrumb","itemListElement":[{"@type":"ListItem","position":1,"name":"Accueil","item":"https:\/\/www.africa-press.net\/guinee-bissau\/"},{"@type":"ListItem","position":2,"name":"Ind\u00e9pendant et Pr\u00e9sident Sortant Revendiquent Victoire"}]},{"@type":"WebSite","@id":"https:\/\/www.africa-press.net\/guinee-bissau\/#website","url":"https:\/\/www.africa-press.net\/guinee-bissau\/","name":"Guin\u00e9e Bissau","description":"Just another Africa News Agency Sites site","potentialAction":[{"@type":"SearchAction","target":{"@type":"EntryPoint","urlTemplate":"https:\/\/www.africa-press.net\/guinee-bissau\/?s={search_term_string}"},"query-input":{"@type":"PropertyValueSpecification","valueRequired":true,"valueName":"search_term_string"}}],"inLanguage":"fr-FR"},{"@type":"Person","@id":"https:\/\/www.africa-press.net\/guinee-bissau\/#\/schema\/person\/2b1cf3cd81a31e3cd26889ca66d677f1","name":"cfeditorfr"}]}},"_links":{"self":[{"href":"https:\/\/www.africa-press.net\/guinee-bissau\/wp-json\/wp\/v2\/posts\/23514","targetHints":{"allow":["GET"]}}],"collection":[{"href":"https:\/\/www.africa-press.net\/guinee-bissau\/wp-json\/wp\/v2\/posts"}],"about":[{"href":"https:\/\/www.africa-press.net\/guinee-bissau\/wp-json\/wp\/v2\/types\/post"}],"author":[{"embeddable":true,"href":"https:\/\/www.africa-press.net\/guinee-bissau\/wp-json\/wp\/v2\/users\/82"}],"replies":[{"embeddable":true,"href":"https:\/\/www.africa-press.net\/guinee-bissau\/wp-json\/wp\/v2\/comments?post=23514"}],"version-history":[{"count":0,"href":"https:\/\/www.africa-press.net\/guinee-bissau\/wp-json\/wp\/v2\/posts\/23514\/revisions"}],"wp:featuredmedia":[{"embeddable":true,"href":"https:\/\/www.africa-press.net\/guinee-bissau\/wp-json\/wp\/v2\/media\/23513"}],"wp:attachment":[{"href":"https:\/\/www.africa-press.net\/guinee-bissau\/wp-json\/wp\/v2\/media?parent=23514"}],"wp:term":[{"taxonomy":"category","embeddable":true,"href":"https:\/\/www.africa-press.net\/guinee-bissau\/wp-json\/wp\/v2\/categories?post=23514"},{"taxonomy":"post_tag","embeddable":true,"href":"https:\/\/www.africa-press.net\/guinee-bissau\/wp-json\/wp\/v2\/tags?post=23514"}],"curies":[{"name":"wp","href":"https:\/\/api.w.org\/{rel}","templated":true}]}}