{"id":23544,"date":"2025-11-25T00:09:54","date_gmt":"2025-11-25T00:09:54","guid":{"rendered":"https:\/\/www.africa-press.net\/guinee-bissau\/politique\/embalo-et-dias-annoncent-leur-victoire-aux-elections"},"modified":"2025-11-26T09:11:58","modified_gmt":"2025-11-26T09:11:58","slug":"embalo-et-dias-annoncent-leur-victoire-aux-elections","status":"publish","type":"post","link":"https:\/\/www.africa-press.net\/guinee-bissau\/politique\/embalo-et-dias-annoncent-leur-victoire-aux-elections","title":{"rendered":"Embal\u00f3 et Dias Annoncent leur Victoire aux \u00c9lections"},"content":{"rendered":"<div class=\"ap-summary\" dir=\"ltr\" lang=\"fr\">\n<h4>CE Qu\u2019Il Faut Savoir<\/h4>\n<p>Le pr\u00e9sident sortant de Guin\u00e9e-Bissau, Umaro Sissoko Embal\u00f3, et son rival Fernando Dias revendiquent chacun la victoire aux \u00e9lections pr\u00e9sidentielles. Les r\u00e9sultats officiels ne sont pas encore publi\u00e9s, mais les deux camps affirment avoir d\u00e9pass\u00e9 le seuil de 50% n\u00e9cessaire pour \u00e9viter un second tour, suscitant des inqui\u00e9tudes quant \u00e0 une mont\u00e9e des tensions dans le pays.<\/p>\n<\/div>\n<p><span class=\"ap-article-header-tag\"> <strong>Africa-Press &#8211; Guinee Bissau. <\/strong> <\/span>Le pre\u0301sident actuel de Guine\u0301e-Bissau, Umaro Sissoko Embalo\u0301, et son principal rival, Fernando Dias, ont chacun annonce\u0301 leur victoire lors des e\u0301lections pre\u0301sidentielles qui se sont tenues dimanche, avant la publication des re\u0301sultats officiels par la Commission nationale des e\u0301lections. Cela a suscite\u0301 des inquie\u0301tudes quant a\u0300 une monte\u0301e des tensions dans un pays qui a connu une se\u0301rie de coups d&rsquo;E\u0301tat au cours des dernie\u0300res de\u0301cennies.<\/p>\n<p>Les deux campagnes ont affirme\u0301 que leur candidat avait de\u0301passe\u0301 le seuil de 50 % ne\u0301cessaire pour une victoire directe, ce qui e\u0301liminerait la ne\u0301cessite\u0301 d&rsquo;un second tour.<\/p>\n<p>Fernando Dias, 47 ans, candidat du Parti de la re\u0301novation sociale, a de\u0301clare\u0301 depuis son quartier ge\u0301ne\u0301ral a\u0300 Bissau: \u00ab\u00a0Nous avons gagne\u0301 la course pre\u0301sidentielle. Il n&rsquo;y aura pas de second tour. Le peuple en a assez et veut un changement a\u0300 la te\u0302te de l&rsquo;E\u0301tat.\u00a0\u00bb<\/p>\n<p>Peu de temps apre\u0300s, Oscar Barbosa, porte-parole de la campagne d&rsquo;Embalo\u0301, a confirme\u0301 que le pre\u0301sident, a\u0302ge\u0301 de 53 ans et ancien ge\u0301ne\u0301ral, avait e\u0301galement remporte\u0301 la victoire directe, appelant les concurrents a\u0300 \u00ab\u00a0s&rsquo;abstenir d&rsquo;annoncer des re\u0301sultats qui pourraient compromettre le processus e\u0301lectoral.\u00a0\u00bb<\/p>\n<p>Les e\u0301lections, qui ont vu la participation de 12 candidats, ont enregistre\u0301 un taux de participation de plus de 65 %. La Commission e\u0301lectorale devrait annoncer les re\u0301sultats pre\u0301liminaires jeudi, mais n&rsquo;a pas encore commente\u0301 les alle\u0301gations contradictoires.<\/p>\n<p>Il convient de noter que le Parti africain pour l&rsquo;inde\u0301pendance de la Guine\u0301e et du Cap-Vert, qui a dirige\u0301 la lutte contre le colonialisme portugais, a e\u0301te\u0301 empe\u0302che\u0301 de pre\u0301senter un candidat pour la premie\u0300re fois, mais a soutenu Dias, renforc\u0327ant ainsi sa campagne, surtout apre\u0300s le soutien de l&rsquo;ancien Premier ministre Domingos Simo\u0303es Pereira, leader du parti qui avait termine\u0301 deuxie\u0300me lors des e\u0301lections controverse\u0301es de 2019.<\/p>\n<p>Embalo\u0301 vise a\u0300 devenir le premier pre\u0301sident de Guine\u0301e-Bissau a\u0300 remporter un second mandat en trois de\u0301cennies, tandis que les analystes estiment que la compe\u0301tition entre lui et Dias sera intense.<\/p>\n<p>L&rsquo;opposition avait soutenu que le mandat d&rsquo;Embalo\u0301 avait pris fin au de\u0301but de cette anne\u0301e, mais la Cour supre\u0302me a de\u0301cide\u0301 de le prolonger jusqu&rsquo;en septembre, avant que les e\u0301lections ne soient reporte\u0301es a\u0300 ce mois de novembre.<\/p>\n<p>La Guine\u0301e-Bissau, ou\u0300 la moitie\u0301 de la population vit dans la pauvrete\u0301 selon la Banque mondiale, reste sujette a\u0300 des troubles et a\u0300 des coups d&rsquo;E\u0301tat depuis son inde\u0301pendance il y a plus de 50 ans.<\/p>\n<p>Plus de 200 observateurs internationaux ont e\u0301te\u0301 pre\u0301sents pour suivre le processus e\u0301lectoral, y compris des repre\u0301sentants de la Communaute\u0301 e\u0301conomique des E\u0301tats de l&rsquo;Afrique de l&rsquo;Ouest (CEDEAO), de l&rsquo;Union africaine et de la Communaute\u0301 des pays de langue portugaise.<\/p>\n<p>La Guine\u0301e-Bissau a connu de nombreux coups d&rsquo;E\u0301tat et des troubles politiques depuis son inde\u0301pendance du Portugal en 1973. Le pays est souvent en proie a\u0300 des crises politiques, exacerbe\u0301es par la pauvrete\u0301 et l&rsquo;instabilite\u0301 e\u0301conomique. Les e\u0301lections re\u0301centes, marque\u0301es par une participation e\u0301leve\u0301e, sont cruciales pour l&rsquo;avenir politique du pays, alors que les tensions entre les candidats augmentent, rappelant les de\u0301fis passe\u0301s de la de\u0301mocratie dans la re\u0301gion.<\/p>\n<p class=\"ap-article-footer-note\">Retrouvez plus d\u2019actualit\u00e9s et d\u2019analyses sur <span class=\"ap-highlight-country\">Guinee Bissau<\/span> sur le site <span class=\"ap-highlight-brand\">Africa Press<\/span><\/p>\n","protected":false},"excerpt":{"rendered":"<p>CE Qu\u2019Il Faut Savoir Le pr\u00e9sident sortant de Guin\u00e9e-Bissau, Umaro Sissoko Embal\u00f3, et son rival Fernando Dias revendiquent chacun la victoire aux \u00e9lections pr\u00e9sidentielles. Les r\u00e9sultats officiels ne sont pas encore publi\u00e9s, mais les deux camps affirment avoir d\u00e9pass\u00e9 le seuil de 50% n\u00e9cessaire pour \u00e9viter un second tour, suscitant des inqui\u00e9tudes quant \u00e0 une [&hellip;]<\/p>\n","protected":false},"author":82,"featured_media":23543,"comment_status":"open","ping_status":"closed","sticky":false,"template":"","format":"standard","meta":{"footnotes":""},"categories":[2,51,20,10],"tags":[1145,409,1146,50,103,1147],"class_list":["post-23544","post","type-post","status-publish","format-standard","has-post-thumbnail","hentry","category-politique","category-to-homepage","category-top-nouvelles","category-toutes-les-actualites","tag-dias","tag-elections","tag-embalo","tag-guinee-bissau","tag-guinee-bissau-2","tag-tensions"],"yoast_head":"<!-- This site is optimized with the Yoast SEO Premium plugin v26.1 (Yoast SEO v27.0) - https:\/\/yoast.com\/product\/yoast-seo-premium-wordpress\/ -->\n<title>Embal\u00f3 et Dias Annoncent leur Victoire aux \u00c9lections - Guin\u00e9e Bissau<\/title>\n<meta name=\"description\" content=\"Les \u00e9lections en Guin\u00e9e-Bissau suscitent des tensions alors qu&#039;Embal\u00f3 et Dias annoncent chacun leur victoire avant les offic.\" \/>\n<meta name=\"robots\" content=\"index, follow, max-snippet:-1, max-image-preview:large, max-video-preview:-1\" \/>\n<link rel=\"canonical\" href=\"https:\/\/www.africa-press.net\/guinee-bissau\/politique\/embalo-et-dias-annoncent-leur-victoire-aux-elections\" \/>\n<meta property=\"og:locale\" content=\"fr_FR\" \/>\n<meta property=\"og:type\" content=\"article\" \/>\n<meta property=\"og:title\" content=\"Embal\u00f3 et Dias Annoncent leur Victoire aux \u00c9lections\" \/>\n<meta property=\"og:description\" content=\"Les \u00e9lections en Guin\u00e9e-Bissau suscitent des tensions alors qu&#039;Embal\u00f3 et Dias annoncent chacun leur victoire avant les offic.\" \/>\n<meta property=\"og:url\" content=\"https:\/\/www.africa-press.net\/guinee-bissau\/politique\/embalo-et-dias-annoncent-leur-victoire-aux-elections\" \/>\n<meta property=\"og:site_name\" content=\"Guin\u00e9e Bissau\" \/>\n<meta property=\"article:published_time\" content=\"2025-11-25T00:09:54+00:00\" \/>\n<meta property=\"article:modified_time\" content=\"2025-11-26T09:11:58+00:00\" \/>\n<meta property=\"og:image\" content=\"https:\/\/static.africa-press.net\/guinee-bissau\/sites\/55\/2025\/11\/sm_1764148032.08953.jpg\" \/>\n\t<meta property=\"og:image:width\" content=\"1556\" \/>\n\t<meta property=\"og:image:height\" content=\"1167\" \/>\n\t<meta property=\"og:image:type\" content=\"image\/jpeg\" \/>\n<meta name=\"author\" content=\"cfeditorfr\" \/>\n<meta name=\"twitter:card\" content=\"summary_large_image\" \/>\n<meta name=\"twitter:label1\" content=\"\u00c9crit par\" \/>\n\t<meta name=\"twitter:data1\" content=\"cfeditorfr\" \/>\n\t<meta name=\"twitter:label2\" content=\"Dur\u00e9e de lecture estim\u00e9e\" \/>\n\t<meta name=\"twitter:data2\" content=\"4 minutes\" \/>\n<script type=\"application\/ld+json\" class=\"yoast-schema-graph\">{\"@context\":\"https:\/\/schema.org\",\"@graph\":[{\"@type\":\"Article\",\"@id\":\"https:\/\/www.africa-press.net\/guinee-bissau\/politique\/embalo-et-dias-annoncent-leur-victoire-aux-elections#article\",\"isPartOf\":{\"@id\":\"https:\/\/www.africa-press.net\/guinee-bissau\/politique\/embalo-et-dias-annoncent-leur-victoire-aux-elections\"},\"author\":{\"name\":\"cfeditorfr\",\"@id\":\"https:\/\/www.africa-press.net\/guinee-bissau\/#\/schema\/person\/2b1cf3cd81a31e3cd26889ca66d677f1\"},\"headline\":\"Embal\u00f3 et Dias Annoncent leur Victoire aux \u00c9lections\",\"datePublished\":\"2025-11-25T00:09:54+00:00\",\"dateModified\":\"2025-11-26T09:11:58+00:00\",\"mainEntityOfPage\":{\"@id\":\"https:\/\/www.africa-press.net\/guinee-bissau\/politique\/embalo-et-dias-annoncent-leur-victoire-aux-elections\"},\"wordCount\":691,\"commentCount\":0,\"image\":{\"@id\":\"https:\/\/www.africa-press.net\/guinee-bissau\/politique\/embalo-et-dias-annoncent-leur-victoire-aux-elections#primaryimage\"},\"thumbnailUrl\":\"https:\/\/static.africa-press.net\/guinee-bissau\/sites\/55\/2025\/11\/sm_1764148032.08953.jpg\",\"keywords\":[\"Dias\",\"Elections\",\"Embal\u00f3\",\"Guinee Bissau\",\"Guinee-Bissau\",\"tensions\"],\"articleSection\":[\"Politique\",\"to-homepage\",\"Top Nouvelles\",\"Toutes les actualit\u00e9s\"],\"inLanguage\":\"fr-FR\",\"potentialAction\":[{\"@type\":\"CommentAction\",\"name\":\"Comment\",\"target\":[\"https:\/\/www.africa-press.net\/guinee-bissau\/politique\/embalo-et-dias-annoncent-leur-victoire-aux-elections#respond\"]}]},{\"@type\":\"WebPage\",\"@id\":\"https:\/\/www.africa-press.net\/guinee-bissau\/politique\/embalo-et-dias-annoncent-leur-victoire-aux-elections\",\"url\":\"https:\/\/www.africa-press.net\/guinee-bissau\/politique\/embalo-et-dias-annoncent-leur-victoire-aux-elections\",\"name\":\"Embal\u00f3 et Dias Annoncent leur Victoire aux \u00c9lections - Guin\u00e9e Bissau\",\"isPartOf\":{\"@id\":\"https:\/\/www.africa-press.net\/guinee-bissau\/#website\"},\"primaryImageOfPage\":{\"@id\":\"https:\/\/www.africa-press.net\/guinee-bissau\/politique\/embalo-et-dias-annoncent-leur-victoire-aux-elections#primaryimage\"},\"image\":{\"@id\":\"https:\/\/www.africa-press.net\/guinee-bissau\/politique\/embalo-et-dias-annoncent-leur-victoire-aux-elections#primaryimage\"},\"thumbnailUrl\":\"https:\/\/static.africa-press.net\/guinee-bissau\/sites\/55\/2025\/11\/sm_1764148032.08953.jpg\",\"datePublished\":\"2025-11-25T00:09:54+00:00\",\"dateModified\":\"2025-11-26T09:11:58+00:00\",\"author\":{\"@id\":\"https:\/\/www.africa-press.net\/guinee-bissau\/#\/schema\/person\/2b1cf3cd81a31e3cd26889ca66d677f1\"},\"description\":\"Les \u00e9lections en Guin\u00e9e-Bissau suscitent des tensions alors qu'Embal\u00f3 et Dias annoncent chacun leur victoire avant les offic.\",\"breadcrumb\":{\"@id\":\"https:\/\/www.africa-press.net\/guinee-bissau\/politique\/embalo-et-dias-annoncent-leur-victoire-aux-elections#breadcrumb\"},\"inLanguage\":\"fr-FR\",\"potentialAction\":[{\"@type\":\"ReadAction\",\"target\":[\"https:\/\/www.africa-press.net\/guinee-bissau\/politique\/embalo-et-dias-annoncent-leur-victoire-aux-elections\"]}]},{\"@type\":\"ImageObject\",\"inLanguage\":\"fr-FR\",\"@id\":\"https:\/\/www.africa-press.net\/guinee-bissau\/politique\/embalo-et-dias-annoncent-leur-victoire-aux-elections#primaryimage\",\"url\":\"https:\/\/static.africa-press.net\/guinee-bissau\/sites\/55\/2025\/11\/sm_1764148032.08953.jpg\",\"contentUrl\":\"https:\/\/static.africa-press.net\/guinee-bissau\/sites\/55\/2025\/11\/sm_1764148032.08953.jpg\",\"width\":1556,\"height\":1167,\"caption\":\"Embal\u00f3 et Dias Annoncent leur Victoire aux \u00c9lections\"},{\"@type\":\"BreadcrumbList\",\"@id\":\"https:\/\/www.africa-press.net\/guinee-bissau\/politique\/embalo-et-dias-annoncent-leur-victoire-aux-elections#breadcrumb\",\"itemListElement\":[{\"@type\":\"ListItem\",\"position\":1,\"name\":\"Accueil\",\"item\":\"https:\/\/www.africa-press.net\/guinee-bissau\/\"},{\"@type\":\"ListItem\",\"position\":2,\"name\":\"Embal\u00f3 et Dias Annoncent leur Victoire aux \u00c9lections\"}]},{\"@type\":\"WebSite\",\"@id\":\"https:\/\/www.africa-press.net\/guinee-bissau\/#website\",\"url\":\"https:\/\/www.africa-press.net\/guinee-bissau\/\",\"name\":\"Guin\u00e9e Bissau\",\"description\":\"Just another Africa News Agency Sites site\",\"potentialAction\":[{\"@type\":\"SearchAction\",\"target\":{\"@type\":\"EntryPoint\",\"urlTemplate\":\"https:\/\/www.africa-press.net\/guinee-bissau\/?s={search_term_string}\"},\"query-input\":{\"@type\":\"PropertyValueSpecification\",\"valueRequired\":true,\"valueName\":\"search_term_string\"}}],\"inLanguage\":\"fr-FR\"},{\"@type\":\"Person\",\"@id\":\"https:\/\/www.africa-press.net\/guinee-bissau\/#\/schema\/person\/2b1cf3cd81a31e3cd26889ca66d677f1\",\"name\":\"cfeditorfr\"}]}<\/script>\n<!-- \/ Yoast SEO Premium plugin. -->","yoast_head_json":{"title":"Embal\u00f3 et Dias Annoncent leur Victoire aux \u00c9lections - Guin\u00e9e Bissau","description":"Les \u00e9lections en Guin\u00e9e-Bissau suscitent des tensions alors qu'Embal\u00f3 et Dias annoncent chacun leur victoire avant les offic.","robots":{"index":"index","follow":"follow","max-snippet":"max-snippet:-1","max-image-preview":"max-image-preview:large","max-video-preview":"max-video-preview:-1"},"canonical":"https:\/\/www.africa-press.net\/guinee-bissau\/politique\/embalo-et-dias-annoncent-leur-victoire-aux-elections","og_locale":"fr_FR","og_type":"article","og_title":"Embal\u00f3 et Dias Annoncent leur Victoire aux \u00c9lections","og_description":"Les \u00e9lections en Guin\u00e9e-Bissau suscitent des tensions alors qu'Embal\u00f3 et Dias annoncent chacun leur victoire avant les offic.","og_url":"https:\/\/www.africa-press.net\/guinee-bissau\/politique\/embalo-et-dias-annoncent-leur-victoire-aux-elections","og_site_name":"Guin\u00e9e Bissau","article_published_time":"2025-11-25T00:09:54+00:00","article_modified_time":"2025-11-26T09:11:58+00:00","og_image":[{"width":1556,"height":1167,"url":"https:\/\/static.africa-press.net\/guinee-bissau\/sites\/55\/2025\/11\/sm_1764148032.08953.jpg","type":"image\/jpeg"}],"author":"cfeditorfr","twitter_card":"summary_large_image","twitter_misc":{"\u00c9crit par":"cfeditorfr","Dur\u00e9e de lecture estim\u00e9e":"4 minutes"},"schema":{"@context":"https:\/\/schema.org","@graph":[{"@type":"Article","@id":"https:\/\/www.africa-press.net\/guinee-bissau\/politique\/embalo-et-dias-annoncent-leur-victoire-aux-elections#article","isPartOf":{"@id":"https:\/\/www.africa-press.net\/guinee-bissau\/politique\/embalo-et-dias-annoncent-leur-victoire-aux-elections"},"author":{"name":"cfeditorfr","@id":"https:\/\/www.africa-press.net\/guinee-bissau\/#\/schema\/person\/2b1cf3cd81a31e3cd26889ca66d677f1"},"headline":"Embal\u00f3 et Dias Annoncent leur Victoire aux \u00c9lections","datePublished":"2025-11-25T00:09:54+00:00","dateModified":"2025-11-26T09:11:58+00:00","mainEntityOfPage":{"@id":"https:\/\/www.africa-press.net\/guinee-bissau\/politique\/embalo-et-dias-annoncent-leur-victoire-aux-elections"},"wordCount":691,"commentCount":0,"image":{"@id":"https:\/\/www.africa-press.net\/guinee-bissau\/politique\/embalo-et-dias-annoncent-leur-victoire-aux-elections#primaryimage"},"thumbnailUrl":"https:\/\/static.africa-press.net\/guinee-bissau\/sites\/55\/2025\/11\/sm_1764148032.08953.jpg","keywords":["Dias","Elections","Embal\u00f3","Guinee Bissau","Guinee-Bissau","tensions"],"articleSection":["Politique","to-homepage","Top Nouvelles","Toutes les actualit\u00e9s"],"inLanguage":"fr-FR","potentialAction":[{"@type":"CommentAction","name":"Comment","target":["https:\/\/www.africa-press.net\/guinee-bissau\/politique\/embalo-et-dias-annoncent-leur-victoire-aux-elections#respond"]}]},{"@type":"WebPage","@id":"https:\/\/www.africa-press.net\/guinee-bissau\/politique\/embalo-et-dias-annoncent-leur-victoire-aux-elections","url":"https:\/\/www.africa-press.net\/guinee-bissau\/politique\/embalo-et-dias-annoncent-leur-victoire-aux-elections","name":"Embal\u00f3 et Dias Annoncent leur Victoire aux \u00c9lections - Guin\u00e9e Bissau","isPartOf":{"@id":"https:\/\/www.africa-press.net\/guinee-bissau\/#website"},"primaryImageOfPage":{"@id":"https:\/\/www.africa-press.net\/guinee-bissau\/politique\/embalo-et-dias-annoncent-leur-victoire-aux-elections#primaryimage"},"image":{"@id":"https:\/\/www.africa-press.net\/guinee-bissau\/politique\/embalo-et-dias-annoncent-leur-victoire-aux-elections#primaryimage"},"thumbnailUrl":"https:\/\/static.africa-press.net\/guinee-bissau\/sites\/55\/2025\/11\/sm_1764148032.08953.jpg","datePublished":"2025-11-25T00:09:54+00:00","dateModified":"2025-11-26T09:11:58+00:00","author":{"@id":"https:\/\/www.africa-press.net\/guinee-bissau\/#\/schema\/person\/2b1cf3cd81a31e3cd26889ca66d677f1"},"description":"Les \u00e9lections en Guin\u00e9e-Bissau suscitent des tensions alors qu'Embal\u00f3 et Dias annoncent chacun leur victoire avant les offic.","breadcrumb":{"@id":"https:\/\/www.africa-press.net\/guinee-bissau\/politique\/embalo-et-dias-annoncent-leur-victoire-aux-elections#breadcrumb"},"inLanguage":"fr-FR","potentialAction":[{"@type":"ReadAction","target":["https:\/\/www.africa-press.net\/guinee-bissau\/politique\/embalo-et-dias-annoncent-leur-victoire-aux-elections"]}]},{"@type":"ImageObject","inLanguage":"fr-FR","@id":"https:\/\/www.africa-press.net\/guinee-bissau\/politique\/embalo-et-dias-annoncent-leur-victoire-aux-elections#primaryimage","url":"https:\/\/static.africa-press.net\/guinee-bissau\/sites\/55\/2025\/11\/sm_1764148032.08953.jpg","contentUrl":"https:\/\/static.africa-press.net\/guinee-bissau\/sites\/55\/2025\/11\/sm_1764148032.08953.jpg","width":1556,"height":1167,"caption":"Embal\u00f3 et Dias Annoncent leur Victoire aux \u00c9lections"},{"@type":"BreadcrumbList","@id":"https:\/\/www.africa-press.net\/guinee-bissau\/politique\/embalo-et-dias-annoncent-leur-victoire-aux-elections#breadcrumb","itemListElement":[{"@type":"ListItem","position":1,"name":"Accueil","item":"https:\/\/www.africa-press.net\/guinee-bissau\/"},{"@type":"ListItem","position":2,"name":"Embal\u00f3 et Dias Annoncent leur Victoire aux \u00c9lections"}]},{"@type":"WebSite","@id":"https:\/\/www.africa-press.net\/guinee-bissau\/#website","url":"https:\/\/www.africa-press.net\/guinee-bissau\/","name":"Guin\u00e9e Bissau","description":"Just another Africa News Agency Sites site","potentialAction":[{"@type":"SearchAction","target":{"@type":"EntryPoint","urlTemplate":"https:\/\/www.africa-press.net\/guinee-bissau\/?s={search_term_string}"},"query-input":{"@type":"PropertyValueSpecification","valueRequired":true,"valueName":"search_term_string"}}],"inLanguage":"fr-FR"},{"@type":"Person","@id":"https:\/\/www.africa-press.net\/guinee-bissau\/#\/schema\/person\/2b1cf3cd81a31e3cd26889ca66d677f1","name":"cfeditorfr"}]}},"_links":{"self":[{"href":"https:\/\/www.africa-press.net\/guinee-bissau\/wp-json\/wp\/v2\/posts\/23544","targetHints":{"allow":["GET"]}}],"collection":[{"href":"https:\/\/www.africa-press.net\/guinee-bissau\/wp-json\/wp\/v2\/posts"}],"about":[{"href":"https:\/\/www.africa-press.net\/guinee-bissau\/wp-json\/wp\/v2\/types\/post"}],"author":[{"embeddable":true,"href":"https:\/\/www.africa-press.net\/guinee-bissau\/wp-json\/wp\/v2\/users\/82"}],"replies":[{"embeddable":true,"href":"https:\/\/www.africa-press.net\/guinee-bissau\/wp-json\/wp\/v2\/comments?post=23544"}],"version-history":[{"count":0,"href":"https:\/\/www.africa-press.net\/guinee-bissau\/wp-json\/wp\/v2\/posts\/23544\/revisions"}],"wp:featuredmedia":[{"embeddable":true,"href":"https:\/\/www.africa-press.net\/guinee-bissau\/wp-json\/wp\/v2\/media\/23543"}],"wp:attachment":[{"href":"https:\/\/www.africa-press.net\/guinee-bissau\/wp-json\/wp\/v2\/media?parent=23544"}],"wp:term":[{"taxonomy":"category","embeddable":true,"href":"https:\/\/www.africa-press.net\/guinee-bissau\/wp-json\/wp\/v2\/categories?post=23544"},{"taxonomy":"post_tag","embeddable":true,"href":"https:\/\/www.africa-press.net\/guinee-bissau\/wp-json\/wp\/v2\/tags?post=23544"}],"curies":[{"name":"wp","href":"https:\/\/api.w.org\/{rel}","templated":true}]}}