{"id":23711,"date":"2025-12-02T14:00:00","date_gmt":"2025-12-02T14:00:00","guid":{"rendered":"https:\/\/www.africa-press.net\/guinee-bissau\/politique\/la-cedeao-suspend-le-pays-apres-le-coup-detat"},"modified":"2025-12-02T14:01:29","modified_gmt":"2025-12-02T14:01:29","slug":"la-cedeao-suspend-le-pays-apres-le-coup-detat","status":"publish","type":"post","link":"https:\/\/www.africa-press.net\/guinee-bissau\/politique\/la-cedeao-suspend-le-pays-apres-le-coup-detat","title":{"rendered":"La CEDEAO Suspend le Pays Apre\u0300S le Coup D\u2019E\u0301Tat"},"content":{"rendered":"<p><span style=\"color: #ff6600\"><strong>Africa-Press &#8211; Guinee Bissau. <\/strong><\/span>La Communaute\u0301 e\u0301conomique des E\u0301tats de l\u2019Afrique de l\u2019Ouest (CEDEAO) a suspendu la Guine\u0301e-Bissau de ses organes de de\u0301cision a\u0300 la suite du coup d\u2019E\u0301tat militaire qui a renverse\u0301 le pre\u0301sident Umaro Sissoco Embalo, selon un communique\u0301 officiel.<\/p>\n<p>Cette de\u0301cision du Conseil de me\u0301diation et de se\u0301curite\u0301 (CMS) du bloc re\u0301gional intervient apre\u0300s un Sommet extraordinaire virtuel des chefs d\u2019E\u0301tat et de gouvernement consacre\u0301 a\u0300 la situation politique actuelle dans le pays.<\/p>\n<p>Pre\u0301side\u0301 par le pre\u0301sident de la CEDEAO et de la Sierra Leone, Julius Maada Bio, le bloc a exprime\u0301 sa vive inquie\u0301tude face a\u0300 la crise politique en cours et a appele\u0301 les forces arme\u0301es guine\u0301ennes a\u0300 regagner les casernes et a\u0300 respecter leur ro\u0302le constitutionnel.<\/p>\n<p>La Guine\u0301e-Bissau connai\u0302t une instabilite\u0301 politique chronique depuis des de\u0301cennies, marque\u0301e par plusieurs coups d\u2019E\u0301tat et transitions gouvernementales abruptes. Le pre\u0301sident Umaro Sissoco Embalo avait e\u0301te\u0301 e\u0301lu en 2019, mais son mandat a e\u0301te\u0301 fragilise\u0301 par des tensions entre le gouvernement et les forces arme\u0301es. La CEDEAO, de\u0301ja\u0300 intervenue par le passe\u0301 pour re\u0301tablir l\u2019ordre constitutionnel dans la re\u0301gion, a multiplie\u0301 les appels a\u0300 un retour rapide a\u0300 la le\u0301galite\u0301 et a\u0300 la stabilite\u0301 dans le pays.<\/p>\n<p><strong>Pour plus d&rsquo;informations et d&rsquo;analyses sur la <span style=\"color: #ff6600\">Guinee Bissau<\/span>, suivez <span style=\"color: #ff6600\">Africa-Press<\/span><\/strong><\/p>\n","protected":false},"excerpt":{"rendered":"<p>Africa-Press &#8211; Guinee Bissau. La Communaute\u0301 e\u0301conomique des E\u0301tats de l\u2019Afrique de l\u2019Ouest (CEDEAO) a suspendu la Guine\u0301e-Bissau de ses organes de de\u0301cision a\u0300 la suite du coup d\u2019E\u0301tat militaire qui a renverse\u0301 le pre\u0301sident Umaro Sissoco Embalo, selon un communique\u0301 officiel. Cette de\u0301cision du Conseil de me\u0301diation et de se\u0301curite\u0301 (CMS) du bloc re\u0301gional [&hellip;]<\/p>\n","protected":false},"author":82,"featured_media":23710,"comment_status":"open","ping_status":"closed","sticky":false,"template":"","format":"standard","meta":{"footnotes":""},"categories":[2,51,20,10],"tags":[64,50,103,114],"class_list":["post-23711","post","type-post","status-publish","format-standard","has-post-thumbnail","hentry","category-politique","category-to-homepage","category-top-nouvelles","category-toutes-les-actualites","tag-cedeao","tag-guinee-bissau","tag-guinee-bissau-2","tag-umaro-sissoco-embalo"],"yoast_head":"<!-- This site is optimized with the Yoast SEO Premium plugin v26.1 (Yoast SEO v27.0) - https:\/\/yoast.com\/product\/yoast-seo-premium-wordpress\/ -->\n<title>La CEDEAO Suspend le Pays Apre\u0300S le Coup D\u2019E\u0301Tat - Guin\u00e9e Bissau<\/title>\n<meta name=\"description\" content=\"La Communaute\u0301 e\u0301conomique des E\u0301tats de l\u2019Afrique de l\u2019Ouest (CEDEAO) a suspendu la Guine\u0301e-Bissau de ses organes de de ...\" \/>\n<meta name=\"robots\" content=\"index, follow, max-snippet:-1, max-image-preview:large, max-video-preview:-1\" \/>\n<link rel=\"canonical\" href=\"https:\/\/www.africa-press.net\/guinee-bissau\/politique\/la-cedeao-suspend-le-pays-apres-le-coup-detat\" \/>\n<meta property=\"og:locale\" content=\"fr_FR\" \/>\n<meta property=\"og:type\" content=\"article\" \/>\n<meta property=\"og:title\" content=\"La CEDEAO Suspend le Pays Apre\u0300S le Coup D\u2019E\u0301Tat\" \/>\n<meta property=\"og:description\" content=\"La Communaute\u0301 e\u0301conomique des E\u0301tats de l\u2019Afrique de l\u2019Ouest (CEDEAO) a suspendu la Guine\u0301e-Bissau de ses organes de de ...\" \/>\n<meta property=\"og:url\" content=\"https:\/\/www.africa-press.net\/guinee-bissau\/politique\/la-cedeao-suspend-le-pays-apres-le-coup-detat\" \/>\n<meta property=\"og:site_name\" content=\"Guin\u00e9e Bissau\" \/>\n<meta property=\"article:published_time\" content=\"2025-12-02T14:00:00+00:00\" \/>\n<meta property=\"article:modified_time\" content=\"2025-12-02T14:01:29+00:00\" \/>\n<meta property=\"og:image\" content=\"https:\/\/static.africa-press.net\/guinee-bissau\/sites\/55\/2025\/12\/sm_1764712864.505372.jpg\" \/>\n\t<meta property=\"og:image:width\" content=\"864\" \/>\n\t<meta property=\"og:image:height\" content=\"486\" \/>\n\t<meta property=\"og:image:type\" content=\"image\/jpeg\" \/>\n<meta name=\"author\" content=\"cfeditorfr\" \/>\n<meta name=\"twitter:card\" content=\"summary_large_image\" \/>\n<meta name=\"twitter:label1\" content=\"\u00c9crit par\" \/>\n\t<meta name=\"twitter:data1\" content=\"cfeditorfr\" \/>\n\t<meta name=\"twitter:label2\" content=\"Dur\u00e9e de lecture estim\u00e9e\" \/>\n\t<meta name=\"twitter:data2\" content=\"2 minutes\" \/>\n<script type=\"application\/ld+json\" class=\"yoast-schema-graph\">{\"@context\":\"https:\/\/schema.org\",\"@graph\":[{\"@type\":\"Article\",\"@id\":\"https:\/\/www.africa-press.net\/guinee-bissau\/politique\/la-cedeao-suspend-le-pays-apres-le-coup-detat#article\",\"isPartOf\":{\"@id\":\"https:\/\/www.africa-press.net\/guinee-bissau\/politique\/la-cedeao-suspend-le-pays-apres-le-coup-detat\"},\"author\":{\"name\":\"cfeditorfr\",\"@id\":\"https:\/\/www.africa-press.net\/guinee-bissau\/#\/schema\/person\/2b1cf3cd81a31e3cd26889ca66d677f1\"},\"headline\":\"La CEDEAO Suspend le Pays Apre\u0300S le Coup D\u2019E\u0301Tat\",\"datePublished\":\"2025-12-02T14:00:00+00:00\",\"dateModified\":\"2025-12-02T14:01:29+00:00\",\"mainEntityOfPage\":{\"@id\":\"https:\/\/www.africa-press.net\/guinee-bissau\/politique\/la-cedeao-suspend-le-pays-apres-le-coup-detat\"},\"wordCount\":261,\"commentCount\":0,\"image\":{\"@id\":\"https:\/\/www.africa-press.net\/guinee-bissau\/politique\/la-cedeao-suspend-le-pays-apres-le-coup-detat#primaryimage\"},\"thumbnailUrl\":\"https:\/\/static.africa-press.net\/guinee-bissau\/sites\/55\/2025\/12\/sm_1764712864.505372.jpg\",\"keywords\":[\"CEDEAO\",\"Guinee Bissau\",\"Guinee-Bissau\",\"Umaro Sissoco Embal\u00f3\"],\"articleSection\":[\"Politique\",\"to-homepage\",\"Top Nouvelles\",\"Toutes les actualit\u00e9s\"],\"inLanguage\":\"fr-FR\",\"potentialAction\":[{\"@type\":\"CommentAction\",\"name\":\"Comment\",\"target\":[\"https:\/\/www.africa-press.net\/guinee-bissau\/politique\/la-cedeao-suspend-le-pays-apres-le-coup-detat#respond\"]}]},{\"@type\":\"WebPage\",\"@id\":\"https:\/\/www.africa-press.net\/guinee-bissau\/politique\/la-cedeao-suspend-le-pays-apres-le-coup-detat\",\"url\":\"https:\/\/www.africa-press.net\/guinee-bissau\/politique\/la-cedeao-suspend-le-pays-apres-le-coup-detat\",\"name\":\"La CEDEAO Suspend le Pays Apre\u0300S le Coup D\u2019E\u0301Tat - Guin\u00e9e Bissau\",\"isPartOf\":{\"@id\":\"https:\/\/www.africa-press.net\/guinee-bissau\/#website\"},\"primaryImageOfPage\":{\"@id\":\"https:\/\/www.africa-press.net\/guinee-bissau\/politique\/la-cedeao-suspend-le-pays-apres-le-coup-detat#primaryimage\"},\"image\":{\"@id\":\"https:\/\/www.africa-press.net\/guinee-bissau\/politique\/la-cedeao-suspend-le-pays-apres-le-coup-detat#primaryimage\"},\"thumbnailUrl\":\"https:\/\/static.africa-press.net\/guinee-bissau\/sites\/55\/2025\/12\/sm_1764712864.505372.jpg\",\"datePublished\":\"2025-12-02T14:00:00+00:00\",\"dateModified\":\"2025-12-02T14:01:29+00:00\",\"author\":{\"@id\":\"https:\/\/www.africa-press.net\/guinee-bissau\/#\/schema\/person\/2b1cf3cd81a31e3cd26889ca66d677f1\"},\"description\":\"La Communaute\u0301 e\u0301conomique des E\u0301tats de l\u2019Afrique de l\u2019Ouest (CEDEAO) a suspendu la Guine\u0301e-Bissau de ses organes de de ...\",\"breadcrumb\":{\"@id\":\"https:\/\/www.africa-press.net\/guinee-bissau\/politique\/la-cedeao-suspend-le-pays-apres-le-coup-detat#breadcrumb\"},\"inLanguage\":\"fr-FR\",\"potentialAction\":[{\"@type\":\"ReadAction\",\"target\":[\"https:\/\/www.africa-press.net\/guinee-bissau\/politique\/la-cedeao-suspend-le-pays-apres-le-coup-detat\"]}]},{\"@type\":\"ImageObject\",\"inLanguage\":\"fr-FR\",\"@id\":\"https:\/\/www.africa-press.net\/guinee-bissau\/politique\/la-cedeao-suspend-le-pays-apres-le-coup-detat#primaryimage\",\"url\":\"https:\/\/static.africa-press.net\/guinee-bissau\/sites\/55\/2025\/12\/sm_1764712864.505372.jpg\",\"contentUrl\":\"https:\/\/static.africa-press.net\/guinee-bissau\/sites\/55\/2025\/12\/sm_1764712864.505372.jpg\",\"width\":864,\"height\":486,\"caption\":\"La CEDEAO Suspend le Pays Apre\u0300S le Coup D\u2019E\u0301Tat\"},{\"@type\":\"BreadcrumbList\",\"@id\":\"https:\/\/www.africa-press.net\/guinee-bissau\/politique\/la-cedeao-suspend-le-pays-apres-le-coup-detat#breadcrumb\",\"itemListElement\":[{\"@type\":\"ListItem\",\"position\":1,\"name\":\"Accueil\",\"item\":\"https:\/\/www.africa-press.net\/guinee-bissau\/\"},{\"@type\":\"ListItem\",\"position\":2,\"name\":\"La CEDEAO Suspend le Pays Apre\u0300S le Coup D\u2019E\u0301Tat\"}]},{\"@type\":\"WebSite\",\"@id\":\"https:\/\/www.africa-press.net\/guinee-bissau\/#website\",\"url\":\"https:\/\/www.africa-press.net\/guinee-bissau\/\",\"name\":\"Guin\u00e9e Bissau\",\"description\":\"Just another Africa News Agency Sites site\",\"potentialAction\":[{\"@type\":\"SearchAction\",\"target\":{\"@type\":\"EntryPoint\",\"urlTemplate\":\"https:\/\/www.africa-press.net\/guinee-bissau\/?s={search_term_string}\"},\"query-input\":{\"@type\":\"PropertyValueSpecification\",\"valueRequired\":true,\"valueName\":\"search_term_string\"}}],\"inLanguage\":\"fr-FR\"},{\"@type\":\"Person\",\"@id\":\"https:\/\/www.africa-press.net\/guinee-bissau\/#\/schema\/person\/2b1cf3cd81a31e3cd26889ca66d677f1\",\"name\":\"cfeditorfr\"}]}<\/script>\n<!-- \/ Yoast SEO Premium plugin. -->","yoast_head_json":{"title":"La CEDEAO Suspend le Pays Apre\u0300S le Coup D\u2019E\u0301Tat - Guin\u00e9e Bissau","description":"La Communaute\u0301 e\u0301conomique des E\u0301tats de l\u2019Afrique de l\u2019Ouest (CEDEAO) a suspendu la Guine\u0301e-Bissau de ses organes de de ...","robots":{"index":"index","follow":"follow","max-snippet":"max-snippet:-1","max-image-preview":"max-image-preview:large","max-video-preview":"max-video-preview:-1"},"canonical":"https:\/\/www.africa-press.net\/guinee-bissau\/politique\/la-cedeao-suspend-le-pays-apres-le-coup-detat","og_locale":"fr_FR","og_type":"article","og_title":"La CEDEAO Suspend le Pays Apre\u0300S le Coup D\u2019E\u0301Tat","og_description":"La Communaute\u0301 e\u0301conomique des E\u0301tats de l\u2019Afrique de l\u2019Ouest (CEDEAO) a suspendu la Guine\u0301e-Bissau de ses organes de de ...","og_url":"https:\/\/www.africa-press.net\/guinee-bissau\/politique\/la-cedeao-suspend-le-pays-apres-le-coup-detat","og_site_name":"Guin\u00e9e Bissau","article_published_time":"2025-12-02T14:00:00+00:00","article_modified_time":"2025-12-02T14:01:29+00:00","og_image":[{"width":864,"height":486,"url":"https:\/\/static.africa-press.net\/guinee-bissau\/sites\/55\/2025\/12\/sm_1764712864.505372.jpg","type":"image\/jpeg"}],"author":"cfeditorfr","twitter_card":"summary_large_image","twitter_misc":{"\u00c9crit par":"cfeditorfr","Dur\u00e9e de lecture estim\u00e9e":"2 minutes"},"schema":{"@context":"https:\/\/schema.org","@graph":[{"@type":"Article","@id":"https:\/\/www.africa-press.net\/guinee-bissau\/politique\/la-cedeao-suspend-le-pays-apres-le-coup-detat#article","isPartOf":{"@id":"https:\/\/www.africa-press.net\/guinee-bissau\/politique\/la-cedeao-suspend-le-pays-apres-le-coup-detat"},"author":{"name":"cfeditorfr","@id":"https:\/\/www.africa-press.net\/guinee-bissau\/#\/schema\/person\/2b1cf3cd81a31e3cd26889ca66d677f1"},"headline":"La CEDEAO Suspend le Pays Apre\u0300S le Coup D\u2019E\u0301Tat","datePublished":"2025-12-02T14:00:00+00:00","dateModified":"2025-12-02T14:01:29+00:00","mainEntityOfPage":{"@id":"https:\/\/www.africa-press.net\/guinee-bissau\/politique\/la-cedeao-suspend-le-pays-apres-le-coup-detat"},"wordCount":261,"commentCount":0,"image":{"@id":"https:\/\/www.africa-press.net\/guinee-bissau\/politique\/la-cedeao-suspend-le-pays-apres-le-coup-detat#primaryimage"},"thumbnailUrl":"https:\/\/static.africa-press.net\/guinee-bissau\/sites\/55\/2025\/12\/sm_1764712864.505372.jpg","keywords":["CEDEAO","Guinee Bissau","Guinee-Bissau","Umaro Sissoco Embal\u00f3"],"articleSection":["Politique","to-homepage","Top Nouvelles","Toutes les actualit\u00e9s"],"inLanguage":"fr-FR","potentialAction":[{"@type":"CommentAction","name":"Comment","target":["https:\/\/www.africa-press.net\/guinee-bissau\/politique\/la-cedeao-suspend-le-pays-apres-le-coup-detat#respond"]}]},{"@type":"WebPage","@id":"https:\/\/www.africa-press.net\/guinee-bissau\/politique\/la-cedeao-suspend-le-pays-apres-le-coup-detat","url":"https:\/\/www.africa-press.net\/guinee-bissau\/politique\/la-cedeao-suspend-le-pays-apres-le-coup-detat","name":"La CEDEAO Suspend le Pays Apre\u0300S le Coup D\u2019E\u0301Tat - Guin\u00e9e Bissau","isPartOf":{"@id":"https:\/\/www.africa-press.net\/guinee-bissau\/#website"},"primaryImageOfPage":{"@id":"https:\/\/www.africa-press.net\/guinee-bissau\/politique\/la-cedeao-suspend-le-pays-apres-le-coup-detat#primaryimage"},"image":{"@id":"https:\/\/www.africa-press.net\/guinee-bissau\/politique\/la-cedeao-suspend-le-pays-apres-le-coup-detat#primaryimage"},"thumbnailUrl":"https:\/\/static.africa-press.net\/guinee-bissau\/sites\/55\/2025\/12\/sm_1764712864.505372.jpg","datePublished":"2025-12-02T14:00:00+00:00","dateModified":"2025-12-02T14:01:29+00:00","author":{"@id":"https:\/\/www.africa-press.net\/guinee-bissau\/#\/schema\/person\/2b1cf3cd81a31e3cd26889ca66d677f1"},"description":"La Communaute\u0301 e\u0301conomique des E\u0301tats de l\u2019Afrique de l\u2019Ouest (CEDEAO) a suspendu la Guine\u0301e-Bissau de ses organes de de ...","breadcrumb":{"@id":"https:\/\/www.africa-press.net\/guinee-bissau\/politique\/la-cedeao-suspend-le-pays-apres-le-coup-detat#breadcrumb"},"inLanguage":"fr-FR","potentialAction":[{"@type":"ReadAction","target":["https:\/\/www.africa-press.net\/guinee-bissau\/politique\/la-cedeao-suspend-le-pays-apres-le-coup-detat"]}]},{"@type":"ImageObject","inLanguage":"fr-FR","@id":"https:\/\/www.africa-press.net\/guinee-bissau\/politique\/la-cedeao-suspend-le-pays-apres-le-coup-detat#primaryimage","url":"https:\/\/static.africa-press.net\/guinee-bissau\/sites\/55\/2025\/12\/sm_1764712864.505372.jpg","contentUrl":"https:\/\/static.africa-press.net\/guinee-bissau\/sites\/55\/2025\/12\/sm_1764712864.505372.jpg","width":864,"height":486,"caption":"La CEDEAO Suspend le Pays Apre\u0300S le Coup D\u2019E\u0301Tat"},{"@type":"BreadcrumbList","@id":"https:\/\/www.africa-press.net\/guinee-bissau\/politique\/la-cedeao-suspend-le-pays-apres-le-coup-detat#breadcrumb","itemListElement":[{"@type":"ListItem","position":1,"name":"Accueil","item":"https:\/\/www.africa-press.net\/guinee-bissau\/"},{"@type":"ListItem","position":2,"name":"La CEDEAO Suspend le Pays Apre\u0300S le Coup D\u2019E\u0301Tat"}]},{"@type":"WebSite","@id":"https:\/\/www.africa-press.net\/guinee-bissau\/#website","url":"https:\/\/www.africa-press.net\/guinee-bissau\/","name":"Guin\u00e9e Bissau","description":"Just another Africa News Agency Sites site","potentialAction":[{"@type":"SearchAction","target":{"@type":"EntryPoint","urlTemplate":"https:\/\/www.africa-press.net\/guinee-bissau\/?s={search_term_string}"},"query-input":{"@type":"PropertyValueSpecification","valueRequired":true,"valueName":"search_term_string"}}],"inLanguage":"fr-FR"},{"@type":"Person","@id":"https:\/\/www.africa-press.net\/guinee-bissau\/#\/schema\/person\/2b1cf3cd81a31e3cd26889ca66d677f1","name":"cfeditorfr"}]}},"_links":{"self":[{"href":"https:\/\/www.africa-press.net\/guinee-bissau\/wp-json\/wp\/v2\/posts\/23711","targetHints":{"allow":["GET"]}}],"collection":[{"href":"https:\/\/www.africa-press.net\/guinee-bissau\/wp-json\/wp\/v2\/posts"}],"about":[{"href":"https:\/\/www.africa-press.net\/guinee-bissau\/wp-json\/wp\/v2\/types\/post"}],"author":[{"embeddable":true,"href":"https:\/\/www.africa-press.net\/guinee-bissau\/wp-json\/wp\/v2\/users\/82"}],"replies":[{"embeddable":true,"href":"https:\/\/www.africa-press.net\/guinee-bissau\/wp-json\/wp\/v2\/comments?post=23711"}],"version-history":[{"count":0,"href":"https:\/\/www.africa-press.net\/guinee-bissau\/wp-json\/wp\/v2\/posts\/23711\/revisions"}],"wp:featuredmedia":[{"embeddable":true,"href":"https:\/\/www.africa-press.net\/guinee-bissau\/wp-json\/wp\/v2\/media\/23710"}],"wp:attachment":[{"href":"https:\/\/www.africa-press.net\/guinee-bissau\/wp-json\/wp\/v2\/media?parent=23711"}],"wp:term":[{"taxonomy":"category","embeddable":true,"href":"https:\/\/www.africa-press.net\/guinee-bissau\/wp-json\/wp\/v2\/categories?post=23711"},{"taxonomy":"post_tag","embeddable":true,"href":"https:\/\/www.africa-press.net\/guinee-bissau\/wp-json\/wp\/v2\/tags?post=23711"}],"curies":[{"name":"wp","href":"https:\/\/api.w.org\/{rel}","templated":true}]}}