{"id":23788,"date":"2025-12-05T14:00:00","date_gmt":"2025-12-05T14:00:00","guid":{"rendered":"https:\/\/www.africa-press.net\/guinee-bissau\/politique\/proche-dumaro-sissoco-embalo-nomme-procureur"},"modified":"2025-12-05T19:58:50","modified_gmt":"2025-12-05T19:58:50","slug":"proche-dumaro-sissoco-embalo-nomme-procureur","status":"publish","type":"post","link":"https:\/\/www.africa-press.net\/guinee-bissau\/politique\/proche-dumaro-sissoco-embalo-nomme-procureur","title":{"rendered":"Proche D&rsquo;Umaro Sissoco Embalo Nomm\u00e9 Procureur"},"content":{"rendered":"<p><span style=\"color: #ff6600\"><strong>Africa-Press &#8211; Guinee Bissau. <\/strong><\/span>Pre\u0300s de dix jours apre\u0300s le coup d&rsquo;E\u0301tat en Guine\u0301e-Bissau, survenu le 26 novembre 2025, le haut-commandement militaire a annonce\u0301 la mise en place d\u2019un Conseil national de transition et d&rsquo;une charte de transition. L&rsquo;arme\u0301e s&rsquo;installe et vient de nommer ce vendredi 5 de\u0301cembre un nouveau procureur de la Re\u0301publique.<\/p>\n<p>Ahmed Tidiane Balde, l\u2019ancien pre\u0301sident de la Cour des comptes, qui e\u0301tait donc charge\u0301 de certifier les comptes publics, a e\u0301te\u0301 nomme\u0301 procureur de la Re\u0301publique par la junte au pouvoir ce vendredi 5 de\u0301cembre 2025. Il s&rsquo;agit d&rsquo;un autre proche du pre\u0301sident sortant, Umaro Sissoco Embalo, selon plusieurs sources.<\/p>\n<p>Ce procureur voit ses attributions renforce\u0301es par la junte au pouvoir. C\u2019est ce qu\u2019on peut lire dans le de\u0301cret n\u00b03 rendu public jeudi 4 de\u0301cembre et qui annonce la mise en place d\u2019une charte de transition. Ce de\u0301cret, dans son article premier, dissous le Conseil supe\u0301rieur de la magistrature. C\u2019est la disparition de cet organe colle\u0301gial de contro\u0302le du pouvoir judiciaire.<\/p>\n<p>Le procureur, quant a\u0300 lui, se voit octroyer des super-pouvoirs. Il peut nommer son adjoint, tout comme le procureur ge\u0301ne\u0301ral, mais aussi nommer les juges a\u0300 la te\u0302te des diffe\u0301rents tribunaux du pays, et de\u0301cider de leur mutation.<\/p>\n<p><b>Disparition du contro\u0302le du pouvoir exe\u0301cutif<\/b><\/p>\n<p>L\u2019e\u0301cole de la magistrature, qui forme et se\u0301lectionne les magistrats sur concours, elle, est suspendue le temps de la transition. Pour une membre de l\u2019ordre national des avocats, jointe par RFI, ce de\u0301cret marque la disparition de l&rsquo;E\u0301tat de droit en Guine\u0301e-Bissau puisqu\u2019il n\u2019existe de\u0301sormais plus d\u2019organe de contro\u0302le du pouvoir exe\u0301cutif de\u0301tenu par l\u2019arme\u0301e.<\/p>\n<p>La junte au pouvoir a e\u0301galement annonce\u0301 la cre\u0301ation d\u2019un conseil national de transition, la\u0300 encore par de\u0301cret. Le haut commandement militaire n\u2019a pas encore donne\u0301 d&rsquo;information sur le nombre ou l&rsquo;identite\u0301 des personnes qui le composent.<\/p>\n<p>Ce Conseil de transition servira en tout cas a\u0300 remplacer l\u2019Assemble\u0301e nationale puisque tout le processus e\u0301lectoral de la pre\u0301sidentielle, mais aussi l\u2019e\u0301lection des de\u0301pute\u0301s, a e\u0301te\u0301 suspendue par le coup d&rsquo;E\u0301tat la semaine dernie\u0300re.<\/p>\n<p><strong>Pour plus d&rsquo;informations et d&rsquo;analyses sur la <span style=\"color: #ff6600\">Guinee Bissau<\/span>, suivez <span style=\"color: #ff6600\">Africa-Press<\/span><\/strong><\/p>\n","protected":false},"excerpt":{"rendered":"<p>Africa-Press &#8211; Guinee Bissau. Pre\u0300s de dix jours apre\u0300s le coup d&rsquo;E\u0301tat en Guine\u0301e-Bissau, survenu le 26 novembre 2025, le haut-commandement militaire a annonce\u0301 la mise en place d\u2019un Conseil national de transition et d&rsquo;une charte de transition. L&rsquo;arme\u0301e s&rsquo;installe et vient de nommer ce vendredi 5 de\u0301cembre un nouveau procureur de la Re\u0301publique. Ahmed [&hellip;]<\/p>\n","protected":false},"author":82,"featured_media":23787,"comment_status":"open","ping_status":"closed","sticky":false,"template":"","format":"standard","meta":{"footnotes":""},"categories":[2,51,20,10],"tags":[50],"class_list":["post-23788","post","type-post","status-publish","format-standard","has-post-thumbnail","hentry","category-politique","category-to-homepage","category-top-nouvelles","category-toutes-les-actualites","tag-guinee-bissau"],"yoast_head":"<!-- This site is optimized with the Yoast SEO Premium plugin v26.1 (Yoast SEO v27.0) - https:\/\/yoast.com\/product\/yoast-seo-premium-wordpress\/ -->\n<title>Proche D&#039;Umaro Sissoco Embalo Nomm\u00e9 Procureur - Guin\u00e9e Bissau<\/title>\n<meta name=\"description\" content=\"Pre\u0300s de dix jours apre\u0300s le coup d&#039;E\u0301tat en Guine\u0301e-Bissau, survenu le 26 novembre 2025, le haut-commandement militaire ...\" \/>\n<meta name=\"robots\" content=\"index, follow, max-snippet:-1, max-image-preview:large, max-video-preview:-1\" \/>\n<link rel=\"canonical\" href=\"https:\/\/www.africa-press.net\/guinee-bissau\/politique\/proche-dumaro-sissoco-embalo-nomme-procureur\" \/>\n<meta property=\"og:locale\" content=\"fr_FR\" \/>\n<meta property=\"og:type\" content=\"article\" \/>\n<meta property=\"og:title\" content=\"Proche D&#039;Umaro Sissoco Embalo Nomm\u00e9 Procureur\" \/>\n<meta property=\"og:description\" content=\"Pre\u0300s de dix jours apre\u0300s le coup d&#039;E\u0301tat en Guine\u0301e-Bissau, survenu le 26 novembre 2025, le haut-commandement militaire ...\" \/>\n<meta property=\"og:url\" content=\"https:\/\/www.africa-press.net\/guinee-bissau\/politique\/proche-dumaro-sissoco-embalo-nomme-procureur\" \/>\n<meta property=\"og:site_name\" content=\"Guin\u00e9e Bissau\" \/>\n<meta property=\"article:published_time\" content=\"2025-12-05T14:00:00+00:00\" \/>\n<meta property=\"article:modified_time\" content=\"2025-12-05T19:58:50+00:00\" \/>\n<meta property=\"og:image\" content=\"https:\/\/static.africa-press.net\/guinee-bissau\/sites\/55\/2025\/12\/sm_1764993408.062333.jpg\" \/>\n\t<meta property=\"og:image:width\" content=\"957\" \/>\n\t<meta property=\"og:image:height\" content=\"533\" \/>\n\t<meta property=\"og:image:type\" content=\"image\/jpeg\" \/>\n<meta name=\"author\" content=\"cfeditorfr\" \/>\n<meta name=\"twitter:card\" content=\"summary_large_image\" \/>\n<meta name=\"twitter:label1\" content=\"\u00c9crit par\" \/>\n\t<meta name=\"twitter:data1\" content=\"cfeditorfr\" \/>\n\t<meta name=\"twitter:label2\" content=\"Dur\u00e9e de lecture estim\u00e9e\" \/>\n\t<meta name=\"twitter:data2\" content=\"2 minutes\" \/>\n<script type=\"application\/ld+json\" class=\"yoast-schema-graph\">{\"@context\":\"https:\/\/schema.org\",\"@graph\":[{\"@type\":\"Article\",\"@id\":\"https:\/\/www.africa-press.net\/guinee-bissau\/politique\/proche-dumaro-sissoco-embalo-nomme-procureur#article\",\"isPartOf\":{\"@id\":\"https:\/\/www.africa-press.net\/guinee-bissau\/politique\/proche-dumaro-sissoco-embalo-nomme-procureur\"},\"author\":{\"name\":\"cfeditorfr\",\"@id\":\"https:\/\/www.africa-press.net\/guinee-bissau\/#\/schema\/person\/2b1cf3cd81a31e3cd26889ca66d677f1\"},\"headline\":\"Proche D&rsquo;Umaro Sissoco Embalo Nomm\u00e9 Procureur\",\"datePublished\":\"2025-12-05T14:00:00+00:00\",\"dateModified\":\"2025-12-05T19:58:50+00:00\",\"mainEntityOfPage\":{\"@id\":\"https:\/\/www.africa-press.net\/guinee-bissau\/politique\/proche-dumaro-sissoco-embalo-nomme-procureur\"},\"wordCount\":425,\"commentCount\":0,\"image\":{\"@id\":\"https:\/\/www.africa-press.net\/guinee-bissau\/politique\/proche-dumaro-sissoco-embalo-nomme-procureur#primaryimage\"},\"thumbnailUrl\":\"https:\/\/static.africa-press.net\/guinee-bissau\/sites\/55\/2025\/12\/sm_1764993408.062333.jpg\",\"keywords\":[\"Guinee Bissau\"],\"articleSection\":[\"Politique\",\"to-homepage\",\"Top Nouvelles\",\"Toutes les actualit\u00e9s\"],\"inLanguage\":\"fr-FR\",\"potentialAction\":[{\"@type\":\"CommentAction\",\"name\":\"Comment\",\"target\":[\"https:\/\/www.africa-press.net\/guinee-bissau\/politique\/proche-dumaro-sissoco-embalo-nomme-procureur#respond\"]}]},{\"@type\":\"WebPage\",\"@id\":\"https:\/\/www.africa-press.net\/guinee-bissau\/politique\/proche-dumaro-sissoco-embalo-nomme-procureur\",\"url\":\"https:\/\/www.africa-press.net\/guinee-bissau\/politique\/proche-dumaro-sissoco-embalo-nomme-procureur\",\"name\":\"Proche D'Umaro Sissoco Embalo Nomm\u00e9 Procureur - Guin\u00e9e Bissau\",\"isPartOf\":{\"@id\":\"https:\/\/www.africa-press.net\/guinee-bissau\/#website\"},\"primaryImageOfPage\":{\"@id\":\"https:\/\/www.africa-press.net\/guinee-bissau\/politique\/proche-dumaro-sissoco-embalo-nomme-procureur#primaryimage\"},\"image\":{\"@id\":\"https:\/\/www.africa-press.net\/guinee-bissau\/politique\/proche-dumaro-sissoco-embalo-nomme-procureur#primaryimage\"},\"thumbnailUrl\":\"https:\/\/static.africa-press.net\/guinee-bissau\/sites\/55\/2025\/12\/sm_1764993408.062333.jpg\",\"datePublished\":\"2025-12-05T14:00:00+00:00\",\"dateModified\":\"2025-12-05T19:58:50+00:00\",\"author\":{\"@id\":\"https:\/\/www.africa-press.net\/guinee-bissau\/#\/schema\/person\/2b1cf3cd81a31e3cd26889ca66d677f1\"},\"description\":\"Pre\u0300s de dix jours apre\u0300s le coup d'E\u0301tat en Guine\u0301e-Bissau, survenu le 26 novembre 2025, le haut-commandement militaire ...\",\"breadcrumb\":{\"@id\":\"https:\/\/www.africa-press.net\/guinee-bissau\/politique\/proche-dumaro-sissoco-embalo-nomme-procureur#breadcrumb\"},\"inLanguage\":\"fr-FR\",\"potentialAction\":[{\"@type\":\"ReadAction\",\"target\":[\"https:\/\/www.africa-press.net\/guinee-bissau\/politique\/proche-dumaro-sissoco-embalo-nomme-procureur\"]}]},{\"@type\":\"ImageObject\",\"inLanguage\":\"fr-FR\",\"@id\":\"https:\/\/www.africa-press.net\/guinee-bissau\/politique\/proche-dumaro-sissoco-embalo-nomme-procureur#primaryimage\",\"url\":\"https:\/\/static.africa-press.net\/guinee-bissau\/sites\/55\/2025\/12\/sm_1764993408.062333.jpg\",\"contentUrl\":\"https:\/\/static.africa-press.net\/guinee-bissau\/sites\/55\/2025\/12\/sm_1764993408.062333.jpg\",\"width\":957,\"height\":533,\"caption\":\"Proche D'Umaro Sissoco Embalo Nomm\u00e9 Procureur\"},{\"@type\":\"BreadcrumbList\",\"@id\":\"https:\/\/www.africa-press.net\/guinee-bissau\/politique\/proche-dumaro-sissoco-embalo-nomme-procureur#breadcrumb\",\"itemListElement\":[{\"@type\":\"ListItem\",\"position\":1,\"name\":\"Accueil\",\"item\":\"https:\/\/www.africa-press.net\/guinee-bissau\/\"},{\"@type\":\"ListItem\",\"position\":2,\"name\":\"Proche D&#8217;Umaro Sissoco Embalo Nomm\u00e9 Procureur\"}]},{\"@type\":\"WebSite\",\"@id\":\"https:\/\/www.africa-press.net\/guinee-bissau\/#website\",\"url\":\"https:\/\/www.africa-press.net\/guinee-bissau\/\",\"name\":\"Guin\u00e9e Bissau\",\"description\":\"Just another Africa News Agency Sites site\",\"potentialAction\":[{\"@type\":\"SearchAction\",\"target\":{\"@type\":\"EntryPoint\",\"urlTemplate\":\"https:\/\/www.africa-press.net\/guinee-bissau\/?s={search_term_string}\"},\"query-input\":{\"@type\":\"PropertyValueSpecification\",\"valueRequired\":true,\"valueName\":\"search_term_string\"}}],\"inLanguage\":\"fr-FR\"},{\"@type\":\"Person\",\"@id\":\"https:\/\/www.africa-press.net\/guinee-bissau\/#\/schema\/person\/2b1cf3cd81a31e3cd26889ca66d677f1\",\"name\":\"cfeditorfr\"}]}<\/script>\n<!-- \/ Yoast SEO Premium plugin. -->","yoast_head_json":{"title":"Proche D'Umaro Sissoco Embalo Nomm\u00e9 Procureur - Guin\u00e9e Bissau","description":"Pre\u0300s de dix jours apre\u0300s le coup d'E\u0301tat en Guine\u0301e-Bissau, survenu le 26 novembre 2025, le haut-commandement militaire ...","robots":{"index":"index","follow":"follow","max-snippet":"max-snippet:-1","max-image-preview":"max-image-preview:large","max-video-preview":"max-video-preview:-1"},"canonical":"https:\/\/www.africa-press.net\/guinee-bissau\/politique\/proche-dumaro-sissoco-embalo-nomme-procureur","og_locale":"fr_FR","og_type":"article","og_title":"Proche D'Umaro Sissoco Embalo Nomm\u00e9 Procureur","og_description":"Pre\u0300s de dix jours apre\u0300s le coup d'E\u0301tat en Guine\u0301e-Bissau, survenu le 26 novembre 2025, le haut-commandement militaire ...","og_url":"https:\/\/www.africa-press.net\/guinee-bissau\/politique\/proche-dumaro-sissoco-embalo-nomme-procureur","og_site_name":"Guin\u00e9e Bissau","article_published_time":"2025-12-05T14:00:00+00:00","article_modified_time":"2025-12-05T19:58:50+00:00","og_image":[{"width":957,"height":533,"url":"https:\/\/static.africa-press.net\/guinee-bissau\/sites\/55\/2025\/12\/sm_1764993408.062333.jpg","type":"image\/jpeg"}],"author":"cfeditorfr","twitter_card":"summary_large_image","twitter_misc":{"\u00c9crit par":"cfeditorfr","Dur\u00e9e de lecture estim\u00e9e":"2 minutes"},"schema":{"@context":"https:\/\/schema.org","@graph":[{"@type":"Article","@id":"https:\/\/www.africa-press.net\/guinee-bissau\/politique\/proche-dumaro-sissoco-embalo-nomme-procureur#article","isPartOf":{"@id":"https:\/\/www.africa-press.net\/guinee-bissau\/politique\/proche-dumaro-sissoco-embalo-nomme-procureur"},"author":{"name":"cfeditorfr","@id":"https:\/\/www.africa-press.net\/guinee-bissau\/#\/schema\/person\/2b1cf3cd81a31e3cd26889ca66d677f1"},"headline":"Proche D&rsquo;Umaro Sissoco Embalo Nomm\u00e9 Procureur","datePublished":"2025-12-05T14:00:00+00:00","dateModified":"2025-12-05T19:58:50+00:00","mainEntityOfPage":{"@id":"https:\/\/www.africa-press.net\/guinee-bissau\/politique\/proche-dumaro-sissoco-embalo-nomme-procureur"},"wordCount":425,"commentCount":0,"image":{"@id":"https:\/\/www.africa-press.net\/guinee-bissau\/politique\/proche-dumaro-sissoco-embalo-nomme-procureur#primaryimage"},"thumbnailUrl":"https:\/\/static.africa-press.net\/guinee-bissau\/sites\/55\/2025\/12\/sm_1764993408.062333.jpg","keywords":["Guinee Bissau"],"articleSection":["Politique","to-homepage","Top Nouvelles","Toutes les actualit\u00e9s"],"inLanguage":"fr-FR","potentialAction":[{"@type":"CommentAction","name":"Comment","target":["https:\/\/www.africa-press.net\/guinee-bissau\/politique\/proche-dumaro-sissoco-embalo-nomme-procureur#respond"]}]},{"@type":"WebPage","@id":"https:\/\/www.africa-press.net\/guinee-bissau\/politique\/proche-dumaro-sissoco-embalo-nomme-procureur","url":"https:\/\/www.africa-press.net\/guinee-bissau\/politique\/proche-dumaro-sissoco-embalo-nomme-procureur","name":"Proche D'Umaro Sissoco Embalo Nomm\u00e9 Procureur - Guin\u00e9e Bissau","isPartOf":{"@id":"https:\/\/www.africa-press.net\/guinee-bissau\/#website"},"primaryImageOfPage":{"@id":"https:\/\/www.africa-press.net\/guinee-bissau\/politique\/proche-dumaro-sissoco-embalo-nomme-procureur#primaryimage"},"image":{"@id":"https:\/\/www.africa-press.net\/guinee-bissau\/politique\/proche-dumaro-sissoco-embalo-nomme-procureur#primaryimage"},"thumbnailUrl":"https:\/\/static.africa-press.net\/guinee-bissau\/sites\/55\/2025\/12\/sm_1764993408.062333.jpg","datePublished":"2025-12-05T14:00:00+00:00","dateModified":"2025-12-05T19:58:50+00:00","author":{"@id":"https:\/\/www.africa-press.net\/guinee-bissau\/#\/schema\/person\/2b1cf3cd81a31e3cd26889ca66d677f1"},"description":"Pre\u0300s de dix jours apre\u0300s le coup d'E\u0301tat en Guine\u0301e-Bissau, survenu le 26 novembre 2025, le haut-commandement militaire ...","breadcrumb":{"@id":"https:\/\/www.africa-press.net\/guinee-bissau\/politique\/proche-dumaro-sissoco-embalo-nomme-procureur#breadcrumb"},"inLanguage":"fr-FR","potentialAction":[{"@type":"ReadAction","target":["https:\/\/www.africa-press.net\/guinee-bissau\/politique\/proche-dumaro-sissoco-embalo-nomme-procureur"]}]},{"@type":"ImageObject","inLanguage":"fr-FR","@id":"https:\/\/www.africa-press.net\/guinee-bissau\/politique\/proche-dumaro-sissoco-embalo-nomme-procureur#primaryimage","url":"https:\/\/static.africa-press.net\/guinee-bissau\/sites\/55\/2025\/12\/sm_1764993408.062333.jpg","contentUrl":"https:\/\/static.africa-press.net\/guinee-bissau\/sites\/55\/2025\/12\/sm_1764993408.062333.jpg","width":957,"height":533,"caption":"Proche D'Umaro Sissoco Embalo Nomm\u00e9 Procureur"},{"@type":"BreadcrumbList","@id":"https:\/\/www.africa-press.net\/guinee-bissau\/politique\/proche-dumaro-sissoco-embalo-nomme-procureur#breadcrumb","itemListElement":[{"@type":"ListItem","position":1,"name":"Accueil","item":"https:\/\/www.africa-press.net\/guinee-bissau\/"},{"@type":"ListItem","position":2,"name":"Proche D&#8217;Umaro Sissoco Embalo Nomm\u00e9 Procureur"}]},{"@type":"WebSite","@id":"https:\/\/www.africa-press.net\/guinee-bissau\/#website","url":"https:\/\/www.africa-press.net\/guinee-bissau\/","name":"Guin\u00e9e Bissau","description":"Just another Africa News Agency Sites site","potentialAction":[{"@type":"SearchAction","target":{"@type":"EntryPoint","urlTemplate":"https:\/\/www.africa-press.net\/guinee-bissau\/?s={search_term_string}"},"query-input":{"@type":"PropertyValueSpecification","valueRequired":true,"valueName":"search_term_string"}}],"inLanguage":"fr-FR"},{"@type":"Person","@id":"https:\/\/www.africa-press.net\/guinee-bissau\/#\/schema\/person\/2b1cf3cd81a31e3cd26889ca66d677f1","name":"cfeditorfr"}]}},"_links":{"self":[{"href":"https:\/\/www.africa-press.net\/guinee-bissau\/wp-json\/wp\/v2\/posts\/23788","targetHints":{"allow":["GET"]}}],"collection":[{"href":"https:\/\/www.africa-press.net\/guinee-bissau\/wp-json\/wp\/v2\/posts"}],"about":[{"href":"https:\/\/www.africa-press.net\/guinee-bissau\/wp-json\/wp\/v2\/types\/post"}],"author":[{"embeddable":true,"href":"https:\/\/www.africa-press.net\/guinee-bissau\/wp-json\/wp\/v2\/users\/82"}],"replies":[{"embeddable":true,"href":"https:\/\/www.africa-press.net\/guinee-bissau\/wp-json\/wp\/v2\/comments?post=23788"}],"version-history":[{"count":0,"href":"https:\/\/www.africa-press.net\/guinee-bissau\/wp-json\/wp\/v2\/posts\/23788\/revisions"}],"wp:featuredmedia":[{"embeddable":true,"href":"https:\/\/www.africa-press.net\/guinee-bissau\/wp-json\/wp\/v2\/media\/23787"}],"wp:attachment":[{"href":"https:\/\/www.africa-press.net\/guinee-bissau\/wp-json\/wp\/v2\/media?parent=23788"}],"wp:term":[{"taxonomy":"category","embeddable":true,"href":"https:\/\/www.africa-press.net\/guinee-bissau\/wp-json\/wp\/v2\/categories?post=23788"},{"taxonomy":"post_tag","embeddable":true,"href":"https:\/\/www.africa-press.net\/guinee-bissau\/wp-json\/wp\/v2\/tags?post=23788"}],"curies":[{"name":"wp","href":"https:\/\/api.w.org\/{rel}","templated":true}]}}