{"id":3562,"date":"2022-10-07T16:10:35","date_gmt":"2022-10-07T16:10:35","guid":{"rendered":"https:\/\/www.africa-press.net\/guinee-bissau\/politique\/entretien-du-president-de-la-republique-s-e-m-alassane-ouattara-avec-le-president-de-la-republique-de-guinee-bissau-s-e-m-umaru-sissoco-embalo"},"modified":"2022-10-07T16:10:35","modified_gmt":"2022-10-07T16:10:35","slug":"entretien-du-president-de-la-republique-s-e-m-alassane-ouattara-avec-le-president-de-la-republique-de-guinee-bissau-s-e-m-umaru-sissoco-embalo","status":"publish","type":"post","link":"https:\/\/www.africa-press.net\/guinee-bissau\/politique\/entretien-du-president-de-la-republique-s-e-m-alassane-ouattara-avec-le-president-de-la-republique-de-guinee-bissau-s-e-m-umaru-sissoco-embalo","title":{"rendered":"Entretien du Pr\u00e9sident de la R\u00e9publique, S.E.M Alassane OUATTARA, avec le Pr\u00e9sident de la R\u00e9publique de Guin\u00e9e &#8211; Bissau, S.E. M. Umaru Sissoco EMBALO"},"content":{"rendered":"<p><span style=\"color: #ff6600\"><strong>Africa-Press &#8211; Guinee Bissau. <\/strong><\/span>Abidjan, vendredi 07 octobre 2022. Entretien du Pr\u00e9sident de la R\u00e9publique, S. E. M Alassane OUATTARA, avec le Pr\u00e9sident de la R\u00e9publique de Guin\u00e9e &#8211; Bissau, S. E. M.<\/p>\n<p>Umaru Sissoco EMBALO, Pr\u00e9sident en exercice de la CEDEAO au Palais de la Pr\u00e9sidence de la R\u00e9publique, dans le cadre d&rsquo;une Visite d&rsquo;Amiti\u00e9 et de Travail qu&rsquo;il effectue en C\u00f4te d&rsquo;Ivoire.<\/p>\n<p><strong>Pour plus d&rsquo;informations et d&rsquo;analyses sur la <a href=\"https:\/\/www.africa-press.net\/guinee-bissau\">Guinee Bissau<\/a>, suivez <a href=\"https:\/\/www.africa-press.net\/\">Africa-Press<\/a><\/strong><\/p>\n","protected":false},"excerpt":{"rendered":"<p>Africa-Press &#8211; Guinee Bissau. Abidjan, vendredi 07 octobre 2022. Entretien du Pr\u00e9sident de la R\u00e9publique, S. E. M Alassane OUATTARA, avec le Pr\u00e9sident de la R\u00e9publique de Guin\u00e9e &#8211; Bissau, S. E. M. Umaru Sissoco EMBALO, Pr\u00e9sident en exercice de la CEDEAO au Palais de la Pr\u00e9sidence de la R\u00e9publique, dans le cadre d&rsquo;une Visite [&hellip;]<\/p>\n","protected":false},"author":82,"featured_media":3561,"comment_status":"open","ping_status":"closed","sticky":false,"template":"","format":"standard","meta":{"footnotes":""},"categories":[11,2,20,10],"tags":[36,49,50],"class_list":["post-3562","post","type-post","status-publish","format-standard","has-post-thumbnail","hentry","category-homepage-french","category-politique","category-top-nouvelles","category-toutes-les-actualites","tag-africa-press","tag-africa-press-guinee-bissau","tag-guinee-bissau"],"yoast_head":"<!-- This site is optimized with the Yoast SEO Premium plugin v26.1 (Yoast SEO v27.0) - https:\/\/yoast.com\/product\/yoast-seo-premium-wordpress\/ -->\n<title>Entretien du Pr\u00e9sident de la R\u00e9publique, S.E.M Alassane OUATTARA, avec le Pr\u00e9sident de la R\u00e9publique de Guin\u00e9e - Bissau, S.E. M. Umaru Sissoco EMBALO - Guin\u00e9e Bissau<\/title>\n<meta name=\"robots\" content=\"index, follow, max-snippet:-1, max-image-preview:large, max-video-preview:-1\" \/>\n<link rel=\"canonical\" href=\"https:\/\/www.africa-press.net\/guinee-bissau\/politique\/entretien-du-president-de-la-republique-s-e-m-alassane-ouattara-avec-le-president-de-la-republique-de-guinee-bissau-s-e-m-umaru-sissoco-embalo\" \/>\n<meta property=\"og:locale\" content=\"fr_FR\" \/>\n<meta property=\"og:type\" content=\"article\" \/>\n<meta property=\"og:title\" content=\"Entretien du Pr\u00e9sident de la R\u00e9publique, S.E.M Alassane OUATTARA, avec le Pr\u00e9sident de la R\u00e9publique de Guin\u00e9e - Bissau, S.E. M. Umaru Sissoco EMBALO\" \/>\n<meta property=\"og:description\" content=\"Africa-Press &#8211; Guinee Bissau. Abidjan, vendredi 07 octobre 2022. Entretien du Pr\u00e9sident de la R\u00e9publique, S. E. M Alassane OUATTARA, avec le Pr\u00e9sident de la R\u00e9publique de Guin\u00e9e &#8211; Bissau, S. E. M. Umaru Sissoco EMBALO, Pr\u00e9sident en exercice de la CEDEAO au Palais de la Pr\u00e9sidence de la R\u00e9publique, dans le cadre d&rsquo;une Visite [&hellip;]\" \/>\n<meta property=\"og:url\" content=\"https:\/\/www.africa-press.net\/guinee-bissau\/politique\/entretien-du-president-de-la-republique-s-e-m-alassane-ouattara-avec-le-president-de-la-republique-de-guinee-bissau-s-e-m-umaru-sissoco-embalo\" \/>\n<meta property=\"og:site_name\" content=\"Guin\u00e9e Bissau\" \/>\n<meta property=\"article:published_time\" content=\"2022-10-07T16:10:35+00:00\" \/>\n<meta name=\"author\" content=\"cfeditorfr\" \/>\n<meta name=\"twitter:card\" content=\"summary_large_image\" \/>\n<meta name=\"twitter:label1\" content=\"\u00c9crit par\" \/>\n\t<meta name=\"twitter:data1\" content=\"cfeditorfr\" \/>\n<script type=\"application\/ld+json\" class=\"yoast-schema-graph\">{\"@context\":\"https:\/\/schema.org\",\"@graph\":[{\"@type\":\"Article\",\"@id\":\"https:\/\/www.africa-press.net\/guinee-bissau\/politique\/entretien-du-president-de-la-republique-s-e-m-alassane-ouattara-avec-le-president-de-la-republique-de-guinee-bissau-s-e-m-umaru-sissoco-embalo#article\",\"isPartOf\":{\"@id\":\"https:\/\/www.africa-press.net\/guinee-bissau\/politique\/entretien-du-president-de-la-republique-s-e-m-alassane-ouattara-avec-le-president-de-la-republique-de-guinee-bissau-s-e-m-umaru-sissoco-embalo\"},\"author\":{\"name\":\"cfeditorfr\",\"@id\":\"https:\/\/www.africa-press.net\/guinee-bissau\/#\/schema\/person\/2b1cf3cd81a31e3cd26889ca66d677f1\"},\"headline\":\"Entretien du Pr\u00e9sident de la R\u00e9publique, S.E.M Alassane OUATTARA, avec le Pr\u00e9sident de la R\u00e9publique de Guin\u00e9e &#8211; Bissau, S.E. M. Umaru Sissoco EMBALO\",\"datePublished\":\"2022-10-07T16:10:35+00:00\",\"mainEntityOfPage\":{\"@id\":\"https:\/\/www.africa-press.net\/guinee-bissau\/politique\/entretien-du-president-de-la-republique-s-e-m-alassane-ouattara-avec-le-president-de-la-republique-de-guinee-bissau-s-e-m-umaru-sissoco-embalo\"},\"wordCount\":120,\"commentCount\":0,\"image\":{\"@id\":\"https:\/\/www.africa-press.net\/guinee-bissau\/politique\/entretien-du-president-de-la-republique-s-e-m-alassane-ouattara-avec-le-president-de-la-republique-de-guinee-bissau-s-e-m-umaru-sissoco-embalo#primaryimage\"},\"thumbnailUrl\":\"https:\/\/static.africa-press.net\/guinee-bissau\/sites\/55\/2022\/10\/postQueueImg_1-6340527203964.jpg\",\"keywords\":[\"Africa Press\",\"Africa Press-Guinee Bissau\",\"Guinee Bissau\"],\"articleSection\":[\"homepage-french\",\"Politique\",\"Top Nouvelles\",\"Toutes les actualit\u00e9s\"],\"inLanguage\":\"fr-FR\",\"potentialAction\":[{\"@type\":\"CommentAction\",\"name\":\"Comment\",\"target\":[\"https:\/\/www.africa-press.net\/guinee-bissau\/politique\/entretien-du-president-de-la-republique-s-e-m-alassane-ouattara-avec-le-president-de-la-republique-de-guinee-bissau-s-e-m-umaru-sissoco-embalo#respond\"]}]},{\"@type\":\"WebPage\",\"@id\":\"https:\/\/www.africa-press.net\/guinee-bissau\/politique\/entretien-du-president-de-la-republique-s-e-m-alassane-ouattara-avec-le-president-de-la-republique-de-guinee-bissau-s-e-m-umaru-sissoco-embalo\",\"url\":\"https:\/\/www.africa-press.net\/guinee-bissau\/politique\/entretien-du-president-de-la-republique-s-e-m-alassane-ouattara-avec-le-president-de-la-republique-de-guinee-bissau-s-e-m-umaru-sissoco-embalo\",\"name\":\"Entretien du Pr\u00e9sident de la R\u00e9publique, S.E.M Alassane OUATTARA, avec le Pr\u00e9sident de la R\u00e9publique de Guin\u00e9e - Bissau, S.E. M. Umaru Sissoco EMBALO - Guin\u00e9e Bissau\",\"isPartOf\":{\"@id\":\"https:\/\/www.africa-press.net\/guinee-bissau\/#website\"},\"primaryImageOfPage\":{\"@id\":\"https:\/\/www.africa-press.net\/guinee-bissau\/politique\/entretien-du-president-de-la-republique-s-e-m-alassane-ouattara-avec-le-president-de-la-republique-de-guinee-bissau-s-e-m-umaru-sissoco-embalo#primaryimage\"},\"image\":{\"@id\":\"https:\/\/www.africa-press.net\/guinee-bissau\/politique\/entretien-du-president-de-la-republique-s-e-m-alassane-ouattara-avec-le-president-de-la-republique-de-guinee-bissau-s-e-m-umaru-sissoco-embalo#primaryimage\"},\"thumbnailUrl\":\"https:\/\/static.africa-press.net\/guinee-bissau\/sites\/55\/2022\/10\/postQueueImg_1-6340527203964.jpg\",\"datePublished\":\"2022-10-07T16:10:35+00:00\",\"author\":{\"@id\":\"https:\/\/www.africa-press.net\/guinee-bissau\/#\/schema\/person\/2b1cf3cd81a31e3cd26889ca66d677f1\"},\"breadcrumb\":{\"@id\":\"https:\/\/www.africa-press.net\/guinee-bissau\/politique\/entretien-du-president-de-la-republique-s-e-m-alassane-ouattara-avec-le-president-de-la-republique-de-guinee-bissau-s-e-m-umaru-sissoco-embalo#breadcrumb\"},\"inLanguage\":\"fr-FR\",\"potentialAction\":[{\"@type\":\"ReadAction\",\"target\":[\"https:\/\/www.africa-press.net\/guinee-bissau\/politique\/entretien-du-president-de-la-republique-s-e-m-alassane-ouattara-avec-le-president-de-la-republique-de-guinee-bissau-s-e-m-umaru-sissoco-embalo\"]}]},{\"@type\":\"ImageObject\",\"inLanguage\":\"fr-FR\",\"@id\":\"https:\/\/www.africa-press.net\/guinee-bissau\/politique\/entretien-du-president-de-la-republique-s-e-m-alassane-ouattara-avec-le-president-de-la-republique-de-guinee-bissau-s-e-m-umaru-sissoco-embalo#primaryimage\",\"url\":\"https:\/\/static.africa-press.net\/guinee-bissau\/sites\/55\/2022\/10\/postQueueImg_1-6340527203964.jpg\",\"contentUrl\":\"https:\/\/static.africa-press.net\/guinee-bissau\/sites\/55\/2022\/10\/postQueueImg_1-6340527203964.jpg\",\"width\":685,\"height\":451,\"caption\":\"Entretien du Pr\u00e9sident de la R\u00e9publique, S.E.M Alassane OUATTARA, avec le Pr\u00e9sident de la R\u00e9publique de Guin\u00e9e - Bissau, S.E. M. Umaru Sissoco EMBALO\"},{\"@type\":\"BreadcrumbList\",\"@id\":\"https:\/\/www.africa-press.net\/guinee-bissau\/politique\/entretien-du-president-de-la-republique-s-e-m-alassane-ouattara-avec-le-president-de-la-republique-de-guinee-bissau-s-e-m-umaru-sissoco-embalo#breadcrumb\",\"itemListElement\":[{\"@type\":\"ListItem\",\"position\":1,\"name\":\"Accueil\",\"item\":\"https:\/\/www.africa-press.net\/guinee-bissau\/\"},{\"@type\":\"ListItem\",\"position\":2,\"name\":\"Entretien du Pr\u00e9sident de la R\u00e9publique, S.E.M Alassane OUATTARA, avec le Pr\u00e9sident de la R\u00e9publique de Guin\u00e9e &#8211; Bissau, S.E. M. Umaru Sissoco EMBALO\"}]},{\"@type\":\"WebSite\",\"@id\":\"https:\/\/www.africa-press.net\/guinee-bissau\/#website\",\"url\":\"https:\/\/www.africa-press.net\/guinee-bissau\/\",\"name\":\"Guin\u00e9e Bissau\",\"description\":\"Just another Africa News Agency Sites site\",\"potentialAction\":[{\"@type\":\"SearchAction\",\"target\":{\"@type\":\"EntryPoint\",\"urlTemplate\":\"https:\/\/www.africa-press.net\/guinee-bissau\/?s={search_term_string}\"},\"query-input\":{\"@type\":\"PropertyValueSpecification\",\"valueRequired\":true,\"valueName\":\"search_term_string\"}}],\"inLanguage\":\"fr-FR\"},{\"@type\":\"Person\",\"@id\":\"https:\/\/www.africa-press.net\/guinee-bissau\/#\/schema\/person\/2b1cf3cd81a31e3cd26889ca66d677f1\",\"name\":\"cfeditorfr\"}]}<\/script>\n<!-- \/ Yoast SEO Premium plugin. -->","yoast_head_json":{"title":"Entretien du Pr\u00e9sident de la R\u00e9publique, S.E.M Alassane OUATTARA, avec le Pr\u00e9sident de la R\u00e9publique de Guin\u00e9e - Bissau, S.E. M. Umaru Sissoco EMBALO - Guin\u00e9e Bissau","robots":{"index":"index","follow":"follow","max-snippet":"max-snippet:-1","max-image-preview":"max-image-preview:large","max-video-preview":"max-video-preview:-1"},"canonical":"https:\/\/www.africa-press.net\/guinee-bissau\/politique\/entretien-du-president-de-la-republique-s-e-m-alassane-ouattara-avec-le-president-de-la-republique-de-guinee-bissau-s-e-m-umaru-sissoco-embalo","og_locale":"fr_FR","og_type":"article","og_title":"Entretien du Pr\u00e9sident de la R\u00e9publique, S.E.M Alassane OUATTARA, avec le Pr\u00e9sident de la R\u00e9publique de Guin\u00e9e - Bissau, S.E. M. Umaru Sissoco EMBALO","og_description":"Africa-Press &#8211; Guinee Bissau. Abidjan, vendredi 07 octobre 2022. Entretien du Pr\u00e9sident de la R\u00e9publique, S. E. M Alassane OUATTARA, avec le Pr\u00e9sident de la R\u00e9publique de Guin\u00e9e &#8211; Bissau, S. E. M. Umaru Sissoco EMBALO, Pr\u00e9sident en exercice de la CEDEAO au Palais de la Pr\u00e9sidence de la R\u00e9publique, dans le cadre d&rsquo;une Visite [&hellip;]","og_url":"https:\/\/www.africa-press.net\/guinee-bissau\/politique\/entretien-du-president-de-la-republique-s-e-m-alassane-ouattara-avec-le-president-de-la-republique-de-guinee-bissau-s-e-m-umaru-sissoco-embalo","og_site_name":"Guin\u00e9e Bissau","article_published_time":"2022-10-07T16:10:35+00:00","author":"cfeditorfr","twitter_card":"summary_large_image","twitter_misc":{"\u00c9crit par":"cfeditorfr"},"schema":{"@context":"https:\/\/schema.org","@graph":[{"@type":"Article","@id":"https:\/\/www.africa-press.net\/guinee-bissau\/politique\/entretien-du-president-de-la-republique-s-e-m-alassane-ouattara-avec-le-president-de-la-republique-de-guinee-bissau-s-e-m-umaru-sissoco-embalo#article","isPartOf":{"@id":"https:\/\/www.africa-press.net\/guinee-bissau\/politique\/entretien-du-president-de-la-republique-s-e-m-alassane-ouattara-avec-le-president-de-la-republique-de-guinee-bissau-s-e-m-umaru-sissoco-embalo"},"author":{"name":"cfeditorfr","@id":"https:\/\/www.africa-press.net\/guinee-bissau\/#\/schema\/person\/2b1cf3cd81a31e3cd26889ca66d677f1"},"headline":"Entretien du Pr\u00e9sident de la R\u00e9publique, S.E.M Alassane OUATTARA, avec le Pr\u00e9sident de la R\u00e9publique de Guin\u00e9e &#8211; Bissau, S.E. M. Umaru Sissoco EMBALO","datePublished":"2022-10-07T16:10:35+00:00","mainEntityOfPage":{"@id":"https:\/\/www.africa-press.net\/guinee-bissau\/politique\/entretien-du-president-de-la-republique-s-e-m-alassane-ouattara-avec-le-president-de-la-republique-de-guinee-bissau-s-e-m-umaru-sissoco-embalo"},"wordCount":120,"commentCount":0,"image":{"@id":"https:\/\/www.africa-press.net\/guinee-bissau\/politique\/entretien-du-president-de-la-republique-s-e-m-alassane-ouattara-avec-le-president-de-la-republique-de-guinee-bissau-s-e-m-umaru-sissoco-embalo#primaryimage"},"thumbnailUrl":"https:\/\/static.africa-press.net\/guinee-bissau\/sites\/55\/2022\/10\/postQueueImg_1-6340527203964.jpg","keywords":["Africa Press","Africa Press-Guinee Bissau","Guinee Bissau"],"articleSection":["homepage-french","Politique","Top Nouvelles","Toutes les actualit\u00e9s"],"inLanguage":"fr-FR","potentialAction":[{"@type":"CommentAction","name":"Comment","target":["https:\/\/www.africa-press.net\/guinee-bissau\/politique\/entretien-du-president-de-la-republique-s-e-m-alassane-ouattara-avec-le-president-de-la-republique-de-guinee-bissau-s-e-m-umaru-sissoco-embalo#respond"]}]},{"@type":"WebPage","@id":"https:\/\/www.africa-press.net\/guinee-bissau\/politique\/entretien-du-president-de-la-republique-s-e-m-alassane-ouattara-avec-le-president-de-la-republique-de-guinee-bissau-s-e-m-umaru-sissoco-embalo","url":"https:\/\/www.africa-press.net\/guinee-bissau\/politique\/entretien-du-president-de-la-republique-s-e-m-alassane-ouattara-avec-le-president-de-la-republique-de-guinee-bissau-s-e-m-umaru-sissoco-embalo","name":"Entretien du Pr\u00e9sident de la R\u00e9publique, S.E.M Alassane OUATTARA, avec le Pr\u00e9sident de la R\u00e9publique de Guin\u00e9e - Bissau, S.E. M. Umaru Sissoco EMBALO - Guin\u00e9e Bissau","isPartOf":{"@id":"https:\/\/www.africa-press.net\/guinee-bissau\/#website"},"primaryImageOfPage":{"@id":"https:\/\/www.africa-press.net\/guinee-bissau\/politique\/entretien-du-president-de-la-republique-s-e-m-alassane-ouattara-avec-le-president-de-la-republique-de-guinee-bissau-s-e-m-umaru-sissoco-embalo#primaryimage"},"image":{"@id":"https:\/\/www.africa-press.net\/guinee-bissau\/politique\/entretien-du-president-de-la-republique-s-e-m-alassane-ouattara-avec-le-president-de-la-republique-de-guinee-bissau-s-e-m-umaru-sissoco-embalo#primaryimage"},"thumbnailUrl":"https:\/\/static.africa-press.net\/guinee-bissau\/sites\/55\/2022\/10\/postQueueImg_1-6340527203964.jpg","datePublished":"2022-10-07T16:10:35+00:00","author":{"@id":"https:\/\/www.africa-press.net\/guinee-bissau\/#\/schema\/person\/2b1cf3cd81a31e3cd26889ca66d677f1"},"breadcrumb":{"@id":"https:\/\/www.africa-press.net\/guinee-bissau\/politique\/entretien-du-president-de-la-republique-s-e-m-alassane-ouattara-avec-le-president-de-la-republique-de-guinee-bissau-s-e-m-umaru-sissoco-embalo#breadcrumb"},"inLanguage":"fr-FR","potentialAction":[{"@type":"ReadAction","target":["https:\/\/www.africa-press.net\/guinee-bissau\/politique\/entretien-du-president-de-la-republique-s-e-m-alassane-ouattara-avec-le-president-de-la-republique-de-guinee-bissau-s-e-m-umaru-sissoco-embalo"]}]},{"@type":"ImageObject","inLanguage":"fr-FR","@id":"https:\/\/www.africa-press.net\/guinee-bissau\/politique\/entretien-du-president-de-la-republique-s-e-m-alassane-ouattara-avec-le-president-de-la-republique-de-guinee-bissau-s-e-m-umaru-sissoco-embalo#primaryimage","url":"https:\/\/static.africa-press.net\/guinee-bissau\/sites\/55\/2022\/10\/postQueueImg_1-6340527203964.jpg","contentUrl":"https:\/\/static.africa-press.net\/guinee-bissau\/sites\/55\/2022\/10\/postQueueImg_1-6340527203964.jpg","width":685,"height":451,"caption":"Entretien du Pr\u00e9sident de la R\u00e9publique, S.E.M Alassane OUATTARA, avec le Pr\u00e9sident de la R\u00e9publique de Guin\u00e9e - Bissau, S.E. M. Umaru Sissoco EMBALO"},{"@type":"BreadcrumbList","@id":"https:\/\/www.africa-press.net\/guinee-bissau\/politique\/entretien-du-president-de-la-republique-s-e-m-alassane-ouattara-avec-le-president-de-la-republique-de-guinee-bissau-s-e-m-umaru-sissoco-embalo#breadcrumb","itemListElement":[{"@type":"ListItem","position":1,"name":"Accueil","item":"https:\/\/www.africa-press.net\/guinee-bissau\/"},{"@type":"ListItem","position":2,"name":"Entretien du Pr\u00e9sident de la R\u00e9publique, S.E.M Alassane OUATTARA, avec le Pr\u00e9sident de la R\u00e9publique de Guin\u00e9e &#8211; Bissau, S.E. M. Umaru Sissoco EMBALO"}]},{"@type":"WebSite","@id":"https:\/\/www.africa-press.net\/guinee-bissau\/#website","url":"https:\/\/www.africa-press.net\/guinee-bissau\/","name":"Guin\u00e9e Bissau","description":"Just another Africa News Agency Sites site","potentialAction":[{"@type":"SearchAction","target":{"@type":"EntryPoint","urlTemplate":"https:\/\/www.africa-press.net\/guinee-bissau\/?s={search_term_string}"},"query-input":{"@type":"PropertyValueSpecification","valueRequired":true,"valueName":"search_term_string"}}],"inLanguage":"fr-FR"},{"@type":"Person","@id":"https:\/\/www.africa-press.net\/guinee-bissau\/#\/schema\/person\/2b1cf3cd81a31e3cd26889ca66d677f1","name":"cfeditorfr"}]}},"_links":{"self":[{"href":"https:\/\/www.africa-press.net\/guinee-bissau\/wp-json\/wp\/v2\/posts\/3562","targetHints":{"allow":["GET"]}}],"collection":[{"href":"https:\/\/www.africa-press.net\/guinee-bissau\/wp-json\/wp\/v2\/posts"}],"about":[{"href":"https:\/\/www.africa-press.net\/guinee-bissau\/wp-json\/wp\/v2\/types\/post"}],"author":[{"embeddable":true,"href":"https:\/\/www.africa-press.net\/guinee-bissau\/wp-json\/wp\/v2\/users\/82"}],"replies":[{"embeddable":true,"href":"https:\/\/www.africa-press.net\/guinee-bissau\/wp-json\/wp\/v2\/comments?post=3562"}],"version-history":[{"count":0,"href":"https:\/\/www.africa-press.net\/guinee-bissau\/wp-json\/wp\/v2\/posts\/3562\/revisions"}],"wp:featuredmedia":[{"embeddable":true,"href":"https:\/\/www.africa-press.net\/guinee-bissau\/wp-json\/wp\/v2\/media\/3561"}],"wp:attachment":[{"href":"https:\/\/www.africa-press.net\/guinee-bissau\/wp-json\/wp\/v2\/media?parent=3562"}],"wp:term":[{"taxonomy":"category","embeddable":true,"href":"https:\/\/www.africa-press.net\/guinee-bissau\/wp-json\/wp\/v2\/categories?post=3562"},{"taxonomy":"post_tag","embeddable":true,"href":"https:\/\/www.africa-press.net\/guinee-bissau\/wp-json\/wp\/v2\/tags?post=3562"}],"curies":[{"name":"wp","href":"https:\/\/api.w.org\/{rel}","templated":true}]}}