{"id":776,"date":"2020-12-27T20:12:36","date_gmt":"2020-12-27T20:12:36","guid":{"rendered":"https:\/\/www.africa-press.com\/guinee-bissau\/?p=776"},"modified":"2020-12-27T19:56:52","modified_gmt":"2020-12-27T19:56:52","slug":"impasse-post-electorale-en-guinee-bissau-la-cedeao-hausse-le-ton","status":"publish","type":"post","link":"https:\/\/www.africa-press.net\/guinee-bissau\/politique\/impasse-post-electorale-en-guinee-bissau-la-cedeao-hausse-le-ton","title":{"rendered":"Impasse post-\u00e9lectorale en Guin\u00e9e Bissau : la Cedeao hausse le ton"},"content":{"rendered":"<p><span style=\"color: #ff6600\"><strong><a href=\"https:\/\/www.africa-press.com\">Africa-Press<\/a> &#8211; <a href=\"https:\/\/www.africa-press.com\/guinee-bissau\">Guinee Bissau<\/a>. <\/strong><\/span>L\u2019organisation r\u00e9gionale a menac\u00e9 samedi de sanctionner ceux qui feraient barrage \u00e0 la \u00ab normalisation politique et institutionnelle \u00bb du pays, plong\u00e9 dans une impasse post-\u00e9lectorale depuis pr\u00e8s de deux mois.<\/p>\n<p>L\u2019issue du second tour de l\u2019\u00e9lection pr\u00e9sidentielle du 29 d\u00e9cembre demeure disput\u00e9e entre Umaro Sissoco Embalo, issu de l\u2019opposition, et donn\u00e9 vainqueur par la Commission nationale \u00e9lectorale (CNE), et Domingos Sim\u00f5es Pereira, le candidat du Parti africain pour l\u2019ind\u00e9pendance de la Guin\u00e9e et du Cap-Vert (PAIGC), qui domine la vie politique du pays depuis son ind\u00e9pendance en 1974.<\/p>\n<p>Dans un communiqu\u00e9, la Cedeao, m\u00e9diatrice depuis 2012 dans ce pays chroniquement instable, rappelle qu\u2019elle avait, d\u00e8s le 22 janvier, \u00ab pris acte \u00bb des r\u00e9sultats annonc\u00e9s par la CNE et \u00ab f\u00e9licit\u00e9 \u00bb le vainqueur, Umaro Sissoco Embal\u00f3, cr\u00e9dit\u00e9 de 53,55% des voix.<\/p>\n<p>Domingos Sim\u00f5es Pereira, qui avait vir\u00e9 en t\u00eate avec 40,1% des voix au premier tour mais n\u2019a recueilli que 46,45% au second, conteste toujours ces r\u00e9sultats, entach\u00e9s selon lui de fraudes. Il a saisi la Cour supr\u00eame, dont les arr\u00eats n\u2019ont pas permis de trancher d\u00e9finitivement les contentieux \u00e9lectoraux.<\/p>\n<p>Dans sa derni\u00e8re d\u00e9cision, qui date du 14 f\u00e9vrier, la plus haute juridiction du pays a refus\u00e9 de prononcer l\u2019annulation du scrutin, r\u00e9clam\u00e9e par le PAIGC. Mais elle a dans le m\u00eame temps exig\u00e9 que la commission \u00e9lectorale effectue \u00e0 nouveau une v\u00e9rification des proc\u00e8s verbaux des r\u00e9sultats.<\/p>\n<p>Or, la CNE affirme que ces op\u00e9rations ont d\u00e9j\u00e0 \u00e9t\u00e9 effectu\u00e9es. Dans son communiqu\u00e9, la Cedeao souligne que les \u00ab r\u00e9sultats d\u00e9finitifs \u00bb ont d\u00e9j\u00e0 \u00e9t\u00e9 annonc\u00e9s et elle invite les deux institutions rivales \u00e0 \u00ab coop\u00e9rer de mani\u00e8re constructive afin de sauvegarder l\u2019int\u00e9grit\u00e9 du processus \u00e9lectoral \u00bb.<\/p>\n<p>Elle hausse le ton en avertissant que \u00ab des sanctions pourront \u00eatre prises contre tous les acteurs qui n\u2019agiraient pas dans le sens de la normalisation politique et institutionnelle \u00bb.<\/p>\n<p>Les deux camps multiplient depuis des jours les invectives, ce qui fait craindre de nouvelles violences dans l\u2019ancienne colonie portugaise, qui a connu quatre coups d\u2019\u00c9tat, une quinzaine de tentatives de putsch et de nombreux assassinats politiques depuis son ind\u00e9pendance.<\/p>\n<p>Jusqu\u2019\u00e0 pr\u00e9sent, l\u2019arm\u00e9e n\u2019est pas intervenue dans ce cycle \u00e9lectoral. Le Madem, le parti d\u2019Umaro Sissoco Embal\u00f3, a r\u00e9clam\u00e9 vendredi une r\u00e9union d\u2019urgence de l\u2019Assembl\u00e9e nationale afin que celle-ci puisse organiser la prestation de serment de son chef de file en tant que pr\u00e9sident.<\/p>\n","protected":false},"excerpt":{"rendered":"<p>Africa-Press &#8211; Guinee Bissau. L\u2019organisation r\u00e9gionale a menac\u00e9 samedi de sanctionner ceux qui feraient barrage \u00e0 la \u00ab normalisation politique et institutionnelle \u00bb du pays, plong\u00e9 dans une impasse post-\u00e9lectorale depuis pr\u00e8s de deux mois. L\u2019issue du second tour de l\u2019\u00e9lection pr\u00e9sidentielle du 29 d\u00e9cembre demeure disput\u00e9e entre Umaro Sissoco Embalo, issu de l\u2019opposition, et [&hellip;]<\/p>\n","protected":false},"author":82,"featured_media":775,"comment_status":"open","ping_status":"closed","sticky":false,"template":"","format":"standard","meta":{"footnotes":""},"categories":[11,2,20,10],"tags":[36,49,50],"class_list":["post-776","post","type-post","status-publish","format-standard","has-post-thumbnail","hentry","category-homepage-french","category-politique","category-top-nouvelles","category-toutes-les-actualites","tag-africa-press","tag-africa-press-guinee-bissau","tag-guinee-bissau"],"yoast_head":"<!-- This site is optimized with the Yoast SEO Premium plugin v26.1 (Yoast SEO v27.0) - https:\/\/yoast.com\/product\/yoast-seo-premium-wordpress\/ -->\n<title>Impasse post-\u00e9lectorale en Guin\u00e9e Bissau : la Cedeao hausse le ton - Guin\u00e9e Bissau<\/title>\n<meta name=\"description\" content=\"L\u2019organisation r\u00e9gionale a menac\u00e9 samedi de sanctionner ceux qui feraient barrage \u00e0 la \u00ab normalisation politique et inst ...\" \/>\n<meta name=\"robots\" content=\"index, follow, max-snippet:-1, max-image-preview:large, max-video-preview:-1\" \/>\n<link rel=\"canonical\" href=\"https:\/\/www.africa-press.net\/guinee-bissau\/politique\/impasse-post-electorale-en-guinee-bissau-la-cedeao-hausse-le-ton\" \/>\n<meta property=\"og:locale\" content=\"fr_FR\" \/>\n<meta property=\"og:type\" content=\"article\" \/>\n<meta property=\"og:title\" content=\"Impasse post-\u00e9lectorale en Guin\u00e9e Bissau : la Cedeao hausse le ton\" \/>\n<meta property=\"og:description\" content=\"L\u2019organisation r\u00e9gionale a menac\u00e9 samedi de sanctionner ceux qui feraient barrage \u00e0 la \u00ab normalisation politique et inst ...\" \/>\n<meta property=\"og:url\" content=\"https:\/\/www.africa-press.net\/guinee-bissau\/politique\/impasse-post-electorale-en-guinee-bissau-la-cedeao-hausse-le-ton\" \/>\n<meta property=\"og:site_name\" content=\"Guin\u00e9e Bissau\" \/>\n<meta property=\"article:published_time\" content=\"2020-12-27T20:12:36+00:00\" \/>\n<meta property=\"og:image\" content=\"https:\/\/static.africa-press.net\/centrafricaine\/sites\/55\/2020\/12\/img-5fe8e6e8dcb40.jpg\" \/>\n\t<meta property=\"og:image:width\" content=\"640\" \/>\n\t<meta property=\"og:image:height\" content=\"320\" \/>\n\t<meta property=\"og:image:type\" content=\"image\/jpeg\" \/>\n<meta name=\"author\" content=\"cfeditorfr\" \/>\n<meta name=\"twitter:card\" content=\"summary_large_image\" \/>\n<meta name=\"twitter:label1\" content=\"\u00c9crit par\" \/>\n\t<meta name=\"twitter:data1\" content=\"cfeditorfr\" \/>\n\t<meta name=\"twitter:label2\" content=\"Dur\u00e9e de lecture estim\u00e9e\" \/>\n\t<meta name=\"twitter:data2\" content=\"2 minutes\" \/>\n<script type=\"application\/ld+json\" class=\"yoast-schema-graph\">{\"@context\":\"https:\/\/schema.org\",\"@graph\":[{\"@type\":\"Article\",\"@id\":\"https:\/\/www.africa-press.net\/guinee-bissau\/politique\/impasse-post-electorale-en-guinee-bissau-la-cedeao-hausse-le-ton#article\",\"isPartOf\":{\"@id\":\"https:\/\/www.africa-press.net\/guinee-bissau\/politique\/impasse-post-electorale-en-guinee-bissau-la-cedeao-hausse-le-ton\"},\"author\":{\"name\":\"cfeditorfr\",\"@id\":\"https:\/\/www.africa-press.net\/guinee-bissau\/#\/schema\/person\/2b1cf3cd81a31e3cd26889ca66d677f1\"},\"headline\":\"Impasse post-\u00e9lectorale en Guin\u00e9e Bissau : la Cedeao hausse le ton\",\"datePublished\":\"2020-12-27T20:12:36+00:00\",\"mainEntityOfPage\":{\"@id\":\"https:\/\/www.africa-press.net\/guinee-bissau\/politique\/impasse-post-electorale-en-guinee-bissau-la-cedeao-hausse-le-ton\"},\"wordCount\":452,\"commentCount\":0,\"image\":{\"@id\":\"https:\/\/www.africa-press.net\/guinee-bissau\/politique\/impasse-post-electorale-en-guinee-bissau-la-cedeao-hausse-le-ton#primaryimage\"},\"thumbnailUrl\":\"https:\/\/static.africa-press.net\/centrafricaine\/sites\/55\/2020\/12\/img-5fe8e6e8dcb40.jpg\",\"keywords\":[\"Africa Press\",\"Africa Press-Guinee Bissau\",\"Guinee Bissau\"],\"articleSection\":[\"homepage-french\",\"Politique\",\"Top Nouvelles\",\"Toutes les actualit\u00e9s\"],\"inLanguage\":\"fr-FR\",\"potentialAction\":[{\"@type\":\"CommentAction\",\"name\":\"Comment\",\"target\":[\"https:\/\/www.africa-press.net\/guinee-bissau\/politique\/impasse-post-electorale-en-guinee-bissau-la-cedeao-hausse-le-ton#respond\"]}]},{\"@type\":\"WebPage\",\"@id\":\"https:\/\/www.africa-press.net\/guinee-bissau\/politique\/impasse-post-electorale-en-guinee-bissau-la-cedeao-hausse-le-ton\",\"url\":\"https:\/\/www.africa-press.net\/guinee-bissau\/politique\/impasse-post-electorale-en-guinee-bissau-la-cedeao-hausse-le-ton\",\"name\":\"Impasse post-\u00e9lectorale en Guin\u00e9e Bissau : la Cedeao hausse le ton - Guin\u00e9e Bissau\",\"isPartOf\":{\"@id\":\"https:\/\/www.africa-press.net\/guinee-bissau\/#website\"},\"primaryImageOfPage\":{\"@id\":\"https:\/\/www.africa-press.net\/guinee-bissau\/politique\/impasse-post-electorale-en-guinee-bissau-la-cedeao-hausse-le-ton#primaryimage\"},\"image\":{\"@id\":\"https:\/\/www.africa-press.net\/guinee-bissau\/politique\/impasse-post-electorale-en-guinee-bissau-la-cedeao-hausse-le-ton#primaryimage\"},\"thumbnailUrl\":\"https:\/\/static.africa-press.net\/centrafricaine\/sites\/55\/2020\/12\/img-5fe8e6e8dcb40.jpg\",\"datePublished\":\"2020-12-27T20:12:36+00:00\",\"author\":{\"@id\":\"https:\/\/www.africa-press.net\/guinee-bissau\/#\/schema\/person\/2b1cf3cd81a31e3cd26889ca66d677f1\"},\"description\":\"L\u2019organisation r\u00e9gionale a menac\u00e9 samedi de sanctionner ceux qui feraient barrage \u00e0 la \u00ab normalisation politique et inst ...\",\"breadcrumb\":{\"@id\":\"https:\/\/www.africa-press.net\/guinee-bissau\/politique\/impasse-post-electorale-en-guinee-bissau-la-cedeao-hausse-le-ton#breadcrumb\"},\"inLanguage\":\"fr-FR\",\"potentialAction\":[{\"@type\":\"ReadAction\",\"target\":[\"https:\/\/www.africa-press.net\/guinee-bissau\/politique\/impasse-post-electorale-en-guinee-bissau-la-cedeao-hausse-le-ton\"]}]},{\"@type\":\"ImageObject\",\"inLanguage\":\"fr-FR\",\"@id\":\"https:\/\/www.africa-press.net\/guinee-bissau\/politique\/impasse-post-electorale-en-guinee-bissau-la-cedeao-hausse-le-ton#primaryimage\",\"url\":\"https:\/\/static.africa-press.net\/centrafricaine\/sites\/55\/2020\/12\/img-5fe8e6e8dcb40.jpg\",\"contentUrl\":\"https:\/\/static.africa-press.net\/centrafricaine\/sites\/55\/2020\/12\/img-5fe8e6e8dcb40.jpg\",\"width\":640,\"height\":320,\"caption\":\"Impasse post-\u00e9lectorale en Guin\u00e9e Bissau : la Cedeao hausse le ton\"},{\"@type\":\"BreadcrumbList\",\"@id\":\"https:\/\/www.africa-press.net\/guinee-bissau\/politique\/impasse-post-electorale-en-guinee-bissau-la-cedeao-hausse-le-ton#breadcrumb\",\"itemListElement\":[{\"@type\":\"ListItem\",\"position\":1,\"name\":\"Accueil\",\"item\":\"https:\/\/www.africa-press.net\/guinee-bissau\/\"},{\"@type\":\"ListItem\",\"position\":2,\"name\":\"Impasse post-\u00e9lectorale en Guin\u00e9e Bissau : la Cedeao hausse le ton\"}]},{\"@type\":\"WebSite\",\"@id\":\"https:\/\/www.africa-press.net\/guinee-bissau\/#website\",\"url\":\"https:\/\/www.africa-press.net\/guinee-bissau\/\",\"name\":\"Guin\u00e9e Bissau\",\"description\":\"Just another Africa News Agency Sites site\",\"potentialAction\":[{\"@type\":\"SearchAction\",\"target\":{\"@type\":\"EntryPoint\",\"urlTemplate\":\"https:\/\/www.africa-press.net\/guinee-bissau\/?s={search_term_string}\"},\"query-input\":{\"@type\":\"PropertyValueSpecification\",\"valueRequired\":true,\"valueName\":\"search_term_string\"}}],\"inLanguage\":\"fr-FR\"},{\"@type\":\"Person\",\"@id\":\"https:\/\/www.africa-press.net\/guinee-bissau\/#\/schema\/person\/2b1cf3cd81a31e3cd26889ca66d677f1\",\"name\":\"cfeditorfr\"}]}<\/script>\n<!-- \/ Yoast SEO Premium plugin. -->","yoast_head_json":{"title":"Impasse post-\u00e9lectorale en Guin\u00e9e Bissau : la Cedeao hausse le ton - Guin\u00e9e Bissau","description":"L\u2019organisation r\u00e9gionale a menac\u00e9 samedi de sanctionner ceux qui feraient barrage \u00e0 la \u00ab normalisation politique et inst ...","robots":{"index":"index","follow":"follow","max-snippet":"max-snippet:-1","max-image-preview":"max-image-preview:large","max-video-preview":"max-video-preview:-1"},"canonical":"https:\/\/www.africa-press.net\/guinee-bissau\/politique\/impasse-post-electorale-en-guinee-bissau-la-cedeao-hausse-le-ton","og_locale":"fr_FR","og_type":"article","og_title":"Impasse post-\u00e9lectorale en Guin\u00e9e Bissau : la Cedeao hausse le ton","og_description":"L\u2019organisation r\u00e9gionale a menac\u00e9 samedi de sanctionner ceux qui feraient barrage \u00e0 la \u00ab normalisation politique et inst ...","og_url":"https:\/\/www.africa-press.net\/guinee-bissau\/politique\/impasse-post-electorale-en-guinee-bissau-la-cedeao-hausse-le-ton","og_site_name":"Guin\u00e9e Bissau","article_published_time":"2020-12-27T20:12:36+00:00","og_image":[{"width":640,"height":320,"url":"https:\/\/static.africa-press.net\/centrafricaine\/sites\/55\/2020\/12\/img-5fe8e6e8dcb40.jpg","type":"image\/jpeg"}],"author":"cfeditorfr","twitter_card":"summary_large_image","twitter_misc":{"\u00c9crit par":"cfeditorfr","Dur\u00e9e de lecture estim\u00e9e":"2 minutes"},"schema":{"@context":"https:\/\/schema.org","@graph":[{"@type":"Article","@id":"https:\/\/www.africa-press.net\/guinee-bissau\/politique\/impasse-post-electorale-en-guinee-bissau-la-cedeao-hausse-le-ton#article","isPartOf":{"@id":"https:\/\/www.africa-press.net\/guinee-bissau\/politique\/impasse-post-electorale-en-guinee-bissau-la-cedeao-hausse-le-ton"},"author":{"name":"cfeditorfr","@id":"https:\/\/www.africa-press.net\/guinee-bissau\/#\/schema\/person\/2b1cf3cd81a31e3cd26889ca66d677f1"},"headline":"Impasse post-\u00e9lectorale en Guin\u00e9e Bissau : la Cedeao hausse le ton","datePublished":"2020-12-27T20:12:36+00:00","mainEntityOfPage":{"@id":"https:\/\/www.africa-press.net\/guinee-bissau\/politique\/impasse-post-electorale-en-guinee-bissau-la-cedeao-hausse-le-ton"},"wordCount":452,"commentCount":0,"image":{"@id":"https:\/\/www.africa-press.net\/guinee-bissau\/politique\/impasse-post-electorale-en-guinee-bissau-la-cedeao-hausse-le-ton#primaryimage"},"thumbnailUrl":"https:\/\/static.africa-press.net\/centrafricaine\/sites\/55\/2020\/12\/img-5fe8e6e8dcb40.jpg","keywords":["Africa Press","Africa Press-Guinee Bissau","Guinee Bissau"],"articleSection":["homepage-french","Politique","Top Nouvelles","Toutes les actualit\u00e9s"],"inLanguage":"fr-FR","potentialAction":[{"@type":"CommentAction","name":"Comment","target":["https:\/\/www.africa-press.net\/guinee-bissau\/politique\/impasse-post-electorale-en-guinee-bissau-la-cedeao-hausse-le-ton#respond"]}]},{"@type":"WebPage","@id":"https:\/\/www.africa-press.net\/guinee-bissau\/politique\/impasse-post-electorale-en-guinee-bissau-la-cedeao-hausse-le-ton","url":"https:\/\/www.africa-press.net\/guinee-bissau\/politique\/impasse-post-electorale-en-guinee-bissau-la-cedeao-hausse-le-ton","name":"Impasse post-\u00e9lectorale en Guin\u00e9e Bissau : la Cedeao hausse le ton - Guin\u00e9e Bissau","isPartOf":{"@id":"https:\/\/www.africa-press.net\/guinee-bissau\/#website"},"primaryImageOfPage":{"@id":"https:\/\/www.africa-press.net\/guinee-bissau\/politique\/impasse-post-electorale-en-guinee-bissau-la-cedeao-hausse-le-ton#primaryimage"},"image":{"@id":"https:\/\/www.africa-press.net\/guinee-bissau\/politique\/impasse-post-electorale-en-guinee-bissau-la-cedeao-hausse-le-ton#primaryimage"},"thumbnailUrl":"https:\/\/static.africa-press.net\/centrafricaine\/sites\/55\/2020\/12\/img-5fe8e6e8dcb40.jpg","datePublished":"2020-12-27T20:12:36+00:00","author":{"@id":"https:\/\/www.africa-press.net\/guinee-bissau\/#\/schema\/person\/2b1cf3cd81a31e3cd26889ca66d677f1"},"description":"L\u2019organisation r\u00e9gionale a menac\u00e9 samedi de sanctionner ceux qui feraient barrage \u00e0 la \u00ab normalisation politique et inst ...","breadcrumb":{"@id":"https:\/\/www.africa-press.net\/guinee-bissau\/politique\/impasse-post-electorale-en-guinee-bissau-la-cedeao-hausse-le-ton#breadcrumb"},"inLanguage":"fr-FR","potentialAction":[{"@type":"ReadAction","target":["https:\/\/www.africa-press.net\/guinee-bissau\/politique\/impasse-post-electorale-en-guinee-bissau-la-cedeao-hausse-le-ton"]}]},{"@type":"ImageObject","inLanguage":"fr-FR","@id":"https:\/\/www.africa-press.net\/guinee-bissau\/politique\/impasse-post-electorale-en-guinee-bissau-la-cedeao-hausse-le-ton#primaryimage","url":"https:\/\/static.africa-press.net\/centrafricaine\/sites\/55\/2020\/12\/img-5fe8e6e8dcb40.jpg","contentUrl":"https:\/\/static.africa-press.net\/centrafricaine\/sites\/55\/2020\/12\/img-5fe8e6e8dcb40.jpg","width":640,"height":320,"caption":"Impasse post-\u00e9lectorale en Guin\u00e9e Bissau : la Cedeao hausse le ton"},{"@type":"BreadcrumbList","@id":"https:\/\/www.africa-press.net\/guinee-bissau\/politique\/impasse-post-electorale-en-guinee-bissau-la-cedeao-hausse-le-ton#breadcrumb","itemListElement":[{"@type":"ListItem","position":1,"name":"Accueil","item":"https:\/\/www.africa-press.net\/guinee-bissau\/"},{"@type":"ListItem","position":2,"name":"Impasse post-\u00e9lectorale en Guin\u00e9e Bissau : la Cedeao hausse le ton"}]},{"@type":"WebSite","@id":"https:\/\/www.africa-press.net\/guinee-bissau\/#website","url":"https:\/\/www.africa-press.net\/guinee-bissau\/","name":"Guin\u00e9e Bissau","description":"Just another Africa News Agency Sites site","potentialAction":[{"@type":"SearchAction","target":{"@type":"EntryPoint","urlTemplate":"https:\/\/www.africa-press.net\/guinee-bissau\/?s={search_term_string}"},"query-input":{"@type":"PropertyValueSpecification","valueRequired":true,"valueName":"search_term_string"}}],"inLanguage":"fr-FR"},{"@type":"Person","@id":"https:\/\/www.africa-press.net\/guinee-bissau\/#\/schema\/person\/2b1cf3cd81a31e3cd26889ca66d677f1","name":"cfeditorfr"}]}},"_links":{"self":[{"href":"https:\/\/www.africa-press.net\/guinee-bissau\/wp-json\/wp\/v2\/posts\/776","targetHints":{"allow":["GET"]}}],"collection":[{"href":"https:\/\/www.africa-press.net\/guinee-bissau\/wp-json\/wp\/v2\/posts"}],"about":[{"href":"https:\/\/www.africa-press.net\/guinee-bissau\/wp-json\/wp\/v2\/types\/post"}],"author":[{"embeddable":true,"href":"https:\/\/www.africa-press.net\/guinee-bissau\/wp-json\/wp\/v2\/users\/82"}],"replies":[{"embeddable":true,"href":"https:\/\/www.africa-press.net\/guinee-bissau\/wp-json\/wp\/v2\/comments?post=776"}],"version-history":[{"count":0,"href":"https:\/\/www.africa-press.net\/guinee-bissau\/wp-json\/wp\/v2\/posts\/776\/revisions"}],"wp:featuredmedia":[{"embeddable":true,"href":"https:\/\/www.africa-press.net\/guinee-bissau\/wp-json\/wp\/v2\/media\/775"}],"wp:attachment":[{"href":"https:\/\/www.africa-press.net\/guinee-bissau\/wp-json\/wp\/v2\/media?parent=776"}],"wp:term":[{"taxonomy":"category","embeddable":true,"href":"https:\/\/www.africa-press.net\/guinee-bissau\/wp-json\/wp\/v2\/categories?post=776"},{"taxonomy":"post_tag","embeddable":true,"href":"https:\/\/www.africa-press.net\/guinee-bissau\/wp-json\/wp\/v2\/tags?post=776"}],"curies":[{"name":"wp","href":"https:\/\/api.w.org\/{rel}","templated":true}]}}