{"id":839,"date":"2020-12-28T00:37:46","date_gmt":"2020-12-28T00:37:46","guid":{"rendered":"https:\/\/www.africa-press.com\/guinee-bissau\/?p=839"},"modified":"2020-12-27T20:10:01","modified_gmt":"2020-12-27T20:10:01","slug":"gerard-chaliand-guerre-et-poesie","status":"publish","type":"post","link":"https:\/\/www.africa-press.net\/guinee-bissau\/culture-et-art\/gerard-chaliand-guerre-et-poesie","title":{"rendered":"G\u00e9rard Chaliand, guerre et po\u00e9sie"},"content":{"rendered":"<p><span style=\"color: #ff6600\"><strong><a href=\"https:\/\/www.africa-press.com\">Africa-Press<\/a> &#8211; <a href=\"https:\/\/www.africa-press.com\/guinee-bissau\">Guinee Bissau<\/a>. <\/strong><\/span>G\u00e9rard Chaliand est un personnage singulier. G\u00e9opoliticien r\u00e9put\u00e9, il a pour sp\u00e9cialit\u00e9 la pol\u00e9mologie, c\u2019est-\u00e0-dire la science des conflits, qu\u2019il a enseign\u00e9e \u00e0 Paris (ENA, \u00c9cole de guerre, etc.), mais aussi \u00e0 Kaboul, P\u00e9kin, Singapour\u2026<\/p>\n<p>Homme de terrain, il ne s\u2019est pas content\u00e9 d\u2019observer les manoeuvres militaires de loin : il s\u2019est approch\u00e9 des fronts, a accompagn\u00e9 les combattants, avec une nette pr\u00e9dilection pour les gu\u00e9rilleros. Il fut l\u2019ami tr\u00e8s proche de certains d\u2019entre eux, parmi lesquels Am\u00edlcar Cabral, le p\u00e8re de l\u2019ind\u00e9pendance de la Guin\u00e9e-Bissau.<\/p>\n<p>Chaliand est donc, on l\u2019a compris, un expert en violence. Le paradoxe est que cette connaissance intime des pires tr\u00e9fonds de l\u2019\u00e2me humaine ne lui inspire point de sombres pens\u00e9es, mais provoque chez lui des \u00e9motions qu\u2019il restitue avec une infinie d\u00e9licatesse dans des textes courts et superbes.<\/p>\n<p><b>&gt;&gt; \u00c0 lire aussi<\/b><\/p>\n<p>: L\u2019Arm\u00e9nie dans le sang C\u2019est d\u2019ailleurs l\u2019un de ses po\u00e8mes d\u2019amour (\u00ab Mes yeux n\u2019ont qu\u2019un chemin, ils te parcourent enti\u00e8re \/ et mes r\u00eaves vacillent au creux de ta rivi\u00e8re \u00bb), \u00e9crit dans les ann\u00e9es 1950, qu\u2019Andr\u00e9 Breton pla\u00e7ait \u00ab parmi les plus beaux po\u00e8mes de ce temps \u00bb.<\/p>\n<p>De maquis en guerres ouvertes, Chaliand n\u2019a pas cess\u00e9 (il \u00e9tait encore r\u00e9cemment chez les Kurdes d\u2019Irak) de composer ainsi des petits textes denses, qui touchent par leur simplicit\u00e9, leur authenticit\u00e9, leur efficacit\u00e9 : \u00ab Je n\u2019ai pas mis\u00e9 ma vie \u00e0 demi, \u00e9crit-il. J\u2019ai tout jet\u00e9 dans la balance. \u00bb Les \u00e9ditions de l\u2019Aube ont rassembl\u00e9 l\u2019ensemble de l\u2019oeuvre (en fran\u00e7ais et en anglais) po\u00e9tique du pol\u00e9mologue dans un ouvrage au format de poche qui ainsi ne p\u00e8sera pas trop lourd dans le paquetage des combattants qui l\u2019emporteront avec eux au front. Son titre : Cavalier seul.<\/p>\n","protected":false},"excerpt":{"rendered":"<p>Africa-Press &#8211; Guinee Bissau. G\u00e9rard Chaliand est un personnage singulier. G\u00e9opoliticien r\u00e9put\u00e9, il a pour sp\u00e9cialit\u00e9 la pol\u00e9mologie, c\u2019est-\u00e0-dire la science des conflits, qu\u2019il a enseign\u00e9e \u00e0 Paris (ENA, \u00c9cole de guerre, etc.), mais aussi \u00e0 Kaboul, P\u00e9kin, Singapour\u2026 Homme de terrain, il ne s\u2019est pas content\u00e9 d\u2019observer les manoeuvres militaires de loin : il [&hellip;]<\/p>\n","protected":false},"author":82,"featured_media":838,"comment_status":"open","ping_status":"closed","sticky":false,"template":"","format":"standard","meta":{"footnotes":""},"categories":[5,11,10],"tags":[36,49,50],"class_list":["post-839","post","type-post","status-publish","format-standard","has-post-thumbnail","hentry","category-culture-et-art","category-homepage-french","category-toutes-les-actualites","tag-africa-press","tag-africa-press-guinee-bissau","tag-guinee-bissau"],"yoast_head":"<!-- This site is optimized with the Yoast SEO Premium plugin v26.1 (Yoast SEO v27.0) - https:\/\/yoast.com\/product\/yoast-seo-premium-wordpress\/ -->\n<title>G\u00e9rard Chaliand, guerre et po\u00e9sie - Guin\u00e9e Bissau<\/title>\n<meta name=\"description\" content=\"G\u00e9rard Chaliand est un personnage singulier. G\u00e9opoliticien r\u00e9put\u00e9, il a pour sp\u00e9cialit\u00e9 la pol\u00e9mologie, c\u2019est-\u00e0-dire la ...\" \/>\n<meta name=\"robots\" content=\"index, follow, max-snippet:-1, max-image-preview:large, max-video-preview:-1\" \/>\n<link rel=\"canonical\" href=\"https:\/\/www.africa-press.net\/guinee-bissau\/culture-et-art\/gerard-chaliand-guerre-et-poesie\" \/>\n<meta property=\"og:locale\" content=\"fr_FR\" \/>\n<meta property=\"og:type\" content=\"article\" \/>\n<meta property=\"og:title\" content=\"G\u00e9rard Chaliand, guerre et po\u00e9sie\" \/>\n<meta property=\"og:description\" content=\"G\u00e9rard Chaliand est un personnage singulier. G\u00e9opoliticien r\u00e9put\u00e9, il a pour sp\u00e9cialit\u00e9 la pol\u00e9mologie, c\u2019est-\u00e0-dire la ...\" \/>\n<meta property=\"og:url\" content=\"https:\/\/www.africa-press.net\/guinee-bissau\/culture-et-art\/gerard-chaliand-guerre-et-poesie\" \/>\n<meta property=\"og:site_name\" content=\"Guin\u00e9e Bissau\" \/>\n<meta property=\"article:published_time\" content=\"2020-12-28T00:37:46+00:00\" \/>\n<meta property=\"og:image\" content=\"https:\/\/static.africa-press.net\/centrafricaine\/sites\/55\/2020\/12\/img-5fe8ea007a270.jpg\" \/>\n\t<meta property=\"og:image:width\" content=\"480\" \/>\n\t<meta property=\"og:image:height\" content=\"274\" \/>\n\t<meta property=\"og:image:type\" content=\"image\/jpeg\" \/>\n<meta name=\"author\" content=\"cfeditorfr\" \/>\n<meta name=\"twitter:card\" content=\"summary_large_image\" \/>\n<meta name=\"twitter:label1\" content=\"\u00c9crit par\" \/>\n\t<meta name=\"twitter:data1\" content=\"cfeditorfr\" \/>\n\t<meta name=\"twitter:label2\" content=\"Dur\u00e9e de lecture estim\u00e9e\" \/>\n\t<meta name=\"twitter:data2\" content=\"2 minutes\" \/>\n<script type=\"application\/ld+json\" class=\"yoast-schema-graph\">{\"@context\":\"https:\/\/schema.org\",\"@graph\":[{\"@type\":\"Article\",\"@id\":\"https:\/\/www.africa-press.net\/guinee-bissau\/culture-et-art\/gerard-chaliand-guerre-et-poesie#article\",\"isPartOf\":{\"@id\":\"https:\/\/www.africa-press.net\/guinee-bissau\/culture-et-art\/gerard-chaliand-guerre-et-poesie\"},\"author\":{\"name\":\"cfeditorfr\",\"@id\":\"https:\/\/www.africa-press.net\/guinee-bissau\/#\/schema\/person\/2b1cf3cd81a31e3cd26889ca66d677f1\"},\"headline\":\"G\u00e9rard Chaliand, guerre et po\u00e9sie\",\"datePublished\":\"2020-12-28T00:37:46+00:00\",\"mainEntityOfPage\":{\"@id\":\"https:\/\/www.africa-press.net\/guinee-bissau\/culture-et-art\/gerard-chaliand-guerre-et-poesie\"},\"wordCount\":341,\"commentCount\":0,\"image\":{\"@id\":\"https:\/\/www.africa-press.net\/guinee-bissau\/culture-et-art\/gerard-chaliand-guerre-et-poesie#primaryimage\"},\"thumbnailUrl\":\"https:\/\/static.africa-press.net\/centrafricaine\/sites\/55\/2020\/12\/img-5fe8ea007a270.jpg\",\"keywords\":[\"Africa Press\",\"Africa Press-Guinee Bissau\",\"Guinee Bissau\"],\"articleSection\":[\"Culture et Art\",\"homepage-french\",\"Toutes les actualit\u00e9s\"],\"inLanguage\":\"fr-FR\",\"potentialAction\":[{\"@type\":\"CommentAction\",\"name\":\"Comment\",\"target\":[\"https:\/\/www.africa-press.net\/guinee-bissau\/culture-et-art\/gerard-chaliand-guerre-et-poesie#respond\"]}]},{\"@type\":\"WebPage\",\"@id\":\"https:\/\/www.africa-press.net\/guinee-bissau\/culture-et-art\/gerard-chaliand-guerre-et-poesie\",\"url\":\"https:\/\/www.africa-press.net\/guinee-bissau\/culture-et-art\/gerard-chaliand-guerre-et-poesie\",\"name\":\"G\u00e9rard Chaliand, guerre et po\u00e9sie - Guin\u00e9e Bissau\",\"isPartOf\":{\"@id\":\"https:\/\/www.africa-press.net\/guinee-bissau\/#website\"},\"primaryImageOfPage\":{\"@id\":\"https:\/\/www.africa-press.net\/guinee-bissau\/culture-et-art\/gerard-chaliand-guerre-et-poesie#primaryimage\"},\"image\":{\"@id\":\"https:\/\/www.africa-press.net\/guinee-bissau\/culture-et-art\/gerard-chaliand-guerre-et-poesie#primaryimage\"},\"thumbnailUrl\":\"https:\/\/static.africa-press.net\/centrafricaine\/sites\/55\/2020\/12\/img-5fe8ea007a270.jpg\",\"datePublished\":\"2020-12-28T00:37:46+00:00\",\"author\":{\"@id\":\"https:\/\/www.africa-press.net\/guinee-bissau\/#\/schema\/person\/2b1cf3cd81a31e3cd26889ca66d677f1\"},\"description\":\"G\u00e9rard Chaliand est un personnage singulier. G\u00e9opoliticien r\u00e9put\u00e9, il a pour sp\u00e9cialit\u00e9 la pol\u00e9mologie, c\u2019est-\u00e0-dire la ...\",\"breadcrumb\":{\"@id\":\"https:\/\/www.africa-press.net\/guinee-bissau\/culture-et-art\/gerard-chaliand-guerre-et-poesie#breadcrumb\"},\"inLanguage\":\"fr-FR\",\"potentialAction\":[{\"@type\":\"ReadAction\",\"target\":[\"https:\/\/www.africa-press.net\/guinee-bissau\/culture-et-art\/gerard-chaliand-guerre-et-poesie\"]}]},{\"@type\":\"ImageObject\",\"inLanguage\":\"fr-FR\",\"@id\":\"https:\/\/www.africa-press.net\/guinee-bissau\/culture-et-art\/gerard-chaliand-guerre-et-poesie#primaryimage\",\"url\":\"https:\/\/static.africa-press.net\/centrafricaine\/sites\/55\/2020\/12\/img-5fe8ea007a270.jpg\",\"contentUrl\":\"https:\/\/static.africa-press.net\/centrafricaine\/sites\/55\/2020\/12\/img-5fe8ea007a270.jpg\",\"width\":480,\"height\":274,\"caption\":\"G\u00e9rard Chaliand, guerre et po\u00e9sie\"},{\"@type\":\"BreadcrumbList\",\"@id\":\"https:\/\/www.africa-press.net\/guinee-bissau\/culture-et-art\/gerard-chaliand-guerre-et-poesie#breadcrumb\",\"itemListElement\":[{\"@type\":\"ListItem\",\"position\":1,\"name\":\"Accueil\",\"item\":\"https:\/\/www.africa-press.net\/guinee-bissau\/\"},{\"@type\":\"ListItem\",\"position\":2,\"name\":\"G\u00e9rard Chaliand, guerre et po\u00e9sie\"}]},{\"@type\":\"WebSite\",\"@id\":\"https:\/\/www.africa-press.net\/guinee-bissau\/#website\",\"url\":\"https:\/\/www.africa-press.net\/guinee-bissau\/\",\"name\":\"Guin\u00e9e Bissau\",\"description\":\"Just another Africa News Agency Sites site\",\"potentialAction\":[{\"@type\":\"SearchAction\",\"target\":{\"@type\":\"EntryPoint\",\"urlTemplate\":\"https:\/\/www.africa-press.net\/guinee-bissau\/?s={search_term_string}\"},\"query-input\":{\"@type\":\"PropertyValueSpecification\",\"valueRequired\":true,\"valueName\":\"search_term_string\"}}],\"inLanguage\":\"fr-FR\"},{\"@type\":\"Person\",\"@id\":\"https:\/\/www.africa-press.net\/guinee-bissau\/#\/schema\/person\/2b1cf3cd81a31e3cd26889ca66d677f1\",\"name\":\"cfeditorfr\"}]}<\/script>\n<!-- \/ Yoast SEO Premium plugin. -->","yoast_head_json":{"title":"G\u00e9rard Chaliand, guerre et po\u00e9sie - Guin\u00e9e Bissau","description":"G\u00e9rard Chaliand est un personnage singulier. G\u00e9opoliticien r\u00e9put\u00e9, il a pour sp\u00e9cialit\u00e9 la pol\u00e9mologie, c\u2019est-\u00e0-dire la ...","robots":{"index":"index","follow":"follow","max-snippet":"max-snippet:-1","max-image-preview":"max-image-preview:large","max-video-preview":"max-video-preview:-1"},"canonical":"https:\/\/www.africa-press.net\/guinee-bissau\/culture-et-art\/gerard-chaliand-guerre-et-poesie","og_locale":"fr_FR","og_type":"article","og_title":"G\u00e9rard Chaliand, guerre et po\u00e9sie","og_description":"G\u00e9rard Chaliand est un personnage singulier. G\u00e9opoliticien r\u00e9put\u00e9, il a pour sp\u00e9cialit\u00e9 la pol\u00e9mologie, c\u2019est-\u00e0-dire la ...","og_url":"https:\/\/www.africa-press.net\/guinee-bissau\/culture-et-art\/gerard-chaliand-guerre-et-poesie","og_site_name":"Guin\u00e9e Bissau","article_published_time":"2020-12-28T00:37:46+00:00","og_image":[{"width":480,"height":274,"url":"https:\/\/static.africa-press.net\/centrafricaine\/sites\/55\/2020\/12\/img-5fe8ea007a270.jpg","type":"image\/jpeg"}],"author":"cfeditorfr","twitter_card":"summary_large_image","twitter_misc":{"\u00c9crit par":"cfeditorfr","Dur\u00e9e de lecture estim\u00e9e":"2 minutes"},"schema":{"@context":"https:\/\/schema.org","@graph":[{"@type":"Article","@id":"https:\/\/www.africa-press.net\/guinee-bissau\/culture-et-art\/gerard-chaliand-guerre-et-poesie#article","isPartOf":{"@id":"https:\/\/www.africa-press.net\/guinee-bissau\/culture-et-art\/gerard-chaliand-guerre-et-poesie"},"author":{"name":"cfeditorfr","@id":"https:\/\/www.africa-press.net\/guinee-bissau\/#\/schema\/person\/2b1cf3cd81a31e3cd26889ca66d677f1"},"headline":"G\u00e9rard Chaliand, guerre et po\u00e9sie","datePublished":"2020-12-28T00:37:46+00:00","mainEntityOfPage":{"@id":"https:\/\/www.africa-press.net\/guinee-bissau\/culture-et-art\/gerard-chaliand-guerre-et-poesie"},"wordCount":341,"commentCount":0,"image":{"@id":"https:\/\/www.africa-press.net\/guinee-bissau\/culture-et-art\/gerard-chaliand-guerre-et-poesie#primaryimage"},"thumbnailUrl":"https:\/\/static.africa-press.net\/centrafricaine\/sites\/55\/2020\/12\/img-5fe8ea007a270.jpg","keywords":["Africa Press","Africa Press-Guinee Bissau","Guinee Bissau"],"articleSection":["Culture et Art","homepage-french","Toutes les actualit\u00e9s"],"inLanguage":"fr-FR","potentialAction":[{"@type":"CommentAction","name":"Comment","target":["https:\/\/www.africa-press.net\/guinee-bissau\/culture-et-art\/gerard-chaliand-guerre-et-poesie#respond"]}]},{"@type":"WebPage","@id":"https:\/\/www.africa-press.net\/guinee-bissau\/culture-et-art\/gerard-chaliand-guerre-et-poesie","url":"https:\/\/www.africa-press.net\/guinee-bissau\/culture-et-art\/gerard-chaliand-guerre-et-poesie","name":"G\u00e9rard Chaliand, guerre et po\u00e9sie - Guin\u00e9e Bissau","isPartOf":{"@id":"https:\/\/www.africa-press.net\/guinee-bissau\/#website"},"primaryImageOfPage":{"@id":"https:\/\/www.africa-press.net\/guinee-bissau\/culture-et-art\/gerard-chaliand-guerre-et-poesie#primaryimage"},"image":{"@id":"https:\/\/www.africa-press.net\/guinee-bissau\/culture-et-art\/gerard-chaliand-guerre-et-poesie#primaryimage"},"thumbnailUrl":"https:\/\/static.africa-press.net\/centrafricaine\/sites\/55\/2020\/12\/img-5fe8ea007a270.jpg","datePublished":"2020-12-28T00:37:46+00:00","author":{"@id":"https:\/\/www.africa-press.net\/guinee-bissau\/#\/schema\/person\/2b1cf3cd81a31e3cd26889ca66d677f1"},"description":"G\u00e9rard Chaliand est un personnage singulier. G\u00e9opoliticien r\u00e9put\u00e9, il a pour sp\u00e9cialit\u00e9 la pol\u00e9mologie, c\u2019est-\u00e0-dire la ...","breadcrumb":{"@id":"https:\/\/www.africa-press.net\/guinee-bissau\/culture-et-art\/gerard-chaliand-guerre-et-poesie#breadcrumb"},"inLanguage":"fr-FR","potentialAction":[{"@type":"ReadAction","target":["https:\/\/www.africa-press.net\/guinee-bissau\/culture-et-art\/gerard-chaliand-guerre-et-poesie"]}]},{"@type":"ImageObject","inLanguage":"fr-FR","@id":"https:\/\/www.africa-press.net\/guinee-bissau\/culture-et-art\/gerard-chaliand-guerre-et-poesie#primaryimage","url":"https:\/\/static.africa-press.net\/centrafricaine\/sites\/55\/2020\/12\/img-5fe8ea007a270.jpg","contentUrl":"https:\/\/static.africa-press.net\/centrafricaine\/sites\/55\/2020\/12\/img-5fe8ea007a270.jpg","width":480,"height":274,"caption":"G\u00e9rard Chaliand, guerre et po\u00e9sie"},{"@type":"BreadcrumbList","@id":"https:\/\/www.africa-press.net\/guinee-bissau\/culture-et-art\/gerard-chaliand-guerre-et-poesie#breadcrumb","itemListElement":[{"@type":"ListItem","position":1,"name":"Accueil","item":"https:\/\/www.africa-press.net\/guinee-bissau\/"},{"@type":"ListItem","position":2,"name":"G\u00e9rard Chaliand, guerre et po\u00e9sie"}]},{"@type":"WebSite","@id":"https:\/\/www.africa-press.net\/guinee-bissau\/#website","url":"https:\/\/www.africa-press.net\/guinee-bissau\/","name":"Guin\u00e9e Bissau","description":"Just another Africa News Agency Sites site","potentialAction":[{"@type":"SearchAction","target":{"@type":"EntryPoint","urlTemplate":"https:\/\/www.africa-press.net\/guinee-bissau\/?s={search_term_string}"},"query-input":{"@type":"PropertyValueSpecification","valueRequired":true,"valueName":"search_term_string"}}],"inLanguage":"fr-FR"},{"@type":"Person","@id":"https:\/\/www.africa-press.net\/guinee-bissau\/#\/schema\/person\/2b1cf3cd81a31e3cd26889ca66d677f1","name":"cfeditorfr"}]}},"_links":{"self":[{"href":"https:\/\/www.africa-press.net\/guinee-bissau\/wp-json\/wp\/v2\/posts\/839","targetHints":{"allow":["GET"]}}],"collection":[{"href":"https:\/\/www.africa-press.net\/guinee-bissau\/wp-json\/wp\/v2\/posts"}],"about":[{"href":"https:\/\/www.africa-press.net\/guinee-bissau\/wp-json\/wp\/v2\/types\/post"}],"author":[{"embeddable":true,"href":"https:\/\/www.africa-press.net\/guinee-bissau\/wp-json\/wp\/v2\/users\/82"}],"replies":[{"embeddable":true,"href":"https:\/\/www.africa-press.net\/guinee-bissau\/wp-json\/wp\/v2\/comments?post=839"}],"version-history":[{"count":0,"href":"https:\/\/www.africa-press.net\/guinee-bissau\/wp-json\/wp\/v2\/posts\/839\/revisions"}],"wp:featuredmedia":[{"embeddable":true,"href":"https:\/\/www.africa-press.net\/guinee-bissau\/wp-json\/wp\/v2\/media\/838"}],"wp:attachment":[{"href":"https:\/\/www.africa-press.net\/guinee-bissau\/wp-json\/wp\/v2\/media?parent=839"}],"wp:term":[{"taxonomy":"category","embeddable":true,"href":"https:\/\/www.africa-press.net\/guinee-bissau\/wp-json\/wp\/v2\/categories?post=839"},{"taxonomy":"post_tag","embeddable":true,"href":"https:\/\/www.africa-press.net\/guinee-bissau\/wp-json\/wp\/v2\/tags?post=839"}],"curies":[{"name":"wp","href":"https:\/\/api.w.org\/{rel}","templated":true}]}}