{"id":10627,"date":"2022-12-10T21:57:00","date_gmt":"2022-12-10T21:57:00","guid":{"rendered":"https:\/\/www.africa-press.net\/guinee-conakry\/politique\/fode-oussou-a-lag-de-lufdg-le-communique-de-la-cedeao-est-a-lavantage-de-la-guinee"},"modified":"2022-12-10T21:57:00","modified_gmt":"2022-12-10T21:57:00","slug":"fode-oussou-a-lag-de-lufdg-le-communique-de-la-cedeao-est-a-lavantage-de-la-guinee","status":"publish","type":"post","link":"https:\/\/www.africa-press.net\/guinee-conakry\/politique\/fode-oussou-a-lag-de-lufdg-le-communique-de-la-cedeao-est-a-lavantage-de-la-guinee","title":{"rendered":"Fod\u00e9 Oussou \u00e0 l\u2019AG de l\u2019UFDG : \u00ab le communiqu\u00e9 de la CEDEAO est \u00e0 l\u2019avantage de la Guin\u00e9e \u00bb"},"content":{"rendered":"<p><span style=\"color: #ff6600\"><strong>Africa-Press &#8211; Guin\u00e9e. <\/strong><\/span>L\u2019Union des forces de\u0301mocratiques de Guine\u0301e (UFDG) accueille favorablement la demande de la Communaute\u0301 e\u0301conomique des Etats de l\u2019Afrique de l\u2019Ouest (CEDEAO) d\u2019ouvrir un dialogue inclusif dans notre pays. Selon Dr Fode\u0301 Oussou Fofana, un des vice-pre\u0301sidents du parti, cette position de l\u2019institution sous-re\u0301gionale vient donner raison aux 3 coalitions qui boycottent le dialogue en cours car exigeant plus d\u2019inclusivite\u0301. L\u2019ancien de\u0301pute\u0301 l\u2019a dit ce samedi, 10 de\u0301cembre 2022, a\u0300 l\u2019occasion de l\u2019assemble\u0301e ge\u0301ne\u0301rale hebdomadaire du parti.<\/p>\n<p>La demande d\u2019ouvrir un dialogue inclusif en Guine\u0301e, faite par la CEDEAO, est bien accueillie dans les rangs de l\u2019UFDG. C\u2019est Dr Fode\u0301 Oussou Fofana qui l\u2019a indique\u0301 ce samedi au sie\u0300ge du parti.<\/p>\n<p>\u00ab Nous disons que ce communique\u0301 est a\u0300 l\u2019avantage de la Guine\u0301e. Je voudrais dire qu\u2019il n\u2019y a pas de gagnants, il n\u2019y a pas de perdants, mais ce communique\u0301 a pour objectif de sortir la Guine\u0301e de cette situation. Ce communique\u0301 a pour objectif que la Guine\u0301e rentre dans ce qu\u2019on appelle normalite\u0301. Il faut faire une lecture claire de ce communique\u0301. Il faut s\u2019en fe\u0301liciter parce que ce que nous avons voulu, ce que nous avons demande\u0301 : nous voulons le dialogue, nous avons voulu un dialogue structure\u0301. ; la CEDEAO revient en disant oui, pour la Guine\u0301e, il faut un dialogue inclusif, il faut que tout le monde participe. C\u0327a, c\u2019est un point important. La CEDEAO n\u2019a pas dit que le dialogue qu\u2019on est en train de faire n\u2019est pas un bon dialogue, mais la CEDEAO a dit, nous voulons en Guine\u0301e un dialogue inclusif, un dialogue ou\u0300 tout le monde doit participer, un dialogue ou\u0300 ceux qui sont a\u0300 l\u2019exte\u0301rieur doivent participer, un dialogue ou\u0300 il faut assurer la se\u0301curite\u0301&#8230; Donc, pour l\u2019accepter, il faut qu\u2019on se retrouve, il faut qu\u2019on discute, c\u2019est ce que nous avons demande\u0301 depuis le de\u0301but. Nous aimons la Guine\u0301e, personne ne peut dire qu\u2019on n\u2019aime pas la Guine\u0301e, nous voulons que la Guine\u0301e sorte de cette situation dans la paix. Donc, il est de la responsabilite\u0301 de nos gouvernants de cre\u0301er des conditions pour un dialogue inclusif, un dialogue ou\u0300 tout le monde doit participer \u00bb, a-t-il lance\u0301.<\/p>\n<p>En outre, le vice-pre\u0301sident de l\u2019UFDG a laisse\u0301 entendre que le retour de Cellou Dalein Diallo, pre\u0301sident du parti, est indispensable pour toute participation au dialogue inclusif souhaite\u0301 par la CEDEAO. \u00ab La CEDEAO nous a dit qu\u2019il faut un dialogue inclusif. Nous attendons qu\u2019on nous appelle pour qu\u2019on se retrouve autour de la table, tout le monde, sans exclusion. Et je vous ai dit ici qu\u2019il n\u2019y a pas de remplac\u0327ant pour l\u2019UFDG. La seule personne qui est notre candidat, qui doit diriger, qui doit nous repre\u0301senter, s\u2019appelle pre\u0301sident Cellou Dalein Diallo. En langage simple, UFDG c\u2019est Cellou, et Cellou, c\u2019est l\u2019UFDG \u00bb, a-t-il martele\u0301.<\/p>\n<p><strong>Pour plus d&rsquo;informations et d&rsquo;analyses sur la <a href=\"https:\/\/www.africa-press.net\/guinee-conakry\">Guin\u00e9e<\/a>, suivez <a href=\"https:\/\/www.africa-press.net\/\">Africa-Press<\/a><\/strong><\/p>\n","protected":false},"excerpt":{"rendered":"<p>Africa-Press &#8211; Guin\u00e9e. L\u2019Union des forces de\u0301mocratiques de Guine\u0301e (UFDG) accueille favorablement la demande de la Communaute\u0301 e\u0301conomique des Etats de l\u2019Afrique de l\u2019Ouest (CEDEAO) d\u2019ouvrir un dialogue inclusif dans notre pays. Selon Dr Fode\u0301 Oussou Fofana, un des vice-pre\u0301sidents du parti, cette position de l\u2019institution sous-re\u0301gionale vient donner raison aux 3 coalitions qui boycottent [&hellip;]<\/p>\n","protected":false},"author":82,"featured_media":10626,"comment_status":"open","ping_status":"closed","sticky":false,"template":"","format":"standard","meta":{"footnotes":""},"categories":[11,2,56,10],"tags":[36,57,58],"class_list":["post-10627","post","type-post","status-publish","format-standard","has-post-thumbnail","hentry","category-homepage-french","category-politique","category-to-homepage","category-toutes-les-actualites","tag-africa-press","tag-africa-press-guinee","tag-guinee"],"yoast_head":"<!-- This site is optimized with the Yoast SEO Premium plugin v26.1 (Yoast SEO v27.0) - https:\/\/yoast.com\/product\/yoast-seo-premium-wordpress\/ -->\n<title>Fod\u00e9 Oussou \u00e0 l\u2019AG de l\u2019UFDG : \u00ab le communiqu\u00e9 de la CEDEAO est \u00e0 l\u2019avantage de la Guin\u00e9e \u00bb - guinee Conakry<\/title>\n<meta name=\"robots\" content=\"index, follow, max-snippet:-1, max-image-preview:large, max-video-preview:-1\" \/>\n<link rel=\"canonical\" href=\"https:\/\/www.africa-press.net\/guinee-conakry\/politique\/fode-oussou-a-lag-de-lufdg-le-communique-de-la-cedeao-est-a-lavantage-de-la-guinee\" \/>\n<meta property=\"og:locale\" content=\"fr_FR\" \/>\n<meta property=\"og:type\" content=\"article\" \/>\n<meta property=\"og:title\" content=\"Fod\u00e9 Oussou \u00e0 l\u2019AG de l\u2019UFDG : \u00ab le communiqu\u00e9 de la CEDEAO est \u00e0 l\u2019avantage de la Guin\u00e9e \u00bb\" \/>\n<meta property=\"og:description\" content=\"Africa-Press &#8211; Guin\u00e9e. L\u2019Union des forces de\u0301mocratiques de Guine\u0301e (UFDG) accueille favorablement la demande de la Communaute\u0301 e\u0301conomique des Etats de l\u2019Afrique de l\u2019Ouest (CEDEAO) d\u2019ouvrir un dialogue inclusif dans notre pays. Selon Dr Fode\u0301 Oussou Fofana, un des vice-pre\u0301sidents du parti, cette position de l\u2019institution sous-re\u0301gionale vient donner raison aux 3 coalitions qui boycottent [&hellip;]\" \/>\n<meta property=\"og:url\" content=\"https:\/\/www.africa-press.net\/guinee-conakry\/politique\/fode-oussou-a-lag-de-lufdg-le-communique-de-la-cedeao-est-a-lavantage-de-la-guinee\" \/>\n<meta property=\"og:site_name\" content=\"guinee Conakry\" \/>\n<meta property=\"article:published_time\" content=\"2022-12-10T21:57:00+00:00\" \/>\n<meta name=\"author\" content=\"cfeditorfr\" \/>\n<meta name=\"twitter:card\" content=\"summary_large_image\" \/>\n<meta name=\"twitter:label1\" content=\"\u00c9crit par\" \/>\n\t<meta name=\"twitter:data1\" content=\"cfeditorfr\" \/>\n\t<meta name=\"twitter:label2\" content=\"Dur\u00e9e de lecture estim\u00e9e\" \/>\n\t<meta name=\"twitter:data2\" content=\"3 minutes\" \/>\n<script type=\"application\/ld+json\" class=\"yoast-schema-graph\">{\"@context\":\"https:\/\/schema.org\",\"@graph\":[{\"@type\":\"Article\",\"@id\":\"https:\/\/www.africa-press.net\/guinee-conakry\/politique\/fode-oussou-a-lag-de-lufdg-le-communique-de-la-cedeao-est-a-lavantage-de-la-guinee#article\",\"isPartOf\":{\"@id\":\"https:\/\/www.africa-press.net\/guinee-conakry\/politique\/fode-oussou-a-lag-de-lufdg-le-communique-de-la-cedeao-est-a-lavantage-de-la-guinee\"},\"author\":{\"name\":\"cfeditorfr\",\"@id\":\"https:\/\/www.africa-press.net\/guinee-conakry\/#\/schema\/person\/2b1cf3cd81a31e3cd26889ca66d677f1\"},\"headline\":\"Fod\u00e9 Oussou \u00e0 l\u2019AG de l\u2019UFDG : \u00ab le communiqu\u00e9 de la CEDEAO est \u00e0 l\u2019avantage de la Guin\u00e9e \u00bb\",\"datePublished\":\"2022-12-10T21:57:00+00:00\",\"mainEntityOfPage\":{\"@id\":\"https:\/\/www.africa-press.net\/guinee-conakry\/politique\/fode-oussou-a-lag-de-lufdg-le-communique-de-la-cedeao-est-a-lavantage-de-la-guinee\"},\"wordCount\":565,\"commentCount\":0,\"image\":{\"@id\":\"https:\/\/www.africa-press.net\/guinee-conakry\/politique\/fode-oussou-a-lag-de-lufdg-le-communique-de-la-cedeao-est-a-lavantage-de-la-guinee#primaryimage\"},\"thumbnailUrl\":\"https:\/\/static.africa-press.net\/conakry\/sites\/63\/2022\/12\/Jokar1670696861.928124.jpg\",\"keywords\":[\"Africa Press\",\"Africa Press-Guin\u00e9e\",\"Guin\u00e9e\"],\"articleSection\":[\"homepage-french\",\"Politique\",\"to-homepage\",\"Toutes les actualit\u00e9s\"],\"inLanguage\":\"fr-FR\",\"potentialAction\":[{\"@type\":\"CommentAction\",\"name\":\"Comment\",\"target\":[\"https:\/\/www.africa-press.net\/guinee-conakry\/politique\/fode-oussou-a-lag-de-lufdg-le-communique-de-la-cedeao-est-a-lavantage-de-la-guinee#respond\"]}]},{\"@type\":\"WebPage\",\"@id\":\"https:\/\/www.africa-press.net\/guinee-conakry\/politique\/fode-oussou-a-lag-de-lufdg-le-communique-de-la-cedeao-est-a-lavantage-de-la-guinee\",\"url\":\"https:\/\/www.africa-press.net\/guinee-conakry\/politique\/fode-oussou-a-lag-de-lufdg-le-communique-de-la-cedeao-est-a-lavantage-de-la-guinee\",\"name\":\"Fod\u00e9 Oussou \u00e0 l\u2019AG de l\u2019UFDG : \u00ab le communiqu\u00e9 de la CEDEAO est \u00e0 l\u2019avantage de la Guin\u00e9e \u00bb - guinee Conakry\",\"isPartOf\":{\"@id\":\"https:\/\/www.africa-press.net\/guinee-conakry\/#website\"},\"primaryImageOfPage\":{\"@id\":\"https:\/\/www.africa-press.net\/guinee-conakry\/politique\/fode-oussou-a-lag-de-lufdg-le-communique-de-la-cedeao-est-a-lavantage-de-la-guinee#primaryimage\"},\"image\":{\"@id\":\"https:\/\/www.africa-press.net\/guinee-conakry\/politique\/fode-oussou-a-lag-de-lufdg-le-communique-de-la-cedeao-est-a-lavantage-de-la-guinee#primaryimage\"},\"thumbnailUrl\":\"https:\/\/static.africa-press.net\/conakry\/sites\/63\/2022\/12\/Jokar1670696861.928124.jpg\",\"datePublished\":\"2022-12-10T21:57:00+00:00\",\"author\":{\"@id\":\"https:\/\/www.africa-press.net\/guinee-conakry\/#\/schema\/person\/2b1cf3cd81a31e3cd26889ca66d677f1\"},\"breadcrumb\":{\"@id\":\"https:\/\/www.africa-press.net\/guinee-conakry\/politique\/fode-oussou-a-lag-de-lufdg-le-communique-de-la-cedeao-est-a-lavantage-de-la-guinee#breadcrumb\"},\"inLanguage\":\"fr-FR\",\"potentialAction\":[{\"@type\":\"ReadAction\",\"target\":[\"https:\/\/www.africa-press.net\/guinee-conakry\/politique\/fode-oussou-a-lag-de-lufdg-le-communique-de-la-cedeao-est-a-lavantage-de-la-guinee\"]}]},{\"@type\":\"ImageObject\",\"inLanguage\":\"fr-FR\",\"@id\":\"https:\/\/www.africa-press.net\/guinee-conakry\/politique\/fode-oussou-a-lag-de-lufdg-le-communique-de-la-cedeao-est-a-lavantage-de-la-guinee#primaryimage\",\"url\":\"https:\/\/static.africa-press.net\/conakry\/sites\/63\/2022\/12\/Jokar1670696861.928124.jpg\",\"contentUrl\":\"https:\/\/static.africa-press.net\/conakry\/sites\/63\/2022\/12\/Jokar1670696861.928124.jpg\",\"width\":1280,\"height\":538,\"caption\":\"Fod\u00e9 Oussou \u00e0 l\u2019AG de l\u2019UFDG : \u00ab le communiqu\u00e9 de la CEDEAO est \u00e0 l\u2019avantage de la Guin\u00e9e \u00bb\"},{\"@type\":\"BreadcrumbList\",\"@id\":\"https:\/\/www.africa-press.net\/guinee-conakry\/politique\/fode-oussou-a-lag-de-lufdg-le-communique-de-la-cedeao-est-a-lavantage-de-la-guinee#breadcrumb\",\"itemListElement\":[{\"@type\":\"ListItem\",\"position\":1,\"name\":\"Accueil\",\"item\":\"https:\/\/www.africa-press.net\/guinee-conakry\/\"},{\"@type\":\"ListItem\",\"position\":2,\"name\":\"Fod\u00e9 Oussou \u00e0 l\u2019AG de l\u2019UFDG : \u00ab le communiqu\u00e9 de la CEDEAO est \u00e0 l\u2019avantage de la Guin\u00e9e \u00bb\"}]},{\"@type\":\"WebSite\",\"@id\":\"https:\/\/www.africa-press.net\/guinee-conakry\/#website\",\"url\":\"https:\/\/www.africa-press.net\/guinee-conakry\/\",\"name\":\"guinee Conakry\",\"description\":\"Just another Africa News Agency Sites site\",\"potentialAction\":[{\"@type\":\"SearchAction\",\"target\":{\"@type\":\"EntryPoint\",\"urlTemplate\":\"https:\/\/www.africa-press.net\/guinee-conakry\/?s={search_term_string}\"},\"query-input\":{\"@type\":\"PropertyValueSpecification\",\"valueRequired\":true,\"valueName\":\"search_term_string\"}}],\"inLanguage\":\"fr-FR\"},{\"@type\":\"Person\",\"@id\":\"https:\/\/www.africa-press.net\/guinee-conakry\/#\/schema\/person\/2b1cf3cd81a31e3cd26889ca66d677f1\",\"name\":\"cfeditorfr\"}]}<\/script>\n<!-- \/ Yoast SEO Premium plugin. -->","yoast_head_json":{"title":"Fod\u00e9 Oussou \u00e0 l\u2019AG de l\u2019UFDG : \u00ab le communiqu\u00e9 de la CEDEAO est \u00e0 l\u2019avantage de la Guin\u00e9e \u00bb - guinee Conakry","robots":{"index":"index","follow":"follow","max-snippet":"max-snippet:-1","max-image-preview":"max-image-preview:large","max-video-preview":"max-video-preview:-1"},"canonical":"https:\/\/www.africa-press.net\/guinee-conakry\/politique\/fode-oussou-a-lag-de-lufdg-le-communique-de-la-cedeao-est-a-lavantage-de-la-guinee","og_locale":"fr_FR","og_type":"article","og_title":"Fod\u00e9 Oussou \u00e0 l\u2019AG de l\u2019UFDG : \u00ab le communiqu\u00e9 de la CEDEAO est \u00e0 l\u2019avantage de la Guin\u00e9e \u00bb","og_description":"Africa-Press &#8211; Guin\u00e9e. L\u2019Union des forces de\u0301mocratiques de Guine\u0301e (UFDG) accueille favorablement la demande de la Communaute\u0301 e\u0301conomique des Etats de l\u2019Afrique de l\u2019Ouest (CEDEAO) d\u2019ouvrir un dialogue inclusif dans notre pays. Selon Dr Fode\u0301 Oussou Fofana, un des vice-pre\u0301sidents du parti, cette position de l\u2019institution sous-re\u0301gionale vient donner raison aux 3 coalitions qui boycottent [&hellip;]","og_url":"https:\/\/www.africa-press.net\/guinee-conakry\/politique\/fode-oussou-a-lag-de-lufdg-le-communique-de-la-cedeao-est-a-lavantage-de-la-guinee","og_site_name":"guinee Conakry","article_published_time":"2022-12-10T21:57:00+00:00","author":"cfeditorfr","twitter_card":"summary_large_image","twitter_misc":{"\u00c9crit par":"cfeditorfr","Dur\u00e9e de lecture estim\u00e9e":"3 minutes"},"schema":{"@context":"https:\/\/schema.org","@graph":[{"@type":"Article","@id":"https:\/\/www.africa-press.net\/guinee-conakry\/politique\/fode-oussou-a-lag-de-lufdg-le-communique-de-la-cedeao-est-a-lavantage-de-la-guinee#article","isPartOf":{"@id":"https:\/\/www.africa-press.net\/guinee-conakry\/politique\/fode-oussou-a-lag-de-lufdg-le-communique-de-la-cedeao-est-a-lavantage-de-la-guinee"},"author":{"name":"cfeditorfr","@id":"https:\/\/www.africa-press.net\/guinee-conakry\/#\/schema\/person\/2b1cf3cd81a31e3cd26889ca66d677f1"},"headline":"Fod\u00e9 Oussou \u00e0 l\u2019AG de l\u2019UFDG : \u00ab le communiqu\u00e9 de la CEDEAO est \u00e0 l\u2019avantage de la Guin\u00e9e \u00bb","datePublished":"2022-12-10T21:57:00+00:00","mainEntityOfPage":{"@id":"https:\/\/www.africa-press.net\/guinee-conakry\/politique\/fode-oussou-a-lag-de-lufdg-le-communique-de-la-cedeao-est-a-lavantage-de-la-guinee"},"wordCount":565,"commentCount":0,"image":{"@id":"https:\/\/www.africa-press.net\/guinee-conakry\/politique\/fode-oussou-a-lag-de-lufdg-le-communique-de-la-cedeao-est-a-lavantage-de-la-guinee#primaryimage"},"thumbnailUrl":"https:\/\/static.africa-press.net\/conakry\/sites\/63\/2022\/12\/Jokar1670696861.928124.jpg","keywords":["Africa Press","Africa Press-Guin\u00e9e","Guin\u00e9e"],"articleSection":["homepage-french","Politique","to-homepage","Toutes les actualit\u00e9s"],"inLanguage":"fr-FR","potentialAction":[{"@type":"CommentAction","name":"Comment","target":["https:\/\/www.africa-press.net\/guinee-conakry\/politique\/fode-oussou-a-lag-de-lufdg-le-communique-de-la-cedeao-est-a-lavantage-de-la-guinee#respond"]}]},{"@type":"WebPage","@id":"https:\/\/www.africa-press.net\/guinee-conakry\/politique\/fode-oussou-a-lag-de-lufdg-le-communique-de-la-cedeao-est-a-lavantage-de-la-guinee","url":"https:\/\/www.africa-press.net\/guinee-conakry\/politique\/fode-oussou-a-lag-de-lufdg-le-communique-de-la-cedeao-est-a-lavantage-de-la-guinee","name":"Fod\u00e9 Oussou \u00e0 l\u2019AG de l\u2019UFDG : \u00ab le communiqu\u00e9 de la CEDEAO est \u00e0 l\u2019avantage de la Guin\u00e9e \u00bb - guinee Conakry","isPartOf":{"@id":"https:\/\/www.africa-press.net\/guinee-conakry\/#website"},"primaryImageOfPage":{"@id":"https:\/\/www.africa-press.net\/guinee-conakry\/politique\/fode-oussou-a-lag-de-lufdg-le-communique-de-la-cedeao-est-a-lavantage-de-la-guinee#primaryimage"},"image":{"@id":"https:\/\/www.africa-press.net\/guinee-conakry\/politique\/fode-oussou-a-lag-de-lufdg-le-communique-de-la-cedeao-est-a-lavantage-de-la-guinee#primaryimage"},"thumbnailUrl":"https:\/\/static.africa-press.net\/conakry\/sites\/63\/2022\/12\/Jokar1670696861.928124.jpg","datePublished":"2022-12-10T21:57:00+00:00","author":{"@id":"https:\/\/www.africa-press.net\/guinee-conakry\/#\/schema\/person\/2b1cf3cd81a31e3cd26889ca66d677f1"},"breadcrumb":{"@id":"https:\/\/www.africa-press.net\/guinee-conakry\/politique\/fode-oussou-a-lag-de-lufdg-le-communique-de-la-cedeao-est-a-lavantage-de-la-guinee#breadcrumb"},"inLanguage":"fr-FR","potentialAction":[{"@type":"ReadAction","target":["https:\/\/www.africa-press.net\/guinee-conakry\/politique\/fode-oussou-a-lag-de-lufdg-le-communique-de-la-cedeao-est-a-lavantage-de-la-guinee"]}]},{"@type":"ImageObject","inLanguage":"fr-FR","@id":"https:\/\/www.africa-press.net\/guinee-conakry\/politique\/fode-oussou-a-lag-de-lufdg-le-communique-de-la-cedeao-est-a-lavantage-de-la-guinee#primaryimage","url":"https:\/\/static.africa-press.net\/conakry\/sites\/63\/2022\/12\/Jokar1670696861.928124.jpg","contentUrl":"https:\/\/static.africa-press.net\/conakry\/sites\/63\/2022\/12\/Jokar1670696861.928124.jpg","width":1280,"height":538,"caption":"Fod\u00e9 Oussou \u00e0 l\u2019AG de l\u2019UFDG : \u00ab le communiqu\u00e9 de la CEDEAO est \u00e0 l\u2019avantage de la Guin\u00e9e \u00bb"},{"@type":"BreadcrumbList","@id":"https:\/\/www.africa-press.net\/guinee-conakry\/politique\/fode-oussou-a-lag-de-lufdg-le-communique-de-la-cedeao-est-a-lavantage-de-la-guinee#breadcrumb","itemListElement":[{"@type":"ListItem","position":1,"name":"Accueil","item":"https:\/\/www.africa-press.net\/guinee-conakry\/"},{"@type":"ListItem","position":2,"name":"Fod\u00e9 Oussou \u00e0 l\u2019AG de l\u2019UFDG : \u00ab le communiqu\u00e9 de la CEDEAO est \u00e0 l\u2019avantage de la Guin\u00e9e \u00bb"}]},{"@type":"WebSite","@id":"https:\/\/www.africa-press.net\/guinee-conakry\/#website","url":"https:\/\/www.africa-press.net\/guinee-conakry\/","name":"guinee Conakry","description":"Just another Africa News Agency Sites site","potentialAction":[{"@type":"SearchAction","target":{"@type":"EntryPoint","urlTemplate":"https:\/\/www.africa-press.net\/guinee-conakry\/?s={search_term_string}"},"query-input":{"@type":"PropertyValueSpecification","valueRequired":true,"valueName":"search_term_string"}}],"inLanguage":"fr-FR"},{"@type":"Person","@id":"https:\/\/www.africa-press.net\/guinee-conakry\/#\/schema\/person\/2b1cf3cd81a31e3cd26889ca66d677f1","name":"cfeditorfr"}]}},"_links":{"self":[{"href":"https:\/\/www.africa-press.net\/guinee-conakry\/wp-json\/wp\/v2\/posts\/10627","targetHints":{"allow":["GET"]}}],"collection":[{"href":"https:\/\/www.africa-press.net\/guinee-conakry\/wp-json\/wp\/v2\/posts"}],"about":[{"href":"https:\/\/www.africa-press.net\/guinee-conakry\/wp-json\/wp\/v2\/types\/post"}],"author":[{"embeddable":true,"href":"https:\/\/www.africa-press.net\/guinee-conakry\/wp-json\/wp\/v2\/users\/82"}],"replies":[{"embeddable":true,"href":"https:\/\/www.africa-press.net\/guinee-conakry\/wp-json\/wp\/v2\/comments?post=10627"}],"version-history":[{"count":0,"href":"https:\/\/www.africa-press.net\/guinee-conakry\/wp-json\/wp\/v2\/posts\/10627\/revisions"}],"wp:featuredmedia":[{"embeddable":true,"href":"https:\/\/www.africa-press.net\/guinee-conakry\/wp-json\/wp\/v2\/media\/10626"}],"wp:attachment":[{"href":"https:\/\/www.africa-press.net\/guinee-conakry\/wp-json\/wp\/v2\/media?parent=10627"}],"wp:term":[{"taxonomy":"category","embeddable":true,"href":"https:\/\/www.africa-press.net\/guinee-conakry\/wp-json\/wp\/v2\/categories?post=10627"},{"taxonomy":"post_tag","embeddable":true,"href":"https:\/\/www.africa-press.net\/guinee-conakry\/wp-json\/wp\/v2\/tags?post=10627"}],"curies":[{"name":"wp","href":"https:\/\/api.w.org\/{rel}","templated":true}]}}