{"id":10631,"date":"2022-12-10T22:03:00","date_gmt":"2022-12-10T22:03:00","guid":{"rendered":"https:\/\/www.africa-press.net\/guinee-conakry\/politique\/14eme-fidaou-de-feu-general-lansana-conte-cest-pour-le-repos-de-lillustre-disparu-et-pour-la-paix-dans-le-pays"},"modified":"2022-12-10T22:03:00","modified_gmt":"2022-12-10T22:03:00","slug":"14eme-fidaou-de-feu-general-lansana-conte-cest-pour-le-repos-de-lillustre-disparu-et-pour-la-paix-dans-le-pays","status":"publish","type":"post","link":"https:\/\/www.africa-press.net\/guinee-conakry\/parties\/14eme-fidaou-de-feu-general-lansana-conte-cest-pour-le-repos-de-lillustre-disparu-et-pour-la-paix-dans-le-pays","title":{"rendered":"14\u00e8me Fidaou de feu G\u00e9n\u00e9ral Lansana Cont\u00e9 : \u00ab C\u2019est pour le repos de l\u2019illustre disparu et pour la paix dans le pays \u00bb"},"content":{"rendered":"<p><span style=\"color: #ff6600\"><strong>Africa-Press &#8211; Guin\u00e9e. <\/strong><\/span>C\u2019est devenu une coutume pour le PUP (parti de l\u2019unite\u0301 et du progre\u0300s) d\u2019organiser chaque anne\u0301e, depuis d\u2019une de\u0301cennie maintenant, le Fidaou de feu Ge\u0301ne\u0301ral Lansana Conte\u0301, l\u2019ancien pre\u0301sident de la Guine\u0301e (entre 1984 et 2008). Cette anne\u0301e encore, en collaboration avec la famille de cet ex Chef de l\u2019Etat guine\u0301en, le PUP compte organiser du 21 au 22 de\u0301cembre 2022 a\u0300 Lansanayah (dans la commune rurale de Tane\u0300ne\u0300) cette ce\u0301re\u0301monie de recueillement, de prie\u0300res et de lecture du Saint Coran.<\/p>\n<p>ce samedi, 10 de\u0301cembre 2022, cette ce\u0301re\u0301monie sera organise\u0301e \u00ab pour le repos de l\u2019illustre disparu (Ge\u0301ne\u0301ral Lansana Conte\u0301) et pour la paix dans le pays \u00bb.<\/p>\n<p>A rappeler que le Ge\u0301ne\u0301ral Lansana Conte\u0301 a dirige\u0301 la Guine\u0301e du 3 avril 1984 au 22 de\u0301cembre 2008.<\/p>\n<p><strong>Pour plus d&rsquo;informations et d&rsquo;analyses sur la <a href=\"https:\/\/www.africa-press.net\/guinee-conakry\">Guin\u00e9e<\/a>, suivez <a href=\"https:\/\/www.africa-press.net\/\">Africa-Press<\/a><\/strong><\/p>\n","protected":false},"excerpt":{"rendered":"<p>Africa-Press &#8211; Guin\u00e9e. C\u2019est devenu une coutume pour le PUP (parti de l\u2019unite\u0301 et du progre\u0300s) d\u2019organiser chaque anne\u0301e, depuis d\u2019une de\u0301cennie maintenant, le Fidaou de feu Ge\u0301ne\u0301ral Lansana Conte\u0301, l\u2019ancien pre\u0301sident de la Guine\u0301e (entre 1984 et 2008). Cette anne\u0301e encore, en collaboration avec la famille de cet ex Chef de l\u2019Etat guine\u0301en, le [&hellip;]<\/p>\n","protected":false},"author":82,"featured_media":10630,"comment_status":"open","ping_status":"closed","sticky":false,"template":"","format":"standard","meta":{"footnotes":""},"categories":[21,11,4,56,10],"tags":[36,57,58],"class_list":["post-10631","post","type-post","status-publish","format-standard","has-post-thumbnail","hentry","category-communaute","category-homepage-french","category-parties","category-to-homepage","category-toutes-les-actualites","tag-africa-press","tag-africa-press-guinee","tag-guinee"],"yoast_head":"<!-- This site is optimized with the Yoast SEO Premium plugin v26.1 (Yoast SEO v27.0) - https:\/\/yoast.com\/product\/yoast-seo-premium-wordpress\/ -->\n<title>14\u00e8me Fidaou de feu G\u00e9n\u00e9ral Lansana Cont\u00e9 : \u00ab C\u2019est pour le repos de l\u2019illustre disparu et pour la paix dans le pays \u00bb - guinee Conakry<\/title>\n<meta name=\"robots\" content=\"index, follow, max-snippet:-1, max-image-preview:large, max-video-preview:-1\" \/>\n<link rel=\"canonical\" href=\"https:\/\/www.africa-press.net\/guinee-conakry\/politique\/14eme-fidaou-de-feu-general-lansana-conte-cest-pour-le-repos-de-lillustre-disparu-et-pour-la-paix-dans-le-pays\" \/>\n<meta property=\"og:locale\" content=\"fr_FR\" \/>\n<meta property=\"og:type\" content=\"article\" \/>\n<meta property=\"og:title\" content=\"14\u00e8me Fidaou de feu G\u00e9n\u00e9ral Lansana Cont\u00e9 : \u00ab C\u2019est pour le repos de l\u2019illustre disparu et pour la paix dans le pays \u00bb\" \/>\n<meta property=\"og:description\" content=\"Africa-Press &#8211; Guin\u00e9e. C\u2019est devenu une coutume pour le PUP (parti de l\u2019unite\u0301 et du progre\u0300s) d\u2019organiser chaque anne\u0301e, depuis d\u2019une de\u0301cennie maintenant, le Fidaou de feu Ge\u0301ne\u0301ral Lansana Conte\u0301, l\u2019ancien pre\u0301sident de la Guine\u0301e (entre 1984 et 2008). Cette anne\u0301e encore, en collaboration avec la famille de cet ex Chef de l\u2019Etat guine\u0301en, le [&hellip;]\" \/>\n<meta property=\"og:url\" content=\"https:\/\/www.africa-press.net\/guinee-conakry\/politique\/14eme-fidaou-de-feu-general-lansana-conte-cest-pour-le-repos-de-lillustre-disparu-et-pour-la-paix-dans-le-pays\" \/>\n<meta property=\"og:site_name\" content=\"guinee Conakry\" \/>\n<meta property=\"article:published_time\" content=\"2022-12-10T22:03:00+00:00\" \/>\n<meta name=\"author\" content=\"cfeditorfr\" \/>\n<meta name=\"twitter:card\" content=\"summary_large_image\" \/>\n<meta name=\"twitter:label1\" content=\"\u00c9crit par\" \/>\n\t<meta name=\"twitter:data1\" content=\"cfeditorfr\" \/>\n\t<meta name=\"twitter:label2\" content=\"Dur\u00e9e de lecture estim\u00e9e\" \/>\n\t<meta name=\"twitter:data2\" content=\"1 minute\" \/>\n<script type=\"application\/ld+json\" class=\"yoast-schema-graph\">{\"@context\":\"https:\/\/schema.org\",\"@graph\":[{\"@type\":\"Article\",\"@id\":\"https:\/\/www.africa-press.net\/guinee-conakry\/politique\/14eme-fidaou-de-feu-general-lansana-conte-cest-pour-le-repos-de-lillustre-disparu-et-pour-la-paix-dans-le-pays#article\",\"isPartOf\":{\"@id\":\"https:\/\/www.africa-press.net\/guinee-conakry\/politique\/14eme-fidaou-de-feu-general-lansana-conte-cest-pour-le-repos-de-lillustre-disparu-et-pour-la-paix-dans-le-pays\"},\"author\":{\"name\":\"cfeditorfr\",\"@id\":\"https:\/\/www.africa-press.net\/guinee-conakry\/#\/schema\/person\/2b1cf3cd81a31e3cd26889ca66d677f1\"},\"headline\":\"14\u00e8me Fidaou de feu G\u00e9n\u00e9ral Lansana Cont\u00e9 : \u00ab C\u2019est pour le repos de l\u2019illustre disparu et pour la paix dans le pays \u00bb\",\"datePublished\":\"2022-12-10T22:03:00+00:00\",\"mainEntityOfPage\":{\"@id\":\"https:\/\/www.africa-press.net\/guinee-conakry\/politique\/14eme-fidaou-de-feu-general-lansana-conte-cest-pour-le-repos-de-lillustre-disparu-et-pour-la-paix-dans-le-pays\"},\"wordCount\":187,\"commentCount\":0,\"image\":{\"@id\":\"https:\/\/www.africa-press.net\/guinee-conakry\/politique\/14eme-fidaou-de-feu-general-lansana-conte-cest-pour-le-repos-de-lillustre-disparu-et-pour-la-paix-dans-le-pays#primaryimage\"},\"thumbnailUrl\":\"https:\/\/static.africa-press.net\/conakry\/sites\/63\/2022\/12\/Jokar1670697187.756613.jpg\",\"keywords\":[\"Africa Press\",\"Africa Press-Guin\u00e9e\",\"Guin\u00e9e\"],\"articleSection\":[\"Communaut\u00e9\",\"homepage-french\",\"Parties\",\"to-homepage\",\"Toutes les actualit\u00e9s\"],\"inLanguage\":\"fr-FR\",\"potentialAction\":[{\"@type\":\"CommentAction\",\"name\":\"Comment\",\"target\":[\"https:\/\/www.africa-press.net\/guinee-conakry\/politique\/14eme-fidaou-de-feu-general-lansana-conte-cest-pour-le-repos-de-lillustre-disparu-et-pour-la-paix-dans-le-pays#respond\"]}]},{\"@type\":\"WebPage\",\"@id\":\"https:\/\/www.africa-press.net\/guinee-conakry\/politique\/14eme-fidaou-de-feu-general-lansana-conte-cest-pour-le-repos-de-lillustre-disparu-et-pour-la-paix-dans-le-pays\",\"url\":\"https:\/\/www.africa-press.net\/guinee-conakry\/politique\/14eme-fidaou-de-feu-general-lansana-conte-cest-pour-le-repos-de-lillustre-disparu-et-pour-la-paix-dans-le-pays\",\"name\":\"14\u00e8me Fidaou de feu G\u00e9n\u00e9ral Lansana Cont\u00e9 : \u00ab C\u2019est pour le repos de l\u2019illustre disparu et pour la paix dans le pays \u00bb - guinee Conakry\",\"isPartOf\":{\"@id\":\"https:\/\/www.africa-press.net\/guinee-conakry\/#website\"},\"primaryImageOfPage\":{\"@id\":\"https:\/\/www.africa-press.net\/guinee-conakry\/politique\/14eme-fidaou-de-feu-general-lansana-conte-cest-pour-le-repos-de-lillustre-disparu-et-pour-la-paix-dans-le-pays#primaryimage\"},\"image\":{\"@id\":\"https:\/\/www.africa-press.net\/guinee-conakry\/politique\/14eme-fidaou-de-feu-general-lansana-conte-cest-pour-le-repos-de-lillustre-disparu-et-pour-la-paix-dans-le-pays#primaryimage\"},\"thumbnailUrl\":\"https:\/\/static.africa-press.net\/conakry\/sites\/63\/2022\/12\/Jokar1670697187.756613.jpg\",\"datePublished\":\"2022-12-10T22:03:00+00:00\",\"author\":{\"@id\":\"https:\/\/www.africa-press.net\/guinee-conakry\/#\/schema\/person\/2b1cf3cd81a31e3cd26889ca66d677f1\"},\"breadcrumb\":{\"@id\":\"https:\/\/www.africa-press.net\/guinee-conakry\/politique\/14eme-fidaou-de-feu-general-lansana-conte-cest-pour-le-repos-de-lillustre-disparu-et-pour-la-paix-dans-le-pays#breadcrumb\"},\"inLanguage\":\"fr-FR\",\"potentialAction\":[{\"@type\":\"ReadAction\",\"target\":[\"https:\/\/www.africa-press.net\/guinee-conakry\/politique\/14eme-fidaou-de-feu-general-lansana-conte-cest-pour-le-repos-de-lillustre-disparu-et-pour-la-paix-dans-le-pays\"]}]},{\"@type\":\"ImageObject\",\"inLanguage\":\"fr-FR\",\"@id\":\"https:\/\/www.africa-press.net\/guinee-conakry\/politique\/14eme-fidaou-de-feu-general-lansana-conte-cest-pour-le-repos-de-lillustre-disparu-et-pour-la-paix-dans-le-pays#primaryimage\",\"url\":\"https:\/\/static.africa-press.net\/conakry\/sites\/63\/2022\/12\/Jokar1670697187.756613.jpg\",\"contentUrl\":\"https:\/\/static.africa-press.net\/conakry\/sites\/63\/2022\/12\/Jokar1670697187.756613.jpg\",\"width\":793,\"height\":486,\"caption\":\"14\u00e8me Fidaou de feu G\u00e9n\u00e9ral Lansana Cont\u00e9 : \u00ab C\u2019est pour le repos de l\u2019illustre disparu et pour la paix dans le pays \u00bb\"},{\"@type\":\"BreadcrumbList\",\"@id\":\"https:\/\/www.africa-press.net\/guinee-conakry\/politique\/14eme-fidaou-de-feu-general-lansana-conte-cest-pour-le-repos-de-lillustre-disparu-et-pour-la-paix-dans-le-pays#breadcrumb\",\"itemListElement\":[{\"@type\":\"ListItem\",\"position\":1,\"name\":\"Accueil\",\"item\":\"https:\/\/www.africa-press.net\/guinee-conakry\/\"},{\"@type\":\"ListItem\",\"position\":2,\"name\":\"14\u00e8me Fidaou de feu G\u00e9n\u00e9ral Lansana Cont\u00e9 : \u00ab C\u2019est pour le repos de l\u2019illustre disparu et pour la paix dans le pays \u00bb\"}]},{\"@type\":\"WebSite\",\"@id\":\"https:\/\/www.africa-press.net\/guinee-conakry\/#website\",\"url\":\"https:\/\/www.africa-press.net\/guinee-conakry\/\",\"name\":\"guinee Conakry\",\"description\":\"Just another Africa News Agency Sites site\",\"potentialAction\":[{\"@type\":\"SearchAction\",\"target\":{\"@type\":\"EntryPoint\",\"urlTemplate\":\"https:\/\/www.africa-press.net\/guinee-conakry\/?s={search_term_string}\"},\"query-input\":{\"@type\":\"PropertyValueSpecification\",\"valueRequired\":true,\"valueName\":\"search_term_string\"}}],\"inLanguage\":\"fr-FR\"},{\"@type\":\"Person\",\"@id\":\"https:\/\/www.africa-press.net\/guinee-conakry\/#\/schema\/person\/2b1cf3cd81a31e3cd26889ca66d677f1\",\"name\":\"cfeditorfr\"}]}<\/script>\n<!-- \/ Yoast SEO Premium plugin. -->","yoast_head_json":{"title":"14\u00e8me Fidaou de feu G\u00e9n\u00e9ral Lansana Cont\u00e9 : \u00ab C\u2019est pour le repos de l\u2019illustre disparu et pour la paix dans le pays \u00bb - guinee Conakry","robots":{"index":"index","follow":"follow","max-snippet":"max-snippet:-1","max-image-preview":"max-image-preview:large","max-video-preview":"max-video-preview:-1"},"canonical":"https:\/\/www.africa-press.net\/guinee-conakry\/politique\/14eme-fidaou-de-feu-general-lansana-conte-cest-pour-le-repos-de-lillustre-disparu-et-pour-la-paix-dans-le-pays","og_locale":"fr_FR","og_type":"article","og_title":"14\u00e8me Fidaou de feu G\u00e9n\u00e9ral Lansana Cont\u00e9 : \u00ab C\u2019est pour le repos de l\u2019illustre disparu et pour la paix dans le pays \u00bb","og_description":"Africa-Press &#8211; Guin\u00e9e. C\u2019est devenu une coutume pour le PUP (parti de l\u2019unite\u0301 et du progre\u0300s) d\u2019organiser chaque anne\u0301e, depuis d\u2019une de\u0301cennie maintenant, le Fidaou de feu Ge\u0301ne\u0301ral Lansana Conte\u0301, l\u2019ancien pre\u0301sident de la Guine\u0301e (entre 1984 et 2008). Cette anne\u0301e encore, en collaboration avec la famille de cet ex Chef de l\u2019Etat guine\u0301en, le [&hellip;]","og_url":"https:\/\/www.africa-press.net\/guinee-conakry\/politique\/14eme-fidaou-de-feu-general-lansana-conte-cest-pour-le-repos-de-lillustre-disparu-et-pour-la-paix-dans-le-pays","og_site_name":"guinee Conakry","article_published_time":"2022-12-10T22:03:00+00:00","author":"cfeditorfr","twitter_card":"summary_large_image","twitter_misc":{"\u00c9crit par":"cfeditorfr","Dur\u00e9e de lecture estim\u00e9e":"1 minute"},"schema":{"@context":"https:\/\/schema.org","@graph":[{"@type":"Article","@id":"https:\/\/www.africa-press.net\/guinee-conakry\/politique\/14eme-fidaou-de-feu-general-lansana-conte-cest-pour-le-repos-de-lillustre-disparu-et-pour-la-paix-dans-le-pays#article","isPartOf":{"@id":"https:\/\/www.africa-press.net\/guinee-conakry\/politique\/14eme-fidaou-de-feu-general-lansana-conte-cest-pour-le-repos-de-lillustre-disparu-et-pour-la-paix-dans-le-pays"},"author":{"name":"cfeditorfr","@id":"https:\/\/www.africa-press.net\/guinee-conakry\/#\/schema\/person\/2b1cf3cd81a31e3cd26889ca66d677f1"},"headline":"14\u00e8me Fidaou de feu G\u00e9n\u00e9ral Lansana Cont\u00e9 : \u00ab C\u2019est pour le repos de l\u2019illustre disparu et pour la paix dans le pays \u00bb","datePublished":"2022-12-10T22:03:00+00:00","mainEntityOfPage":{"@id":"https:\/\/www.africa-press.net\/guinee-conakry\/politique\/14eme-fidaou-de-feu-general-lansana-conte-cest-pour-le-repos-de-lillustre-disparu-et-pour-la-paix-dans-le-pays"},"wordCount":187,"commentCount":0,"image":{"@id":"https:\/\/www.africa-press.net\/guinee-conakry\/politique\/14eme-fidaou-de-feu-general-lansana-conte-cest-pour-le-repos-de-lillustre-disparu-et-pour-la-paix-dans-le-pays#primaryimage"},"thumbnailUrl":"https:\/\/static.africa-press.net\/conakry\/sites\/63\/2022\/12\/Jokar1670697187.756613.jpg","keywords":["Africa Press","Africa Press-Guin\u00e9e","Guin\u00e9e"],"articleSection":["Communaut\u00e9","homepage-french","Parties","to-homepage","Toutes les actualit\u00e9s"],"inLanguage":"fr-FR","potentialAction":[{"@type":"CommentAction","name":"Comment","target":["https:\/\/www.africa-press.net\/guinee-conakry\/politique\/14eme-fidaou-de-feu-general-lansana-conte-cest-pour-le-repos-de-lillustre-disparu-et-pour-la-paix-dans-le-pays#respond"]}]},{"@type":"WebPage","@id":"https:\/\/www.africa-press.net\/guinee-conakry\/politique\/14eme-fidaou-de-feu-general-lansana-conte-cest-pour-le-repos-de-lillustre-disparu-et-pour-la-paix-dans-le-pays","url":"https:\/\/www.africa-press.net\/guinee-conakry\/politique\/14eme-fidaou-de-feu-general-lansana-conte-cest-pour-le-repos-de-lillustre-disparu-et-pour-la-paix-dans-le-pays","name":"14\u00e8me Fidaou de feu G\u00e9n\u00e9ral Lansana Cont\u00e9 : \u00ab C\u2019est pour le repos de l\u2019illustre disparu et pour la paix dans le pays \u00bb - guinee Conakry","isPartOf":{"@id":"https:\/\/www.africa-press.net\/guinee-conakry\/#website"},"primaryImageOfPage":{"@id":"https:\/\/www.africa-press.net\/guinee-conakry\/politique\/14eme-fidaou-de-feu-general-lansana-conte-cest-pour-le-repos-de-lillustre-disparu-et-pour-la-paix-dans-le-pays#primaryimage"},"image":{"@id":"https:\/\/www.africa-press.net\/guinee-conakry\/politique\/14eme-fidaou-de-feu-general-lansana-conte-cest-pour-le-repos-de-lillustre-disparu-et-pour-la-paix-dans-le-pays#primaryimage"},"thumbnailUrl":"https:\/\/static.africa-press.net\/conakry\/sites\/63\/2022\/12\/Jokar1670697187.756613.jpg","datePublished":"2022-12-10T22:03:00+00:00","author":{"@id":"https:\/\/www.africa-press.net\/guinee-conakry\/#\/schema\/person\/2b1cf3cd81a31e3cd26889ca66d677f1"},"breadcrumb":{"@id":"https:\/\/www.africa-press.net\/guinee-conakry\/politique\/14eme-fidaou-de-feu-general-lansana-conte-cest-pour-le-repos-de-lillustre-disparu-et-pour-la-paix-dans-le-pays#breadcrumb"},"inLanguage":"fr-FR","potentialAction":[{"@type":"ReadAction","target":["https:\/\/www.africa-press.net\/guinee-conakry\/politique\/14eme-fidaou-de-feu-general-lansana-conte-cest-pour-le-repos-de-lillustre-disparu-et-pour-la-paix-dans-le-pays"]}]},{"@type":"ImageObject","inLanguage":"fr-FR","@id":"https:\/\/www.africa-press.net\/guinee-conakry\/politique\/14eme-fidaou-de-feu-general-lansana-conte-cest-pour-le-repos-de-lillustre-disparu-et-pour-la-paix-dans-le-pays#primaryimage","url":"https:\/\/static.africa-press.net\/conakry\/sites\/63\/2022\/12\/Jokar1670697187.756613.jpg","contentUrl":"https:\/\/static.africa-press.net\/conakry\/sites\/63\/2022\/12\/Jokar1670697187.756613.jpg","width":793,"height":486,"caption":"14\u00e8me Fidaou de feu G\u00e9n\u00e9ral Lansana Cont\u00e9 : \u00ab C\u2019est pour le repos de l\u2019illustre disparu et pour la paix dans le pays \u00bb"},{"@type":"BreadcrumbList","@id":"https:\/\/www.africa-press.net\/guinee-conakry\/politique\/14eme-fidaou-de-feu-general-lansana-conte-cest-pour-le-repos-de-lillustre-disparu-et-pour-la-paix-dans-le-pays#breadcrumb","itemListElement":[{"@type":"ListItem","position":1,"name":"Accueil","item":"https:\/\/www.africa-press.net\/guinee-conakry\/"},{"@type":"ListItem","position":2,"name":"14\u00e8me Fidaou de feu G\u00e9n\u00e9ral Lansana Cont\u00e9 : \u00ab C\u2019est pour le repos de l\u2019illustre disparu et pour la paix dans le pays \u00bb"}]},{"@type":"WebSite","@id":"https:\/\/www.africa-press.net\/guinee-conakry\/#website","url":"https:\/\/www.africa-press.net\/guinee-conakry\/","name":"guinee Conakry","description":"Just another Africa News Agency Sites site","potentialAction":[{"@type":"SearchAction","target":{"@type":"EntryPoint","urlTemplate":"https:\/\/www.africa-press.net\/guinee-conakry\/?s={search_term_string}"},"query-input":{"@type":"PropertyValueSpecification","valueRequired":true,"valueName":"search_term_string"}}],"inLanguage":"fr-FR"},{"@type":"Person","@id":"https:\/\/www.africa-press.net\/guinee-conakry\/#\/schema\/person\/2b1cf3cd81a31e3cd26889ca66d677f1","name":"cfeditorfr"}]}},"_links":{"self":[{"href":"https:\/\/www.africa-press.net\/guinee-conakry\/wp-json\/wp\/v2\/posts\/10631","targetHints":{"allow":["GET"]}}],"collection":[{"href":"https:\/\/www.africa-press.net\/guinee-conakry\/wp-json\/wp\/v2\/posts"}],"about":[{"href":"https:\/\/www.africa-press.net\/guinee-conakry\/wp-json\/wp\/v2\/types\/post"}],"author":[{"embeddable":true,"href":"https:\/\/www.africa-press.net\/guinee-conakry\/wp-json\/wp\/v2\/users\/82"}],"replies":[{"embeddable":true,"href":"https:\/\/www.africa-press.net\/guinee-conakry\/wp-json\/wp\/v2\/comments?post=10631"}],"version-history":[{"count":0,"href":"https:\/\/www.africa-press.net\/guinee-conakry\/wp-json\/wp\/v2\/posts\/10631\/revisions"}],"wp:featuredmedia":[{"embeddable":true,"href":"https:\/\/www.africa-press.net\/guinee-conakry\/wp-json\/wp\/v2\/media\/10630"}],"wp:attachment":[{"href":"https:\/\/www.africa-press.net\/guinee-conakry\/wp-json\/wp\/v2\/media?parent=10631"}],"wp:term":[{"taxonomy":"category","embeddable":true,"href":"https:\/\/www.africa-press.net\/guinee-conakry\/wp-json\/wp\/v2\/categories?post=10631"},{"taxonomy":"post_tag","embeddable":true,"href":"https:\/\/www.africa-press.net\/guinee-conakry\/wp-json\/wp\/v2\/tags?post=10631"}],"curies":[{"name":"wp","href":"https:\/\/api.w.org\/{rel}","templated":true}]}}