{"id":10633,"date":"2022-12-10T22:05:00","date_gmt":"2022-12-10T22:05:00","guid":{"rendered":"https:\/\/www.africa-press.net\/guinee-conakry\/politique\/administration-locale-depuis-plus-de-20-ans-les-collectivites-lattendaient-dit-mory-conde"},"modified":"2022-12-10T22:05:00","modified_gmt":"2022-12-10T22:05:00","slug":"administration-locale-depuis-plus-de-20-ans-les-collectivites-lattendaient-dit-mory-conde","status":"publish","type":"post","link":"https:\/\/www.africa-press.net\/guinee-conakry\/politique\/administration-locale-depuis-plus-de-20-ans-les-collectivites-lattendaient-dit-mory-conde","title":{"rendered":"Administration locale : \u00ab depuis plus de 20 ans, les collectivit\u00e9s l\u2019attendaient \u00bb, dit Mory Cond\u00e9"},"content":{"rendered":"<p><span style=\"color: #ff6600\"><strong>Africa-Press &#8211; Guin\u00e9e. <\/strong><\/span>Comme indique\u0301 dans nos pre\u0301ce\u0301dentes de\u0301pe\u0302ches, la loi portant cre\u0301ation du statut des fonctionnaires des collectivite\u0301s locales en Re\u0301publique de Guine\u0301e a e\u0301te\u0301 adopte\u0301e a\u0300 l\u2019unanimite\u0301 des membres du Conseil national de la transition, pre\u0301sents a\u0300 la se\u0301ance ple\u0301nie\u0300re d\u2019hier, vendredi 9 de\u0301cembre 2022.<\/p>\n<p>Juge\u0301e tre\u0300s importante pour le de\u0301veloppement a\u0300 la base, Mory Conde\u0301, le ministre de l\u2019administration du territoire et de la de\u0301centralisation, apre\u0300s avoir exprime\u0301 sa satisfaction au CNT, a fait savoir que ce texte e\u0301tait attendu par les collectivite\u0301s depuis plus de 20 ans par les collectivite\u0301s locales, assoiffe\u0301es de de\u0301veloppement et de bien-e\u0302tre pour leurs citoyens.<\/p>\n<p>apre\u0300s l\u2019adoption de ce texte de loi par le CNT et a\u0300 la grande satisfaction des collectivite\u0301s locales.<\/p>\n<p>\u00ab Nous avons soumis au Conseil National de la Transition (CNT) pour que tous les conseillers puissent se prononcer sur le projet de loi. Mais au regard de son importance dans le cadre de la fourniture des services sociaux de base, le CNT a de\u0301cide\u0301 de l\u2019adopter a\u0300 l\u2019unanimite\u0301 de ces membres pre\u0301sents, apre\u0300s avoir formule\u0301 des revendications en termes de syntaxes et d\u2019ame\u0301lioration d\u2019un certain nombre de points, du projet de loi portant le statut des fonctionnaires des collectivite\u0301s locales en Re\u0301publique de Guine\u0301e. Je pense qu\u2019en adoptant cette loi a\u0300 l\u2019unanimite\u0301 par l\u2019ensemble des Conseillers, cela de\u0301montre un peu l\u2019importance et leur attachement a\u0300 ce texte de loi. Mais e\u0301galement et surtout de ce que cette loi va apporter dans le processus de de\u0301centralisation a\u0300 la base \u00bb, a pre\u0301cise\u0301 Mory Conde\u0301, profonde\u0301ment satisfait de l\u2019adhe\u0301sion et l\u2019inte\u0301re\u0302t que ce texte a suscite\u0301 aux yeux du le\u0301gislateur.<\/p>\n<p>\u00ab Aujourd\u2019hui, c\u2019est un sentiment de joie te de fierte\u0301 qui m\u2019anime, parce que pratiquement depuis plus de 20 ans, le peuple de Guine\u0301e attendait cette loi qui va permettre de\u0301sormais aux collectivite\u0301s de se doter des personnes ressources qualifie\u0301es pour les services des collectivite\u0301s et le bien-e\u0302tre des citoyens \u00bb.<\/p>\n<p>D\u2019ailleurs, pour e\u0301viter tout retard dans la mise en application de cette loi, les de\u0301partements concerne\u0301s ont pris le taureau par les cornes et se sont engage\u0301s a\u0300 faire suivre dans les meilleurs de\u0301lais les textes d\u2019application.<\/p>\n<p>\u00ab Concernant les textes d\u2019application de ladite loi, les cadres du ministe\u0300re de la de\u0301centralisation et ceux du ministe\u0300re de la fonction publique sont tre\u0300s avance\u0301s dans le cadre d\u2019e\u0301laboration des textes d\u2019application avant me\u0302me l\u2019adoption de cette loi \u00bb, a conclu le ministre.<\/p>\n<p>La rentre\u0301e en vigueur de cette loi permettra aux collectivite\u0301s de se doter d\u2019une fonction publique locale ope\u0301rationnelle et cre\u0301dible.<\/p>\n<p><strong>Pour plus d&rsquo;informations et d&rsquo;analyses sur la <a href=\"https:\/\/www.africa-press.net\/guinee-conakry\">Guin\u00e9e<\/a>, suivez <a href=\"https:\/\/www.africa-press.net\/\">Africa-Press<\/a><\/strong><\/p>\n","protected":false},"excerpt":{"rendered":"<p>Africa-Press &#8211; Guin\u00e9e. Comme indique\u0301 dans nos pre\u0301ce\u0301dentes de\u0301pe\u0302ches, la loi portant cre\u0301ation du statut des fonctionnaires des collectivite\u0301s locales en Re\u0301publique de Guine\u0301e a e\u0301te\u0301 adopte\u0301e a\u0300 l\u2019unanimite\u0301 des membres du Conseil national de la transition, pre\u0301sents a\u0300 la se\u0301ance ple\u0301nie\u0300re d\u2019hier, vendredi 9 de\u0301cembre 2022. Juge\u0301e tre\u0300s importante pour le de\u0301veloppement a\u0300 la [&hellip;]<\/p>\n","protected":false},"author":82,"featured_media":10632,"comment_status":"open","ping_status":"closed","sticky":false,"template":"","format":"standard","meta":{"footnotes":""},"categories":[11,2,56,10],"tags":[36,57,58],"class_list":["post-10633","post","type-post","status-publish","format-standard","has-post-thumbnail","hentry","category-homepage-french","category-politique","category-to-homepage","category-toutes-les-actualites","tag-africa-press","tag-africa-press-guinee","tag-guinee"],"yoast_head":"<!-- This site is optimized with the Yoast SEO Premium plugin v26.1 (Yoast SEO v27.0) - https:\/\/yoast.com\/product\/yoast-seo-premium-wordpress\/ -->\n<title>Administration locale : \u00ab depuis plus de 20 ans, les collectivit\u00e9s l\u2019attendaient \u00bb, dit Mory Cond\u00e9 - guinee Conakry<\/title>\n<meta name=\"robots\" content=\"index, follow, max-snippet:-1, max-image-preview:large, max-video-preview:-1\" \/>\n<link rel=\"canonical\" href=\"https:\/\/www.africa-press.net\/guinee-conakry\/politique\/administration-locale-depuis-plus-de-20-ans-les-collectivites-lattendaient-dit-mory-conde\" \/>\n<meta property=\"og:locale\" content=\"fr_FR\" \/>\n<meta property=\"og:type\" content=\"article\" \/>\n<meta property=\"og:title\" content=\"Administration locale : \u00ab depuis plus de 20 ans, les collectivit\u00e9s l\u2019attendaient \u00bb, dit Mory Cond\u00e9\" \/>\n<meta property=\"og:description\" content=\"Africa-Press &#8211; Guin\u00e9e. Comme indique\u0301 dans nos pre\u0301ce\u0301dentes de\u0301pe\u0302ches, la loi portant cre\u0301ation du statut des fonctionnaires des collectivite\u0301s locales en Re\u0301publique de Guine\u0301e a e\u0301te\u0301 adopte\u0301e a\u0300 l\u2019unanimite\u0301 des membres du Conseil national de la transition, pre\u0301sents a\u0300 la se\u0301ance ple\u0301nie\u0300re d\u2019hier, vendredi 9 de\u0301cembre 2022. Juge\u0301e tre\u0300s importante pour le de\u0301veloppement a\u0300 la [&hellip;]\" \/>\n<meta property=\"og:url\" content=\"https:\/\/www.africa-press.net\/guinee-conakry\/politique\/administration-locale-depuis-plus-de-20-ans-les-collectivites-lattendaient-dit-mory-conde\" \/>\n<meta property=\"og:site_name\" content=\"guinee Conakry\" \/>\n<meta property=\"article:published_time\" content=\"2022-12-10T22:05:00+00:00\" \/>\n<meta name=\"author\" content=\"cfeditorfr\" \/>\n<meta name=\"twitter:card\" content=\"summary_large_image\" \/>\n<meta name=\"twitter:label1\" content=\"\u00c9crit par\" \/>\n\t<meta name=\"twitter:data1\" content=\"cfeditorfr\" \/>\n\t<meta name=\"twitter:label2\" content=\"Dur\u00e9e de lecture estim\u00e9e\" \/>\n\t<meta name=\"twitter:data2\" content=\"3 minutes\" \/>\n<script type=\"application\/ld+json\" class=\"yoast-schema-graph\">{\"@context\":\"https:\/\/schema.org\",\"@graph\":[{\"@type\":\"Article\",\"@id\":\"https:\/\/www.africa-press.net\/guinee-conakry\/politique\/administration-locale-depuis-plus-de-20-ans-les-collectivites-lattendaient-dit-mory-conde#article\",\"isPartOf\":{\"@id\":\"https:\/\/www.africa-press.net\/guinee-conakry\/politique\/administration-locale-depuis-plus-de-20-ans-les-collectivites-lattendaient-dit-mory-conde\"},\"author\":{\"name\":\"cfeditorfr\",\"@id\":\"https:\/\/www.africa-press.net\/guinee-conakry\/#\/schema\/person\/2b1cf3cd81a31e3cd26889ca66d677f1\"},\"headline\":\"Administration locale : \u00ab depuis plus de 20 ans, les collectivit\u00e9s l\u2019attendaient \u00bb, dit Mory Cond\u00e9\",\"datePublished\":\"2022-12-10T22:05:00+00:00\",\"mainEntityOfPage\":{\"@id\":\"https:\/\/www.africa-press.net\/guinee-conakry\/politique\/administration-locale-depuis-plus-de-20-ans-les-collectivites-lattendaient-dit-mory-conde\"},\"wordCount\":531,\"commentCount\":0,\"image\":{\"@id\":\"https:\/\/www.africa-press.net\/guinee-conakry\/politique\/administration-locale-depuis-plus-de-20-ans-les-collectivites-lattendaient-dit-mory-conde#primaryimage\"},\"thumbnailUrl\":\"https:\/\/static.africa-press.net\/conakry\/sites\/63\/2022\/12\/Jokar1670697322.142961.jpg\",\"keywords\":[\"Africa Press\",\"Africa Press-Guin\u00e9e\",\"Guin\u00e9e\"],\"articleSection\":[\"homepage-french\",\"Politique\",\"to-homepage\",\"Toutes les actualit\u00e9s\"],\"inLanguage\":\"fr-FR\",\"potentialAction\":[{\"@type\":\"CommentAction\",\"name\":\"Comment\",\"target\":[\"https:\/\/www.africa-press.net\/guinee-conakry\/politique\/administration-locale-depuis-plus-de-20-ans-les-collectivites-lattendaient-dit-mory-conde#respond\"]}]},{\"@type\":\"WebPage\",\"@id\":\"https:\/\/www.africa-press.net\/guinee-conakry\/politique\/administration-locale-depuis-plus-de-20-ans-les-collectivites-lattendaient-dit-mory-conde\",\"url\":\"https:\/\/www.africa-press.net\/guinee-conakry\/politique\/administration-locale-depuis-plus-de-20-ans-les-collectivites-lattendaient-dit-mory-conde\",\"name\":\"Administration locale : \u00ab depuis plus de 20 ans, les collectivit\u00e9s l\u2019attendaient \u00bb, dit Mory Cond\u00e9 - guinee Conakry\",\"isPartOf\":{\"@id\":\"https:\/\/www.africa-press.net\/guinee-conakry\/#website\"},\"primaryImageOfPage\":{\"@id\":\"https:\/\/www.africa-press.net\/guinee-conakry\/politique\/administration-locale-depuis-plus-de-20-ans-les-collectivites-lattendaient-dit-mory-conde#primaryimage\"},\"image\":{\"@id\":\"https:\/\/www.africa-press.net\/guinee-conakry\/politique\/administration-locale-depuis-plus-de-20-ans-les-collectivites-lattendaient-dit-mory-conde#primaryimage\"},\"thumbnailUrl\":\"https:\/\/static.africa-press.net\/conakry\/sites\/63\/2022\/12\/Jokar1670697322.142961.jpg\",\"datePublished\":\"2022-12-10T22:05:00+00:00\",\"author\":{\"@id\":\"https:\/\/www.africa-press.net\/guinee-conakry\/#\/schema\/person\/2b1cf3cd81a31e3cd26889ca66d677f1\"},\"breadcrumb\":{\"@id\":\"https:\/\/www.africa-press.net\/guinee-conakry\/politique\/administration-locale-depuis-plus-de-20-ans-les-collectivites-lattendaient-dit-mory-conde#breadcrumb\"},\"inLanguage\":\"fr-FR\",\"potentialAction\":[{\"@type\":\"ReadAction\",\"target\":[\"https:\/\/www.africa-press.net\/guinee-conakry\/politique\/administration-locale-depuis-plus-de-20-ans-les-collectivites-lattendaient-dit-mory-conde\"]}]},{\"@type\":\"ImageObject\",\"inLanguage\":\"fr-FR\",\"@id\":\"https:\/\/www.africa-press.net\/guinee-conakry\/politique\/administration-locale-depuis-plus-de-20-ans-les-collectivites-lattendaient-dit-mory-conde#primaryimage\",\"url\":\"https:\/\/static.africa-press.net\/conakry\/sites\/63\/2022\/12\/Jokar1670697322.142961.jpg\",\"contentUrl\":\"https:\/\/static.africa-press.net\/conakry\/sites\/63\/2022\/12\/Jokar1670697322.142961.jpg\",\"width\":1280,\"height\":1123,\"caption\":\"Administration locale : \u00ab depuis plus de 20 ans, les collectivit\u00e9s l\u2019attendaient \u00bb, dit Mory Cond\u00e9\"},{\"@type\":\"BreadcrumbList\",\"@id\":\"https:\/\/www.africa-press.net\/guinee-conakry\/politique\/administration-locale-depuis-plus-de-20-ans-les-collectivites-lattendaient-dit-mory-conde#breadcrumb\",\"itemListElement\":[{\"@type\":\"ListItem\",\"position\":1,\"name\":\"Accueil\",\"item\":\"https:\/\/www.africa-press.net\/guinee-conakry\/\"},{\"@type\":\"ListItem\",\"position\":2,\"name\":\"Administration locale : \u00ab depuis plus de 20 ans, les collectivit\u00e9s l\u2019attendaient \u00bb, dit Mory Cond\u00e9\"}]},{\"@type\":\"WebSite\",\"@id\":\"https:\/\/www.africa-press.net\/guinee-conakry\/#website\",\"url\":\"https:\/\/www.africa-press.net\/guinee-conakry\/\",\"name\":\"guinee Conakry\",\"description\":\"Just another Africa News Agency Sites site\",\"potentialAction\":[{\"@type\":\"SearchAction\",\"target\":{\"@type\":\"EntryPoint\",\"urlTemplate\":\"https:\/\/www.africa-press.net\/guinee-conakry\/?s={search_term_string}\"},\"query-input\":{\"@type\":\"PropertyValueSpecification\",\"valueRequired\":true,\"valueName\":\"search_term_string\"}}],\"inLanguage\":\"fr-FR\"},{\"@type\":\"Person\",\"@id\":\"https:\/\/www.africa-press.net\/guinee-conakry\/#\/schema\/person\/2b1cf3cd81a31e3cd26889ca66d677f1\",\"name\":\"cfeditorfr\"}]}<\/script>\n<!-- \/ Yoast SEO Premium plugin. -->","yoast_head_json":{"title":"Administration locale : \u00ab depuis plus de 20 ans, les collectivit\u00e9s l\u2019attendaient \u00bb, dit Mory Cond\u00e9 - guinee Conakry","robots":{"index":"index","follow":"follow","max-snippet":"max-snippet:-1","max-image-preview":"max-image-preview:large","max-video-preview":"max-video-preview:-1"},"canonical":"https:\/\/www.africa-press.net\/guinee-conakry\/politique\/administration-locale-depuis-plus-de-20-ans-les-collectivites-lattendaient-dit-mory-conde","og_locale":"fr_FR","og_type":"article","og_title":"Administration locale : \u00ab depuis plus de 20 ans, les collectivit\u00e9s l\u2019attendaient \u00bb, dit Mory Cond\u00e9","og_description":"Africa-Press &#8211; Guin\u00e9e. Comme indique\u0301 dans nos pre\u0301ce\u0301dentes de\u0301pe\u0302ches, la loi portant cre\u0301ation du statut des fonctionnaires des collectivite\u0301s locales en Re\u0301publique de Guine\u0301e a e\u0301te\u0301 adopte\u0301e a\u0300 l\u2019unanimite\u0301 des membres du Conseil national de la transition, pre\u0301sents a\u0300 la se\u0301ance ple\u0301nie\u0300re d\u2019hier, vendredi 9 de\u0301cembre 2022. Juge\u0301e tre\u0300s importante pour le de\u0301veloppement a\u0300 la [&hellip;]","og_url":"https:\/\/www.africa-press.net\/guinee-conakry\/politique\/administration-locale-depuis-plus-de-20-ans-les-collectivites-lattendaient-dit-mory-conde","og_site_name":"guinee Conakry","article_published_time":"2022-12-10T22:05:00+00:00","author":"cfeditorfr","twitter_card":"summary_large_image","twitter_misc":{"\u00c9crit par":"cfeditorfr","Dur\u00e9e de lecture estim\u00e9e":"3 minutes"},"schema":{"@context":"https:\/\/schema.org","@graph":[{"@type":"Article","@id":"https:\/\/www.africa-press.net\/guinee-conakry\/politique\/administration-locale-depuis-plus-de-20-ans-les-collectivites-lattendaient-dit-mory-conde#article","isPartOf":{"@id":"https:\/\/www.africa-press.net\/guinee-conakry\/politique\/administration-locale-depuis-plus-de-20-ans-les-collectivites-lattendaient-dit-mory-conde"},"author":{"name":"cfeditorfr","@id":"https:\/\/www.africa-press.net\/guinee-conakry\/#\/schema\/person\/2b1cf3cd81a31e3cd26889ca66d677f1"},"headline":"Administration locale : \u00ab depuis plus de 20 ans, les collectivit\u00e9s l\u2019attendaient \u00bb, dit Mory Cond\u00e9","datePublished":"2022-12-10T22:05:00+00:00","mainEntityOfPage":{"@id":"https:\/\/www.africa-press.net\/guinee-conakry\/politique\/administration-locale-depuis-plus-de-20-ans-les-collectivites-lattendaient-dit-mory-conde"},"wordCount":531,"commentCount":0,"image":{"@id":"https:\/\/www.africa-press.net\/guinee-conakry\/politique\/administration-locale-depuis-plus-de-20-ans-les-collectivites-lattendaient-dit-mory-conde#primaryimage"},"thumbnailUrl":"https:\/\/static.africa-press.net\/conakry\/sites\/63\/2022\/12\/Jokar1670697322.142961.jpg","keywords":["Africa Press","Africa Press-Guin\u00e9e","Guin\u00e9e"],"articleSection":["homepage-french","Politique","to-homepage","Toutes les actualit\u00e9s"],"inLanguage":"fr-FR","potentialAction":[{"@type":"CommentAction","name":"Comment","target":["https:\/\/www.africa-press.net\/guinee-conakry\/politique\/administration-locale-depuis-plus-de-20-ans-les-collectivites-lattendaient-dit-mory-conde#respond"]}]},{"@type":"WebPage","@id":"https:\/\/www.africa-press.net\/guinee-conakry\/politique\/administration-locale-depuis-plus-de-20-ans-les-collectivites-lattendaient-dit-mory-conde","url":"https:\/\/www.africa-press.net\/guinee-conakry\/politique\/administration-locale-depuis-plus-de-20-ans-les-collectivites-lattendaient-dit-mory-conde","name":"Administration locale : \u00ab depuis plus de 20 ans, les collectivit\u00e9s l\u2019attendaient \u00bb, dit Mory Cond\u00e9 - guinee Conakry","isPartOf":{"@id":"https:\/\/www.africa-press.net\/guinee-conakry\/#website"},"primaryImageOfPage":{"@id":"https:\/\/www.africa-press.net\/guinee-conakry\/politique\/administration-locale-depuis-plus-de-20-ans-les-collectivites-lattendaient-dit-mory-conde#primaryimage"},"image":{"@id":"https:\/\/www.africa-press.net\/guinee-conakry\/politique\/administration-locale-depuis-plus-de-20-ans-les-collectivites-lattendaient-dit-mory-conde#primaryimage"},"thumbnailUrl":"https:\/\/static.africa-press.net\/conakry\/sites\/63\/2022\/12\/Jokar1670697322.142961.jpg","datePublished":"2022-12-10T22:05:00+00:00","author":{"@id":"https:\/\/www.africa-press.net\/guinee-conakry\/#\/schema\/person\/2b1cf3cd81a31e3cd26889ca66d677f1"},"breadcrumb":{"@id":"https:\/\/www.africa-press.net\/guinee-conakry\/politique\/administration-locale-depuis-plus-de-20-ans-les-collectivites-lattendaient-dit-mory-conde#breadcrumb"},"inLanguage":"fr-FR","potentialAction":[{"@type":"ReadAction","target":["https:\/\/www.africa-press.net\/guinee-conakry\/politique\/administration-locale-depuis-plus-de-20-ans-les-collectivites-lattendaient-dit-mory-conde"]}]},{"@type":"ImageObject","inLanguage":"fr-FR","@id":"https:\/\/www.africa-press.net\/guinee-conakry\/politique\/administration-locale-depuis-plus-de-20-ans-les-collectivites-lattendaient-dit-mory-conde#primaryimage","url":"https:\/\/static.africa-press.net\/conakry\/sites\/63\/2022\/12\/Jokar1670697322.142961.jpg","contentUrl":"https:\/\/static.africa-press.net\/conakry\/sites\/63\/2022\/12\/Jokar1670697322.142961.jpg","width":1280,"height":1123,"caption":"Administration locale : \u00ab depuis plus de 20 ans, les collectivit\u00e9s l\u2019attendaient \u00bb, dit Mory Cond\u00e9"},{"@type":"BreadcrumbList","@id":"https:\/\/www.africa-press.net\/guinee-conakry\/politique\/administration-locale-depuis-plus-de-20-ans-les-collectivites-lattendaient-dit-mory-conde#breadcrumb","itemListElement":[{"@type":"ListItem","position":1,"name":"Accueil","item":"https:\/\/www.africa-press.net\/guinee-conakry\/"},{"@type":"ListItem","position":2,"name":"Administration locale : \u00ab depuis plus de 20 ans, les collectivit\u00e9s l\u2019attendaient \u00bb, dit Mory Cond\u00e9"}]},{"@type":"WebSite","@id":"https:\/\/www.africa-press.net\/guinee-conakry\/#website","url":"https:\/\/www.africa-press.net\/guinee-conakry\/","name":"guinee Conakry","description":"Just another Africa News Agency Sites site","potentialAction":[{"@type":"SearchAction","target":{"@type":"EntryPoint","urlTemplate":"https:\/\/www.africa-press.net\/guinee-conakry\/?s={search_term_string}"},"query-input":{"@type":"PropertyValueSpecification","valueRequired":true,"valueName":"search_term_string"}}],"inLanguage":"fr-FR"},{"@type":"Person","@id":"https:\/\/www.africa-press.net\/guinee-conakry\/#\/schema\/person\/2b1cf3cd81a31e3cd26889ca66d677f1","name":"cfeditorfr"}]}},"_links":{"self":[{"href":"https:\/\/www.africa-press.net\/guinee-conakry\/wp-json\/wp\/v2\/posts\/10633","targetHints":{"allow":["GET"]}}],"collection":[{"href":"https:\/\/www.africa-press.net\/guinee-conakry\/wp-json\/wp\/v2\/posts"}],"about":[{"href":"https:\/\/www.africa-press.net\/guinee-conakry\/wp-json\/wp\/v2\/types\/post"}],"author":[{"embeddable":true,"href":"https:\/\/www.africa-press.net\/guinee-conakry\/wp-json\/wp\/v2\/users\/82"}],"replies":[{"embeddable":true,"href":"https:\/\/www.africa-press.net\/guinee-conakry\/wp-json\/wp\/v2\/comments?post=10633"}],"version-history":[{"count":0,"href":"https:\/\/www.africa-press.net\/guinee-conakry\/wp-json\/wp\/v2\/posts\/10633\/revisions"}],"wp:featuredmedia":[{"embeddable":true,"href":"https:\/\/www.africa-press.net\/guinee-conakry\/wp-json\/wp\/v2\/media\/10632"}],"wp:attachment":[{"href":"https:\/\/www.africa-press.net\/guinee-conakry\/wp-json\/wp\/v2\/media?parent=10633"}],"wp:term":[{"taxonomy":"category","embeddable":true,"href":"https:\/\/www.africa-press.net\/guinee-conakry\/wp-json\/wp\/v2\/categories?post=10633"},{"taxonomy":"post_tag","embeddable":true,"href":"https:\/\/www.africa-press.net\/guinee-conakry\/wp-json\/wp\/v2\/tags?post=10633"}],"curies":[{"name":"wp","href":"https:\/\/api.w.org\/{rel}","templated":true}]}}