{"id":10641,"date":"2022-12-11T11:15:00","date_gmt":"2022-12-11T11:15:00","guid":{"rendered":"https:\/\/www.africa-press.net\/guinee-conakry\/politique\/revue-de-presse-a-la-une-des-medias-laffaire-28-septembre-et-la-sanction-des-etats-unis-contre-alpha-conde"},"modified":"2022-12-11T11:15:00","modified_gmt":"2022-12-11T11:15:00","slug":"revue-de-presse-a-la-une-des-medias-laffaire-28-septembre-et-la-sanction-des-etats-unis-contre-alpha-conde","status":"publish","type":"post","link":"https:\/\/www.africa-press.net\/guinee-conakry\/politique\/revue-de-presse-a-la-une-des-medias-laffaire-28-septembre-et-la-sanction-des-etats-unis-contre-alpha-conde","title":{"rendered":"Revue de presse\u00a0: \u00e0 la Une des m\u00e9dias, l\u2019affaire 28 septembre et la sanction des Etats-Unis contre Alpha Cond\u00e9"},"content":{"rendered":"<p><span style=\"color: #ff6600\"><strong>Africa-Press &#8211; Guin\u00e9e. <\/strong><\/span>Alors que l\u2019actualite\u0301 reste domine\u0301e par les affaires judiciaires, notamment le jugement des pre\u0301sume\u0301s auteurs du massacre du 28 septembre 2009, quelques faits politiques et e\u0301conomiques \u2013 non pas les moindres \u2013 sont venus s\u2019inse\u0301rer a\u0300 la Une des hebdos guine\u0301ens. C\u2019est surtout dans la presse internationale qu\u2019on lit autre chose que l\u2019affaire 28 septembre.<\/p>\n<p>\u00ab <b>Entre Pivi et Toumba, une guerre sans merci ! <\/b>\u00bb, barre <b>Le Lynx<\/b> a\u0300 sa grande Une. L\u2019hebdomadaire satirique rele\u0300ve que durant son long interrogatoire, l\u2019ancien ministre de la Se\u0301cu pre\u0301sidentielle sous El Dadis a remis en cause les versions de Toumba Diakite\u0301 sur la prise du pouvoir en 2008 et la commission des crimes qui avaient fait plus de 157 morts par balles&#8230; \u00ab Apre\u0300s le parquet, les avocats de la partie civile ont repris la parole pour poser des questions de re\u0301plique a\u0300 l\u2019accuse\u0301 [&#8230;] Me Alpha Amadou DS Bah rame\u0300ne l\u2019accuse\u0301 sur une de ses de\u0301clarations ante\u0301rieures selon laquelle un complot e\u0301tait monte\u0301 contre El Dadis Camara. Lors de ce dernier voyage a\u0300 Labe\u0301, la veille du massacre, son ve\u0301hicule a fait le plein du re\u0301servoir avec du Gasoil au lieu de l\u2019essence. Alors que certaines versions soutiennent que l\u2019ancien putschiste s\u2019e\u0301tait servi lui-me\u0302me en se saisissant du pistolet, d\u2019autres accusent son chauffeur d\u2019avoir pre\u0301me\u0301dite\u0301 l\u2019acte. Pivi y voient un complot ourdi par \u00ab le commandant Toumba et ses acolytes dont \u2018\u2019 Beugre\u0301 \u2018\u2019 \u00bb, rapporte <b>Le Lynx.<\/b><\/p>\n<p>Paru mercredi 7 de\u0301cembre, <b>La Lance<\/b>, elle,<b> <\/b>a eu l\u2019occasion de rapporter la comparution tre\u0300s attendue, mais finalement e\u0301courte\u0301e de l\u2019ancien Pre\u0301sident de la transition Moussa Dadis Camara. \u00ab <b>La comparution de Dadis tourne court<\/b> \u00bb, a ainsi titre\u0301 l\u2019hebdomadaire qui e\u0301crit que \u00ab l\u2019ancien putschiste qui serait souffrant, a de\u0301clare\u0301 au tribunal ne pas e\u0302tre a\u0300 mesure de re\u0301pondre au juge \u00bb. Et <b>La Lance <\/b> de se demander s\u2019il s\u2019agit d\u2019une strate\u0301gie de de\u0301fense. Le journal rele\u0300ve que Dadis n\u2019aurait pas pu anticiper les de\u0301clarations a\u0300 charge de Toumba qui, a\u0300 la barre, a de\u0301cide\u0301 de rompre avec la strate\u0301gie de langue de bois choisie par certains accuse\u0301s. Le tribunal a renvoye\u0301 l\u2019audience au 12 de\u0301cembre&#8230;<\/p>\n<p>Toujours dans l\u2019actualite\u0301 judiciaire, <b>L\u2019Observateur <\/b>fait publier une tribune du juriste Sayon Mara qui s\u2019interroge sur le cas d\u2019Ibrahima Kassory Fofana et Cie. \u00ab Justice ou acharnement ? \u00bb, s\u2019interroge le juriste qui, me\u0302me s\u2019il est d\u2019accord que le Code de proce\u0301dure pe\u0301nale fixe la de\u0301tention pre\u0301ventive a\u0300 quatre mois, renouvelable une seule fois, estime qu\u2019il serait important actuellement que la Cour de re\u0301pression des infractions e\u0301conomiques et financie\u0300res diligente les proce\u0300s. \u00ab Car cette de\u0301tention pre\u0301ventive prolonge\u0301e des anciens dignitaires du re\u0301gime du Professeur Alpha CONDE\u0301 pousse, a\u0300 juste raison d\u2019ailleurs, certains a\u0300 penser que ce sont des dossiers politico-judiciaires \u00bb, e\u0301crit le juriste.<\/p>\n<p>En politique, <b>La Lance <\/b>revient sur le dialogue en e\u0301voquant \u00ab la solution de la CEDEAO \u00bb<b>. <\/b>L\u2019hebdomadaire rapporte que les chefs d\u2019Etat et de gouvernement de la CEDEAO recommandent un dialogue inclusif, quitte a\u0300 se tenir dans un autre pays de la sous-re\u0301gion. \u00ab Le mode ope\u0301ratoire n\u2019est pas ine\u0301dit. En 2009-2010, le dialogue politique entre la junte du CNDD et les Forces vives s\u2019e\u0301tait tenu entre le Nigeria et le Burkina Faso, et avait de\u0301bouche\u0301 a\u0300 la signature de l\u2019Accord de Ouagadougou \u00bb, e\u0301crit <b>La Lance. <\/b>Cependant, note le journal, si la solution de l\u2019organisation sous re\u0301gionale semble convenir aux coalitions absentes [au dialogue qui se de\u0301roule actuellement en Guine\u0301e], elle ne fait pour autant l\u2019unanimite\u0301. L\u2019UFD, le parti de Mamadou Baadiko Bah, garde un mauvais souvenir des circonstances de conclusion de l\u2019accord de Ouaga et de sa mise en \u0153uvre.<\/p>\n<p>Dans la presse internationale, la <b>Deutsche Welle<\/b> e\u0301crit sur son site internet : \u00ab Guine\u0301e : Mamadi Doumbouya bat un record \u00bb. Le me\u0301dia allemand e\u0301crit : \u00ab en 15 moins de pre\u0301sidence, le chef de la junte a signe\u0301 pre\u0300s de 600 de\u0301crets \u00bb et d\u2019estimer que \u00ab cette manie\u0300re de gouverner par de\u0301cret n\u2019est pas force\u0301ment une bonne nouvelle pour la de\u0301mocratie \u00bb. Un politologue cite\u0301 par la Deutsche Welle nuance cependant : \u00ab dans les re\u0301gimes en transition, la prise de de\u0301cision se fait beaucoup plus par ordonnance et par de\u0301cret du pre\u0301sident de la transition. On en a vu par exemple sous Moussa Dadis Camara, en 2008-2009, qui rappelait par exemple qu\u2019exceptionnellement, en Guine\u0301e, en 2009, une Constitution a e\u0301te\u0301 valide\u0301e par de\u0301cret du pre\u0301sident de la transition. C\u2019e\u0301tait Se\u0301kouba Konate\u0301. Donc, c\u2019est une pratique assez re\u0301pandue dans les transitions.\u00bb<\/p>\n<p>\u00ab <b>Les Etats-Unis condamnent l\u2019ex-pre\u0301sident Alpha Conde\u0301 et plus de 40 autres personnalite\u0301s \u00bb, <\/b>constate Anadolu Agency. L\u2019agence de presse turque qui cite un communique\u0301 du Bureau de contro\u0302le des avoirs e\u0301trangers (OFAC) du de\u0301partement du Tre\u0301sor des E\u0301tats-Unis, pre\u0301cise que l\u2019ancien Pre\u0301sident est sanctionne\u0301 pour violation des droits de l\u2019Homme et rappel que la justice guine\u0301enne avait de\u0301ja\u0300 annonce\u0301 le 4 mai dernier des poursuites contre l\u2019ex-pre\u0301sident Alpha Conde\u0301 et 26 anciens hauts responsables sous sa pre\u0301sidence pour crimes de sang. \u00ab Ces poursuites avaient e\u0301te\u0301 lance\u0301es suite aux violences qui ont entoure\u0301 en 2019 le projet d\u2019un troisie\u0300me mandat d\u2019Alpha Conde\u0301, et notamment la re\u0301pression, souvent brutale, des manifestations contre le re\u0301fe\u0301rendum permettant de modifier la Constitution pour permettre a\u0300 Alpha Conde\u0301 de rester au pouvoir \u00bb, e\u0301crit l\u2019agence.<\/p>\n<p><strong>Pour plus d&rsquo;informations et d&rsquo;analyses sur la <a href=\"https:\/\/www.africa-press.net\/guinee-conakry\">Guin\u00e9e<\/a>, suivez <a href=\"https:\/\/www.africa-press.net\/\">Africa-Press<\/a><\/strong><\/p>\n","protected":false},"excerpt":{"rendered":"<p>Africa-Press &#8211; Guin\u00e9e. Alors que l\u2019actualite\u0301 reste domine\u0301e par les affaires judiciaires, notamment le jugement des pre\u0301sume\u0301s auteurs du massacre du 28 septembre 2009, quelques faits politiques et e\u0301conomiques \u2013 non pas les moindres \u2013 sont venus s\u2019inse\u0301rer a\u0300 la Une des hebdos guine\u0301ens. C\u2019est surtout dans la presse internationale qu\u2019on lit autre chose que [&hellip;]<\/p>\n","protected":false},"author":82,"featured_media":10640,"comment_status":"open","ping_status":"closed","sticky":false,"template":"","format":"standard","meta":{"footnotes":""},"categories":[11,2,56,10],"tags":[36,57,58],"class_list":["post-10641","post","type-post","status-publish","format-standard","has-post-thumbnail","hentry","category-homepage-french","category-politique","category-to-homepage","category-toutes-les-actualites","tag-africa-press","tag-africa-press-guinee","tag-guinee"],"yoast_head":"<!-- This site is optimized with the Yoast SEO Premium plugin v26.1 (Yoast SEO v27.0) - https:\/\/yoast.com\/product\/yoast-seo-premium-wordpress\/ -->\n<title>Revue de presse\u00a0: \u00e0 la Une des m\u00e9dias, l\u2019affaire 28 septembre et la sanction des Etats-Unis contre Alpha Cond\u00e9 - guinee Conakry<\/title>\n<meta name=\"robots\" content=\"index, follow, max-snippet:-1, max-image-preview:large, max-video-preview:-1\" \/>\n<link rel=\"canonical\" href=\"https:\/\/www.africa-press.net\/guinee-conakry\/politique\/revue-de-presse-a-la-une-des-medias-laffaire-28-septembre-et-la-sanction-des-etats-unis-contre-alpha-conde\" \/>\n<meta property=\"og:locale\" content=\"fr_FR\" \/>\n<meta property=\"og:type\" content=\"article\" \/>\n<meta property=\"og:title\" content=\"Revue de presse\u00a0: \u00e0 la Une des m\u00e9dias, l\u2019affaire 28 septembre et la sanction des Etats-Unis contre Alpha Cond\u00e9\" \/>\n<meta property=\"og:description\" content=\"Africa-Press &#8211; Guin\u00e9e. Alors que l\u2019actualite\u0301 reste domine\u0301e par les affaires judiciaires, notamment le jugement des pre\u0301sume\u0301s auteurs du massacre du 28 septembre 2009, quelques faits politiques et e\u0301conomiques \u2013 non pas les moindres \u2013 sont venus s\u2019inse\u0301rer a\u0300 la Une des hebdos guine\u0301ens. C\u2019est surtout dans la presse internationale qu\u2019on lit autre chose que [&hellip;]\" \/>\n<meta property=\"og:url\" content=\"https:\/\/www.africa-press.net\/guinee-conakry\/politique\/revue-de-presse-a-la-une-des-medias-laffaire-28-septembre-et-la-sanction-des-etats-unis-contre-alpha-conde\" \/>\n<meta property=\"og:site_name\" content=\"guinee Conakry\" \/>\n<meta property=\"article:published_time\" content=\"2022-12-11T11:15:00+00:00\" \/>\n<meta name=\"author\" content=\"cfeditorfr\" \/>\n<meta name=\"twitter:card\" content=\"summary_large_image\" \/>\n<meta name=\"twitter:label1\" content=\"\u00c9crit par\" \/>\n\t<meta name=\"twitter:data1\" content=\"cfeditorfr\" \/>\n\t<meta name=\"twitter:label2\" content=\"Dur\u00e9e de lecture estim\u00e9e\" \/>\n\t<meta name=\"twitter:data2\" content=\"5 minutes\" \/>\n<script type=\"application\/ld+json\" class=\"yoast-schema-graph\">{\"@context\":\"https:\/\/schema.org\",\"@graph\":[{\"@type\":\"Article\",\"@id\":\"https:\/\/www.africa-press.net\/guinee-conakry\/politique\/revue-de-presse-a-la-une-des-medias-laffaire-28-septembre-et-la-sanction-des-etats-unis-contre-alpha-conde#article\",\"isPartOf\":{\"@id\":\"https:\/\/www.africa-press.net\/guinee-conakry\/politique\/revue-de-presse-a-la-une-des-medias-laffaire-28-septembre-et-la-sanction-des-etats-unis-contre-alpha-conde\"},\"author\":{\"name\":\"cfeditorfr\",\"@id\":\"https:\/\/www.africa-press.net\/guinee-conakry\/#\/schema\/person\/2b1cf3cd81a31e3cd26889ca66d677f1\"},\"headline\":\"Revue de presse\u00a0: \u00e0 la Une des m\u00e9dias, l\u2019affaire 28 septembre et la sanction des Etats-Unis contre Alpha Cond\u00e9\",\"datePublished\":\"2022-12-11T11:15:00+00:00\",\"mainEntityOfPage\":{\"@id\":\"https:\/\/www.africa-press.net\/guinee-conakry\/politique\/revue-de-presse-a-la-une-des-medias-laffaire-28-septembre-et-la-sanction-des-etats-unis-contre-alpha-conde\"},\"wordCount\":1020,\"commentCount\":0,\"image\":{\"@id\":\"https:\/\/www.africa-press.net\/guinee-conakry\/politique\/revue-de-presse-a-la-une-des-medias-laffaire-28-septembre-et-la-sanction-des-etats-unis-contre-alpha-conde#primaryimage\"},\"thumbnailUrl\":\"https:\/\/static.africa-press.net\/conakry\/sites\/63\/2022\/12\/Jokar1670744734.989264.jpg\",\"keywords\":[\"Africa Press\",\"Africa Press-Guin\u00e9e\",\"Guin\u00e9e\"],\"articleSection\":[\"homepage-french\",\"Politique\",\"to-homepage\",\"Toutes les actualit\u00e9s\"],\"inLanguage\":\"fr-FR\",\"potentialAction\":[{\"@type\":\"CommentAction\",\"name\":\"Comment\",\"target\":[\"https:\/\/www.africa-press.net\/guinee-conakry\/politique\/revue-de-presse-a-la-une-des-medias-laffaire-28-septembre-et-la-sanction-des-etats-unis-contre-alpha-conde#respond\"]}]},{\"@type\":\"WebPage\",\"@id\":\"https:\/\/www.africa-press.net\/guinee-conakry\/politique\/revue-de-presse-a-la-une-des-medias-laffaire-28-septembre-et-la-sanction-des-etats-unis-contre-alpha-conde\",\"url\":\"https:\/\/www.africa-press.net\/guinee-conakry\/politique\/revue-de-presse-a-la-une-des-medias-laffaire-28-septembre-et-la-sanction-des-etats-unis-contre-alpha-conde\",\"name\":\"Revue de presse\u00a0: \u00e0 la Une des m\u00e9dias, l\u2019affaire 28 septembre et la sanction des Etats-Unis contre Alpha Cond\u00e9 - guinee Conakry\",\"isPartOf\":{\"@id\":\"https:\/\/www.africa-press.net\/guinee-conakry\/#website\"},\"primaryImageOfPage\":{\"@id\":\"https:\/\/www.africa-press.net\/guinee-conakry\/politique\/revue-de-presse-a-la-une-des-medias-laffaire-28-septembre-et-la-sanction-des-etats-unis-contre-alpha-conde#primaryimage\"},\"image\":{\"@id\":\"https:\/\/www.africa-press.net\/guinee-conakry\/politique\/revue-de-presse-a-la-une-des-medias-laffaire-28-septembre-et-la-sanction-des-etats-unis-contre-alpha-conde#primaryimage\"},\"thumbnailUrl\":\"https:\/\/static.africa-press.net\/conakry\/sites\/63\/2022\/12\/Jokar1670744734.989264.jpg\",\"datePublished\":\"2022-12-11T11:15:00+00:00\",\"author\":{\"@id\":\"https:\/\/www.africa-press.net\/guinee-conakry\/#\/schema\/person\/2b1cf3cd81a31e3cd26889ca66d677f1\"},\"breadcrumb\":{\"@id\":\"https:\/\/www.africa-press.net\/guinee-conakry\/politique\/revue-de-presse-a-la-une-des-medias-laffaire-28-septembre-et-la-sanction-des-etats-unis-contre-alpha-conde#breadcrumb\"},\"inLanguage\":\"fr-FR\",\"potentialAction\":[{\"@type\":\"ReadAction\",\"target\":[\"https:\/\/www.africa-press.net\/guinee-conakry\/politique\/revue-de-presse-a-la-une-des-medias-laffaire-28-septembre-et-la-sanction-des-etats-unis-contre-alpha-conde\"]}]},{\"@type\":\"ImageObject\",\"inLanguage\":\"fr-FR\",\"@id\":\"https:\/\/www.africa-press.net\/guinee-conakry\/politique\/revue-de-presse-a-la-une-des-medias-laffaire-28-septembre-et-la-sanction-des-etats-unis-contre-alpha-conde#primaryimage\",\"url\":\"https:\/\/static.africa-press.net\/conakry\/sites\/63\/2022\/12\/Jokar1670744734.989264.jpg\",\"contentUrl\":\"https:\/\/static.africa-press.net\/conakry\/sites\/63\/2022\/12\/Jokar1670744734.989264.jpg\",\"width\":1024,\"height\":768,\"caption\":\"Revue de presse\u00a0: \u00e0 la Une des m\u00e9dias, l\u2019affaire 28 septembre et la sanction des Etats-Unis contre Alpha Cond\u00e9\"},{\"@type\":\"BreadcrumbList\",\"@id\":\"https:\/\/www.africa-press.net\/guinee-conakry\/politique\/revue-de-presse-a-la-une-des-medias-laffaire-28-septembre-et-la-sanction-des-etats-unis-contre-alpha-conde#breadcrumb\",\"itemListElement\":[{\"@type\":\"ListItem\",\"position\":1,\"name\":\"Accueil\",\"item\":\"https:\/\/www.africa-press.net\/guinee-conakry\/\"},{\"@type\":\"ListItem\",\"position\":2,\"name\":\"Revue de presse\u00a0: \u00e0 la Une des m\u00e9dias, l\u2019affaire 28 septembre et la sanction des Etats-Unis contre Alpha Cond\u00e9\"}]},{\"@type\":\"WebSite\",\"@id\":\"https:\/\/www.africa-press.net\/guinee-conakry\/#website\",\"url\":\"https:\/\/www.africa-press.net\/guinee-conakry\/\",\"name\":\"guinee Conakry\",\"description\":\"Just another Africa News Agency Sites site\",\"potentialAction\":[{\"@type\":\"SearchAction\",\"target\":{\"@type\":\"EntryPoint\",\"urlTemplate\":\"https:\/\/www.africa-press.net\/guinee-conakry\/?s={search_term_string}\"},\"query-input\":{\"@type\":\"PropertyValueSpecification\",\"valueRequired\":true,\"valueName\":\"search_term_string\"}}],\"inLanguage\":\"fr-FR\"},{\"@type\":\"Person\",\"@id\":\"https:\/\/www.africa-press.net\/guinee-conakry\/#\/schema\/person\/2b1cf3cd81a31e3cd26889ca66d677f1\",\"name\":\"cfeditorfr\"}]}<\/script>\n<!-- \/ Yoast SEO Premium plugin. -->","yoast_head_json":{"title":"Revue de presse\u00a0: \u00e0 la Une des m\u00e9dias, l\u2019affaire 28 septembre et la sanction des Etats-Unis contre Alpha Cond\u00e9 - guinee Conakry","robots":{"index":"index","follow":"follow","max-snippet":"max-snippet:-1","max-image-preview":"max-image-preview:large","max-video-preview":"max-video-preview:-1"},"canonical":"https:\/\/www.africa-press.net\/guinee-conakry\/politique\/revue-de-presse-a-la-une-des-medias-laffaire-28-septembre-et-la-sanction-des-etats-unis-contre-alpha-conde","og_locale":"fr_FR","og_type":"article","og_title":"Revue de presse\u00a0: \u00e0 la Une des m\u00e9dias, l\u2019affaire 28 septembre et la sanction des Etats-Unis contre Alpha Cond\u00e9","og_description":"Africa-Press &#8211; Guin\u00e9e. Alors que l\u2019actualite\u0301 reste domine\u0301e par les affaires judiciaires, notamment le jugement des pre\u0301sume\u0301s auteurs du massacre du 28 septembre 2009, quelques faits politiques et e\u0301conomiques \u2013 non pas les moindres \u2013 sont venus s\u2019inse\u0301rer a\u0300 la Une des hebdos guine\u0301ens. C\u2019est surtout dans la presse internationale qu\u2019on lit autre chose que [&hellip;]","og_url":"https:\/\/www.africa-press.net\/guinee-conakry\/politique\/revue-de-presse-a-la-une-des-medias-laffaire-28-septembre-et-la-sanction-des-etats-unis-contre-alpha-conde","og_site_name":"guinee Conakry","article_published_time":"2022-12-11T11:15:00+00:00","author":"cfeditorfr","twitter_card":"summary_large_image","twitter_misc":{"\u00c9crit par":"cfeditorfr","Dur\u00e9e de lecture estim\u00e9e":"5 minutes"},"schema":{"@context":"https:\/\/schema.org","@graph":[{"@type":"Article","@id":"https:\/\/www.africa-press.net\/guinee-conakry\/politique\/revue-de-presse-a-la-une-des-medias-laffaire-28-septembre-et-la-sanction-des-etats-unis-contre-alpha-conde#article","isPartOf":{"@id":"https:\/\/www.africa-press.net\/guinee-conakry\/politique\/revue-de-presse-a-la-une-des-medias-laffaire-28-septembre-et-la-sanction-des-etats-unis-contre-alpha-conde"},"author":{"name":"cfeditorfr","@id":"https:\/\/www.africa-press.net\/guinee-conakry\/#\/schema\/person\/2b1cf3cd81a31e3cd26889ca66d677f1"},"headline":"Revue de presse\u00a0: \u00e0 la Une des m\u00e9dias, l\u2019affaire 28 septembre et la sanction des Etats-Unis contre Alpha Cond\u00e9","datePublished":"2022-12-11T11:15:00+00:00","mainEntityOfPage":{"@id":"https:\/\/www.africa-press.net\/guinee-conakry\/politique\/revue-de-presse-a-la-une-des-medias-laffaire-28-septembre-et-la-sanction-des-etats-unis-contre-alpha-conde"},"wordCount":1020,"commentCount":0,"image":{"@id":"https:\/\/www.africa-press.net\/guinee-conakry\/politique\/revue-de-presse-a-la-une-des-medias-laffaire-28-septembre-et-la-sanction-des-etats-unis-contre-alpha-conde#primaryimage"},"thumbnailUrl":"https:\/\/static.africa-press.net\/conakry\/sites\/63\/2022\/12\/Jokar1670744734.989264.jpg","keywords":["Africa Press","Africa Press-Guin\u00e9e","Guin\u00e9e"],"articleSection":["homepage-french","Politique","to-homepage","Toutes les actualit\u00e9s"],"inLanguage":"fr-FR","potentialAction":[{"@type":"CommentAction","name":"Comment","target":["https:\/\/www.africa-press.net\/guinee-conakry\/politique\/revue-de-presse-a-la-une-des-medias-laffaire-28-septembre-et-la-sanction-des-etats-unis-contre-alpha-conde#respond"]}]},{"@type":"WebPage","@id":"https:\/\/www.africa-press.net\/guinee-conakry\/politique\/revue-de-presse-a-la-une-des-medias-laffaire-28-septembre-et-la-sanction-des-etats-unis-contre-alpha-conde","url":"https:\/\/www.africa-press.net\/guinee-conakry\/politique\/revue-de-presse-a-la-une-des-medias-laffaire-28-septembre-et-la-sanction-des-etats-unis-contre-alpha-conde","name":"Revue de presse\u00a0: \u00e0 la Une des m\u00e9dias, l\u2019affaire 28 septembre et la sanction des Etats-Unis contre Alpha Cond\u00e9 - guinee Conakry","isPartOf":{"@id":"https:\/\/www.africa-press.net\/guinee-conakry\/#website"},"primaryImageOfPage":{"@id":"https:\/\/www.africa-press.net\/guinee-conakry\/politique\/revue-de-presse-a-la-une-des-medias-laffaire-28-septembre-et-la-sanction-des-etats-unis-contre-alpha-conde#primaryimage"},"image":{"@id":"https:\/\/www.africa-press.net\/guinee-conakry\/politique\/revue-de-presse-a-la-une-des-medias-laffaire-28-septembre-et-la-sanction-des-etats-unis-contre-alpha-conde#primaryimage"},"thumbnailUrl":"https:\/\/static.africa-press.net\/conakry\/sites\/63\/2022\/12\/Jokar1670744734.989264.jpg","datePublished":"2022-12-11T11:15:00+00:00","author":{"@id":"https:\/\/www.africa-press.net\/guinee-conakry\/#\/schema\/person\/2b1cf3cd81a31e3cd26889ca66d677f1"},"breadcrumb":{"@id":"https:\/\/www.africa-press.net\/guinee-conakry\/politique\/revue-de-presse-a-la-une-des-medias-laffaire-28-septembre-et-la-sanction-des-etats-unis-contre-alpha-conde#breadcrumb"},"inLanguage":"fr-FR","potentialAction":[{"@type":"ReadAction","target":["https:\/\/www.africa-press.net\/guinee-conakry\/politique\/revue-de-presse-a-la-une-des-medias-laffaire-28-septembre-et-la-sanction-des-etats-unis-contre-alpha-conde"]}]},{"@type":"ImageObject","inLanguage":"fr-FR","@id":"https:\/\/www.africa-press.net\/guinee-conakry\/politique\/revue-de-presse-a-la-une-des-medias-laffaire-28-septembre-et-la-sanction-des-etats-unis-contre-alpha-conde#primaryimage","url":"https:\/\/static.africa-press.net\/conakry\/sites\/63\/2022\/12\/Jokar1670744734.989264.jpg","contentUrl":"https:\/\/static.africa-press.net\/conakry\/sites\/63\/2022\/12\/Jokar1670744734.989264.jpg","width":1024,"height":768,"caption":"Revue de presse\u00a0: \u00e0 la Une des m\u00e9dias, l\u2019affaire 28 septembre et la sanction des Etats-Unis contre Alpha Cond\u00e9"},{"@type":"BreadcrumbList","@id":"https:\/\/www.africa-press.net\/guinee-conakry\/politique\/revue-de-presse-a-la-une-des-medias-laffaire-28-septembre-et-la-sanction-des-etats-unis-contre-alpha-conde#breadcrumb","itemListElement":[{"@type":"ListItem","position":1,"name":"Accueil","item":"https:\/\/www.africa-press.net\/guinee-conakry\/"},{"@type":"ListItem","position":2,"name":"Revue de presse\u00a0: \u00e0 la Une des m\u00e9dias, l\u2019affaire 28 septembre et la sanction des Etats-Unis contre Alpha Cond\u00e9"}]},{"@type":"WebSite","@id":"https:\/\/www.africa-press.net\/guinee-conakry\/#website","url":"https:\/\/www.africa-press.net\/guinee-conakry\/","name":"guinee Conakry","description":"Just another Africa News Agency Sites site","potentialAction":[{"@type":"SearchAction","target":{"@type":"EntryPoint","urlTemplate":"https:\/\/www.africa-press.net\/guinee-conakry\/?s={search_term_string}"},"query-input":{"@type":"PropertyValueSpecification","valueRequired":true,"valueName":"search_term_string"}}],"inLanguage":"fr-FR"},{"@type":"Person","@id":"https:\/\/www.africa-press.net\/guinee-conakry\/#\/schema\/person\/2b1cf3cd81a31e3cd26889ca66d677f1","name":"cfeditorfr"}]}},"_links":{"self":[{"href":"https:\/\/www.africa-press.net\/guinee-conakry\/wp-json\/wp\/v2\/posts\/10641","targetHints":{"allow":["GET"]}}],"collection":[{"href":"https:\/\/www.africa-press.net\/guinee-conakry\/wp-json\/wp\/v2\/posts"}],"about":[{"href":"https:\/\/www.africa-press.net\/guinee-conakry\/wp-json\/wp\/v2\/types\/post"}],"author":[{"embeddable":true,"href":"https:\/\/www.africa-press.net\/guinee-conakry\/wp-json\/wp\/v2\/users\/82"}],"replies":[{"embeddable":true,"href":"https:\/\/www.africa-press.net\/guinee-conakry\/wp-json\/wp\/v2\/comments?post=10641"}],"version-history":[{"count":0,"href":"https:\/\/www.africa-press.net\/guinee-conakry\/wp-json\/wp\/v2\/posts\/10641\/revisions"}],"wp:featuredmedia":[{"embeddable":true,"href":"https:\/\/www.africa-press.net\/guinee-conakry\/wp-json\/wp\/v2\/media\/10640"}],"wp:attachment":[{"href":"https:\/\/www.africa-press.net\/guinee-conakry\/wp-json\/wp\/v2\/media?parent=10641"}],"wp:term":[{"taxonomy":"category","embeddable":true,"href":"https:\/\/www.africa-press.net\/guinee-conakry\/wp-json\/wp\/v2\/categories?post=10641"},{"taxonomy":"post_tag","embeddable":true,"href":"https:\/\/www.africa-press.net\/guinee-conakry\/wp-json\/wp\/v2\/tags?post=10641"}],"curies":[{"name":"wp","href":"https:\/\/api.w.org\/{rel}","templated":true}]}}