{"id":10643,"date":"2022-12-11T16:46:00","date_gmt":"2022-12-11T16:46:00","guid":{"rendered":"https:\/\/www.africa-press.net\/guinee-conakry\/politique\/qatar-2022-on-peut-rever-pourquoi-pas-la-finale-isam-taib-ambassadeur-du-maroc-en-guinee"},"modified":"2022-12-11T16:46:00","modified_gmt":"2022-12-11T16:46:00","slug":"qatar-2022-on-peut-rever-pourquoi-pas-la-finale-isam-taib-ambassadeur-du-maroc-en-guinee","status":"publish","type":"post","link":"https:\/\/www.africa-press.net\/guinee-conakry\/sports\/qatar-2022-on-peut-rever-pourquoi-pas-la-finale-isam-taib-ambassadeur-du-maroc-en-guinee","title":{"rendered":"Qatar 2022 : \u00ab on peut r\u00eaver\u2026 Pourquoi pas la finale ? \u00bb (Isam Ta\u00efb, ambassadeur du Maroc en Guin\u00e9e)"},"content":{"rendered":"<p><span style=\"color: #ff6600\"><strong>Africa-Press &#8211; Guin\u00e9e. <\/strong><\/span>L\u2019e\u0301quipe marocaine de football continue de surprendre a\u0300 la Coupe du monde de football qui se dispute au Qatar actuellement. Dans l\u2019apre\u0300s-midi d\u2019hier, samedi 10 de\u0301cembre 2022, les Lions de l\u2019Atlas se sont qualifie\u0301s pour les demi-finales de cette 22e\u0300me e\u0301dition en e\u0301liminant le Portugal de Cristiano Ronaldo. Cette premie\u0300re pour un pays africain ne laisse personne indiffe\u0301rent.<\/p>\n<p>L\u2019ambassadeur du Maroc en Guine\u0301e, Isam Tai\u0308b, qui a suivi la rencontre a\u0300 Conakry en compagnie de sa famille et de nombreuses personnalite\u0301s, a salue\u0301 cette prestation he\u0301roi\u0308que des Lions et se permet de re\u0302ver pour une place en finale. Il l\u2019a dit dans un entretien accorde\u0301 a\u0300 un reporter de Guineematin.com dans la foule\u0301e de cette qualification historique pour l\u2019Afrique.<\/p>\n<p>Apre\u0300s avoir e\u0301carte\u0301 la Belgique et l\u2019Espagne, le Maroc a renverse\u0301 le Portugal pour se hisser dans le dernier carre\u0301 de la coupe du monde de football. Les coe\u0301quipiers de Hakim Ziech l\u2019ont emporte\u0301 sur le score de 1 a\u0300 0. Une premie\u0300re pour une e\u0301quipe africaine d\u2019atteindre ce stade de la compe\u0301tition.<\/p>\n<p>L\u2019ambassadeur du Maroc en Guine\u0301e, Isam Taib, a suivi le match dans un re\u0301ceptif ho\u0302telier de la place en compagnie de la communaute\u0301 et de certains de ses homologues diplomates. Il a suivi les 90 minutes, avec enthousiasme.<\/p>\n<p>Apre\u0300s la victoire historique de son pays, le diplomate a de\u0301die\u0301 cette prouesse a\u0300 toute l\u2019Afrique et au monde Arabe. \u00ab C\u2019est un sentiment de fierte\u0301 d\u2019avoir pu honorer l\u2019Afrique et le monde arabo-musulman dans ce match historique. On passe en demi-finale, c\u2019est la premie\u0300re fois qu\u2019un pays africain arrive a\u0300 cette e\u0301tape de la compe\u0301tition et je pense que cela envoie un message au reste du monde que l\u2019Afrique me\u0301rite d\u2019e\u0302tre la\u0300 et de jouer parmi les grands. Depuis le de\u0301but, on a joue\u0301 que contre de grandes e\u0301quipes, la Croatie, la Belgique, l\u2019Espagne et me\u0302me le Canada. Aujourd\u2019hui, on est passe\u0301 a\u0300 travers le Portugal. Je suis tre\u0300s e\u0301mu d\u2019avoir participe\u0301 avec mes amis guine\u0301ens, les diplomates, les ministres et la communaute\u0301 marocaine avec les familles et tous les enfants qui e\u0301taient la\u0300. C\u2019est un jour me\u0301morable que nous avons partage\u0301. Maintenant, on peut re\u0302ver. Pourquoi pas la finale ? \u00bb<\/p>\n<p>L\u2019ambassadeur de Co\u0302te d\u2019Ivoire en Guine\u0301e au nom de la solidarite\u0301 africaine est venu soutenir les Lions de l\u2019Atlas. \u00ab Nous sommes tre\u0300s heureux, vous savez que c\u2019est la seule e\u0301quipe africaine qui e\u0301tait qualifie\u0301e pour les quarts de finale et, c\u2019est historique parce que c\u2019est la premie\u0300re fois qu\u2019une e\u0301quipe africaine va acce\u0301der a\u0300 la demi-finale de la coupe du monde \u00bb, s\u2019est re\u0301joui l\u2019ambassadeur Mifougo Youssouf Diarrassouba.<\/p>\n<p>Le Ministre guine\u0301en de l\u2019Enseignement technique et de la formation professionnelle a e\u0301galement suivi le match Maroc-Portugal avec Isam Taib.<\/p>\n<p>On notait e\u0301galement la pre\u0301sence de Malick Ke\u0301be\u0301, ope\u0301rateur culturel en service au ministe\u0300re de la Culture et des Sports. \u00ab C\u2019est un grand plaisir d\u2019assister a\u0300 cette victoire historique que le Maroc vient de re\u0301aliser au nom de l\u2019Afrique. Nous nous sommes tre\u0300s heureux parce que nous avons e\u0301te\u0301 invite\u0301s par l\u2019ambassadeur du Maroc en Guine\u0301e pour venir partager cette joie avec nos fre\u0300res marocains. Je crois que c\u2019est une immense joie de voir cette victoire une fois pour l\u2019Afrique qui va permettre aux pays africains de de\u0301passer cette e\u0301tape qui e\u0301tait ce blocus \u00bb, a-t-il de\u0301clare\u0301.<\/p>\n<p>En demi-finale, le Maroc sera oppose\u0301 a\u0300 la France, qui a e\u0301carte\u0301 a\u0300 son tour l\u2019Angleterre.<\/p>\n<p><iframe loading=\"lazy\" title=\"Qatar 2022: \u00ab on peut r\u00eaver... Pourquoi pas la finale ?\u00bb (Isam Ta\u00efb, ambassadeur du Maroc en Guin\u00e9e)\" width=\"696\" height=\"392\" src=\"https:\/\/www.youtube.com\/embed\/C_uN5WRGJGU?feature=oembed\" frameborder=\"0\" allow=\"accelerometer; autoplay; clipboard-write; encrypted-media; gyroscope; picture-in-picture\" allowfullscreen><\/iframe><\/p>\n<p><strong>Pour plus d&rsquo;informations et d&rsquo;analyses sur la <a href=\"https:\/\/www.africa-press.net\/guinee-conakry\">Guin\u00e9e<\/a>, suivez <a href=\"https:\/\/www.africa-press.net\/\">Africa-Press<\/a><\/strong><\/p>\n","protected":false},"excerpt":{"rendered":"<p>Africa-Press &#8211; Guin\u00e9e. L\u2019e\u0301quipe marocaine de football continue de surprendre a\u0300 la Coupe du monde de football qui se dispute au Qatar actuellement. Dans l\u2019apre\u0300s-midi d\u2019hier, samedi 10 de\u0301cembre 2022, les Lions de l\u2019Atlas se sont qualifie\u0301s pour les demi-finales de cette 22e\u0300me e\u0301dition en e\u0301liminant le Portugal de Cristiano Ronaldo. Cette premie\u0300re pour un [&hellip;]<\/p>\n","protected":false},"author":82,"featured_media":10642,"comment_status":"open","ping_status":"closed","sticky":false,"template":"","format":"standard","meta":{"footnotes":""},"categories":[11,6,56,10],"tags":[36,57,58],"class_list":["post-10643","post","type-post","status-publish","format-standard","has-post-thumbnail","hentry","category-homepage-french","category-sports","category-to-homepage","category-toutes-les-actualites","tag-africa-press","tag-africa-press-guinee","tag-guinee"],"yoast_head":"<!-- This site is optimized with the Yoast SEO Premium plugin v26.1 (Yoast SEO v27.0) - https:\/\/yoast.com\/product\/yoast-seo-premium-wordpress\/ -->\n<title>Qatar 2022 : \u00ab on peut r\u00eaver\u2026 Pourquoi pas la finale ? \u00bb (Isam Ta\u00efb, ambassadeur du Maroc en Guin\u00e9e) - guinee Conakry<\/title>\n<meta name=\"robots\" content=\"index, follow, max-snippet:-1, max-image-preview:large, max-video-preview:-1\" \/>\n<link rel=\"canonical\" href=\"https:\/\/www.africa-press.net\/guinee-conakry\/politique\/qatar-2022-on-peut-rever-pourquoi-pas-la-finale-isam-taib-ambassadeur-du-maroc-en-guinee\" \/>\n<meta property=\"og:locale\" content=\"fr_FR\" \/>\n<meta property=\"og:type\" content=\"article\" \/>\n<meta property=\"og:title\" content=\"Qatar 2022 : \u00ab on peut r\u00eaver\u2026 Pourquoi pas la finale ? \u00bb (Isam Ta\u00efb, ambassadeur du Maroc en Guin\u00e9e)\" \/>\n<meta property=\"og:description\" content=\"Africa-Press &#8211; Guin\u00e9e. L\u2019e\u0301quipe marocaine de football continue de surprendre a\u0300 la Coupe du monde de football qui se dispute au Qatar actuellement. Dans l\u2019apre\u0300s-midi d\u2019hier, samedi 10 de\u0301cembre 2022, les Lions de l\u2019Atlas se sont qualifie\u0301s pour les demi-finales de cette 22e\u0300me e\u0301dition en e\u0301liminant le Portugal de Cristiano Ronaldo. Cette premie\u0300re pour un [&hellip;]\" \/>\n<meta property=\"og:url\" content=\"https:\/\/www.africa-press.net\/guinee-conakry\/politique\/qatar-2022-on-peut-rever-pourquoi-pas-la-finale-isam-taib-ambassadeur-du-maroc-en-guinee\" \/>\n<meta property=\"og:site_name\" content=\"guinee Conakry\" \/>\n<meta property=\"article:published_time\" content=\"2022-12-11T16:46:00+00:00\" \/>\n<meta name=\"author\" content=\"cfeditorfr\" \/>\n<meta name=\"twitter:card\" content=\"summary_large_image\" \/>\n<meta name=\"twitter:label1\" content=\"\u00c9crit par\" \/>\n\t<meta name=\"twitter:data1\" content=\"cfeditorfr\" \/>\n\t<meta name=\"twitter:label2\" content=\"Dur\u00e9e de lecture estim\u00e9e\" \/>\n\t<meta name=\"twitter:data2\" content=\"3 minutes\" \/>\n<script type=\"application\/ld+json\" class=\"yoast-schema-graph\">{\"@context\":\"https:\/\/schema.org\",\"@graph\":[{\"@type\":\"Article\",\"@id\":\"https:\/\/www.africa-press.net\/guinee-conakry\/politique\/qatar-2022-on-peut-rever-pourquoi-pas-la-finale-isam-taib-ambassadeur-du-maroc-en-guinee#article\",\"isPartOf\":{\"@id\":\"https:\/\/www.africa-press.net\/guinee-conakry\/politique\/qatar-2022-on-peut-rever-pourquoi-pas-la-finale-isam-taib-ambassadeur-du-maroc-en-guinee\"},\"author\":{\"name\":\"cfeditorfr\",\"@id\":\"https:\/\/www.africa-press.net\/guinee-conakry\/#\/schema\/person\/2b1cf3cd81a31e3cd26889ca66d677f1\"},\"headline\":\"Qatar 2022 : \u00ab on peut r\u00eaver\u2026 Pourquoi pas la finale ? \u00bb (Isam Ta\u00efb, ambassadeur du Maroc en Guin\u00e9e)\",\"datePublished\":\"2022-12-11T16:46:00+00:00\",\"mainEntityOfPage\":{\"@id\":\"https:\/\/www.africa-press.net\/guinee-conakry\/politique\/qatar-2022-on-peut-rever-pourquoi-pas-la-finale-isam-taib-ambassadeur-du-maroc-en-guinee\"},\"wordCount\":708,\"commentCount\":0,\"image\":{\"@id\":\"https:\/\/www.africa-press.net\/guinee-conakry\/politique\/qatar-2022-on-peut-rever-pourquoi-pas-la-finale-isam-taib-ambassadeur-du-maroc-en-guinee#primaryimage\"},\"thumbnailUrl\":\"https:\/\/static.africa-press.net\/conakry\/sites\/63\/2022\/12\/Jokar1670764597.71027.jpg\",\"keywords\":[\"Africa Press\",\"Africa Press-Guin\u00e9e\",\"Guin\u00e9e\"],\"articleSection\":[\"homepage-french\",\"Sports\",\"to-homepage\",\"Toutes les actualit\u00e9s\"],\"inLanguage\":\"fr-FR\",\"potentialAction\":[{\"@type\":\"CommentAction\",\"name\":\"Comment\",\"target\":[\"https:\/\/www.africa-press.net\/guinee-conakry\/politique\/qatar-2022-on-peut-rever-pourquoi-pas-la-finale-isam-taib-ambassadeur-du-maroc-en-guinee#respond\"]}]},{\"@type\":\"WebPage\",\"@id\":\"https:\/\/www.africa-press.net\/guinee-conakry\/politique\/qatar-2022-on-peut-rever-pourquoi-pas-la-finale-isam-taib-ambassadeur-du-maroc-en-guinee\",\"url\":\"https:\/\/www.africa-press.net\/guinee-conakry\/politique\/qatar-2022-on-peut-rever-pourquoi-pas-la-finale-isam-taib-ambassadeur-du-maroc-en-guinee\",\"name\":\"Qatar 2022 : \u00ab on peut r\u00eaver\u2026 Pourquoi pas la finale ? \u00bb (Isam Ta\u00efb, ambassadeur du Maroc en Guin\u00e9e) - guinee Conakry\",\"isPartOf\":{\"@id\":\"https:\/\/www.africa-press.net\/guinee-conakry\/#website\"},\"primaryImageOfPage\":{\"@id\":\"https:\/\/www.africa-press.net\/guinee-conakry\/politique\/qatar-2022-on-peut-rever-pourquoi-pas-la-finale-isam-taib-ambassadeur-du-maroc-en-guinee#primaryimage\"},\"image\":{\"@id\":\"https:\/\/www.africa-press.net\/guinee-conakry\/politique\/qatar-2022-on-peut-rever-pourquoi-pas-la-finale-isam-taib-ambassadeur-du-maroc-en-guinee#primaryimage\"},\"thumbnailUrl\":\"https:\/\/static.africa-press.net\/conakry\/sites\/63\/2022\/12\/Jokar1670764597.71027.jpg\",\"datePublished\":\"2022-12-11T16:46:00+00:00\",\"author\":{\"@id\":\"https:\/\/www.africa-press.net\/guinee-conakry\/#\/schema\/person\/2b1cf3cd81a31e3cd26889ca66d677f1\"},\"breadcrumb\":{\"@id\":\"https:\/\/www.africa-press.net\/guinee-conakry\/politique\/qatar-2022-on-peut-rever-pourquoi-pas-la-finale-isam-taib-ambassadeur-du-maroc-en-guinee#breadcrumb\"},\"inLanguage\":\"fr-FR\",\"potentialAction\":[{\"@type\":\"ReadAction\",\"target\":[\"https:\/\/www.africa-press.net\/guinee-conakry\/politique\/qatar-2022-on-peut-rever-pourquoi-pas-la-finale-isam-taib-ambassadeur-du-maroc-en-guinee\"]}]},{\"@type\":\"ImageObject\",\"inLanguage\":\"fr-FR\",\"@id\":\"https:\/\/www.africa-press.net\/guinee-conakry\/politique\/qatar-2022-on-peut-rever-pourquoi-pas-la-finale-isam-taib-ambassadeur-du-maroc-en-guinee#primaryimage\",\"url\":\"https:\/\/static.africa-press.net\/conakry\/sites\/63\/2022\/12\/Jokar1670764597.71027.jpg\",\"contentUrl\":\"https:\/\/static.africa-press.net\/conakry\/sites\/63\/2022\/12\/Jokar1670764597.71027.jpg\",\"width\":1280,\"height\":729,\"caption\":\"Qatar 2022 : \u00ab on peut r\u00eaver\u2026 Pourquoi pas la finale ? \u00bb (Isam Ta\u00efb, ambassadeur du Maroc en Guin\u00e9e)\"},{\"@type\":\"BreadcrumbList\",\"@id\":\"https:\/\/www.africa-press.net\/guinee-conakry\/politique\/qatar-2022-on-peut-rever-pourquoi-pas-la-finale-isam-taib-ambassadeur-du-maroc-en-guinee#breadcrumb\",\"itemListElement\":[{\"@type\":\"ListItem\",\"position\":1,\"name\":\"Accueil\",\"item\":\"https:\/\/www.africa-press.net\/guinee-conakry\/\"},{\"@type\":\"ListItem\",\"position\":2,\"name\":\"Qatar 2022 : \u00ab on peut r\u00eaver\u2026 Pourquoi pas la finale ? \u00bb (Isam Ta\u00efb, ambassadeur du Maroc en Guin\u00e9e)\"}]},{\"@type\":\"WebSite\",\"@id\":\"https:\/\/www.africa-press.net\/guinee-conakry\/#website\",\"url\":\"https:\/\/www.africa-press.net\/guinee-conakry\/\",\"name\":\"guinee Conakry\",\"description\":\"Just another Africa News Agency Sites site\",\"potentialAction\":[{\"@type\":\"SearchAction\",\"target\":{\"@type\":\"EntryPoint\",\"urlTemplate\":\"https:\/\/www.africa-press.net\/guinee-conakry\/?s={search_term_string}\"},\"query-input\":{\"@type\":\"PropertyValueSpecification\",\"valueRequired\":true,\"valueName\":\"search_term_string\"}}],\"inLanguage\":\"fr-FR\"},{\"@type\":\"Person\",\"@id\":\"https:\/\/www.africa-press.net\/guinee-conakry\/#\/schema\/person\/2b1cf3cd81a31e3cd26889ca66d677f1\",\"name\":\"cfeditorfr\"}]}<\/script>\n<!-- \/ Yoast SEO Premium plugin. -->","yoast_head_json":{"title":"Qatar 2022 : \u00ab on peut r\u00eaver\u2026 Pourquoi pas la finale ? \u00bb (Isam Ta\u00efb, ambassadeur du Maroc en Guin\u00e9e) - guinee Conakry","robots":{"index":"index","follow":"follow","max-snippet":"max-snippet:-1","max-image-preview":"max-image-preview:large","max-video-preview":"max-video-preview:-1"},"canonical":"https:\/\/www.africa-press.net\/guinee-conakry\/politique\/qatar-2022-on-peut-rever-pourquoi-pas-la-finale-isam-taib-ambassadeur-du-maroc-en-guinee","og_locale":"fr_FR","og_type":"article","og_title":"Qatar 2022 : \u00ab on peut r\u00eaver\u2026 Pourquoi pas la finale ? \u00bb (Isam Ta\u00efb, ambassadeur du Maroc en Guin\u00e9e)","og_description":"Africa-Press &#8211; Guin\u00e9e. L\u2019e\u0301quipe marocaine de football continue de surprendre a\u0300 la Coupe du monde de football qui se dispute au Qatar actuellement. Dans l\u2019apre\u0300s-midi d\u2019hier, samedi 10 de\u0301cembre 2022, les Lions de l\u2019Atlas se sont qualifie\u0301s pour les demi-finales de cette 22e\u0300me e\u0301dition en e\u0301liminant le Portugal de Cristiano Ronaldo. Cette premie\u0300re pour un [&hellip;]","og_url":"https:\/\/www.africa-press.net\/guinee-conakry\/politique\/qatar-2022-on-peut-rever-pourquoi-pas-la-finale-isam-taib-ambassadeur-du-maroc-en-guinee","og_site_name":"guinee Conakry","article_published_time":"2022-12-11T16:46:00+00:00","author":"cfeditorfr","twitter_card":"summary_large_image","twitter_misc":{"\u00c9crit par":"cfeditorfr","Dur\u00e9e de lecture estim\u00e9e":"3 minutes"},"schema":{"@context":"https:\/\/schema.org","@graph":[{"@type":"Article","@id":"https:\/\/www.africa-press.net\/guinee-conakry\/politique\/qatar-2022-on-peut-rever-pourquoi-pas-la-finale-isam-taib-ambassadeur-du-maroc-en-guinee#article","isPartOf":{"@id":"https:\/\/www.africa-press.net\/guinee-conakry\/politique\/qatar-2022-on-peut-rever-pourquoi-pas-la-finale-isam-taib-ambassadeur-du-maroc-en-guinee"},"author":{"name":"cfeditorfr","@id":"https:\/\/www.africa-press.net\/guinee-conakry\/#\/schema\/person\/2b1cf3cd81a31e3cd26889ca66d677f1"},"headline":"Qatar 2022 : \u00ab on peut r\u00eaver\u2026 Pourquoi pas la finale ? \u00bb (Isam Ta\u00efb, ambassadeur du Maroc en Guin\u00e9e)","datePublished":"2022-12-11T16:46:00+00:00","mainEntityOfPage":{"@id":"https:\/\/www.africa-press.net\/guinee-conakry\/politique\/qatar-2022-on-peut-rever-pourquoi-pas-la-finale-isam-taib-ambassadeur-du-maroc-en-guinee"},"wordCount":708,"commentCount":0,"image":{"@id":"https:\/\/www.africa-press.net\/guinee-conakry\/politique\/qatar-2022-on-peut-rever-pourquoi-pas-la-finale-isam-taib-ambassadeur-du-maroc-en-guinee#primaryimage"},"thumbnailUrl":"https:\/\/static.africa-press.net\/conakry\/sites\/63\/2022\/12\/Jokar1670764597.71027.jpg","keywords":["Africa Press","Africa Press-Guin\u00e9e","Guin\u00e9e"],"articleSection":["homepage-french","Sports","to-homepage","Toutes les actualit\u00e9s"],"inLanguage":"fr-FR","potentialAction":[{"@type":"CommentAction","name":"Comment","target":["https:\/\/www.africa-press.net\/guinee-conakry\/politique\/qatar-2022-on-peut-rever-pourquoi-pas-la-finale-isam-taib-ambassadeur-du-maroc-en-guinee#respond"]}]},{"@type":"WebPage","@id":"https:\/\/www.africa-press.net\/guinee-conakry\/politique\/qatar-2022-on-peut-rever-pourquoi-pas-la-finale-isam-taib-ambassadeur-du-maroc-en-guinee","url":"https:\/\/www.africa-press.net\/guinee-conakry\/politique\/qatar-2022-on-peut-rever-pourquoi-pas-la-finale-isam-taib-ambassadeur-du-maroc-en-guinee","name":"Qatar 2022 : \u00ab on peut r\u00eaver\u2026 Pourquoi pas la finale ? \u00bb (Isam Ta\u00efb, ambassadeur du Maroc en Guin\u00e9e) - guinee Conakry","isPartOf":{"@id":"https:\/\/www.africa-press.net\/guinee-conakry\/#website"},"primaryImageOfPage":{"@id":"https:\/\/www.africa-press.net\/guinee-conakry\/politique\/qatar-2022-on-peut-rever-pourquoi-pas-la-finale-isam-taib-ambassadeur-du-maroc-en-guinee#primaryimage"},"image":{"@id":"https:\/\/www.africa-press.net\/guinee-conakry\/politique\/qatar-2022-on-peut-rever-pourquoi-pas-la-finale-isam-taib-ambassadeur-du-maroc-en-guinee#primaryimage"},"thumbnailUrl":"https:\/\/static.africa-press.net\/conakry\/sites\/63\/2022\/12\/Jokar1670764597.71027.jpg","datePublished":"2022-12-11T16:46:00+00:00","author":{"@id":"https:\/\/www.africa-press.net\/guinee-conakry\/#\/schema\/person\/2b1cf3cd81a31e3cd26889ca66d677f1"},"breadcrumb":{"@id":"https:\/\/www.africa-press.net\/guinee-conakry\/politique\/qatar-2022-on-peut-rever-pourquoi-pas-la-finale-isam-taib-ambassadeur-du-maroc-en-guinee#breadcrumb"},"inLanguage":"fr-FR","potentialAction":[{"@type":"ReadAction","target":["https:\/\/www.africa-press.net\/guinee-conakry\/politique\/qatar-2022-on-peut-rever-pourquoi-pas-la-finale-isam-taib-ambassadeur-du-maroc-en-guinee"]}]},{"@type":"ImageObject","inLanguage":"fr-FR","@id":"https:\/\/www.africa-press.net\/guinee-conakry\/politique\/qatar-2022-on-peut-rever-pourquoi-pas-la-finale-isam-taib-ambassadeur-du-maroc-en-guinee#primaryimage","url":"https:\/\/static.africa-press.net\/conakry\/sites\/63\/2022\/12\/Jokar1670764597.71027.jpg","contentUrl":"https:\/\/static.africa-press.net\/conakry\/sites\/63\/2022\/12\/Jokar1670764597.71027.jpg","width":1280,"height":729,"caption":"Qatar 2022 : \u00ab on peut r\u00eaver\u2026 Pourquoi pas la finale ? \u00bb (Isam Ta\u00efb, ambassadeur du Maroc en Guin\u00e9e)"},{"@type":"BreadcrumbList","@id":"https:\/\/www.africa-press.net\/guinee-conakry\/politique\/qatar-2022-on-peut-rever-pourquoi-pas-la-finale-isam-taib-ambassadeur-du-maroc-en-guinee#breadcrumb","itemListElement":[{"@type":"ListItem","position":1,"name":"Accueil","item":"https:\/\/www.africa-press.net\/guinee-conakry\/"},{"@type":"ListItem","position":2,"name":"Qatar 2022 : \u00ab on peut r\u00eaver\u2026 Pourquoi pas la finale ? \u00bb (Isam Ta\u00efb, ambassadeur du Maroc en Guin\u00e9e)"}]},{"@type":"WebSite","@id":"https:\/\/www.africa-press.net\/guinee-conakry\/#website","url":"https:\/\/www.africa-press.net\/guinee-conakry\/","name":"guinee Conakry","description":"Just another Africa News Agency Sites site","potentialAction":[{"@type":"SearchAction","target":{"@type":"EntryPoint","urlTemplate":"https:\/\/www.africa-press.net\/guinee-conakry\/?s={search_term_string}"},"query-input":{"@type":"PropertyValueSpecification","valueRequired":true,"valueName":"search_term_string"}}],"inLanguage":"fr-FR"},{"@type":"Person","@id":"https:\/\/www.africa-press.net\/guinee-conakry\/#\/schema\/person\/2b1cf3cd81a31e3cd26889ca66d677f1","name":"cfeditorfr"}]}},"_links":{"self":[{"href":"https:\/\/www.africa-press.net\/guinee-conakry\/wp-json\/wp\/v2\/posts\/10643","targetHints":{"allow":["GET"]}}],"collection":[{"href":"https:\/\/www.africa-press.net\/guinee-conakry\/wp-json\/wp\/v2\/posts"}],"about":[{"href":"https:\/\/www.africa-press.net\/guinee-conakry\/wp-json\/wp\/v2\/types\/post"}],"author":[{"embeddable":true,"href":"https:\/\/www.africa-press.net\/guinee-conakry\/wp-json\/wp\/v2\/users\/82"}],"replies":[{"embeddable":true,"href":"https:\/\/www.africa-press.net\/guinee-conakry\/wp-json\/wp\/v2\/comments?post=10643"}],"version-history":[{"count":0,"href":"https:\/\/www.africa-press.net\/guinee-conakry\/wp-json\/wp\/v2\/posts\/10643\/revisions"}],"wp:featuredmedia":[{"embeddable":true,"href":"https:\/\/www.africa-press.net\/guinee-conakry\/wp-json\/wp\/v2\/media\/10642"}],"wp:attachment":[{"href":"https:\/\/www.africa-press.net\/guinee-conakry\/wp-json\/wp\/v2\/media?parent=10643"}],"wp:term":[{"taxonomy":"category","embeddable":true,"href":"https:\/\/www.africa-press.net\/guinee-conakry\/wp-json\/wp\/v2\/categories?post=10643"},{"taxonomy":"post_tag","embeddable":true,"href":"https:\/\/www.africa-press.net\/guinee-conakry\/wp-json\/wp\/v2\/tags?post=10643"}],"curies":[{"name":"wp","href":"https:\/\/api.w.org\/{rel}","templated":true}]}}