{"id":10645,"date":"2022-12-11T17:34:00","date_gmt":"2022-12-11T17:34:00","guid":{"rendered":"https:\/\/www.africa-press.net\/guinee-conakry\/politique\/cfp-donka-une-journee-portes-ouvertes-initiee-pour-evaluer-les-travaux-de-renovation-en-cours"},"modified":"2022-12-11T17:34:00","modified_gmt":"2022-12-11T17:34:00","slug":"cfp-donka-une-journee-portes-ouvertes-initiee-pour-evaluer-les-travaux-de-renovation-en-cours","status":"publish","type":"post","link":"https:\/\/www.africa-press.net\/guinee-conakry\/toutes-les-actualites\/cfp-donka-une-journee-portes-ouvertes-initiee-pour-evaluer-les-travaux-de-renovation-en-cours","title":{"rendered":"CFP Donka : une journ\u00e9e portes ouvertes initi\u00e9e pour \u00e9valuer les travaux de r\u00e9novation en cours"},"content":{"rendered":"<p><span style=\"color: #ff6600\"><strong>Africa-Press &#8211; Guin\u00e9e. <\/strong><\/span>Le Ministre de l\u2019Enseignement technique et de la formation professionnelle, Alpha Bacar Barry, a visite\u0301 les chantiers du Centre de formation professionnelle (CFP) de Donka, dans la commune de Dixinn, ce samedi, 10 de\u0301cembre 2022. C\u2019e\u0301tait a\u0300 la faveur d\u2019une journe\u0301e portes ouvertes destine\u0301e a\u0300 e\u0301valuer les travaux en cours dans ce centre et effectue\u0301s par les apprenants eux-me\u0302mes. La ce\u0301re\u0301monie a re\u0301uni plusieurs parteanires.<\/p>\n<p>Les travaux de re\u0301novation du CFP de Donka avancent a\u0300 grands pas. Ce sont les e\u0301tudiants dudit e\u0301tablissement qui exe\u0301cutent les travaux : reconstruction des murs, re\u0301fection de la charpente, installations e\u0301lectriques, fabrication des tables-bancs et des briques. Tout est fait par les e\u0301tudiants eux-me\u0302mes.<\/p>\n<p>Une initiative rendue possible gra\u0302ce aux efforts du Ministre de l\u2019Enseignement technique et de la formation professionnelle. Le Directeur ge\u0301ne\u0301ral du CFP de Donka, Madifing Keita, a loue\u0301 l\u2019implication d\u2019Alpha Bacar Barry dans le processus d\u2019acquisition des compe\u0301tences des e\u0301tudiants.<\/p>\n<p>\u00ab Nous, au centre de formation professionnelle Donka (CFP) ici, nous appelons le ministre un envoye\u0301 de Dieu&#8230; Parce que ce sont les actes qui parlent. Il est au-dela\u0300 du bilan. C\u2019est-a\u0300-dire, je ne sais pas ce qu\u2019il faut dire. Il nous a enleve\u0301 dans la poussie\u0300re, dans la boue. Et pendant cette pe\u0301riode de re\u0301novation, il pouvait prendre des entreprises pour venir faire ce travail ; mais pendant un an, tous nos e\u0301le\u0300ves sont aujourd\u2019hui ope\u0301rationnels et peuvent travailler dans tous les chantiers. Parce que le matin, de 8 heures a\u0300 10 heures, nous faisons la the\u0301orie, et de 10 heures a\u0300 17 heures, les apprenants sont aux chantiers. Aujourd\u2019hui, ils savent poser ces briques stabilise\u0301es, ils savent faire la pose, ils peuvent diriger un chantier, c\u0327a c\u2019est largement suffisant&#8230; \u00bb<\/p>\n<p>De la menuiserie a\u0300 la mac\u0327onnerie en passant par la soudure, les e\u0301tudiants du CFP de Donka font la preuve de leur apprentissage. La re\u0301novation de leur e\u0301cole donne une envie aux visiteurs. Le ge\u0301nie militaire a fait son apport dans le processus.<\/p>\n<p>Commandant Momo Soumah, charge\u0301 de terrassement du ge\u0301nie militaire, rappelle. \u00ab Monsieur le Ministre, chers invite\u0301s, suite a\u0300 l\u2019appel du Ministre de l\u2019Enseignement technique, nous sommes aussito\u0302t de\u0301pe\u0302che\u0301s par le commandement du Bataillon du Ge\u0301nie Militaire pour ces travaux suivants : on a ame\u0301nage\u0301 le de\u0301caissement, on a fait la de\u0301molition de la cour. On a fait la formation de la plate-forme et enfin on a fait le nivellement pour l\u2019orientation des eaux de pluie. Et nous sommes entie\u0300rement a\u0300 votre disposition pour des besoins \u00bb, a-t-il rassure\u0301.<\/p>\n<p>Le ministre Alpha Bacar Barry a effectue\u0301 cette visite en compagnie des partenaires de son de\u0301partement. C\u2019est par exemple les responsables de l\u2019usine de to\u0302les de Guine\u0301e, Rio tinto entre autres. Tous se sont de\u0301clare\u0301s satisfaits des re\u0301alisations qui sont en cours au CFP de Donka.<\/p>\n<p>Pierre Labonte\u0301 est le Surintendant formation me\u0301tier a\u0300 Simfer. \u00ab C\u0327a fait au-dela\u0300 de 20 ans que je suis dans les centres de formation et c\u0327a fait 20 ans que je n\u2019ai pas vu un si gros projet avec la qualite\u0301 du travail fait. Et derrie\u0300re tout c\u0327a, je voudrais saluer la vision qui a e\u0301te\u0301 inspire\u0301e pour ce genre de projet pour toute la direction du ministe\u0300re et le ministre Monsieur Barry a\u0300 qui je dis fe\u0301licitations. Donc, je sais que vous allez sortir ici compe\u0301tents. Vous allez pouvoir de\u0301velopper toutes les compe\u0301tences a\u0300 e\u0302tre de bons travailleurs, de bons entrepreneurs et dites-vous qu\u2019a\u0300 partir de maintenant, quand on va vous parler de ce centre de formation vous pouvez dire moi, j\u2019ai pose\u0301 des briques la\u0300-bas, moi, j\u2019ai cre\u0301e\u0301 la porte qui est la\u0300, c\u2019est moi qui l\u2019ai fait. Donc, c\u2019est une tre\u0300s grande fierte\u0301 \u00bb, a-t-il indique\u0301.<\/p>\n<p>Apre\u0300s la visite, Alpha Bacar Barry a annonce\u0301 des mesures qui pourraient favoriser la promotion du talent local a\u0300 travers l\u2019enseignement technique et la formation professionnelle. \u00ab Merci a\u0300 nos chers apprenants qui sont entrain justement de participer a\u0300 ce projet et qui peuvent rentrer chez eux fiers d\u2019avoir construit une e\u0301cole pas pour eux seulement, mais aussi pour des ge\u0301ne\u0301rations a\u0300 venir. Se dire que chaque anne\u0301e, comme je le disais, dans une autre e\u0301cole, nous allons instituer une tradition dans ce ministe\u0300re qui voudrait qu\u2019il y ait un chantier e\u0301cole. Donc, au bout de quelques temps, on aura fini le tour de la Guine\u0301e et on aura construit assez d\u2019e\u0301coles. C\u0327a va cou\u0302ter moins cher au budget national de de\u0301veloppement en termes d\u2019infrastructures et nous allons re\u0301orienter ces fonds a\u0300 la formation des formateurs dans l\u2019acquisition des e\u0301quipements de qualite\u0301, dans l\u2019acquisition de la matie\u0300re d\u2019\u0153uvre qui va servir a\u0300 faire ces pratiques \u00bb, a laisse\u0301 entendre monsieur Barry.<\/p>\n<p><strong>Pour plus d&rsquo;informations et d&rsquo;analyses sur la <a href=\"https:\/\/www.africa-press.net\/guinee-conakry\">Guin\u00e9e<\/a>, suivez <a href=\"https:\/\/www.africa-press.net\/\">Africa-Press<\/a><\/strong><\/p>\n","protected":false},"excerpt":{"rendered":"<p>Africa-Press &#8211; Guin\u00e9e. Le Ministre de l\u2019Enseignement technique et de la formation professionnelle, Alpha Bacar Barry, a visite\u0301 les chantiers du Centre de formation professionnelle (CFP) de Donka, dans la commune de Dixinn, ce samedi, 10 de\u0301cembre 2022. C\u2019e\u0301tait a\u0300 la faveur d\u2019une journe\u0301e portes ouvertes destine\u0301e a\u0300 e\u0301valuer les travaux en cours dans ce [&hellip;]<\/p>\n","protected":false},"author":82,"featured_media":10644,"comment_status":"open","ping_status":"closed","sticky":false,"template":"","format":"standard","meta":{"footnotes":""},"categories":[21,11,56,10],"tags":[36,57,58],"class_list":["post-10645","post","type-post","status-publish","format-standard","has-post-thumbnail","hentry","category-communaute","category-homepage-french","category-to-homepage","category-toutes-les-actualites","tag-africa-press","tag-africa-press-guinee","tag-guinee"],"yoast_head":"<!-- This site is optimized with the Yoast SEO Premium plugin v26.1 (Yoast SEO v27.0) - https:\/\/yoast.com\/product\/yoast-seo-premium-wordpress\/ -->\n<title>CFP Donka : une journ\u00e9e portes ouvertes initi\u00e9e pour \u00e9valuer les travaux de r\u00e9novation en cours - guinee Conakry<\/title>\n<meta name=\"robots\" content=\"index, follow, max-snippet:-1, max-image-preview:large, max-video-preview:-1\" \/>\n<link rel=\"canonical\" href=\"https:\/\/www.africa-press.net\/guinee-conakry\/politique\/cfp-donka-une-journee-portes-ouvertes-initiee-pour-evaluer-les-travaux-de-renovation-en-cours\" \/>\n<meta property=\"og:locale\" content=\"fr_FR\" \/>\n<meta property=\"og:type\" content=\"article\" \/>\n<meta property=\"og:title\" content=\"CFP Donka : une journ\u00e9e portes ouvertes initi\u00e9e pour \u00e9valuer les travaux de r\u00e9novation en cours\" \/>\n<meta property=\"og:description\" content=\"Africa-Press &#8211; Guin\u00e9e. Le Ministre de l\u2019Enseignement technique et de la formation professionnelle, Alpha Bacar Barry, a visite\u0301 les chantiers du Centre de formation professionnelle (CFP) de Donka, dans la commune de Dixinn, ce samedi, 10 de\u0301cembre 2022. C\u2019e\u0301tait a\u0300 la faveur d\u2019une journe\u0301e portes ouvertes destine\u0301e a\u0300 e\u0301valuer les travaux en cours dans ce [&hellip;]\" \/>\n<meta property=\"og:url\" content=\"https:\/\/www.africa-press.net\/guinee-conakry\/politique\/cfp-donka-une-journee-portes-ouvertes-initiee-pour-evaluer-les-travaux-de-renovation-en-cours\" \/>\n<meta property=\"og:site_name\" content=\"guinee Conakry\" \/>\n<meta property=\"article:published_time\" content=\"2022-12-11T17:34:00+00:00\" \/>\n<meta name=\"author\" content=\"cfeditorfr\" \/>\n<meta name=\"twitter:card\" content=\"summary_large_image\" \/>\n<meta name=\"twitter:label1\" content=\"\u00c9crit par\" \/>\n\t<meta name=\"twitter:data1\" content=\"cfeditorfr\" \/>\n\t<meta name=\"twitter:label2\" content=\"Dur\u00e9e de lecture estim\u00e9e\" \/>\n\t<meta name=\"twitter:data2\" content=\"4 minutes\" \/>\n<script type=\"application\/ld+json\" class=\"yoast-schema-graph\">{\"@context\":\"https:\/\/schema.org\",\"@graph\":[{\"@type\":\"Article\",\"@id\":\"https:\/\/www.africa-press.net\/guinee-conakry\/politique\/cfp-donka-une-journee-portes-ouvertes-initiee-pour-evaluer-les-travaux-de-renovation-en-cours#article\",\"isPartOf\":{\"@id\":\"https:\/\/www.africa-press.net\/guinee-conakry\/politique\/cfp-donka-une-journee-portes-ouvertes-initiee-pour-evaluer-les-travaux-de-renovation-en-cours\"},\"author\":{\"name\":\"cfeditorfr\",\"@id\":\"https:\/\/www.africa-press.net\/guinee-conakry\/#\/schema\/person\/2b1cf3cd81a31e3cd26889ca66d677f1\"},\"headline\":\"CFP Donka : une journ\u00e9e portes ouvertes initi\u00e9e pour \u00e9valuer les travaux de r\u00e9novation en cours\",\"datePublished\":\"2022-12-11T17:34:00+00:00\",\"mainEntityOfPage\":{\"@id\":\"https:\/\/www.africa-press.net\/guinee-conakry\/politique\/cfp-donka-une-journee-portes-ouvertes-initiee-pour-evaluer-les-travaux-de-renovation-en-cours\"},\"wordCount\":904,\"commentCount\":0,\"image\":{\"@id\":\"https:\/\/www.africa-press.net\/guinee-conakry\/politique\/cfp-donka-une-journee-portes-ouvertes-initiee-pour-evaluer-les-travaux-de-renovation-en-cours#primaryimage\"},\"thumbnailUrl\":\"https:\/\/static.africa-press.net\/conakry\/sites\/63\/2022\/12\/Jokar1670767449.385429.jpg\",\"keywords\":[\"Africa Press\",\"Africa Press-Guin\u00e9e\",\"Guin\u00e9e\"],\"articleSection\":[\"Communaut\u00e9\",\"homepage-french\",\"to-homepage\",\"Toutes les actualit\u00e9s\"],\"inLanguage\":\"fr-FR\",\"potentialAction\":[{\"@type\":\"CommentAction\",\"name\":\"Comment\",\"target\":[\"https:\/\/www.africa-press.net\/guinee-conakry\/politique\/cfp-donka-une-journee-portes-ouvertes-initiee-pour-evaluer-les-travaux-de-renovation-en-cours#respond\"]}]},{\"@type\":\"WebPage\",\"@id\":\"https:\/\/www.africa-press.net\/guinee-conakry\/politique\/cfp-donka-une-journee-portes-ouvertes-initiee-pour-evaluer-les-travaux-de-renovation-en-cours\",\"url\":\"https:\/\/www.africa-press.net\/guinee-conakry\/politique\/cfp-donka-une-journee-portes-ouvertes-initiee-pour-evaluer-les-travaux-de-renovation-en-cours\",\"name\":\"CFP Donka : une journ\u00e9e portes ouvertes initi\u00e9e pour \u00e9valuer les travaux de r\u00e9novation en cours - guinee Conakry\",\"isPartOf\":{\"@id\":\"https:\/\/www.africa-press.net\/guinee-conakry\/#website\"},\"primaryImageOfPage\":{\"@id\":\"https:\/\/www.africa-press.net\/guinee-conakry\/politique\/cfp-donka-une-journee-portes-ouvertes-initiee-pour-evaluer-les-travaux-de-renovation-en-cours#primaryimage\"},\"image\":{\"@id\":\"https:\/\/www.africa-press.net\/guinee-conakry\/politique\/cfp-donka-une-journee-portes-ouvertes-initiee-pour-evaluer-les-travaux-de-renovation-en-cours#primaryimage\"},\"thumbnailUrl\":\"https:\/\/static.africa-press.net\/conakry\/sites\/63\/2022\/12\/Jokar1670767449.385429.jpg\",\"datePublished\":\"2022-12-11T17:34:00+00:00\",\"author\":{\"@id\":\"https:\/\/www.africa-press.net\/guinee-conakry\/#\/schema\/person\/2b1cf3cd81a31e3cd26889ca66d677f1\"},\"breadcrumb\":{\"@id\":\"https:\/\/www.africa-press.net\/guinee-conakry\/politique\/cfp-donka-une-journee-portes-ouvertes-initiee-pour-evaluer-les-travaux-de-renovation-en-cours#breadcrumb\"},\"inLanguage\":\"fr-FR\",\"potentialAction\":[{\"@type\":\"ReadAction\",\"target\":[\"https:\/\/www.africa-press.net\/guinee-conakry\/politique\/cfp-donka-une-journee-portes-ouvertes-initiee-pour-evaluer-les-travaux-de-renovation-en-cours\"]}]},{\"@type\":\"ImageObject\",\"inLanguage\":\"fr-FR\",\"@id\":\"https:\/\/www.africa-press.net\/guinee-conakry\/politique\/cfp-donka-une-journee-portes-ouvertes-initiee-pour-evaluer-les-travaux-de-renovation-en-cours#primaryimage\",\"url\":\"https:\/\/static.africa-press.net\/conakry\/sites\/63\/2022\/12\/Jokar1670767449.385429.jpg\",\"contentUrl\":\"https:\/\/static.africa-press.net\/conakry\/sites\/63\/2022\/12\/Jokar1670767449.385429.jpg\",\"width\":1200,\"height\":622,\"caption\":\"CFP Donka : une journ\u00e9e portes ouvertes initi\u00e9e pour \u00e9valuer les travaux de r\u00e9novation en cours\"},{\"@type\":\"BreadcrumbList\",\"@id\":\"https:\/\/www.africa-press.net\/guinee-conakry\/politique\/cfp-donka-une-journee-portes-ouvertes-initiee-pour-evaluer-les-travaux-de-renovation-en-cours#breadcrumb\",\"itemListElement\":[{\"@type\":\"ListItem\",\"position\":1,\"name\":\"Accueil\",\"item\":\"https:\/\/www.africa-press.net\/guinee-conakry\/\"},{\"@type\":\"ListItem\",\"position\":2,\"name\":\"CFP Donka : une journ\u00e9e portes ouvertes initi\u00e9e pour \u00e9valuer les travaux de r\u00e9novation en cours\"}]},{\"@type\":\"WebSite\",\"@id\":\"https:\/\/www.africa-press.net\/guinee-conakry\/#website\",\"url\":\"https:\/\/www.africa-press.net\/guinee-conakry\/\",\"name\":\"guinee Conakry\",\"description\":\"Just another Africa News Agency Sites site\",\"potentialAction\":[{\"@type\":\"SearchAction\",\"target\":{\"@type\":\"EntryPoint\",\"urlTemplate\":\"https:\/\/www.africa-press.net\/guinee-conakry\/?s={search_term_string}\"},\"query-input\":{\"@type\":\"PropertyValueSpecification\",\"valueRequired\":true,\"valueName\":\"search_term_string\"}}],\"inLanguage\":\"fr-FR\"},{\"@type\":\"Person\",\"@id\":\"https:\/\/www.africa-press.net\/guinee-conakry\/#\/schema\/person\/2b1cf3cd81a31e3cd26889ca66d677f1\",\"name\":\"cfeditorfr\"}]}<\/script>\n<!-- \/ Yoast SEO Premium plugin. -->","yoast_head_json":{"title":"CFP Donka : une journ\u00e9e portes ouvertes initi\u00e9e pour \u00e9valuer les travaux de r\u00e9novation en cours - guinee Conakry","robots":{"index":"index","follow":"follow","max-snippet":"max-snippet:-1","max-image-preview":"max-image-preview:large","max-video-preview":"max-video-preview:-1"},"canonical":"https:\/\/www.africa-press.net\/guinee-conakry\/politique\/cfp-donka-une-journee-portes-ouvertes-initiee-pour-evaluer-les-travaux-de-renovation-en-cours","og_locale":"fr_FR","og_type":"article","og_title":"CFP Donka : une journ\u00e9e portes ouvertes initi\u00e9e pour \u00e9valuer les travaux de r\u00e9novation en cours","og_description":"Africa-Press &#8211; Guin\u00e9e. Le Ministre de l\u2019Enseignement technique et de la formation professionnelle, Alpha Bacar Barry, a visite\u0301 les chantiers du Centre de formation professionnelle (CFP) de Donka, dans la commune de Dixinn, ce samedi, 10 de\u0301cembre 2022. C\u2019e\u0301tait a\u0300 la faveur d\u2019une journe\u0301e portes ouvertes destine\u0301e a\u0300 e\u0301valuer les travaux en cours dans ce [&hellip;]","og_url":"https:\/\/www.africa-press.net\/guinee-conakry\/politique\/cfp-donka-une-journee-portes-ouvertes-initiee-pour-evaluer-les-travaux-de-renovation-en-cours","og_site_name":"guinee Conakry","article_published_time":"2022-12-11T17:34:00+00:00","author":"cfeditorfr","twitter_card":"summary_large_image","twitter_misc":{"\u00c9crit par":"cfeditorfr","Dur\u00e9e de lecture estim\u00e9e":"4 minutes"},"schema":{"@context":"https:\/\/schema.org","@graph":[{"@type":"Article","@id":"https:\/\/www.africa-press.net\/guinee-conakry\/politique\/cfp-donka-une-journee-portes-ouvertes-initiee-pour-evaluer-les-travaux-de-renovation-en-cours#article","isPartOf":{"@id":"https:\/\/www.africa-press.net\/guinee-conakry\/politique\/cfp-donka-une-journee-portes-ouvertes-initiee-pour-evaluer-les-travaux-de-renovation-en-cours"},"author":{"name":"cfeditorfr","@id":"https:\/\/www.africa-press.net\/guinee-conakry\/#\/schema\/person\/2b1cf3cd81a31e3cd26889ca66d677f1"},"headline":"CFP Donka : une journ\u00e9e portes ouvertes initi\u00e9e pour \u00e9valuer les travaux de r\u00e9novation en cours","datePublished":"2022-12-11T17:34:00+00:00","mainEntityOfPage":{"@id":"https:\/\/www.africa-press.net\/guinee-conakry\/politique\/cfp-donka-une-journee-portes-ouvertes-initiee-pour-evaluer-les-travaux-de-renovation-en-cours"},"wordCount":904,"commentCount":0,"image":{"@id":"https:\/\/www.africa-press.net\/guinee-conakry\/politique\/cfp-donka-une-journee-portes-ouvertes-initiee-pour-evaluer-les-travaux-de-renovation-en-cours#primaryimage"},"thumbnailUrl":"https:\/\/static.africa-press.net\/conakry\/sites\/63\/2022\/12\/Jokar1670767449.385429.jpg","keywords":["Africa Press","Africa Press-Guin\u00e9e","Guin\u00e9e"],"articleSection":["Communaut\u00e9","homepage-french","to-homepage","Toutes les actualit\u00e9s"],"inLanguage":"fr-FR","potentialAction":[{"@type":"CommentAction","name":"Comment","target":["https:\/\/www.africa-press.net\/guinee-conakry\/politique\/cfp-donka-une-journee-portes-ouvertes-initiee-pour-evaluer-les-travaux-de-renovation-en-cours#respond"]}]},{"@type":"WebPage","@id":"https:\/\/www.africa-press.net\/guinee-conakry\/politique\/cfp-donka-une-journee-portes-ouvertes-initiee-pour-evaluer-les-travaux-de-renovation-en-cours","url":"https:\/\/www.africa-press.net\/guinee-conakry\/politique\/cfp-donka-une-journee-portes-ouvertes-initiee-pour-evaluer-les-travaux-de-renovation-en-cours","name":"CFP Donka : une journ\u00e9e portes ouvertes initi\u00e9e pour \u00e9valuer les travaux de r\u00e9novation en cours - guinee Conakry","isPartOf":{"@id":"https:\/\/www.africa-press.net\/guinee-conakry\/#website"},"primaryImageOfPage":{"@id":"https:\/\/www.africa-press.net\/guinee-conakry\/politique\/cfp-donka-une-journee-portes-ouvertes-initiee-pour-evaluer-les-travaux-de-renovation-en-cours#primaryimage"},"image":{"@id":"https:\/\/www.africa-press.net\/guinee-conakry\/politique\/cfp-donka-une-journee-portes-ouvertes-initiee-pour-evaluer-les-travaux-de-renovation-en-cours#primaryimage"},"thumbnailUrl":"https:\/\/static.africa-press.net\/conakry\/sites\/63\/2022\/12\/Jokar1670767449.385429.jpg","datePublished":"2022-12-11T17:34:00+00:00","author":{"@id":"https:\/\/www.africa-press.net\/guinee-conakry\/#\/schema\/person\/2b1cf3cd81a31e3cd26889ca66d677f1"},"breadcrumb":{"@id":"https:\/\/www.africa-press.net\/guinee-conakry\/politique\/cfp-donka-une-journee-portes-ouvertes-initiee-pour-evaluer-les-travaux-de-renovation-en-cours#breadcrumb"},"inLanguage":"fr-FR","potentialAction":[{"@type":"ReadAction","target":["https:\/\/www.africa-press.net\/guinee-conakry\/politique\/cfp-donka-une-journee-portes-ouvertes-initiee-pour-evaluer-les-travaux-de-renovation-en-cours"]}]},{"@type":"ImageObject","inLanguage":"fr-FR","@id":"https:\/\/www.africa-press.net\/guinee-conakry\/politique\/cfp-donka-une-journee-portes-ouvertes-initiee-pour-evaluer-les-travaux-de-renovation-en-cours#primaryimage","url":"https:\/\/static.africa-press.net\/conakry\/sites\/63\/2022\/12\/Jokar1670767449.385429.jpg","contentUrl":"https:\/\/static.africa-press.net\/conakry\/sites\/63\/2022\/12\/Jokar1670767449.385429.jpg","width":1200,"height":622,"caption":"CFP Donka : une journ\u00e9e portes ouvertes initi\u00e9e pour \u00e9valuer les travaux de r\u00e9novation en cours"},{"@type":"BreadcrumbList","@id":"https:\/\/www.africa-press.net\/guinee-conakry\/politique\/cfp-donka-une-journee-portes-ouvertes-initiee-pour-evaluer-les-travaux-de-renovation-en-cours#breadcrumb","itemListElement":[{"@type":"ListItem","position":1,"name":"Accueil","item":"https:\/\/www.africa-press.net\/guinee-conakry\/"},{"@type":"ListItem","position":2,"name":"CFP Donka : une journ\u00e9e portes ouvertes initi\u00e9e pour \u00e9valuer les travaux de r\u00e9novation en cours"}]},{"@type":"WebSite","@id":"https:\/\/www.africa-press.net\/guinee-conakry\/#website","url":"https:\/\/www.africa-press.net\/guinee-conakry\/","name":"guinee Conakry","description":"Just another Africa News Agency Sites site","potentialAction":[{"@type":"SearchAction","target":{"@type":"EntryPoint","urlTemplate":"https:\/\/www.africa-press.net\/guinee-conakry\/?s={search_term_string}"},"query-input":{"@type":"PropertyValueSpecification","valueRequired":true,"valueName":"search_term_string"}}],"inLanguage":"fr-FR"},{"@type":"Person","@id":"https:\/\/www.africa-press.net\/guinee-conakry\/#\/schema\/person\/2b1cf3cd81a31e3cd26889ca66d677f1","name":"cfeditorfr"}]}},"_links":{"self":[{"href":"https:\/\/www.africa-press.net\/guinee-conakry\/wp-json\/wp\/v2\/posts\/10645","targetHints":{"allow":["GET"]}}],"collection":[{"href":"https:\/\/www.africa-press.net\/guinee-conakry\/wp-json\/wp\/v2\/posts"}],"about":[{"href":"https:\/\/www.africa-press.net\/guinee-conakry\/wp-json\/wp\/v2\/types\/post"}],"author":[{"embeddable":true,"href":"https:\/\/www.africa-press.net\/guinee-conakry\/wp-json\/wp\/v2\/users\/82"}],"replies":[{"embeddable":true,"href":"https:\/\/www.africa-press.net\/guinee-conakry\/wp-json\/wp\/v2\/comments?post=10645"}],"version-history":[{"count":0,"href":"https:\/\/www.africa-press.net\/guinee-conakry\/wp-json\/wp\/v2\/posts\/10645\/revisions"}],"wp:featuredmedia":[{"embeddable":true,"href":"https:\/\/www.africa-press.net\/guinee-conakry\/wp-json\/wp\/v2\/media\/10644"}],"wp:attachment":[{"href":"https:\/\/www.africa-press.net\/guinee-conakry\/wp-json\/wp\/v2\/media?parent=10645"}],"wp:term":[{"taxonomy":"category","embeddable":true,"href":"https:\/\/www.africa-press.net\/guinee-conakry\/wp-json\/wp\/v2\/categories?post=10645"},{"taxonomy":"post_tag","embeddable":true,"href":"https:\/\/www.africa-press.net\/guinee-conakry\/wp-json\/wp\/v2\/tags?post=10645"}],"curies":[{"name":"wp","href":"https:\/\/api.w.org\/{rel}","templated":true}]}}