{"id":10659,"date":"2022-12-12T15:43:00","date_gmt":"2022-12-12T15:43:00","guid":{"rendered":"https:\/\/www.africa-press.net\/guinee-conakry\/politique\/inauguration-du-siege-investiture-des-presidents-de-la-cnfhpg-jeunesse-tpg"},"modified":"2022-12-12T15:43:00","modified_gmt":"2022-12-12T15:43:00","slug":"inauguration-du-siege-investiture-des-presidents-de-la-cnfhpg-jeunesse-tpg","status":"publish","type":"post","link":"https:\/\/www.africa-press.net\/guinee-conakry\/politique\/inauguration-du-siege-investiture-des-presidents-de-la-cnfhpg-jeunesse-tpg","title":{"rendered":"Inauguration du si\u00e8ge &amp; Investiture des Pr\u00e9sidents de la CNFHPG-Jeunesse TPG"},"content":{"rendered":"<p><span style=\"color: #ff6600\"><strong>Africa-Press &#8211; Guin\u00e9e. <\/strong><\/span>La Coordination Nationale des Fulbhe\u0301 et Haali-Pular de Guine\u0301e (<b>CNFHPG<\/b>) et la Jeunesse de Tabital Pulaaku Guine\u0301e (<b>TPG<\/b>) ont le plaisir de porter a\u0300 la connaissance du peuple de Guine\u0301e qu\u2019elles organisent la <b>ce\u0301re\u0301monie d\u2019inauguration<\/b> du sie\u0300ge de ladite Coordination, le <b>vendredi 23 de\u0301cembre 2022<\/b>, a\u0300 <b>Boussoura<\/b>, dans la commune de Matam.<\/p>\n<p>Cette ce\u0301re\u0301monie sera suivie, le me\u0302me jour au <b>Palais du Peuple<\/b>, de <b>l\u2019investiture<\/b> d\u2019<b>Elhadj Ousmane Fatako Balde\u0301<\/b>, Pre\u0301sident de la Coordination Nationale des Fulbhe\u0301 et Haali-Pular de Guine\u0301e et de <b>Thierno Yaya Diallo<\/b>, Pre\u0301sident de la Jeunesse de Tabital Pulaaku Guine\u0301e.<\/p>\n<p>Dans la me\u0302me lance\u0301e, une <b>Journe\u0301e Culturelle du Fouta<\/b> sera organise\u0301e, le <b>samedi 24 de\u0301cembre 2022<\/b>, au <b>stade Ge\u0301ne\u0301ral Lansana Conte\u0301 de Nongo<\/b>. Au cours de cette journe\u0301e, il y aura des de\u0301file\u0301s culturels, des prestations artistiques : de\u0301clamation de poe\u0300mes, danses folkloriques du Fouta, exposition d\u2019objets culturels, de l\u2019art culinaire du Fouta, etc.<\/p>\n<p>La pre\u0301sence de chacun et de tous est vivement souhaite\u0301e.<\/p>\n<p><strong>Pour plus d&rsquo;informations et d&rsquo;analyses sur la <a href=\"https:\/\/www.africa-press.net\/guinee-conakry\">Guin\u00e9e<\/a>, suivez <a href=\"https:\/\/www.africa-press.net\/\">Africa-Press<\/a><\/strong><\/p>\n","protected":false},"excerpt":{"rendered":"<p>Africa-Press &#8211; Guin\u00e9e. La Coordination Nationale des Fulbhe\u0301 et Haali-Pular de Guine\u0301e (CNFHPG) et la Jeunesse de Tabital Pulaaku Guine\u0301e (TPG) ont le plaisir de porter a\u0300 la connaissance du peuple de Guine\u0301e qu\u2019elles organisent la ce\u0301re\u0301monie d\u2019inauguration du sie\u0300ge de ladite Coordination, le vendredi 23 de\u0301cembre 2022, a\u0300 Boussoura, dans la commune de Matam. [&hellip;]<\/p>\n","protected":false},"author":82,"featured_media":10658,"comment_status":"open","ping_status":"closed","sticky":false,"template":"","format":"standard","meta":{"footnotes":""},"categories":[11,2,56,10],"tags":[36,57,58],"class_list":["post-10659","post","type-post","status-publish","format-standard","has-post-thumbnail","hentry","category-homepage-french","category-politique","category-to-homepage","category-toutes-les-actualites","tag-africa-press","tag-africa-press-guinee","tag-guinee"],"yoast_head":"<!-- This site is optimized with the Yoast SEO Premium plugin v26.1 (Yoast SEO v27.0) - https:\/\/yoast.com\/product\/yoast-seo-premium-wordpress\/ -->\n<title>Inauguration du si\u00e8ge &amp; Investiture des Pr\u00e9sidents de la CNFHPG-Jeunesse TPG - guinee Conakry<\/title>\n<meta name=\"robots\" content=\"index, follow, max-snippet:-1, max-image-preview:large, max-video-preview:-1\" \/>\n<link rel=\"canonical\" href=\"https:\/\/www.africa-press.net\/guinee-conakry\/politique\/inauguration-du-siege-investiture-des-presidents-de-la-cnfhpg-jeunesse-tpg\" \/>\n<meta property=\"og:locale\" content=\"fr_FR\" \/>\n<meta property=\"og:type\" content=\"article\" \/>\n<meta property=\"og:title\" content=\"Inauguration du si\u00e8ge &amp; Investiture des Pr\u00e9sidents de la CNFHPG-Jeunesse TPG\" \/>\n<meta property=\"og:description\" content=\"Africa-Press &#8211; Guin\u00e9e. La Coordination Nationale des Fulbhe\u0301 et Haali-Pular de Guine\u0301e (CNFHPG) et la Jeunesse de Tabital Pulaaku Guine\u0301e (TPG) ont le plaisir de porter a\u0300 la connaissance du peuple de Guine\u0301e qu\u2019elles organisent la ce\u0301re\u0301monie d\u2019inauguration du sie\u0300ge de ladite Coordination, le vendredi 23 de\u0301cembre 2022, a\u0300 Boussoura, dans la commune de Matam. [&hellip;]\" \/>\n<meta property=\"og:url\" content=\"https:\/\/www.africa-press.net\/guinee-conakry\/politique\/inauguration-du-siege-investiture-des-presidents-de-la-cnfhpg-jeunesse-tpg\" \/>\n<meta property=\"og:site_name\" content=\"guinee Conakry\" \/>\n<meta property=\"article:published_time\" content=\"2022-12-12T15:43:00+00:00\" \/>\n<meta name=\"author\" content=\"cfeditorfr\" \/>\n<meta name=\"twitter:card\" content=\"summary_large_image\" \/>\n<meta name=\"twitter:label1\" content=\"\u00c9crit par\" \/>\n\t<meta name=\"twitter:data1\" content=\"cfeditorfr\" \/>\n\t<meta name=\"twitter:label2\" content=\"Dur\u00e9e de lecture estim\u00e9e\" \/>\n\t<meta name=\"twitter:data2\" content=\"1 minute\" \/>\n<script type=\"application\/ld+json\" class=\"yoast-schema-graph\">{\"@context\":\"https:\/\/schema.org\",\"@graph\":[{\"@type\":\"Article\",\"@id\":\"https:\/\/www.africa-press.net\/guinee-conakry\/politique\/inauguration-du-siege-investiture-des-presidents-de-la-cnfhpg-jeunesse-tpg#article\",\"isPartOf\":{\"@id\":\"https:\/\/www.africa-press.net\/guinee-conakry\/politique\/inauguration-du-siege-investiture-des-presidents-de-la-cnfhpg-jeunesse-tpg\"},\"author\":{\"name\":\"cfeditorfr\",\"@id\":\"https:\/\/www.africa-press.net\/guinee-conakry\/#\/schema\/person\/2b1cf3cd81a31e3cd26889ca66d677f1\"},\"headline\":\"Inauguration du si\u00e8ge &amp; Investiture des Pr\u00e9sidents de la CNFHPG-Jeunesse TPG\",\"datePublished\":\"2022-12-12T15:43:00+00:00\",\"mainEntityOfPage\":{\"@id\":\"https:\/\/www.africa-press.net\/guinee-conakry\/politique\/inauguration-du-siege-investiture-des-presidents-de-la-cnfhpg-jeunesse-tpg\"},\"wordCount\":216,\"commentCount\":0,\"image\":{\"@id\":\"https:\/\/www.africa-press.net\/guinee-conakry\/politique\/inauguration-du-siege-investiture-des-presidents-de-la-cnfhpg-jeunesse-tpg#primaryimage\"},\"thumbnailUrl\":\"https:\/\/static.africa-press.net\/conakry\/sites\/63\/2022\/12\/Jokar1670847214.32228.jpg\",\"keywords\":[\"Africa Press\",\"Africa Press-Guin\u00e9e\",\"Guin\u00e9e\"],\"articleSection\":[\"homepage-french\",\"Politique\",\"to-homepage\",\"Toutes les actualit\u00e9s\"],\"inLanguage\":\"fr-FR\",\"potentialAction\":[{\"@type\":\"CommentAction\",\"name\":\"Comment\",\"target\":[\"https:\/\/www.africa-press.net\/guinee-conakry\/politique\/inauguration-du-siege-investiture-des-presidents-de-la-cnfhpg-jeunesse-tpg#respond\"]}]},{\"@type\":\"WebPage\",\"@id\":\"https:\/\/www.africa-press.net\/guinee-conakry\/politique\/inauguration-du-siege-investiture-des-presidents-de-la-cnfhpg-jeunesse-tpg\",\"url\":\"https:\/\/www.africa-press.net\/guinee-conakry\/politique\/inauguration-du-siege-investiture-des-presidents-de-la-cnfhpg-jeunesse-tpg\",\"name\":\"Inauguration du si\u00e8ge &amp; Investiture des Pr\u00e9sidents de la CNFHPG-Jeunesse TPG - guinee Conakry\",\"isPartOf\":{\"@id\":\"https:\/\/www.africa-press.net\/guinee-conakry\/#website\"},\"primaryImageOfPage\":{\"@id\":\"https:\/\/www.africa-press.net\/guinee-conakry\/politique\/inauguration-du-siege-investiture-des-presidents-de-la-cnfhpg-jeunesse-tpg#primaryimage\"},\"image\":{\"@id\":\"https:\/\/www.africa-press.net\/guinee-conakry\/politique\/inauguration-du-siege-investiture-des-presidents-de-la-cnfhpg-jeunesse-tpg#primaryimage\"},\"thumbnailUrl\":\"https:\/\/static.africa-press.net\/conakry\/sites\/63\/2022\/12\/Jokar1670847214.32228.jpg\",\"datePublished\":\"2022-12-12T15:43:00+00:00\",\"author\":{\"@id\":\"https:\/\/www.africa-press.net\/guinee-conakry\/#\/schema\/person\/2b1cf3cd81a31e3cd26889ca66d677f1\"},\"breadcrumb\":{\"@id\":\"https:\/\/www.africa-press.net\/guinee-conakry\/politique\/inauguration-du-siege-investiture-des-presidents-de-la-cnfhpg-jeunesse-tpg#breadcrumb\"},\"inLanguage\":\"fr-FR\",\"potentialAction\":[{\"@type\":\"ReadAction\",\"target\":[\"https:\/\/www.africa-press.net\/guinee-conakry\/politique\/inauguration-du-siege-investiture-des-presidents-de-la-cnfhpg-jeunesse-tpg\"]}]},{\"@type\":\"ImageObject\",\"inLanguage\":\"fr-FR\",\"@id\":\"https:\/\/www.africa-press.net\/guinee-conakry\/politique\/inauguration-du-siege-investiture-des-presidents-de-la-cnfhpg-jeunesse-tpg#primaryimage\",\"url\":\"https:\/\/static.africa-press.net\/conakry\/sites\/63\/2022\/12\/Jokar1670847214.32228.jpg\",\"contentUrl\":\"https:\/\/static.africa-press.net\/conakry\/sites\/63\/2022\/12\/Jokar1670847214.32228.jpg\",\"width\":1115,\"height\":673,\"caption\":\"Inauguration du si\u00e8ge &amp; Investiture des Pr\u00e9sidents de la CNFHPG-Jeunesse TPG\"},{\"@type\":\"BreadcrumbList\",\"@id\":\"https:\/\/www.africa-press.net\/guinee-conakry\/politique\/inauguration-du-siege-investiture-des-presidents-de-la-cnfhpg-jeunesse-tpg#breadcrumb\",\"itemListElement\":[{\"@type\":\"ListItem\",\"position\":1,\"name\":\"Accueil\",\"item\":\"https:\/\/www.africa-press.net\/guinee-conakry\/\"},{\"@type\":\"ListItem\",\"position\":2,\"name\":\"Inauguration du si\u00e8ge &amp; Investiture des Pr\u00e9sidents de la CNFHPG-Jeunesse TPG\"}]},{\"@type\":\"WebSite\",\"@id\":\"https:\/\/www.africa-press.net\/guinee-conakry\/#website\",\"url\":\"https:\/\/www.africa-press.net\/guinee-conakry\/\",\"name\":\"guinee Conakry\",\"description\":\"Just another Africa News Agency Sites site\",\"potentialAction\":[{\"@type\":\"SearchAction\",\"target\":{\"@type\":\"EntryPoint\",\"urlTemplate\":\"https:\/\/www.africa-press.net\/guinee-conakry\/?s={search_term_string}\"},\"query-input\":{\"@type\":\"PropertyValueSpecification\",\"valueRequired\":true,\"valueName\":\"search_term_string\"}}],\"inLanguage\":\"fr-FR\"},{\"@type\":\"Person\",\"@id\":\"https:\/\/www.africa-press.net\/guinee-conakry\/#\/schema\/person\/2b1cf3cd81a31e3cd26889ca66d677f1\",\"name\":\"cfeditorfr\"}]}<\/script>\n<!-- \/ Yoast SEO Premium plugin. -->","yoast_head_json":{"title":"Inauguration du si\u00e8ge &amp; Investiture des Pr\u00e9sidents de la CNFHPG-Jeunesse TPG - guinee Conakry","robots":{"index":"index","follow":"follow","max-snippet":"max-snippet:-1","max-image-preview":"max-image-preview:large","max-video-preview":"max-video-preview:-1"},"canonical":"https:\/\/www.africa-press.net\/guinee-conakry\/politique\/inauguration-du-siege-investiture-des-presidents-de-la-cnfhpg-jeunesse-tpg","og_locale":"fr_FR","og_type":"article","og_title":"Inauguration du si\u00e8ge &amp; Investiture des Pr\u00e9sidents de la CNFHPG-Jeunesse TPG","og_description":"Africa-Press &#8211; Guin\u00e9e. La Coordination Nationale des Fulbhe\u0301 et Haali-Pular de Guine\u0301e (CNFHPG) et la Jeunesse de Tabital Pulaaku Guine\u0301e (TPG) ont le plaisir de porter a\u0300 la connaissance du peuple de Guine\u0301e qu\u2019elles organisent la ce\u0301re\u0301monie d\u2019inauguration du sie\u0300ge de ladite Coordination, le vendredi 23 de\u0301cembre 2022, a\u0300 Boussoura, dans la commune de Matam. [&hellip;]","og_url":"https:\/\/www.africa-press.net\/guinee-conakry\/politique\/inauguration-du-siege-investiture-des-presidents-de-la-cnfhpg-jeunesse-tpg","og_site_name":"guinee Conakry","article_published_time":"2022-12-12T15:43:00+00:00","author":"cfeditorfr","twitter_card":"summary_large_image","twitter_misc":{"\u00c9crit par":"cfeditorfr","Dur\u00e9e de lecture estim\u00e9e":"1 minute"},"schema":{"@context":"https:\/\/schema.org","@graph":[{"@type":"Article","@id":"https:\/\/www.africa-press.net\/guinee-conakry\/politique\/inauguration-du-siege-investiture-des-presidents-de-la-cnfhpg-jeunesse-tpg#article","isPartOf":{"@id":"https:\/\/www.africa-press.net\/guinee-conakry\/politique\/inauguration-du-siege-investiture-des-presidents-de-la-cnfhpg-jeunesse-tpg"},"author":{"name":"cfeditorfr","@id":"https:\/\/www.africa-press.net\/guinee-conakry\/#\/schema\/person\/2b1cf3cd81a31e3cd26889ca66d677f1"},"headline":"Inauguration du si\u00e8ge &amp; Investiture des Pr\u00e9sidents de la CNFHPG-Jeunesse TPG","datePublished":"2022-12-12T15:43:00+00:00","mainEntityOfPage":{"@id":"https:\/\/www.africa-press.net\/guinee-conakry\/politique\/inauguration-du-siege-investiture-des-presidents-de-la-cnfhpg-jeunesse-tpg"},"wordCount":216,"commentCount":0,"image":{"@id":"https:\/\/www.africa-press.net\/guinee-conakry\/politique\/inauguration-du-siege-investiture-des-presidents-de-la-cnfhpg-jeunesse-tpg#primaryimage"},"thumbnailUrl":"https:\/\/static.africa-press.net\/conakry\/sites\/63\/2022\/12\/Jokar1670847214.32228.jpg","keywords":["Africa Press","Africa Press-Guin\u00e9e","Guin\u00e9e"],"articleSection":["homepage-french","Politique","to-homepage","Toutes les actualit\u00e9s"],"inLanguage":"fr-FR","potentialAction":[{"@type":"CommentAction","name":"Comment","target":["https:\/\/www.africa-press.net\/guinee-conakry\/politique\/inauguration-du-siege-investiture-des-presidents-de-la-cnfhpg-jeunesse-tpg#respond"]}]},{"@type":"WebPage","@id":"https:\/\/www.africa-press.net\/guinee-conakry\/politique\/inauguration-du-siege-investiture-des-presidents-de-la-cnfhpg-jeunesse-tpg","url":"https:\/\/www.africa-press.net\/guinee-conakry\/politique\/inauguration-du-siege-investiture-des-presidents-de-la-cnfhpg-jeunesse-tpg","name":"Inauguration du si\u00e8ge &amp; Investiture des Pr\u00e9sidents de la CNFHPG-Jeunesse TPG - guinee Conakry","isPartOf":{"@id":"https:\/\/www.africa-press.net\/guinee-conakry\/#website"},"primaryImageOfPage":{"@id":"https:\/\/www.africa-press.net\/guinee-conakry\/politique\/inauguration-du-siege-investiture-des-presidents-de-la-cnfhpg-jeunesse-tpg#primaryimage"},"image":{"@id":"https:\/\/www.africa-press.net\/guinee-conakry\/politique\/inauguration-du-siege-investiture-des-presidents-de-la-cnfhpg-jeunesse-tpg#primaryimage"},"thumbnailUrl":"https:\/\/static.africa-press.net\/conakry\/sites\/63\/2022\/12\/Jokar1670847214.32228.jpg","datePublished":"2022-12-12T15:43:00+00:00","author":{"@id":"https:\/\/www.africa-press.net\/guinee-conakry\/#\/schema\/person\/2b1cf3cd81a31e3cd26889ca66d677f1"},"breadcrumb":{"@id":"https:\/\/www.africa-press.net\/guinee-conakry\/politique\/inauguration-du-siege-investiture-des-presidents-de-la-cnfhpg-jeunesse-tpg#breadcrumb"},"inLanguage":"fr-FR","potentialAction":[{"@type":"ReadAction","target":["https:\/\/www.africa-press.net\/guinee-conakry\/politique\/inauguration-du-siege-investiture-des-presidents-de-la-cnfhpg-jeunesse-tpg"]}]},{"@type":"ImageObject","inLanguage":"fr-FR","@id":"https:\/\/www.africa-press.net\/guinee-conakry\/politique\/inauguration-du-siege-investiture-des-presidents-de-la-cnfhpg-jeunesse-tpg#primaryimage","url":"https:\/\/static.africa-press.net\/conakry\/sites\/63\/2022\/12\/Jokar1670847214.32228.jpg","contentUrl":"https:\/\/static.africa-press.net\/conakry\/sites\/63\/2022\/12\/Jokar1670847214.32228.jpg","width":1115,"height":673,"caption":"Inauguration du si\u00e8ge &amp; Investiture des Pr\u00e9sidents de la CNFHPG-Jeunesse TPG"},{"@type":"BreadcrumbList","@id":"https:\/\/www.africa-press.net\/guinee-conakry\/politique\/inauguration-du-siege-investiture-des-presidents-de-la-cnfhpg-jeunesse-tpg#breadcrumb","itemListElement":[{"@type":"ListItem","position":1,"name":"Accueil","item":"https:\/\/www.africa-press.net\/guinee-conakry\/"},{"@type":"ListItem","position":2,"name":"Inauguration du si\u00e8ge &amp; Investiture des Pr\u00e9sidents de la CNFHPG-Jeunesse TPG"}]},{"@type":"WebSite","@id":"https:\/\/www.africa-press.net\/guinee-conakry\/#website","url":"https:\/\/www.africa-press.net\/guinee-conakry\/","name":"guinee Conakry","description":"Just another Africa News Agency Sites site","potentialAction":[{"@type":"SearchAction","target":{"@type":"EntryPoint","urlTemplate":"https:\/\/www.africa-press.net\/guinee-conakry\/?s={search_term_string}"},"query-input":{"@type":"PropertyValueSpecification","valueRequired":true,"valueName":"search_term_string"}}],"inLanguage":"fr-FR"},{"@type":"Person","@id":"https:\/\/www.africa-press.net\/guinee-conakry\/#\/schema\/person\/2b1cf3cd81a31e3cd26889ca66d677f1","name":"cfeditorfr"}]}},"_links":{"self":[{"href":"https:\/\/www.africa-press.net\/guinee-conakry\/wp-json\/wp\/v2\/posts\/10659","targetHints":{"allow":["GET"]}}],"collection":[{"href":"https:\/\/www.africa-press.net\/guinee-conakry\/wp-json\/wp\/v2\/posts"}],"about":[{"href":"https:\/\/www.africa-press.net\/guinee-conakry\/wp-json\/wp\/v2\/types\/post"}],"author":[{"embeddable":true,"href":"https:\/\/www.africa-press.net\/guinee-conakry\/wp-json\/wp\/v2\/users\/82"}],"replies":[{"embeddable":true,"href":"https:\/\/www.africa-press.net\/guinee-conakry\/wp-json\/wp\/v2\/comments?post=10659"}],"version-history":[{"count":0,"href":"https:\/\/www.africa-press.net\/guinee-conakry\/wp-json\/wp\/v2\/posts\/10659\/revisions"}],"wp:featuredmedia":[{"embeddable":true,"href":"https:\/\/www.africa-press.net\/guinee-conakry\/wp-json\/wp\/v2\/media\/10658"}],"wp:attachment":[{"href":"https:\/\/www.africa-press.net\/guinee-conakry\/wp-json\/wp\/v2\/media?parent=10659"}],"wp:term":[{"taxonomy":"category","embeddable":true,"href":"https:\/\/www.africa-press.net\/guinee-conakry\/wp-json\/wp\/v2\/categories?post=10659"},{"taxonomy":"post_tag","embeddable":true,"href":"https:\/\/www.africa-press.net\/guinee-conakry\/wp-json\/wp\/v2\/tags?post=10659"}],"curies":[{"name":"wp","href":"https:\/\/api.w.org\/{rel}","templated":true}]}}