{"id":10661,"date":"2022-12-12T15:45:00","date_gmt":"2022-12-12T15:45:00","guid":{"rendered":"https:\/\/www.africa-press.net\/guinee-conakry\/politique\/coupe-du-monde-une-premiere-pour-le-maroc-au-nom-de-lafrique-par-amadou-dioulde-diallo"},"modified":"2022-12-18T10:13:23","modified_gmt":"2022-12-18T10:13:23","slug":"coupe-du-monde-une-premiere-pour-le-maroc-au-nom-de-lafrique-par-amadou-dioulde-diallo","status":"publish","type":"post","link":"https:\/\/www.africa-press.net\/guinee-conakry\/sports\/coupe-du-monde-une-premiere-pour-le-maroc-au-nom-de-lafrique-par-amadou-dioulde-diallo","title":{"rendered":"Coupe du monde : une premi\u00e8re pour le Maroc au nom de l\u2019Afrique (par Amadou Diould\u00e9 Diallo)"},"content":{"rendered":"<p><span style=\"color: #ff6600\"><strong>Africa-Press &#8211; Guin\u00e9e. <\/strong><\/span>J\u2019e\u0301tais a\u0300 la tribune de presse du stade de Naples, lorsque les Lions Indomptables du Cameroun tenaient le ticket des demi-finales a\u0300 sept minutes seulement de la fin du match qui les opposait a\u0300 L\u2019Angleterre. Malheureusement, l\u2019insaisissable attaquant Gary Layneger mis fin au re\u0302ve de Roger Milla et de ses camarades. C\u2019e\u0301tait a\u0300 la Coupe du Monde 90 en Italie. En 2002 au Japon et en Core\u0301e, d\u2019autres Lions de la Teranga Se\u0301ne\u0301galaise cette fois-ci, chute\u0300rent devant les Turcs en quarts de finale aussi.<\/p>\n<p>Pourtant, Camerounais et Se\u0301ne\u0301galais, avaient re\u0301ussis l\u2019exploit de battre en match d\u2019ouverture de deux e\u0301ditions, l\u2019Argentine du Pibe de Oro (pied d\u2019or),Diego Armando Maradona de\u0301tentrice du trophe\u0301e, et les Blues Franc\u0327ais du poe\u0300te Zinedine Zidane.<\/p>\n<p>Franc\u0327ois Omam Biyik d\u2019une te\u0302te rageuse et Pape Bouba Diop d\u2019un audacieux pied tendu dans la fourmilie\u0300re, en furent les charge\u0301s de mission.<\/p>\n<p>J\u2019e\u0301tais encore a\u0300 la tribune de presse du Stade de Johannesburg en Afrique du Sud lorsque l\u2019orfe\u0300vre Gyan Asamoah rata le penalty qui envoyait les Blacks Stars du Ghana en demi-finale de la Coupe du Monde 2010, contre L\u2019Uruguay. Et, depuis, les participations des E\u0301quipes Africaines se suivent et se ressemblent, jusqu\u2019a\u0300 celle actuelle au Qatar.<\/p>\n<p>Les Lions de L\u2019Atlas du Maroc, viennent de briser le plafond de verre gra\u0302ce a\u0300 un ve\u0301ritable parcours de combattant. Ils sont invaincus et n\u2019ont encaisse\u0301s a\u0300 date, qu\u2019un seul but ( autogoal), un nul, et surtout un tableau de chasse e\u0301logieux. La Belgique de Ke\u0301vin de Bryane, L\u2019Espagne de Morata et le Portugal de Christian Ronaldo.<\/p>\n<p>Une premie\u0300re pour le Continent Africain depuis la premie\u0300re Coupe du Monde en 1930 en Uruguay. En attendant la France mercredi pour une place en finale, il faut reconnai\u0302tre que les performances des Lions de L\u2019Atlas, ne doivent rien au hasard.<\/p>\n<p>C\u2019est le fruit d\u2019une politique sportive initie\u0301e, suivie et encourage\u0301e par le PALAIS, axe\u0301e fondamentalement sur la re\u0301alisation de grandes infrastructures sportives a\u0300 l\u2019e\u0301chelle nationale, des clubs porte\u0301s par les municipalite\u0301s et les industries, dote\u0301s d\u2019excellents centres de formation, une identification et une inte\u0301gration des binationaux dans les diffe\u0301rentes cate\u0301gories, et la formation.<\/p>\n<p>Toutes ces activite\u0301s sont chapeaute\u0301es par le Ministe\u0300re des Sports et la Fe\u0301de\u0301ration, avec une importante diplomatie qui fait du Royaume Che\u0301rifien, le passage oblige\u0301 de prise de certaines de\u0301cisions au niveau de la CAF et de la FIFA qui comptent en leur sein de nombreux dirigeants du football Marocain a\u0300 l\u2019image de son Pre\u0301sident Faouzi Lekjaa.<\/p>\n<p>En clair, rien ne se passe dans le football Africain sans le Maroc, et avec sa nouvelle ascension, il aura de nouveaux galons pour en imposer jusqu\u2019a\u0300 l\u2019obtention de l\u2019organisation de la Coupe du Monde pour laquelle, il s\u2019est porte\u0301 plusieurs fois candidat.<\/p>\n<p>Pour me\u0301moire, le Maroc e\u0301tait sur la ligne de de\u0301part pour celle de 2026, attribue\u0301e aux E\u0301tats-Unis, au Mexique et au Canada, en 2018 a\u0300 Moscou.<\/p>\n<p>Le Maroc est a\u0300 l\u2019avant garde des organisations des grandes manifestations toutes disciplines sportives confondues avec en prime le football, parfois en pompier lorsque le pays de\u0301signe\u0301 fait de\u0301fection en raison de son incapacite\u0301 a\u0300 respecter le cahier de charges dans les de\u0301lais impartis.<\/p>\n<p>C\u2019est peut-e\u0302tre cet attachement a\u0300 L\u2019Afrique et a\u0300 son de\u0301veloppement, qui sont re\u0301compense\u0301s par cette brillante et ine\u0301dite qualification des Lions de L\u2019Atlas pour les demi-finales de la Coupe du Monde.<\/p>\n<p>C\u2019est pourquoi l\u2019e\u0301ve\u0301nement glorieux et majestueux,a e\u0301te\u0301 fe\u0302te\u0301 avec faste dans tout le continent et partout dans le monde ou\u0300 se trouvent de grandes diasporas africaines auxquelles sont venus s\u2019ajouter de nombreux fans du cuir rond. Il n\u2019ya pas de doute que des euphories jubilatoires et des effluves populaires accompagneront le face-a\u0300-face Maroc-France du Mercredi et beaucoup plus Dimanche si l\u2019e\u0301quipe acce\u0301dait en finale.<\/p>\n<p>C\u2019est certainement sur le toit de l\u2019Afrique sur les sommets du Kilimandjaro en Tanzanie, que le trophe\u0301e tant convoite\u0301 sera ce\u0301le\u0301bre\u0301. Car, la terre seule ne suffira pas.<\/p>\n<p>L\u2019autre me\u0301rite du Maroc dans cette Coupe du Monde, c\u2019est d\u2019avoir re\u0301ussi ce beau parcours avec un entrai\u0302neur local.<\/p>\n<p>Ce qui met fin au mythe des entrai\u0302neurs e\u0301trangers dont les salaires faramineux, gre\u0300vent conside\u0301rablement les maigres budgets de nos e\u0301tats.<\/p>\n<p>Carrefour des peuples et des civilisations, ge\u0301ostrate\u0301gique et ge\u0301opolitique gra\u0302ce a\u0300 son flanc Atlantique et sa fac\u0327ade Me\u0301diterrane\u0301enne, ho\u0302te de la Re\u0301union du Groupe de Casablanca qui jeta les bases de l\u2019inde\u0301pendance des pays africains et de la cre\u0301ation de l\u2019Organisation de L\u2019Union Africaine aujourd\u2019hui Union Africaine, de l\u2019e\u0301lection de Issa Hayatou a\u0300 la te\u0302te de la Caf en 1988, sie\u0300ge de la Section Afrique de L\u2019AIPS(Association Internationale de la Presse Sportive),le Maroc fait la fierte\u0301 de l\u2019Afrique.<\/p>\n<p>Ces innombrables acquis le Royaume Che\u0301rifien et L\u2019Afrique le doivent incontestablement a\u0300 la bonne gouvernance et au patriotisme de la Dynastie Alaouite descendante du Prophe\u0300te MUHAMMAD (PSL).<\/p>\n<p>Elle sait que le football est devenu l\u2019e\u0301chiquier sur lequel les Nations et les Peuples mesurent leur Puissance.<\/p>\n<p><strong>Pour plus d&rsquo;informations et d&rsquo;analyses sur la <a href=\"https:\/\/www.africa-press.net\/guinee-conakry\">Guin\u00e9e<\/a>, suivez <a href=\"https:\/\/www.africa-press.net\/\">Africa-Press<\/a><\/strong><\/p>\n","protected":false},"excerpt":{"rendered":"<p>Africa-Press &#8211; Guin\u00e9e. J\u2019e\u0301tais a\u0300 la tribune de presse du stade de Naples, lorsque les Lions Indomptables du Cameroun tenaient le ticket des demi-finales a\u0300 sept minutes seulement de la fin du match qui les opposait a\u0300 L\u2019Angleterre. Malheureusement, l\u2019insaisissable attaquant Gary Layneger mis fin au re\u0302ve de Roger Milla et de ses camarades. C\u2019e\u0301tait [&hellip;]<\/p>\n","protected":false},"author":82,"featured_media":10660,"comment_status":"open","ping_status":"closed","sticky":false,"template":"","format":"standard","meta":{"footnotes":""},"categories":[11,6,10],"tags":[36,57,58],"class_list":["post-10661","post","type-post","status-publish","format-standard","has-post-thumbnail","hentry","category-homepage-french","category-sports","category-toutes-les-actualites","tag-africa-press","tag-africa-press-guinee","tag-guinee"],"yoast_head":"<!-- This site is optimized with the Yoast SEO Premium plugin v26.1 (Yoast SEO v27.0) - https:\/\/yoast.com\/product\/yoast-seo-premium-wordpress\/ -->\n<title>Coupe du monde : une premi\u00e8re pour le Maroc au nom de l\u2019Afrique (par Amadou Diould\u00e9 Diallo) - guinee Conakry<\/title>\n<meta name=\"robots\" content=\"index, follow, max-snippet:-1, max-image-preview:large, max-video-preview:-1\" \/>\n<link rel=\"canonical\" href=\"https:\/\/www.africa-press.net\/guinee-conakry\/sports\/coupe-du-monde-une-premiere-pour-le-maroc-au-nom-de-lafrique-par-amadou-dioulde-diallo\" \/>\n<meta property=\"og:locale\" content=\"fr_FR\" \/>\n<meta property=\"og:type\" content=\"article\" \/>\n<meta property=\"og:title\" content=\"Coupe du monde : une premi\u00e8re pour le Maroc au nom de l\u2019Afrique (par Amadou Diould\u00e9 Diallo)\" \/>\n<meta property=\"og:description\" content=\"Africa-Press &#8211; Guin\u00e9e. J\u2019e\u0301tais a\u0300 la tribune de presse du stade de Naples, lorsque les Lions Indomptables du Cameroun tenaient le ticket des demi-finales a\u0300 sept minutes seulement de la fin du match qui les opposait a\u0300 L\u2019Angleterre. Malheureusement, l\u2019insaisissable attaquant Gary Layneger mis fin au re\u0302ve de Roger Milla et de ses camarades. C\u2019e\u0301tait [&hellip;]\" \/>\n<meta property=\"og:url\" content=\"https:\/\/www.africa-press.net\/guinee-conakry\/sports\/coupe-du-monde-une-premiere-pour-le-maroc-au-nom-de-lafrique-par-amadou-dioulde-diallo\" \/>\n<meta property=\"og:site_name\" content=\"guinee Conakry\" \/>\n<meta property=\"article:published_time\" content=\"2022-12-12T15:45:00+00:00\" \/>\n<meta property=\"article:modified_time\" content=\"2022-12-18T10:13:23+00:00\" \/>\n<meta property=\"og:image\" content=\"https:\/\/static.africa-press.net\/conakry\/sites\/63\/2022\/12\/Jokar1670847334.814324.jpg\" \/>\n\t<meta property=\"og:image:width\" content=\"1024\" \/>\n\t<meta property=\"og:image:height\" content=\"725\" \/>\n\t<meta property=\"og:image:type\" content=\"image\/jpeg\" \/>\n<meta name=\"author\" content=\"cfeditorfr\" \/>\n<meta name=\"twitter:card\" content=\"summary_large_image\" \/>\n<meta name=\"twitter:label1\" content=\"\u00c9crit par\" \/>\n\t<meta name=\"twitter:data1\" content=\"cfeditorfr\" \/>\n\t<meta name=\"twitter:label2\" content=\"Dur\u00e9e de lecture estim\u00e9e\" \/>\n\t<meta name=\"twitter:data2\" content=\"5 minutes\" \/>\n<script type=\"application\/ld+json\" class=\"yoast-schema-graph\">{\"@context\":\"https:\/\/schema.org\",\"@graph\":[{\"@type\":\"Article\",\"@id\":\"https:\/\/www.africa-press.net\/guinee-conakry\/sports\/coupe-du-monde-une-premiere-pour-le-maroc-au-nom-de-lafrique-par-amadou-dioulde-diallo#article\",\"isPartOf\":{\"@id\":\"https:\/\/www.africa-press.net\/guinee-conakry\/sports\/coupe-du-monde-une-premiere-pour-le-maroc-au-nom-de-lafrique-par-amadou-dioulde-diallo\"},\"author\":{\"name\":\"cfeditorfr\",\"@id\":\"https:\/\/www.africa-press.net\/guinee-conakry\/#\/schema\/person\/2b1cf3cd81a31e3cd26889ca66d677f1\"},\"headline\":\"Coupe du monde : une premi\u00e8re pour le Maroc au nom de l\u2019Afrique (par Amadou Diould\u00e9 Diallo)\",\"datePublished\":\"2022-12-12T15:45:00+00:00\",\"dateModified\":\"2022-12-18T10:13:23+00:00\",\"mainEntityOfPage\":{\"@id\":\"https:\/\/www.africa-press.net\/guinee-conakry\/sports\/coupe-du-monde-une-premiere-pour-le-maroc-au-nom-de-lafrique-par-amadou-dioulde-diallo\"},\"wordCount\":985,\"commentCount\":0,\"image\":{\"@id\":\"https:\/\/www.africa-press.net\/guinee-conakry\/sports\/coupe-du-monde-une-premiere-pour-le-maroc-au-nom-de-lafrique-par-amadou-dioulde-diallo#primaryimage\"},\"thumbnailUrl\":\"https:\/\/static.africa-press.net\/conakry\/sites\/63\/2022\/12\/Jokar1670847334.814324.jpg\",\"keywords\":[\"Africa Press\",\"Africa Press-Guin\u00e9e\",\"Guin\u00e9e\"],\"articleSection\":[\"homepage-french\",\"Sports\",\"Toutes les actualit\u00e9s\"],\"inLanguage\":\"fr-FR\",\"potentialAction\":[{\"@type\":\"CommentAction\",\"name\":\"Comment\",\"target\":[\"https:\/\/www.africa-press.net\/guinee-conakry\/sports\/coupe-du-monde-une-premiere-pour-le-maroc-au-nom-de-lafrique-par-amadou-dioulde-diallo#respond\"]}]},{\"@type\":\"WebPage\",\"@id\":\"https:\/\/www.africa-press.net\/guinee-conakry\/sports\/coupe-du-monde-une-premiere-pour-le-maroc-au-nom-de-lafrique-par-amadou-dioulde-diallo\",\"url\":\"https:\/\/www.africa-press.net\/guinee-conakry\/sports\/coupe-du-monde-une-premiere-pour-le-maroc-au-nom-de-lafrique-par-amadou-dioulde-diallo\",\"name\":\"Coupe du monde : une premi\u00e8re pour le Maroc au nom de l\u2019Afrique (par Amadou Diould\u00e9 Diallo) - guinee Conakry\",\"isPartOf\":{\"@id\":\"https:\/\/www.africa-press.net\/guinee-conakry\/#website\"},\"primaryImageOfPage\":{\"@id\":\"https:\/\/www.africa-press.net\/guinee-conakry\/sports\/coupe-du-monde-une-premiere-pour-le-maroc-au-nom-de-lafrique-par-amadou-dioulde-diallo#primaryimage\"},\"image\":{\"@id\":\"https:\/\/www.africa-press.net\/guinee-conakry\/sports\/coupe-du-monde-une-premiere-pour-le-maroc-au-nom-de-lafrique-par-amadou-dioulde-diallo#primaryimage\"},\"thumbnailUrl\":\"https:\/\/static.africa-press.net\/conakry\/sites\/63\/2022\/12\/Jokar1670847334.814324.jpg\",\"datePublished\":\"2022-12-12T15:45:00+00:00\",\"dateModified\":\"2022-12-18T10:13:23+00:00\",\"author\":{\"@id\":\"https:\/\/www.africa-press.net\/guinee-conakry\/#\/schema\/person\/2b1cf3cd81a31e3cd26889ca66d677f1\"},\"breadcrumb\":{\"@id\":\"https:\/\/www.africa-press.net\/guinee-conakry\/sports\/coupe-du-monde-une-premiere-pour-le-maroc-au-nom-de-lafrique-par-amadou-dioulde-diallo#breadcrumb\"},\"inLanguage\":\"fr-FR\",\"potentialAction\":[{\"@type\":\"ReadAction\",\"target\":[\"https:\/\/www.africa-press.net\/guinee-conakry\/sports\/coupe-du-monde-une-premiere-pour-le-maroc-au-nom-de-lafrique-par-amadou-dioulde-diallo\"]}]},{\"@type\":\"ImageObject\",\"inLanguage\":\"fr-FR\",\"@id\":\"https:\/\/www.africa-press.net\/guinee-conakry\/sports\/coupe-du-monde-une-premiere-pour-le-maroc-au-nom-de-lafrique-par-amadou-dioulde-diallo#primaryimage\",\"url\":\"https:\/\/static.africa-press.net\/conakry\/sites\/63\/2022\/12\/Jokar1670847334.814324.jpg\",\"contentUrl\":\"https:\/\/static.africa-press.net\/conakry\/sites\/63\/2022\/12\/Jokar1670847334.814324.jpg\",\"width\":1024,\"height\":725,\"caption\":\"Coupe du monde : une premi\u00e8re pour le Maroc au nom de l\u2019Afrique (par Amadou Diould\u00e9 Diallo)\"},{\"@type\":\"BreadcrumbList\",\"@id\":\"https:\/\/www.africa-press.net\/guinee-conakry\/sports\/coupe-du-monde-une-premiere-pour-le-maroc-au-nom-de-lafrique-par-amadou-dioulde-diallo#breadcrumb\",\"itemListElement\":[{\"@type\":\"ListItem\",\"position\":1,\"name\":\"Accueil\",\"item\":\"https:\/\/www.africa-press.net\/guinee-conakry\/\"},{\"@type\":\"ListItem\",\"position\":2,\"name\":\"Coupe du monde : une premi\u00e8re pour le Maroc au nom de l\u2019Afrique (par Amadou Diould\u00e9 Diallo)\"}]},{\"@type\":\"WebSite\",\"@id\":\"https:\/\/www.africa-press.net\/guinee-conakry\/#website\",\"url\":\"https:\/\/www.africa-press.net\/guinee-conakry\/\",\"name\":\"guinee Conakry\",\"description\":\"Just another Africa News Agency Sites site\",\"potentialAction\":[{\"@type\":\"SearchAction\",\"target\":{\"@type\":\"EntryPoint\",\"urlTemplate\":\"https:\/\/www.africa-press.net\/guinee-conakry\/?s={search_term_string}\"},\"query-input\":{\"@type\":\"PropertyValueSpecification\",\"valueRequired\":true,\"valueName\":\"search_term_string\"}}],\"inLanguage\":\"fr-FR\"},{\"@type\":\"Person\",\"@id\":\"https:\/\/www.africa-press.net\/guinee-conakry\/#\/schema\/person\/2b1cf3cd81a31e3cd26889ca66d677f1\",\"name\":\"cfeditorfr\"}]}<\/script>\n<!-- \/ Yoast SEO Premium plugin. -->","yoast_head_json":{"title":"Coupe du monde : une premi\u00e8re pour le Maroc au nom de l\u2019Afrique (par Amadou Diould\u00e9 Diallo) - guinee Conakry","robots":{"index":"index","follow":"follow","max-snippet":"max-snippet:-1","max-image-preview":"max-image-preview:large","max-video-preview":"max-video-preview:-1"},"canonical":"https:\/\/www.africa-press.net\/guinee-conakry\/sports\/coupe-du-monde-une-premiere-pour-le-maroc-au-nom-de-lafrique-par-amadou-dioulde-diallo","og_locale":"fr_FR","og_type":"article","og_title":"Coupe du monde : une premi\u00e8re pour le Maroc au nom de l\u2019Afrique (par Amadou Diould\u00e9 Diallo)","og_description":"Africa-Press &#8211; Guin\u00e9e. J\u2019e\u0301tais a\u0300 la tribune de presse du stade de Naples, lorsque les Lions Indomptables du Cameroun tenaient le ticket des demi-finales a\u0300 sept minutes seulement de la fin du match qui les opposait a\u0300 L\u2019Angleterre. Malheureusement, l\u2019insaisissable attaquant Gary Layneger mis fin au re\u0302ve de Roger Milla et de ses camarades. C\u2019e\u0301tait [&hellip;]","og_url":"https:\/\/www.africa-press.net\/guinee-conakry\/sports\/coupe-du-monde-une-premiere-pour-le-maroc-au-nom-de-lafrique-par-amadou-dioulde-diallo","og_site_name":"guinee Conakry","article_published_time":"2022-12-12T15:45:00+00:00","article_modified_time":"2022-12-18T10:13:23+00:00","og_image":[{"width":1024,"height":725,"url":"https:\/\/static.africa-press.net\/conakry\/sites\/63\/2022\/12\/Jokar1670847334.814324.jpg","type":"image\/jpeg"}],"author":"cfeditorfr","twitter_card":"summary_large_image","twitter_misc":{"\u00c9crit par":"cfeditorfr","Dur\u00e9e de lecture estim\u00e9e":"5 minutes"},"schema":{"@context":"https:\/\/schema.org","@graph":[{"@type":"Article","@id":"https:\/\/www.africa-press.net\/guinee-conakry\/sports\/coupe-du-monde-une-premiere-pour-le-maroc-au-nom-de-lafrique-par-amadou-dioulde-diallo#article","isPartOf":{"@id":"https:\/\/www.africa-press.net\/guinee-conakry\/sports\/coupe-du-monde-une-premiere-pour-le-maroc-au-nom-de-lafrique-par-amadou-dioulde-diallo"},"author":{"name":"cfeditorfr","@id":"https:\/\/www.africa-press.net\/guinee-conakry\/#\/schema\/person\/2b1cf3cd81a31e3cd26889ca66d677f1"},"headline":"Coupe du monde : une premi\u00e8re pour le Maroc au nom de l\u2019Afrique (par Amadou Diould\u00e9 Diallo)","datePublished":"2022-12-12T15:45:00+00:00","dateModified":"2022-12-18T10:13:23+00:00","mainEntityOfPage":{"@id":"https:\/\/www.africa-press.net\/guinee-conakry\/sports\/coupe-du-monde-une-premiere-pour-le-maroc-au-nom-de-lafrique-par-amadou-dioulde-diallo"},"wordCount":985,"commentCount":0,"image":{"@id":"https:\/\/www.africa-press.net\/guinee-conakry\/sports\/coupe-du-monde-une-premiere-pour-le-maroc-au-nom-de-lafrique-par-amadou-dioulde-diallo#primaryimage"},"thumbnailUrl":"https:\/\/static.africa-press.net\/conakry\/sites\/63\/2022\/12\/Jokar1670847334.814324.jpg","keywords":["Africa Press","Africa Press-Guin\u00e9e","Guin\u00e9e"],"articleSection":["homepage-french","Sports","Toutes les actualit\u00e9s"],"inLanguage":"fr-FR","potentialAction":[{"@type":"CommentAction","name":"Comment","target":["https:\/\/www.africa-press.net\/guinee-conakry\/sports\/coupe-du-monde-une-premiere-pour-le-maroc-au-nom-de-lafrique-par-amadou-dioulde-diallo#respond"]}]},{"@type":"WebPage","@id":"https:\/\/www.africa-press.net\/guinee-conakry\/sports\/coupe-du-monde-une-premiere-pour-le-maroc-au-nom-de-lafrique-par-amadou-dioulde-diallo","url":"https:\/\/www.africa-press.net\/guinee-conakry\/sports\/coupe-du-monde-une-premiere-pour-le-maroc-au-nom-de-lafrique-par-amadou-dioulde-diallo","name":"Coupe du monde : une premi\u00e8re pour le Maroc au nom de l\u2019Afrique (par Amadou Diould\u00e9 Diallo) - guinee Conakry","isPartOf":{"@id":"https:\/\/www.africa-press.net\/guinee-conakry\/#website"},"primaryImageOfPage":{"@id":"https:\/\/www.africa-press.net\/guinee-conakry\/sports\/coupe-du-monde-une-premiere-pour-le-maroc-au-nom-de-lafrique-par-amadou-dioulde-diallo#primaryimage"},"image":{"@id":"https:\/\/www.africa-press.net\/guinee-conakry\/sports\/coupe-du-monde-une-premiere-pour-le-maroc-au-nom-de-lafrique-par-amadou-dioulde-diallo#primaryimage"},"thumbnailUrl":"https:\/\/static.africa-press.net\/conakry\/sites\/63\/2022\/12\/Jokar1670847334.814324.jpg","datePublished":"2022-12-12T15:45:00+00:00","dateModified":"2022-12-18T10:13:23+00:00","author":{"@id":"https:\/\/www.africa-press.net\/guinee-conakry\/#\/schema\/person\/2b1cf3cd81a31e3cd26889ca66d677f1"},"breadcrumb":{"@id":"https:\/\/www.africa-press.net\/guinee-conakry\/sports\/coupe-du-monde-une-premiere-pour-le-maroc-au-nom-de-lafrique-par-amadou-dioulde-diallo#breadcrumb"},"inLanguage":"fr-FR","potentialAction":[{"@type":"ReadAction","target":["https:\/\/www.africa-press.net\/guinee-conakry\/sports\/coupe-du-monde-une-premiere-pour-le-maroc-au-nom-de-lafrique-par-amadou-dioulde-diallo"]}]},{"@type":"ImageObject","inLanguage":"fr-FR","@id":"https:\/\/www.africa-press.net\/guinee-conakry\/sports\/coupe-du-monde-une-premiere-pour-le-maroc-au-nom-de-lafrique-par-amadou-dioulde-diallo#primaryimage","url":"https:\/\/static.africa-press.net\/conakry\/sites\/63\/2022\/12\/Jokar1670847334.814324.jpg","contentUrl":"https:\/\/static.africa-press.net\/conakry\/sites\/63\/2022\/12\/Jokar1670847334.814324.jpg","width":1024,"height":725,"caption":"Coupe du monde : une premi\u00e8re pour le Maroc au nom de l\u2019Afrique (par Amadou Diould\u00e9 Diallo)"},{"@type":"BreadcrumbList","@id":"https:\/\/www.africa-press.net\/guinee-conakry\/sports\/coupe-du-monde-une-premiere-pour-le-maroc-au-nom-de-lafrique-par-amadou-dioulde-diallo#breadcrumb","itemListElement":[{"@type":"ListItem","position":1,"name":"Accueil","item":"https:\/\/www.africa-press.net\/guinee-conakry\/"},{"@type":"ListItem","position":2,"name":"Coupe du monde : une premi\u00e8re pour le Maroc au nom de l\u2019Afrique (par Amadou Diould\u00e9 Diallo)"}]},{"@type":"WebSite","@id":"https:\/\/www.africa-press.net\/guinee-conakry\/#website","url":"https:\/\/www.africa-press.net\/guinee-conakry\/","name":"guinee Conakry","description":"Just another Africa News Agency Sites site","potentialAction":[{"@type":"SearchAction","target":{"@type":"EntryPoint","urlTemplate":"https:\/\/www.africa-press.net\/guinee-conakry\/?s={search_term_string}"},"query-input":{"@type":"PropertyValueSpecification","valueRequired":true,"valueName":"search_term_string"}}],"inLanguage":"fr-FR"},{"@type":"Person","@id":"https:\/\/www.africa-press.net\/guinee-conakry\/#\/schema\/person\/2b1cf3cd81a31e3cd26889ca66d677f1","name":"cfeditorfr"}]}},"_links":{"self":[{"href":"https:\/\/www.africa-press.net\/guinee-conakry\/wp-json\/wp\/v2\/posts\/10661","targetHints":{"allow":["GET"]}}],"collection":[{"href":"https:\/\/www.africa-press.net\/guinee-conakry\/wp-json\/wp\/v2\/posts"}],"about":[{"href":"https:\/\/www.africa-press.net\/guinee-conakry\/wp-json\/wp\/v2\/types\/post"}],"author":[{"embeddable":true,"href":"https:\/\/www.africa-press.net\/guinee-conakry\/wp-json\/wp\/v2\/users\/82"}],"replies":[{"embeddable":true,"href":"https:\/\/www.africa-press.net\/guinee-conakry\/wp-json\/wp\/v2\/comments?post=10661"}],"version-history":[{"count":0,"href":"https:\/\/www.africa-press.net\/guinee-conakry\/wp-json\/wp\/v2\/posts\/10661\/revisions"}],"wp:featuredmedia":[{"embeddable":true,"href":"https:\/\/www.africa-press.net\/guinee-conakry\/wp-json\/wp\/v2\/media\/10660"}],"wp:attachment":[{"href":"https:\/\/www.africa-press.net\/guinee-conakry\/wp-json\/wp\/v2\/media?parent=10661"}],"wp:term":[{"taxonomy":"category","embeddable":true,"href":"https:\/\/www.africa-press.net\/guinee-conakry\/wp-json\/wp\/v2\/categories?post=10661"},{"taxonomy":"post_tag","embeddable":true,"href":"https:\/\/www.africa-press.net\/guinee-conakry\/wp-json\/wp\/v2\/tags?post=10661"}],"curies":[{"name":"wp","href":"https:\/\/api.w.org\/{rel}","templated":true}]}}