{"id":10665,"date":"2022-12-12T15:51:00","date_gmt":"2022-12-12T15:51:00","guid":{"rendered":"https:\/\/www.africa-press.net\/guinee-conakry\/politique\/proces-du-28-septembre-voici-les-premiers-mots-du-capitaine-moussa-dadis-camara-a-la-barre"},"modified":"2022-12-12T15:51:00","modified_gmt":"2022-12-12T15:51:00","slug":"proces-du-28-septembre-voici-les-premiers-mots-du-capitaine-moussa-dadis-camara-a-la-barre","status":"publish","type":"post","link":"https:\/\/www.africa-press.net\/guinee-conakry\/politique\/proces-du-28-septembre-voici-les-premiers-mots-du-capitaine-moussa-dadis-camara-a-la-barre","title":{"rendered":"Proc\u00e8s du 28 septembre : voici les premiers mots du capitaine Moussa Dadis Camara \u00e0 la barre"},"content":{"rendered":"<p><span style=\"color: #ff6600\"><strong>Africa-Press &#8211; Guin\u00e9e. <\/strong><\/span>C\u2019est la premie\u0300re fois qu\u2019un chef d\u2019E\u0301tat est juge\u0301 en Guine\u0301e. Ce lundi, 12 De\u0301cembre 2022, le capitaine Moussa Dadis Camara, ancien pre\u0301sident de la Transition guine\u0301enne (entre 2008 et 2009), comparai\u0302t devant le tribunal criminel pour re\u0301pondre des accusations qui pe\u0300sent contre lui dans le dossier du massacre du 28 septembre 2009. Et, a\u0300 l\u2019entame de sa de\u0301position, le pre\u0301sident du Conseil National pour la De\u0301mocratie et le De\u0301veloppement (CNDD) a plaide\u0301 non coupable des faits qui lui sont reproche\u0301s dans cette affaire.<\/p>\n<p>Avant de parler du dossier du massacre du 28 septembre 2009, le capitaine Moussa Dadis Camara a d\u2019abord rendu hommage aux victimes du massacre du 28 septembre et a prie\u0301 particulie\u0300rement pour le Capitaine Makambo Loua qui aurait donne\u0301 sa vie pour sauver la sienne.<\/p>\n<p>\u00ab Je voudrais, avant de parler des e\u0301ve\u0301nements du 28 septembre 2009, de donner ma part de ve\u0301rite\u0301, commencer par une pense\u0301e aux victimes, aux familles explore\u0301es, a\u0300 tout le peuple de Guine\u0301e et m\u2019incliner devant toutes les victimes et pre\u0301senter mes condole\u0301ances aux familles. Ma pense\u0301e va au feu Joseph Makambo Loua qui a perdu sa vie pour me sauver. Si je suis devant ce tribunal aujourd\u2019hui, je prie Dieu le tout puissant de le garder dans son paradis e\u0301ternel \u00bb, dit Moussa Dadis Camara.<\/p>\n<p>Poursuivant son propos, le Capitaine Moussa Dadis Camara a dit e\u0302tre surpris et perturbe\u0301 lorsqu\u2019il a eu la visite de son ancien aide de camp, le commandant Aboubacar Sidiki Diakite\u0301 dit Toumba.<\/p>\n<p>\u00ab C\u2019est l\u2019occasion pour moi de vous dire en toute since\u0301rite\u0301, cet homme (Toumba), depuis que je suis venu, a\u0300 chaque e\u0301ve\u0300nement ou me\u0302me pour la surprise que Monsieur Toumba Diakite\u0301 a eu a\u0300 me faire a\u0300 la maison centrale, j\u2019e\u0301tais se\u0301rieusement perturbe\u0301 et je ne voulais pas en ce moment vous le dire, note une parfaite inse\u0301curite\u0301. Un homme qui a tente\u0301 de vous assassiner, (&#8230;) que cet homme surgit devant vous pour se repentir, je ne voyais que feu Joseph Makambo. Je n\u2019ai pas fait cas, parce que je suis un officier d\u2019e\u0301tat-major, (&#8230;) un homme qui est cadre\u0301, qui peut se ressaisir dans certains e\u0301ve\u0301nements&#8230; Je suis capitaine et je mourrai capitaine. C\u2019est ce que je me\u0301rite, c\u2019est ce que j\u2019ai eu au sein des forces arme\u0301es par la bravoure de toute l\u2019arme\u0301e guine\u0301enne. Je suis devant vous Monsieur le pre\u0301sident, sachez que c\u2019est mon patriotisme qui me fait venir ici. Autrement, je ne serais plus la\u0300 ou tout au moins je n\u2019allais pas accepter de venir \u00bb, a-t-il de\u0301clare\u0301.<\/p>\n<p>Le capitaine Moussa Dadis Camara a aussi rendu un hommage au Burkina Faso, le pays qui l\u2019a accueilli et he\u0301berge\u0301 pendant 13 ans, depuis sa chute du pouvoir.<\/p>\n<p>\u00ab J\u2019ai fait a\u0300 peu pre\u0300s 13 ans au Burkina Faso. J\u2019ai toute la latitude d\u2019avoir la nationalite\u0301 de ce peuple. Car, c\u2019est ce peuple qui m\u2019a adopte\u0301, c\u2019est ce peuple qui a fait de moi ce que je suis. Donc, un peuple e\u0301ternellement reconnaissant&#8230; Je prie en fin que la Gra\u0302ce de Dieu puisse combler les nouvelles autorite\u0301s afin de lutter contre le terrorisme qui se\u0301vit dans cette patrie \u00bb a-t-il dit.<\/p>\n<p>L\u2019ancien pre\u0301sident de la transition n\u2019a pas omis de lancer un message de reconnaissance au colonel Mamadi Doumbouya. Selon lui, l\u2019ouverture de ce proce\u0300s va lui permettre de laver son honneur devant le peuple de Guine\u0301e.<\/p>\n<p>\u00ab Monsieur le pre\u0301sident, je tiens a\u0300 remercier le Colonel Mamadi Doumbouya et son ministre de la justice garde des sceaux et tous les membres du Gouvernement d\u2019avoir accepte\u0301 que ce proce\u0300s ait jour. La vie d\u2019un homme, c\u2019est l\u2019honneur. C\u2019est pourquoi je remercie le pre\u0301sident Doumbouya. Mon honneur en de\u0301pendait. Ce n\u2019est pas l\u2019argent. On peut tout perdre dans la vie, mais il ne faut pas perdre l\u2019honneur. Je suis venu devant vous Monsieur le pre\u0301sident, devant votre peuple pour vous dire que cet homme qui est devant vous est un homme since\u0300re, honne\u0302te, patriote&#8230; Son pe\u0300re, mon ge\u0301niteur, fut le premier chauffeur de votre ai\u0302ne\u0301 feu Mai\u0302tre Mackay. Je vous prie, Monsieur le pre\u0301sident et les e\u0301minents magistrats de bien vouloir demander a\u0300 vos colle\u0300gues d\u2019ouvrir les archives de feu Mamadou Koule\u0301 Camara. Est-ce que le pe\u0300re du capitaine Moussa Dadis Camara fut-il un menteur ou un assassin ? Un homme ge\u0301ne\u0301reux, Oui. C\u2019est son sang qui coule dans mes vaines \u00bb, a-t-il indique\u0301.<\/p>\n<p>Il faut rappeler que Moussa Dadis Camara est poursuivi pour \u00ab meurtre, assassinat, vol, pillages, incendies volontaires, vol a\u0300 main arme\u0301e, coups et blessures volontaires, outrage a\u0300 agents de la force publique, torture, enle\u0300vement et se\u0301questration, non assistance a\u0300 personnes en danger, violences sexuelles, attentat a\u0300 la pudeur, de\u0301tention de mate\u0301riel de guerre de premie\u0300re cate\u0301gorie et complicite\u0301 \u00bb dans ce dossier du massacre du 28 septembre 2009. Et, avant lui, ont comparu le Colonel Moussa Thie\u0301gboro Camara, le Capitaine Marcel Guilavogui, le Commandant Aboubacar Sidiki Diakite\u0301, alias Touma, le Capitaine Ce\u0301ce\u0301 Raphae\u0308l Haba, le Colonel Abdoulaye Che\u0301rif Diaby, le Colonel Ibrahima Camara dit Kalonzo, le Margis-Chef Mamadou Aliou Kei\u0308ta.<\/p>\n<p><strong>Pour plus d&rsquo;informations et d&rsquo;analyses sur la <a href=\"https:\/\/www.africa-press.net\/guinee-conakry\">Guin\u00e9e<\/a>, suivez <a href=\"https:\/\/www.africa-press.net\/\">Africa-Press<\/a><\/strong><\/p>\n","protected":false},"excerpt":{"rendered":"<p>Africa-Press &#8211; Guin\u00e9e. C\u2019est la premie\u0300re fois qu\u2019un chef d\u2019E\u0301tat est juge\u0301 en Guine\u0301e. Ce lundi, 12 De\u0301cembre 2022, le capitaine Moussa Dadis Camara, ancien pre\u0301sident de la Transition guine\u0301enne (entre 2008 et 2009), comparai\u0302t devant le tribunal criminel pour re\u0301pondre des accusations qui pe\u0300sent contre lui dans le dossier du massacre du 28 septembre [&hellip;]<\/p>\n","protected":false},"author":82,"featured_media":10664,"comment_status":"open","ping_status":"closed","sticky":false,"template":"","format":"standard","meta":{"footnotes":""},"categories":[11,2,56,10],"tags":[36,57,58],"class_list":["post-10665","post","type-post","status-publish","format-standard","has-post-thumbnail","hentry","category-homepage-french","category-politique","category-to-homepage","category-toutes-les-actualites","tag-africa-press","tag-africa-press-guinee","tag-guinee"],"yoast_head":"<!-- This site is optimized with the Yoast SEO Premium plugin v26.1 (Yoast SEO v27.0) - https:\/\/yoast.com\/product\/yoast-seo-premium-wordpress\/ -->\n<title>Proc\u00e8s du 28 septembre : voici les premiers mots du capitaine Moussa Dadis Camara \u00e0 la barre - guinee Conakry<\/title>\n<meta name=\"robots\" content=\"index, follow, max-snippet:-1, max-image-preview:large, max-video-preview:-1\" \/>\n<link rel=\"canonical\" href=\"https:\/\/www.africa-press.net\/guinee-conakry\/politique\/proces-du-28-septembre-voici-les-premiers-mots-du-capitaine-moussa-dadis-camara-a-la-barre\" \/>\n<meta property=\"og:locale\" content=\"fr_FR\" \/>\n<meta property=\"og:type\" content=\"article\" \/>\n<meta property=\"og:title\" content=\"Proc\u00e8s du 28 septembre : voici les premiers mots du capitaine Moussa Dadis Camara \u00e0 la barre\" \/>\n<meta property=\"og:description\" content=\"Africa-Press &#8211; Guin\u00e9e. C\u2019est la premie\u0300re fois qu\u2019un chef d\u2019E\u0301tat est juge\u0301 en Guine\u0301e. Ce lundi, 12 De\u0301cembre 2022, le capitaine Moussa Dadis Camara, ancien pre\u0301sident de la Transition guine\u0301enne (entre 2008 et 2009), comparai\u0302t devant le tribunal criminel pour re\u0301pondre des accusations qui pe\u0300sent contre lui dans le dossier du massacre du 28 septembre [&hellip;]\" \/>\n<meta property=\"og:url\" content=\"https:\/\/www.africa-press.net\/guinee-conakry\/politique\/proces-du-28-septembre-voici-les-premiers-mots-du-capitaine-moussa-dadis-camara-a-la-barre\" \/>\n<meta property=\"og:site_name\" content=\"guinee Conakry\" \/>\n<meta property=\"article:published_time\" content=\"2022-12-12T15:51:00+00:00\" \/>\n<meta name=\"author\" content=\"cfeditorfr\" \/>\n<meta name=\"twitter:card\" content=\"summary_large_image\" \/>\n<meta name=\"twitter:label1\" content=\"\u00c9crit par\" \/>\n\t<meta name=\"twitter:data1\" content=\"cfeditorfr\" \/>\n\t<meta name=\"twitter:label2\" content=\"Dur\u00e9e de lecture estim\u00e9e\" \/>\n\t<meta name=\"twitter:data2\" content=\"5 minutes\" \/>\n<script type=\"application\/ld+json\" class=\"yoast-schema-graph\">{\"@context\":\"https:\/\/schema.org\",\"@graph\":[{\"@type\":\"Article\",\"@id\":\"https:\/\/www.africa-press.net\/guinee-conakry\/politique\/proces-du-28-septembre-voici-les-premiers-mots-du-capitaine-moussa-dadis-camara-a-la-barre#article\",\"isPartOf\":{\"@id\":\"https:\/\/www.africa-press.net\/guinee-conakry\/politique\/proces-du-28-septembre-voici-les-premiers-mots-du-capitaine-moussa-dadis-camara-a-la-barre\"},\"author\":{\"name\":\"cfeditorfr\",\"@id\":\"https:\/\/www.africa-press.net\/guinee-conakry\/#\/schema\/person\/2b1cf3cd81a31e3cd26889ca66d677f1\"},\"headline\":\"Proc\u00e8s du 28 septembre : voici les premiers mots du capitaine Moussa Dadis Camara \u00e0 la barre\",\"datePublished\":\"2022-12-12T15:51:00+00:00\",\"mainEntityOfPage\":{\"@id\":\"https:\/\/www.africa-press.net\/guinee-conakry\/politique\/proces-du-28-septembre-voici-les-premiers-mots-du-capitaine-moussa-dadis-camara-a-la-barre\"},\"wordCount\":956,\"commentCount\":0,\"image\":{\"@id\":\"https:\/\/www.africa-press.net\/guinee-conakry\/politique\/proces-du-28-septembre-voici-les-premiers-mots-du-capitaine-moussa-dadis-camara-a-la-barre#primaryimage\"},\"thumbnailUrl\":\"https:\/\/static.africa-press.net\/conakry\/sites\/63\/2022\/12\/Jokar1670847695.778553.jpg\",\"keywords\":[\"Africa Press\",\"Africa Press-Guin\u00e9e\",\"Guin\u00e9e\"],\"articleSection\":[\"homepage-french\",\"Politique\",\"to-homepage\",\"Toutes les actualit\u00e9s\"],\"inLanguage\":\"fr-FR\",\"potentialAction\":[{\"@type\":\"CommentAction\",\"name\":\"Comment\",\"target\":[\"https:\/\/www.africa-press.net\/guinee-conakry\/politique\/proces-du-28-septembre-voici-les-premiers-mots-du-capitaine-moussa-dadis-camara-a-la-barre#respond\"]}]},{\"@type\":\"WebPage\",\"@id\":\"https:\/\/www.africa-press.net\/guinee-conakry\/politique\/proces-du-28-septembre-voici-les-premiers-mots-du-capitaine-moussa-dadis-camara-a-la-barre\",\"url\":\"https:\/\/www.africa-press.net\/guinee-conakry\/politique\/proces-du-28-septembre-voici-les-premiers-mots-du-capitaine-moussa-dadis-camara-a-la-barre\",\"name\":\"Proc\u00e8s du 28 septembre : voici les premiers mots du capitaine Moussa Dadis Camara \u00e0 la barre - guinee Conakry\",\"isPartOf\":{\"@id\":\"https:\/\/www.africa-press.net\/guinee-conakry\/#website\"},\"primaryImageOfPage\":{\"@id\":\"https:\/\/www.africa-press.net\/guinee-conakry\/politique\/proces-du-28-septembre-voici-les-premiers-mots-du-capitaine-moussa-dadis-camara-a-la-barre#primaryimage\"},\"image\":{\"@id\":\"https:\/\/www.africa-press.net\/guinee-conakry\/politique\/proces-du-28-septembre-voici-les-premiers-mots-du-capitaine-moussa-dadis-camara-a-la-barre#primaryimage\"},\"thumbnailUrl\":\"https:\/\/static.africa-press.net\/conakry\/sites\/63\/2022\/12\/Jokar1670847695.778553.jpg\",\"datePublished\":\"2022-12-12T15:51:00+00:00\",\"author\":{\"@id\":\"https:\/\/www.africa-press.net\/guinee-conakry\/#\/schema\/person\/2b1cf3cd81a31e3cd26889ca66d677f1\"},\"breadcrumb\":{\"@id\":\"https:\/\/www.africa-press.net\/guinee-conakry\/politique\/proces-du-28-septembre-voici-les-premiers-mots-du-capitaine-moussa-dadis-camara-a-la-barre#breadcrumb\"},\"inLanguage\":\"fr-FR\",\"potentialAction\":[{\"@type\":\"ReadAction\",\"target\":[\"https:\/\/www.africa-press.net\/guinee-conakry\/politique\/proces-du-28-septembre-voici-les-premiers-mots-du-capitaine-moussa-dadis-camara-a-la-barre\"]}]},{\"@type\":\"ImageObject\",\"inLanguage\":\"fr-FR\",\"@id\":\"https:\/\/www.africa-press.net\/guinee-conakry\/politique\/proces-du-28-septembre-voici-les-premiers-mots-du-capitaine-moussa-dadis-camara-a-la-barre#primaryimage\",\"url\":\"https:\/\/static.africa-press.net\/conakry\/sites\/63\/2022\/12\/Jokar1670847695.778553.jpg\",\"contentUrl\":\"https:\/\/static.africa-press.net\/conakry\/sites\/63\/2022\/12\/Jokar1670847695.778553.jpg\",\"width\":878,\"height\":719,\"caption\":\"Proc\u00e8s du 28 septembre : voici les premiers mots du capitaine Moussa Dadis Camara \u00e0 la barre\"},{\"@type\":\"BreadcrumbList\",\"@id\":\"https:\/\/www.africa-press.net\/guinee-conakry\/politique\/proces-du-28-septembre-voici-les-premiers-mots-du-capitaine-moussa-dadis-camara-a-la-barre#breadcrumb\",\"itemListElement\":[{\"@type\":\"ListItem\",\"position\":1,\"name\":\"Accueil\",\"item\":\"https:\/\/www.africa-press.net\/guinee-conakry\/\"},{\"@type\":\"ListItem\",\"position\":2,\"name\":\"Proc\u00e8s du 28 septembre : voici les premiers mots du capitaine Moussa Dadis Camara \u00e0 la barre\"}]},{\"@type\":\"WebSite\",\"@id\":\"https:\/\/www.africa-press.net\/guinee-conakry\/#website\",\"url\":\"https:\/\/www.africa-press.net\/guinee-conakry\/\",\"name\":\"guinee Conakry\",\"description\":\"Just another Africa News Agency Sites site\",\"potentialAction\":[{\"@type\":\"SearchAction\",\"target\":{\"@type\":\"EntryPoint\",\"urlTemplate\":\"https:\/\/www.africa-press.net\/guinee-conakry\/?s={search_term_string}\"},\"query-input\":{\"@type\":\"PropertyValueSpecification\",\"valueRequired\":true,\"valueName\":\"search_term_string\"}}],\"inLanguage\":\"fr-FR\"},{\"@type\":\"Person\",\"@id\":\"https:\/\/www.africa-press.net\/guinee-conakry\/#\/schema\/person\/2b1cf3cd81a31e3cd26889ca66d677f1\",\"name\":\"cfeditorfr\"}]}<\/script>\n<!-- \/ Yoast SEO Premium plugin. -->","yoast_head_json":{"title":"Proc\u00e8s du 28 septembre : voici les premiers mots du capitaine Moussa Dadis Camara \u00e0 la barre - guinee Conakry","robots":{"index":"index","follow":"follow","max-snippet":"max-snippet:-1","max-image-preview":"max-image-preview:large","max-video-preview":"max-video-preview:-1"},"canonical":"https:\/\/www.africa-press.net\/guinee-conakry\/politique\/proces-du-28-septembre-voici-les-premiers-mots-du-capitaine-moussa-dadis-camara-a-la-barre","og_locale":"fr_FR","og_type":"article","og_title":"Proc\u00e8s du 28 septembre : voici les premiers mots du capitaine Moussa Dadis Camara \u00e0 la barre","og_description":"Africa-Press &#8211; Guin\u00e9e. C\u2019est la premie\u0300re fois qu\u2019un chef d\u2019E\u0301tat est juge\u0301 en Guine\u0301e. Ce lundi, 12 De\u0301cembre 2022, le capitaine Moussa Dadis Camara, ancien pre\u0301sident de la Transition guine\u0301enne (entre 2008 et 2009), comparai\u0302t devant le tribunal criminel pour re\u0301pondre des accusations qui pe\u0300sent contre lui dans le dossier du massacre du 28 septembre [&hellip;]","og_url":"https:\/\/www.africa-press.net\/guinee-conakry\/politique\/proces-du-28-septembre-voici-les-premiers-mots-du-capitaine-moussa-dadis-camara-a-la-barre","og_site_name":"guinee Conakry","article_published_time":"2022-12-12T15:51:00+00:00","author":"cfeditorfr","twitter_card":"summary_large_image","twitter_misc":{"\u00c9crit par":"cfeditorfr","Dur\u00e9e de lecture estim\u00e9e":"5 minutes"},"schema":{"@context":"https:\/\/schema.org","@graph":[{"@type":"Article","@id":"https:\/\/www.africa-press.net\/guinee-conakry\/politique\/proces-du-28-septembre-voici-les-premiers-mots-du-capitaine-moussa-dadis-camara-a-la-barre#article","isPartOf":{"@id":"https:\/\/www.africa-press.net\/guinee-conakry\/politique\/proces-du-28-septembre-voici-les-premiers-mots-du-capitaine-moussa-dadis-camara-a-la-barre"},"author":{"name":"cfeditorfr","@id":"https:\/\/www.africa-press.net\/guinee-conakry\/#\/schema\/person\/2b1cf3cd81a31e3cd26889ca66d677f1"},"headline":"Proc\u00e8s du 28 septembre : voici les premiers mots du capitaine Moussa Dadis Camara \u00e0 la barre","datePublished":"2022-12-12T15:51:00+00:00","mainEntityOfPage":{"@id":"https:\/\/www.africa-press.net\/guinee-conakry\/politique\/proces-du-28-septembre-voici-les-premiers-mots-du-capitaine-moussa-dadis-camara-a-la-barre"},"wordCount":956,"commentCount":0,"image":{"@id":"https:\/\/www.africa-press.net\/guinee-conakry\/politique\/proces-du-28-septembre-voici-les-premiers-mots-du-capitaine-moussa-dadis-camara-a-la-barre#primaryimage"},"thumbnailUrl":"https:\/\/static.africa-press.net\/conakry\/sites\/63\/2022\/12\/Jokar1670847695.778553.jpg","keywords":["Africa Press","Africa Press-Guin\u00e9e","Guin\u00e9e"],"articleSection":["homepage-french","Politique","to-homepage","Toutes les actualit\u00e9s"],"inLanguage":"fr-FR","potentialAction":[{"@type":"CommentAction","name":"Comment","target":["https:\/\/www.africa-press.net\/guinee-conakry\/politique\/proces-du-28-septembre-voici-les-premiers-mots-du-capitaine-moussa-dadis-camara-a-la-barre#respond"]}]},{"@type":"WebPage","@id":"https:\/\/www.africa-press.net\/guinee-conakry\/politique\/proces-du-28-septembre-voici-les-premiers-mots-du-capitaine-moussa-dadis-camara-a-la-barre","url":"https:\/\/www.africa-press.net\/guinee-conakry\/politique\/proces-du-28-septembre-voici-les-premiers-mots-du-capitaine-moussa-dadis-camara-a-la-barre","name":"Proc\u00e8s du 28 septembre : voici les premiers mots du capitaine Moussa Dadis Camara \u00e0 la barre - guinee Conakry","isPartOf":{"@id":"https:\/\/www.africa-press.net\/guinee-conakry\/#website"},"primaryImageOfPage":{"@id":"https:\/\/www.africa-press.net\/guinee-conakry\/politique\/proces-du-28-septembre-voici-les-premiers-mots-du-capitaine-moussa-dadis-camara-a-la-barre#primaryimage"},"image":{"@id":"https:\/\/www.africa-press.net\/guinee-conakry\/politique\/proces-du-28-septembre-voici-les-premiers-mots-du-capitaine-moussa-dadis-camara-a-la-barre#primaryimage"},"thumbnailUrl":"https:\/\/static.africa-press.net\/conakry\/sites\/63\/2022\/12\/Jokar1670847695.778553.jpg","datePublished":"2022-12-12T15:51:00+00:00","author":{"@id":"https:\/\/www.africa-press.net\/guinee-conakry\/#\/schema\/person\/2b1cf3cd81a31e3cd26889ca66d677f1"},"breadcrumb":{"@id":"https:\/\/www.africa-press.net\/guinee-conakry\/politique\/proces-du-28-septembre-voici-les-premiers-mots-du-capitaine-moussa-dadis-camara-a-la-barre#breadcrumb"},"inLanguage":"fr-FR","potentialAction":[{"@type":"ReadAction","target":["https:\/\/www.africa-press.net\/guinee-conakry\/politique\/proces-du-28-septembre-voici-les-premiers-mots-du-capitaine-moussa-dadis-camara-a-la-barre"]}]},{"@type":"ImageObject","inLanguage":"fr-FR","@id":"https:\/\/www.africa-press.net\/guinee-conakry\/politique\/proces-du-28-septembre-voici-les-premiers-mots-du-capitaine-moussa-dadis-camara-a-la-barre#primaryimage","url":"https:\/\/static.africa-press.net\/conakry\/sites\/63\/2022\/12\/Jokar1670847695.778553.jpg","contentUrl":"https:\/\/static.africa-press.net\/conakry\/sites\/63\/2022\/12\/Jokar1670847695.778553.jpg","width":878,"height":719,"caption":"Proc\u00e8s du 28 septembre : voici les premiers mots du capitaine Moussa Dadis Camara \u00e0 la barre"},{"@type":"BreadcrumbList","@id":"https:\/\/www.africa-press.net\/guinee-conakry\/politique\/proces-du-28-septembre-voici-les-premiers-mots-du-capitaine-moussa-dadis-camara-a-la-barre#breadcrumb","itemListElement":[{"@type":"ListItem","position":1,"name":"Accueil","item":"https:\/\/www.africa-press.net\/guinee-conakry\/"},{"@type":"ListItem","position":2,"name":"Proc\u00e8s du 28 septembre : voici les premiers mots du capitaine Moussa Dadis Camara \u00e0 la barre"}]},{"@type":"WebSite","@id":"https:\/\/www.africa-press.net\/guinee-conakry\/#website","url":"https:\/\/www.africa-press.net\/guinee-conakry\/","name":"guinee Conakry","description":"Just another Africa News Agency Sites site","potentialAction":[{"@type":"SearchAction","target":{"@type":"EntryPoint","urlTemplate":"https:\/\/www.africa-press.net\/guinee-conakry\/?s={search_term_string}"},"query-input":{"@type":"PropertyValueSpecification","valueRequired":true,"valueName":"search_term_string"}}],"inLanguage":"fr-FR"},{"@type":"Person","@id":"https:\/\/www.africa-press.net\/guinee-conakry\/#\/schema\/person\/2b1cf3cd81a31e3cd26889ca66d677f1","name":"cfeditorfr"}]}},"_links":{"self":[{"href":"https:\/\/www.africa-press.net\/guinee-conakry\/wp-json\/wp\/v2\/posts\/10665","targetHints":{"allow":["GET"]}}],"collection":[{"href":"https:\/\/www.africa-press.net\/guinee-conakry\/wp-json\/wp\/v2\/posts"}],"about":[{"href":"https:\/\/www.africa-press.net\/guinee-conakry\/wp-json\/wp\/v2\/types\/post"}],"author":[{"embeddable":true,"href":"https:\/\/www.africa-press.net\/guinee-conakry\/wp-json\/wp\/v2\/users\/82"}],"replies":[{"embeddable":true,"href":"https:\/\/www.africa-press.net\/guinee-conakry\/wp-json\/wp\/v2\/comments?post=10665"}],"version-history":[{"count":0,"href":"https:\/\/www.africa-press.net\/guinee-conakry\/wp-json\/wp\/v2\/posts\/10665\/revisions"}],"wp:featuredmedia":[{"embeddable":true,"href":"https:\/\/www.africa-press.net\/guinee-conakry\/wp-json\/wp\/v2\/media\/10664"}],"wp:attachment":[{"href":"https:\/\/www.africa-press.net\/guinee-conakry\/wp-json\/wp\/v2\/media?parent=10665"}],"wp:term":[{"taxonomy":"category","embeddable":true,"href":"https:\/\/www.africa-press.net\/guinee-conakry\/wp-json\/wp\/v2\/categories?post=10665"},{"taxonomy":"post_tag","embeddable":true,"href":"https:\/\/www.africa-press.net\/guinee-conakry\/wp-json\/wp\/v2\/tags?post=10665"}],"curies":[{"name":"wp","href":"https:\/\/api.w.org\/{rel}","templated":true}]}}