{"id":10669,"date":"2022-12-12T15:59:00","date_gmt":"2022-12-12T15:59:00","guid":{"rendered":"https:\/\/www.africa-press.net\/guinee-conakry\/politique\/conakry-mamadi-sanfina-diakite-le-president-de-la-centif-vise-par-des-poursuites-judiciaires"},"modified":"2022-12-12T15:59:00","modified_gmt":"2022-12-12T15:59:00","slug":"conakry-mamadi-sanfina-diakite-le-president-de-la-centif-vise-par-des-poursuites-judiciaires","status":"publish","type":"post","link":"https:\/\/www.africa-press.net\/guinee-conakry\/politique\/conakry-mamadi-sanfina-diakite-le-president-de-la-centif-vise-par-des-poursuites-judiciaires","title":{"rendered":"Conakry : Mamadi Sanfina Diakit\u00e9, le pr\u00e9sident de la CENTIF, vis\u00e9 par des poursuites judiciaires"},"content":{"rendered":"<p><span style=\"color: #ff6600\"><strong>Africa-Press &#8211; Guin\u00e9e. <\/strong><\/span>Dans un communique\u0301 ce lundi, 12 de\u0301cembre 2022, le ministre de la justice et des droits de l\u2019homme a instruit le parquet ge\u0301ne\u0301ral de la Cour d\u2019Appel de Conakry d\u2019engager des poursuites judiciaires contre Mamadi Sanfina Diakite\u0301, le pre\u0301sident de la Cellule de Traitement des Informations Financie\u0300res (CENTIF) pour des faits pre\u0301sume\u0301s \u00ab refus ille\u0301gal d\u2019un service le\u0301galement du\u0302 et corruption \u00bb. Alphonse Charles Wright accuse Mamadi Sanfina Diakite\u0301 d\u2019avoir refuse\u0301 de satisfaire a\u0300 une demande du parquet du tribunal de premie\u0300re instance de Kaloum sur des traitements de donne\u0301es bancaires de personnes poursuivies pour des faits pre\u0301sume\u0301s de corruption d\u2019agents publics et de\u0301tournement de deniers publics.<\/p>\n<p>\u00ab Ce comportement de refus ille\u0301gal d\u2019un service le\u0301galement du\u0302 qui frise avec les suspicions de corruption visant a\u0300 prote\u0301ger des personnes mises en cause en sapant la bonne administration de la justice \u00bb, a e\u0301crit le Garde des Sceaux.<\/p>\n<p><strong>Pour plus d&rsquo;informations et d&rsquo;analyses sur la <a href=\"https:\/\/www.africa-press.net\/guinee-conakry\">Guin\u00e9e<\/a>, suivez <a href=\"https:\/\/www.africa-press.net\/\">Africa-Press<\/a><\/strong><\/p>\n","protected":false},"excerpt":{"rendered":"<p>Africa-Press &#8211; Guin\u00e9e. Dans un communique\u0301 ce lundi, 12 de\u0301cembre 2022, le ministre de la justice et des droits de l\u2019homme a instruit le parquet ge\u0301ne\u0301ral de la Cour d\u2019Appel de Conakry d\u2019engager des poursuites judiciaires contre Mamadi Sanfina Diakite\u0301, le pre\u0301sident de la Cellule de Traitement des Informations Financie\u0300res (CENTIF) pour des faits pre\u0301sume\u0301s [&hellip;]<\/p>\n","protected":false},"author":82,"featured_media":10668,"comment_status":"open","ping_status":"closed","sticky":false,"template":"","format":"standard","meta":{"footnotes":""},"categories":[11,2,56,10],"tags":[36,57,58],"class_list":["post-10669","post","type-post","status-publish","format-standard","has-post-thumbnail","hentry","category-homepage-french","category-politique","category-to-homepage","category-toutes-les-actualites","tag-africa-press","tag-africa-press-guinee","tag-guinee"],"yoast_head":"<!-- This site is optimized with the Yoast SEO Premium plugin v26.1 (Yoast SEO v27.0) - https:\/\/yoast.com\/product\/yoast-seo-premium-wordpress\/ -->\n<title>Conakry : Mamadi Sanfina Diakit\u00e9, le pr\u00e9sident de la CENTIF, vis\u00e9 par des poursuites judiciaires - guinee Conakry<\/title>\n<meta name=\"robots\" content=\"index, follow, max-snippet:-1, max-image-preview:large, max-video-preview:-1\" \/>\n<link rel=\"canonical\" href=\"https:\/\/www.africa-press.net\/guinee-conakry\/politique\/conakry-mamadi-sanfina-diakite-le-president-de-la-centif-vise-par-des-poursuites-judiciaires\" \/>\n<meta property=\"og:locale\" content=\"fr_FR\" \/>\n<meta property=\"og:type\" content=\"article\" \/>\n<meta property=\"og:title\" content=\"Conakry : Mamadi Sanfina Diakit\u00e9, le pr\u00e9sident de la CENTIF, vis\u00e9 par des poursuites judiciaires\" \/>\n<meta property=\"og:description\" content=\"Africa-Press &#8211; Guin\u00e9e. Dans un communique\u0301 ce lundi, 12 de\u0301cembre 2022, le ministre de la justice et des droits de l\u2019homme a instruit le parquet ge\u0301ne\u0301ral de la Cour d\u2019Appel de Conakry d\u2019engager des poursuites judiciaires contre Mamadi Sanfina Diakite\u0301, le pre\u0301sident de la Cellule de Traitement des Informations Financie\u0300res (CENTIF) pour des faits pre\u0301sume\u0301s [&hellip;]\" \/>\n<meta property=\"og:url\" content=\"https:\/\/www.africa-press.net\/guinee-conakry\/politique\/conakry-mamadi-sanfina-diakite-le-president-de-la-centif-vise-par-des-poursuites-judiciaires\" \/>\n<meta property=\"og:site_name\" content=\"guinee Conakry\" \/>\n<meta property=\"article:published_time\" content=\"2022-12-12T15:59:00+00:00\" \/>\n<meta name=\"author\" content=\"cfeditorfr\" \/>\n<meta name=\"twitter:card\" content=\"summary_large_image\" \/>\n<meta name=\"twitter:label1\" content=\"\u00c9crit par\" \/>\n\t<meta name=\"twitter:data1\" content=\"cfeditorfr\" \/>\n\t<meta name=\"twitter:label2\" content=\"Dur\u00e9e de lecture estim\u00e9e\" \/>\n\t<meta name=\"twitter:data2\" content=\"1 minute\" \/>\n<script type=\"application\/ld+json\" class=\"yoast-schema-graph\">{\"@context\":\"https:\/\/schema.org\",\"@graph\":[{\"@type\":\"Article\",\"@id\":\"https:\/\/www.africa-press.net\/guinee-conakry\/politique\/conakry-mamadi-sanfina-diakite-le-president-de-la-centif-vise-par-des-poursuites-judiciaires#article\",\"isPartOf\":{\"@id\":\"https:\/\/www.africa-press.net\/guinee-conakry\/politique\/conakry-mamadi-sanfina-diakite-le-president-de-la-centif-vise-par-des-poursuites-judiciaires\"},\"author\":{\"name\":\"cfeditorfr\",\"@id\":\"https:\/\/www.africa-press.net\/guinee-conakry\/#\/schema\/person\/2b1cf3cd81a31e3cd26889ca66d677f1\"},\"headline\":\"Conakry : Mamadi Sanfina Diakit\u00e9, le pr\u00e9sident de la CENTIF, vis\u00e9 par des poursuites judiciaires\",\"datePublished\":\"2022-12-12T15:59:00+00:00\",\"mainEntityOfPage\":{\"@id\":\"https:\/\/www.africa-press.net\/guinee-conakry\/politique\/conakry-mamadi-sanfina-diakite-le-president-de-la-centif-vise-par-des-poursuites-judiciaires\"},\"wordCount\":198,\"commentCount\":0,\"image\":{\"@id\":\"https:\/\/www.africa-press.net\/guinee-conakry\/politique\/conakry-mamadi-sanfina-diakite-le-president-de-la-centif-vise-par-des-poursuites-judiciaires#primaryimage\"},\"thumbnailUrl\":\"https:\/\/static.africa-press.net\/conakry\/sites\/63\/2022\/12\/Jokar1670848140.370439.jpg\",\"keywords\":[\"Africa Press\",\"Africa Press-Guin\u00e9e\",\"Guin\u00e9e\"],\"articleSection\":[\"homepage-french\",\"Politique\",\"to-homepage\",\"Toutes les actualit\u00e9s\"],\"inLanguage\":\"fr-FR\",\"potentialAction\":[{\"@type\":\"CommentAction\",\"name\":\"Comment\",\"target\":[\"https:\/\/www.africa-press.net\/guinee-conakry\/politique\/conakry-mamadi-sanfina-diakite-le-president-de-la-centif-vise-par-des-poursuites-judiciaires#respond\"]}]},{\"@type\":\"WebPage\",\"@id\":\"https:\/\/www.africa-press.net\/guinee-conakry\/politique\/conakry-mamadi-sanfina-diakite-le-president-de-la-centif-vise-par-des-poursuites-judiciaires\",\"url\":\"https:\/\/www.africa-press.net\/guinee-conakry\/politique\/conakry-mamadi-sanfina-diakite-le-president-de-la-centif-vise-par-des-poursuites-judiciaires\",\"name\":\"Conakry : Mamadi Sanfina Diakit\u00e9, le pr\u00e9sident de la CENTIF, vis\u00e9 par des poursuites judiciaires - guinee Conakry\",\"isPartOf\":{\"@id\":\"https:\/\/www.africa-press.net\/guinee-conakry\/#website\"},\"primaryImageOfPage\":{\"@id\":\"https:\/\/www.africa-press.net\/guinee-conakry\/politique\/conakry-mamadi-sanfina-diakite-le-president-de-la-centif-vise-par-des-poursuites-judiciaires#primaryimage\"},\"image\":{\"@id\":\"https:\/\/www.africa-press.net\/guinee-conakry\/politique\/conakry-mamadi-sanfina-diakite-le-president-de-la-centif-vise-par-des-poursuites-judiciaires#primaryimage\"},\"thumbnailUrl\":\"https:\/\/static.africa-press.net\/conakry\/sites\/63\/2022\/12\/Jokar1670848140.370439.jpg\",\"datePublished\":\"2022-12-12T15:59:00+00:00\",\"author\":{\"@id\":\"https:\/\/www.africa-press.net\/guinee-conakry\/#\/schema\/person\/2b1cf3cd81a31e3cd26889ca66d677f1\"},\"breadcrumb\":{\"@id\":\"https:\/\/www.africa-press.net\/guinee-conakry\/politique\/conakry-mamadi-sanfina-diakite-le-president-de-la-centif-vise-par-des-poursuites-judiciaires#breadcrumb\"},\"inLanguage\":\"fr-FR\",\"potentialAction\":[{\"@type\":\"ReadAction\",\"target\":[\"https:\/\/www.africa-press.net\/guinee-conakry\/politique\/conakry-mamadi-sanfina-diakite-le-president-de-la-centif-vise-par-des-poursuites-judiciaires\"]}]},{\"@type\":\"ImageObject\",\"inLanguage\":\"fr-FR\",\"@id\":\"https:\/\/www.africa-press.net\/guinee-conakry\/politique\/conakry-mamadi-sanfina-diakite-le-president-de-la-centif-vise-par-des-poursuites-judiciaires#primaryimage\",\"url\":\"https:\/\/static.africa-press.net\/conakry\/sites\/63\/2022\/12\/Jokar1670848140.370439.jpg\",\"contentUrl\":\"https:\/\/static.africa-press.net\/conakry\/sites\/63\/2022\/12\/Jokar1670848140.370439.jpg\",\"width\":696,\"height\":322,\"caption\":\"Conakry : Mamadi Sanfina Diakit\u00e9, le pr\u00e9sident de la CENTIF, vis\u00e9 par des poursuites judiciaires\"},{\"@type\":\"BreadcrumbList\",\"@id\":\"https:\/\/www.africa-press.net\/guinee-conakry\/politique\/conakry-mamadi-sanfina-diakite-le-president-de-la-centif-vise-par-des-poursuites-judiciaires#breadcrumb\",\"itemListElement\":[{\"@type\":\"ListItem\",\"position\":1,\"name\":\"Accueil\",\"item\":\"https:\/\/www.africa-press.net\/guinee-conakry\/\"},{\"@type\":\"ListItem\",\"position\":2,\"name\":\"Conakry : Mamadi Sanfina Diakit\u00e9, le pr\u00e9sident de la CENTIF, vis\u00e9 par des poursuites judiciaires\"}]},{\"@type\":\"WebSite\",\"@id\":\"https:\/\/www.africa-press.net\/guinee-conakry\/#website\",\"url\":\"https:\/\/www.africa-press.net\/guinee-conakry\/\",\"name\":\"guinee Conakry\",\"description\":\"Just another Africa News Agency Sites site\",\"potentialAction\":[{\"@type\":\"SearchAction\",\"target\":{\"@type\":\"EntryPoint\",\"urlTemplate\":\"https:\/\/www.africa-press.net\/guinee-conakry\/?s={search_term_string}\"},\"query-input\":{\"@type\":\"PropertyValueSpecification\",\"valueRequired\":true,\"valueName\":\"search_term_string\"}}],\"inLanguage\":\"fr-FR\"},{\"@type\":\"Person\",\"@id\":\"https:\/\/www.africa-press.net\/guinee-conakry\/#\/schema\/person\/2b1cf3cd81a31e3cd26889ca66d677f1\",\"name\":\"cfeditorfr\"}]}<\/script>\n<!-- \/ Yoast SEO Premium plugin. -->","yoast_head_json":{"title":"Conakry : Mamadi Sanfina Diakit\u00e9, le pr\u00e9sident de la CENTIF, vis\u00e9 par des poursuites judiciaires - guinee Conakry","robots":{"index":"index","follow":"follow","max-snippet":"max-snippet:-1","max-image-preview":"max-image-preview:large","max-video-preview":"max-video-preview:-1"},"canonical":"https:\/\/www.africa-press.net\/guinee-conakry\/politique\/conakry-mamadi-sanfina-diakite-le-president-de-la-centif-vise-par-des-poursuites-judiciaires","og_locale":"fr_FR","og_type":"article","og_title":"Conakry : Mamadi Sanfina Diakit\u00e9, le pr\u00e9sident de la CENTIF, vis\u00e9 par des poursuites judiciaires","og_description":"Africa-Press &#8211; Guin\u00e9e. Dans un communique\u0301 ce lundi, 12 de\u0301cembre 2022, le ministre de la justice et des droits de l\u2019homme a instruit le parquet ge\u0301ne\u0301ral de la Cour d\u2019Appel de Conakry d\u2019engager des poursuites judiciaires contre Mamadi Sanfina Diakite\u0301, le pre\u0301sident de la Cellule de Traitement des Informations Financie\u0300res (CENTIF) pour des faits pre\u0301sume\u0301s [&hellip;]","og_url":"https:\/\/www.africa-press.net\/guinee-conakry\/politique\/conakry-mamadi-sanfina-diakite-le-president-de-la-centif-vise-par-des-poursuites-judiciaires","og_site_name":"guinee Conakry","article_published_time":"2022-12-12T15:59:00+00:00","author":"cfeditorfr","twitter_card":"summary_large_image","twitter_misc":{"\u00c9crit par":"cfeditorfr","Dur\u00e9e de lecture estim\u00e9e":"1 minute"},"schema":{"@context":"https:\/\/schema.org","@graph":[{"@type":"Article","@id":"https:\/\/www.africa-press.net\/guinee-conakry\/politique\/conakry-mamadi-sanfina-diakite-le-president-de-la-centif-vise-par-des-poursuites-judiciaires#article","isPartOf":{"@id":"https:\/\/www.africa-press.net\/guinee-conakry\/politique\/conakry-mamadi-sanfina-diakite-le-president-de-la-centif-vise-par-des-poursuites-judiciaires"},"author":{"name":"cfeditorfr","@id":"https:\/\/www.africa-press.net\/guinee-conakry\/#\/schema\/person\/2b1cf3cd81a31e3cd26889ca66d677f1"},"headline":"Conakry : Mamadi Sanfina Diakit\u00e9, le pr\u00e9sident de la CENTIF, vis\u00e9 par des poursuites judiciaires","datePublished":"2022-12-12T15:59:00+00:00","mainEntityOfPage":{"@id":"https:\/\/www.africa-press.net\/guinee-conakry\/politique\/conakry-mamadi-sanfina-diakite-le-president-de-la-centif-vise-par-des-poursuites-judiciaires"},"wordCount":198,"commentCount":0,"image":{"@id":"https:\/\/www.africa-press.net\/guinee-conakry\/politique\/conakry-mamadi-sanfina-diakite-le-president-de-la-centif-vise-par-des-poursuites-judiciaires#primaryimage"},"thumbnailUrl":"https:\/\/static.africa-press.net\/conakry\/sites\/63\/2022\/12\/Jokar1670848140.370439.jpg","keywords":["Africa Press","Africa Press-Guin\u00e9e","Guin\u00e9e"],"articleSection":["homepage-french","Politique","to-homepage","Toutes les actualit\u00e9s"],"inLanguage":"fr-FR","potentialAction":[{"@type":"CommentAction","name":"Comment","target":["https:\/\/www.africa-press.net\/guinee-conakry\/politique\/conakry-mamadi-sanfina-diakite-le-president-de-la-centif-vise-par-des-poursuites-judiciaires#respond"]}]},{"@type":"WebPage","@id":"https:\/\/www.africa-press.net\/guinee-conakry\/politique\/conakry-mamadi-sanfina-diakite-le-president-de-la-centif-vise-par-des-poursuites-judiciaires","url":"https:\/\/www.africa-press.net\/guinee-conakry\/politique\/conakry-mamadi-sanfina-diakite-le-president-de-la-centif-vise-par-des-poursuites-judiciaires","name":"Conakry : Mamadi Sanfina Diakit\u00e9, le pr\u00e9sident de la CENTIF, vis\u00e9 par des poursuites judiciaires - guinee Conakry","isPartOf":{"@id":"https:\/\/www.africa-press.net\/guinee-conakry\/#website"},"primaryImageOfPage":{"@id":"https:\/\/www.africa-press.net\/guinee-conakry\/politique\/conakry-mamadi-sanfina-diakite-le-president-de-la-centif-vise-par-des-poursuites-judiciaires#primaryimage"},"image":{"@id":"https:\/\/www.africa-press.net\/guinee-conakry\/politique\/conakry-mamadi-sanfina-diakite-le-president-de-la-centif-vise-par-des-poursuites-judiciaires#primaryimage"},"thumbnailUrl":"https:\/\/static.africa-press.net\/conakry\/sites\/63\/2022\/12\/Jokar1670848140.370439.jpg","datePublished":"2022-12-12T15:59:00+00:00","author":{"@id":"https:\/\/www.africa-press.net\/guinee-conakry\/#\/schema\/person\/2b1cf3cd81a31e3cd26889ca66d677f1"},"breadcrumb":{"@id":"https:\/\/www.africa-press.net\/guinee-conakry\/politique\/conakry-mamadi-sanfina-diakite-le-president-de-la-centif-vise-par-des-poursuites-judiciaires#breadcrumb"},"inLanguage":"fr-FR","potentialAction":[{"@type":"ReadAction","target":["https:\/\/www.africa-press.net\/guinee-conakry\/politique\/conakry-mamadi-sanfina-diakite-le-president-de-la-centif-vise-par-des-poursuites-judiciaires"]}]},{"@type":"ImageObject","inLanguage":"fr-FR","@id":"https:\/\/www.africa-press.net\/guinee-conakry\/politique\/conakry-mamadi-sanfina-diakite-le-president-de-la-centif-vise-par-des-poursuites-judiciaires#primaryimage","url":"https:\/\/static.africa-press.net\/conakry\/sites\/63\/2022\/12\/Jokar1670848140.370439.jpg","contentUrl":"https:\/\/static.africa-press.net\/conakry\/sites\/63\/2022\/12\/Jokar1670848140.370439.jpg","width":696,"height":322,"caption":"Conakry : Mamadi Sanfina Diakit\u00e9, le pr\u00e9sident de la CENTIF, vis\u00e9 par des poursuites judiciaires"},{"@type":"BreadcrumbList","@id":"https:\/\/www.africa-press.net\/guinee-conakry\/politique\/conakry-mamadi-sanfina-diakite-le-president-de-la-centif-vise-par-des-poursuites-judiciaires#breadcrumb","itemListElement":[{"@type":"ListItem","position":1,"name":"Accueil","item":"https:\/\/www.africa-press.net\/guinee-conakry\/"},{"@type":"ListItem","position":2,"name":"Conakry : Mamadi Sanfina Diakit\u00e9, le pr\u00e9sident de la CENTIF, vis\u00e9 par des poursuites judiciaires"}]},{"@type":"WebSite","@id":"https:\/\/www.africa-press.net\/guinee-conakry\/#website","url":"https:\/\/www.africa-press.net\/guinee-conakry\/","name":"guinee Conakry","description":"Just another Africa News Agency Sites site","potentialAction":[{"@type":"SearchAction","target":{"@type":"EntryPoint","urlTemplate":"https:\/\/www.africa-press.net\/guinee-conakry\/?s={search_term_string}"},"query-input":{"@type":"PropertyValueSpecification","valueRequired":true,"valueName":"search_term_string"}}],"inLanguage":"fr-FR"},{"@type":"Person","@id":"https:\/\/www.africa-press.net\/guinee-conakry\/#\/schema\/person\/2b1cf3cd81a31e3cd26889ca66d677f1","name":"cfeditorfr"}]}},"_links":{"self":[{"href":"https:\/\/www.africa-press.net\/guinee-conakry\/wp-json\/wp\/v2\/posts\/10669","targetHints":{"allow":["GET"]}}],"collection":[{"href":"https:\/\/www.africa-press.net\/guinee-conakry\/wp-json\/wp\/v2\/posts"}],"about":[{"href":"https:\/\/www.africa-press.net\/guinee-conakry\/wp-json\/wp\/v2\/types\/post"}],"author":[{"embeddable":true,"href":"https:\/\/www.africa-press.net\/guinee-conakry\/wp-json\/wp\/v2\/users\/82"}],"replies":[{"embeddable":true,"href":"https:\/\/www.africa-press.net\/guinee-conakry\/wp-json\/wp\/v2\/comments?post=10669"}],"version-history":[{"count":0,"href":"https:\/\/www.africa-press.net\/guinee-conakry\/wp-json\/wp\/v2\/posts\/10669\/revisions"}],"wp:featuredmedia":[{"embeddable":true,"href":"https:\/\/www.africa-press.net\/guinee-conakry\/wp-json\/wp\/v2\/media\/10668"}],"wp:attachment":[{"href":"https:\/\/www.africa-press.net\/guinee-conakry\/wp-json\/wp\/v2\/media?parent=10669"}],"wp:term":[{"taxonomy":"category","embeddable":true,"href":"https:\/\/www.africa-press.net\/guinee-conakry\/wp-json\/wp\/v2\/categories?post=10669"},{"taxonomy":"post_tag","embeddable":true,"href":"https:\/\/www.africa-press.net\/guinee-conakry\/wp-json\/wp\/v2\/tags?post=10669"}],"curies":[{"name":"wp","href":"https:\/\/api.w.org\/{rel}","templated":true}]}}