{"id":10673,"date":"2022-12-12T16:10:00","date_gmt":"2022-12-12T16:10:00","guid":{"rendered":"https:\/\/www.africa-press.net\/guinee-conakry\/politique\/proces-du-massacre-du-28-septembre-dadis-camara-charge-toumba-diakite-rend-hommage-a-lansana-conte-et-bambo-fofana"},"modified":"2022-12-12T16:10:00","modified_gmt":"2022-12-12T16:10:00","slug":"proces-du-massacre-du-28-septembre-dadis-camara-charge-toumba-diakite-rend-hommage-a-lansana-conte-et-bambo-fofana","status":"publish","type":"post","link":"https:\/\/www.africa-press.net\/guinee-conakry\/politique\/proces-du-massacre-du-28-septembre-dadis-camara-charge-toumba-diakite-rend-hommage-a-lansana-conte-et-bambo-fofana","title":{"rendered":"Proc\u00e8s du massacre du 28 septembre : Dadis Camara charge Toumba Diakit\u00e9, rend hommage \u00e0 Lansana Cont\u00e9 et Bambo Fofana"},"content":{"rendered":"<p><span style=\"color: #ff6600\"><strong>Africa-Press &#8211; Guin\u00e9e. <\/strong><\/span>Le Capitaine Moussa Dadis Camara, ancien pre\u0301sident de la transition (entre 2008 et 2009) a e\u0301te\u0301 entendu ce lundi, 12 de\u0301cembre 2022 devant le tribunal criminel de Dixinn, de\u0301localise\u0301 a\u0300 la Cour d\u2019Appel de Conakry. Le bouillant capitaine, tre\u0300s relaxe, a pris la parole pour donner sa part de ve\u0301rite\u0301 dans le dossier du massacre du 28 septembre. Il a charge\u0301 son ancien aide de camp, Toumba Diakite\u0301, avant de rendre hommage aux \u00ab vieux \u00bb ge\u0301ne\u0301raux Lansana Conte\u0301 et Bambo Fofana qui lui auraient permis de prendre le pouvoir le 23 de\u0301cembre 2008.<\/p>\n<p>Dans sa de\u0301position, le Capitaine Dadis a donne\u0301 une version contraire de son ancien aide de camp, Aboubacar Sidiki Diakite\u0301, alias Toumba, qui soutient avoir pris le pouvoir a\u0300 la mort de Lansana Conte\u0301 le 22 de\u0301cembre 2008 pour le lui donner.<\/p>\n<p>\u00ab Monsieur le pre\u0301sident, je voulais vous dire que pendant tout ce temps que j\u2019avais passe\u0301 dans le box des accuse\u0301s, j\u2019e\u0301tais perturbe\u0301. Perturbe\u0301 en ce sens qu\u2019il y a eu des alle\u0301gations de nature a\u0300 me faire parai\u0302tre autre chose. Sinon Monsieur le pre\u0301sident, je ne venais pas devant votre barre pour dire tout c\u0327a. Parce que c\u2019est ce qui diffe\u0301rencie l\u2019officier d\u2019e\u0301tat-major a\u0300 tous les officiers, il s\u2019adapte a\u0300 toutes les circonstances, a\u0300 toutes les re\u0301alite\u0301s qui se pre\u0301sentent. Je venais juste pour m\u2019attaquer aux e\u0301ve\u0301nements du 28 septembre. Mais quelque part, j\u2019ai vu toute l\u2019arme\u0301e guine\u0301enne frustre\u0301e. Cette frustration, j\u2019ai besoin d\u2019en parler. Je veux parler bien-su\u0302r de Monsieur Toumba, Aboubacar Sidiki Diakite\u0301. Lorsque cet homme vient devant votre auguste tribunal et tout le monde entier est en train de l\u2019observer. Un simple sergent ou sergent-chef qui m\u2019a e\u0301te\u0301 pre\u0301sente\u0301 a\u0300 l\u2019e\u0301poque sans garde-du-corps. Il a frustre\u0301 l\u2019arme\u0301e afin de perturber votre vigilance. Mais cette vigilance, Monsieur le pre\u0301sident, je vous ai remarque\u0301 vous e\u0302tes un homme serein. Tous les accuse\u0301s qui sont venus vous ne leur avez jamais bloque\u0301 la parole. C\u2019est la\u0300 votre se\u0301re\u0301nite\u0301. Vous lui avez donne\u0301 tout le temps. Cet homme a fait croire aux guine\u0301ens et a\u0300 la communaute\u0301 internationale qu\u2019il aurait pris le pouvoir pour nous donner. Bon sang ! Ce fu\u0302t la plus grande frustration pour moi&#8230; Monsieur Toumba Diakite\u0301 avait-il me\u0302me un groupe ? Il faut respecter une Nation \u00bb, a fulmine\u0301 l\u2019ancien homme fort de Conakry.<\/p>\n<p>Selon le Capitaine Moussa Dadis, c\u2019est gra\u0302ce au conseil et a\u0300 l\u2019aide du feu Ge\u0301ne\u0301ral Bambo Fofana qu\u2019il est devenu pre\u0301sident de la Re\u0301publique. \u00ab Claude Pivi en a suffisamment parle\u0301. Je veux dire simplement, que si cet homme qui est devant vous est devenu votre pre\u0301sident, c\u2019est par le biais du feu Ge\u0301ne\u0301ral Lansana Conte\u0301. Parce que cet homme ne connai\u0302t pas l\u2019ethnie. C\u2019est de c\u0327a que la Guine\u0301e a besoin. C\u2019est cet homme-la\u0300 qui m\u2019a donne\u0301 le pouvoir. Quel est l\u2019officier qui n\u2019a pas de troupes d\u2019e\u0301lite que plus de 100, 400 personnes viennent passer la nuit quotidiennement a\u0300 son domicile avec les munitions qui ne soient pas arre\u0302te\u0301es et traduit a\u0300 la justice ? Je l\u2019ai fait pendant 3 ans. Monsieur le pre\u0301sident, feu Ge\u0301ne\u0301ral Lansana Conte\u0301, e\u0301tait un homme intelligent. Personne ne pouvait le tromper. C\u2019est son intelligence d\u2019ailleurs qui a fait que l\u2019arme\u0301e guine\u0301enne l\u2019a choisi comme pre\u0301sident. Si cet homme ne m\u2019arre\u0302te pas pendant 3 ans et de passage, je ne peux parler du feu Ge\u0301ne\u0301ral Lansana Conte\u0301 sans remercier le Ge\u0301ne\u0301ral Bambo Fofana. Ce serait une ingratitude. L\u2019un des acade\u0301miciens les plus brillants. Il partait en Allemagne pour des missions de l\u2019arme\u0301e de terre. Son retour a coi\u0308ncide\u0301 a\u0300 mon retour. C\u2019est cet homme qui m\u2019a choisi depuis le front en Sierra-Le\u0301on. Et lorsqu\u2019il m\u2019a choisi, je n\u2019e\u0301tais pas du tout content parce que je disais qu\u2019il fallait la division budget puisque j\u2019ai fait les finances publiques. Mais ce jour, je venais, le feu Ge\u0301ne\u0301ral Mamadou Sampil, j\u2019ai be\u0301ne\u0301fice de sa sagesse pour l\u2019Allemagne. C\u2019est cet homme qui m\u2019a donne\u0301 des conseils, en me disant d\u2019e\u0302tre tre\u0300s se\u0301rieux. Vous allez commencer a\u0300 travailler avec le pre\u0301sident vous et votre intendant. Monsieur le pre\u0301sident je ne suis pas un homme ingrat. C\u2019est c\u0327a ma force, je ne suis pas un homme complexe\u0301. Vous me\u0301ritez, je vous reconnais. Vous vous attendiez que je parle aujourd\u2019hui du feu Ge\u0301ne\u0301ral Lansana Conte\u0301. Je parle du feu Bambo Fofana. Car n\u2019eut e\u0301te\u0301 cet homme, je n\u2019allais jamais faire connaissance du feu Ge\u0301ne\u0301ral Lansana Conte\u0301. La\u0300 ou\u0300 il est la\u0300, il faut qu\u2019il sache. Et quand j\u2019ai pris le pouvoir, il y avait certains qui ne voulaient le voir. Je l\u2019ai appele\u0301. J\u2019ai dit mon Ge\u0301ne\u0301ral, j\u2019ai besoin de vous et de votre e\u0301pouse au camp Alpha Yaya ici. Cet homme est venu avec son e\u0301pouse. J\u2019ai dit madame, c\u2019est moi qui ai juge\u0301 ne\u0301cessaire que vous veniez avec votre mari. Je suis pre\u0301sident aujourd\u2019hui, mais c\u2019est votre mari qui me\u0301rite. Je faisais ses commissions, je payais ses fruits, est-ce que vous saviez un jour que moi je serai un pre\u0301sident ? Ce fu\u0302t cette re\u0301compense. Je n\u2019ai pas le mate\u0301riel pour donner, mais j\u2019ai grandi un homme devant son e\u0301pouse. Je suis comme c\u0327a, Monsieur le pre\u0301sident&#8230; \u00bb.<\/p>\n<p><strong>Pour plus d&rsquo;informations et d&rsquo;analyses sur la <a href=\"https:\/\/www.africa-press.net\/guinee-conakry\">Guin\u00e9e<\/a>, suivez <a href=\"https:\/\/www.africa-press.net\/\">Africa-Press<\/a><\/strong><\/p>\n","protected":false},"excerpt":{"rendered":"<p>Africa-Press &#8211; Guin\u00e9e. Le Capitaine Moussa Dadis Camara, ancien pre\u0301sident de la transition (entre 2008 et 2009) a e\u0301te\u0301 entendu ce lundi, 12 de\u0301cembre 2022 devant le tribunal criminel de Dixinn, de\u0301localise\u0301 a\u0300 la Cour d\u2019Appel de Conakry. Le bouillant capitaine, tre\u0300s relaxe, a pris la parole pour donner sa part de ve\u0301rite\u0301 dans le [&hellip;]<\/p>\n","protected":false},"author":82,"featured_media":10672,"comment_status":"open","ping_status":"closed","sticky":false,"template":"","format":"standard","meta":{"footnotes":""},"categories":[11,2,56,10],"tags":[36,57,58],"class_list":["post-10673","post","type-post","status-publish","format-standard","has-post-thumbnail","hentry","category-homepage-french","category-politique","category-to-homepage","category-toutes-les-actualites","tag-africa-press","tag-africa-press-guinee","tag-guinee"],"yoast_head":"<!-- This site is optimized with the Yoast SEO Premium plugin v26.1 (Yoast SEO v27.0) - https:\/\/yoast.com\/product\/yoast-seo-premium-wordpress\/ -->\n<title>Proc\u00e8s du massacre du 28 septembre : Dadis Camara charge Toumba Diakit\u00e9, rend hommage \u00e0 Lansana Cont\u00e9 et Bambo Fofana - guinee Conakry<\/title>\n<meta name=\"robots\" content=\"index, follow, max-snippet:-1, max-image-preview:large, max-video-preview:-1\" \/>\n<link rel=\"canonical\" href=\"https:\/\/www.africa-press.net\/guinee-conakry\/politique\/proces-du-massacre-du-28-septembre-dadis-camara-charge-toumba-diakite-rend-hommage-a-lansana-conte-et-bambo-fofana\" \/>\n<meta property=\"og:locale\" content=\"fr_FR\" \/>\n<meta property=\"og:type\" content=\"article\" \/>\n<meta property=\"og:title\" content=\"Proc\u00e8s du massacre du 28 septembre : Dadis Camara charge Toumba Diakit\u00e9, rend hommage \u00e0 Lansana Cont\u00e9 et Bambo Fofana\" \/>\n<meta property=\"og:description\" content=\"Africa-Press &#8211; Guin\u00e9e. Le Capitaine Moussa Dadis Camara, ancien pre\u0301sident de la transition (entre 2008 et 2009) a e\u0301te\u0301 entendu ce lundi, 12 de\u0301cembre 2022 devant le tribunal criminel de Dixinn, de\u0301localise\u0301 a\u0300 la Cour d\u2019Appel de Conakry. Le bouillant capitaine, tre\u0300s relaxe, a pris la parole pour donner sa part de ve\u0301rite\u0301 dans le [&hellip;]\" \/>\n<meta property=\"og:url\" content=\"https:\/\/www.africa-press.net\/guinee-conakry\/politique\/proces-du-massacre-du-28-septembre-dadis-camara-charge-toumba-diakite-rend-hommage-a-lansana-conte-et-bambo-fofana\" \/>\n<meta property=\"og:site_name\" content=\"guinee Conakry\" \/>\n<meta property=\"article:published_time\" content=\"2022-12-12T16:10:00+00:00\" \/>\n<meta name=\"author\" content=\"cfeditorfr\" \/>\n<meta name=\"twitter:card\" content=\"summary_large_image\" \/>\n<meta name=\"twitter:label1\" content=\"\u00c9crit par\" \/>\n\t<meta name=\"twitter:data1\" content=\"cfeditorfr\" \/>\n\t<meta name=\"twitter:label2\" content=\"Dur\u00e9e de lecture estim\u00e9e\" \/>\n\t<meta name=\"twitter:data2\" content=\"5 minutes\" \/>\n<script type=\"application\/ld+json\" class=\"yoast-schema-graph\">{\"@context\":\"https:\/\/schema.org\",\"@graph\":[{\"@type\":\"Article\",\"@id\":\"https:\/\/www.africa-press.net\/guinee-conakry\/politique\/proces-du-massacre-du-28-septembre-dadis-camara-charge-toumba-diakite-rend-hommage-a-lansana-conte-et-bambo-fofana#article\",\"isPartOf\":{\"@id\":\"https:\/\/www.africa-press.net\/guinee-conakry\/politique\/proces-du-massacre-du-28-septembre-dadis-camara-charge-toumba-diakite-rend-hommage-a-lansana-conte-et-bambo-fofana\"},\"author\":{\"name\":\"cfeditorfr\",\"@id\":\"https:\/\/www.africa-press.net\/guinee-conakry\/#\/schema\/person\/2b1cf3cd81a31e3cd26889ca66d677f1\"},\"headline\":\"Proc\u00e8s du massacre du 28 septembre : Dadis Camara charge Toumba Diakit\u00e9, rend hommage \u00e0 Lansana Cont\u00e9 et Bambo Fofana\",\"datePublished\":\"2022-12-12T16:10:00+00:00\",\"mainEntityOfPage\":{\"@id\":\"https:\/\/www.africa-press.net\/guinee-conakry\/politique\/proces-du-massacre-du-28-septembre-dadis-camara-charge-toumba-diakite-rend-hommage-a-lansana-conte-et-bambo-fofana\"},\"wordCount\":1033,\"commentCount\":0,\"image\":{\"@id\":\"https:\/\/www.africa-press.net\/guinee-conakry\/politique\/proces-du-massacre-du-28-septembre-dadis-camara-charge-toumba-diakite-rend-hommage-a-lansana-conte-et-bambo-fofana#primaryimage\"},\"thumbnailUrl\":\"https:\/\/static.africa-press.net\/conakry\/sites\/63\/2022\/12\/Jokar1670848845.559268.jpg\",\"keywords\":[\"Africa Press\",\"Africa Press-Guin\u00e9e\",\"Guin\u00e9e\"],\"articleSection\":[\"homepage-french\",\"Politique\",\"to-homepage\",\"Toutes les actualit\u00e9s\"],\"inLanguage\":\"fr-FR\",\"potentialAction\":[{\"@type\":\"CommentAction\",\"name\":\"Comment\",\"target\":[\"https:\/\/www.africa-press.net\/guinee-conakry\/politique\/proces-du-massacre-du-28-septembre-dadis-camara-charge-toumba-diakite-rend-hommage-a-lansana-conte-et-bambo-fofana#respond\"]}]},{\"@type\":\"WebPage\",\"@id\":\"https:\/\/www.africa-press.net\/guinee-conakry\/politique\/proces-du-massacre-du-28-septembre-dadis-camara-charge-toumba-diakite-rend-hommage-a-lansana-conte-et-bambo-fofana\",\"url\":\"https:\/\/www.africa-press.net\/guinee-conakry\/politique\/proces-du-massacre-du-28-septembre-dadis-camara-charge-toumba-diakite-rend-hommage-a-lansana-conte-et-bambo-fofana\",\"name\":\"Proc\u00e8s du massacre du 28 septembre : Dadis Camara charge Toumba Diakit\u00e9, rend hommage \u00e0 Lansana Cont\u00e9 et Bambo Fofana - guinee Conakry\",\"isPartOf\":{\"@id\":\"https:\/\/www.africa-press.net\/guinee-conakry\/#website\"},\"primaryImageOfPage\":{\"@id\":\"https:\/\/www.africa-press.net\/guinee-conakry\/politique\/proces-du-massacre-du-28-septembre-dadis-camara-charge-toumba-diakite-rend-hommage-a-lansana-conte-et-bambo-fofana#primaryimage\"},\"image\":{\"@id\":\"https:\/\/www.africa-press.net\/guinee-conakry\/politique\/proces-du-massacre-du-28-septembre-dadis-camara-charge-toumba-diakite-rend-hommage-a-lansana-conte-et-bambo-fofana#primaryimage\"},\"thumbnailUrl\":\"https:\/\/static.africa-press.net\/conakry\/sites\/63\/2022\/12\/Jokar1670848845.559268.jpg\",\"datePublished\":\"2022-12-12T16:10:00+00:00\",\"author\":{\"@id\":\"https:\/\/www.africa-press.net\/guinee-conakry\/#\/schema\/person\/2b1cf3cd81a31e3cd26889ca66d677f1\"},\"breadcrumb\":{\"@id\":\"https:\/\/www.africa-press.net\/guinee-conakry\/politique\/proces-du-massacre-du-28-septembre-dadis-camara-charge-toumba-diakite-rend-hommage-a-lansana-conte-et-bambo-fofana#breadcrumb\"},\"inLanguage\":\"fr-FR\",\"potentialAction\":[{\"@type\":\"ReadAction\",\"target\":[\"https:\/\/www.africa-press.net\/guinee-conakry\/politique\/proces-du-massacre-du-28-septembre-dadis-camara-charge-toumba-diakite-rend-hommage-a-lansana-conte-et-bambo-fofana\"]}]},{\"@type\":\"ImageObject\",\"inLanguage\":\"fr-FR\",\"@id\":\"https:\/\/www.africa-press.net\/guinee-conakry\/politique\/proces-du-massacre-du-28-septembre-dadis-camara-charge-toumba-diakite-rend-hommage-a-lansana-conte-et-bambo-fofana#primaryimage\",\"url\":\"https:\/\/static.africa-press.net\/conakry\/sites\/63\/2022\/12\/Jokar1670848845.559268.jpg\",\"contentUrl\":\"https:\/\/static.africa-press.net\/conakry\/sites\/63\/2022\/12\/Jokar1670848845.559268.jpg\",\"width\":538,\"height\":751,\"caption\":\"Proc\u00e8s du massacre du 28 septembre : Dadis Camara charge Toumba Diakit\u00e9, rend hommage \u00e0 Lansana Cont\u00e9 et Bambo Fofana\"},{\"@type\":\"BreadcrumbList\",\"@id\":\"https:\/\/www.africa-press.net\/guinee-conakry\/politique\/proces-du-massacre-du-28-septembre-dadis-camara-charge-toumba-diakite-rend-hommage-a-lansana-conte-et-bambo-fofana#breadcrumb\",\"itemListElement\":[{\"@type\":\"ListItem\",\"position\":1,\"name\":\"Accueil\",\"item\":\"https:\/\/www.africa-press.net\/guinee-conakry\/\"},{\"@type\":\"ListItem\",\"position\":2,\"name\":\"Proc\u00e8s du massacre du 28 septembre : Dadis Camara charge Toumba Diakit\u00e9, rend hommage \u00e0 Lansana Cont\u00e9 et Bambo Fofana\"}]},{\"@type\":\"WebSite\",\"@id\":\"https:\/\/www.africa-press.net\/guinee-conakry\/#website\",\"url\":\"https:\/\/www.africa-press.net\/guinee-conakry\/\",\"name\":\"guinee Conakry\",\"description\":\"Just another Africa News Agency Sites site\",\"potentialAction\":[{\"@type\":\"SearchAction\",\"target\":{\"@type\":\"EntryPoint\",\"urlTemplate\":\"https:\/\/www.africa-press.net\/guinee-conakry\/?s={search_term_string}\"},\"query-input\":{\"@type\":\"PropertyValueSpecification\",\"valueRequired\":true,\"valueName\":\"search_term_string\"}}],\"inLanguage\":\"fr-FR\"},{\"@type\":\"Person\",\"@id\":\"https:\/\/www.africa-press.net\/guinee-conakry\/#\/schema\/person\/2b1cf3cd81a31e3cd26889ca66d677f1\",\"name\":\"cfeditorfr\"}]}<\/script>\n<!-- \/ Yoast SEO Premium plugin. -->","yoast_head_json":{"title":"Proc\u00e8s du massacre du 28 septembre : Dadis Camara charge Toumba Diakit\u00e9, rend hommage \u00e0 Lansana Cont\u00e9 et Bambo Fofana - guinee Conakry","robots":{"index":"index","follow":"follow","max-snippet":"max-snippet:-1","max-image-preview":"max-image-preview:large","max-video-preview":"max-video-preview:-1"},"canonical":"https:\/\/www.africa-press.net\/guinee-conakry\/politique\/proces-du-massacre-du-28-septembre-dadis-camara-charge-toumba-diakite-rend-hommage-a-lansana-conte-et-bambo-fofana","og_locale":"fr_FR","og_type":"article","og_title":"Proc\u00e8s du massacre du 28 septembre : Dadis Camara charge Toumba Diakit\u00e9, rend hommage \u00e0 Lansana Cont\u00e9 et Bambo Fofana","og_description":"Africa-Press &#8211; Guin\u00e9e. Le Capitaine Moussa Dadis Camara, ancien pre\u0301sident de la transition (entre 2008 et 2009) a e\u0301te\u0301 entendu ce lundi, 12 de\u0301cembre 2022 devant le tribunal criminel de Dixinn, de\u0301localise\u0301 a\u0300 la Cour d\u2019Appel de Conakry. Le bouillant capitaine, tre\u0300s relaxe, a pris la parole pour donner sa part de ve\u0301rite\u0301 dans le [&hellip;]","og_url":"https:\/\/www.africa-press.net\/guinee-conakry\/politique\/proces-du-massacre-du-28-septembre-dadis-camara-charge-toumba-diakite-rend-hommage-a-lansana-conte-et-bambo-fofana","og_site_name":"guinee Conakry","article_published_time":"2022-12-12T16:10:00+00:00","author":"cfeditorfr","twitter_card":"summary_large_image","twitter_misc":{"\u00c9crit par":"cfeditorfr","Dur\u00e9e de lecture estim\u00e9e":"5 minutes"},"schema":{"@context":"https:\/\/schema.org","@graph":[{"@type":"Article","@id":"https:\/\/www.africa-press.net\/guinee-conakry\/politique\/proces-du-massacre-du-28-septembre-dadis-camara-charge-toumba-diakite-rend-hommage-a-lansana-conte-et-bambo-fofana#article","isPartOf":{"@id":"https:\/\/www.africa-press.net\/guinee-conakry\/politique\/proces-du-massacre-du-28-septembre-dadis-camara-charge-toumba-diakite-rend-hommage-a-lansana-conte-et-bambo-fofana"},"author":{"name":"cfeditorfr","@id":"https:\/\/www.africa-press.net\/guinee-conakry\/#\/schema\/person\/2b1cf3cd81a31e3cd26889ca66d677f1"},"headline":"Proc\u00e8s du massacre du 28 septembre : Dadis Camara charge Toumba Diakit\u00e9, rend hommage \u00e0 Lansana Cont\u00e9 et Bambo Fofana","datePublished":"2022-12-12T16:10:00+00:00","mainEntityOfPage":{"@id":"https:\/\/www.africa-press.net\/guinee-conakry\/politique\/proces-du-massacre-du-28-septembre-dadis-camara-charge-toumba-diakite-rend-hommage-a-lansana-conte-et-bambo-fofana"},"wordCount":1033,"commentCount":0,"image":{"@id":"https:\/\/www.africa-press.net\/guinee-conakry\/politique\/proces-du-massacre-du-28-septembre-dadis-camara-charge-toumba-diakite-rend-hommage-a-lansana-conte-et-bambo-fofana#primaryimage"},"thumbnailUrl":"https:\/\/static.africa-press.net\/conakry\/sites\/63\/2022\/12\/Jokar1670848845.559268.jpg","keywords":["Africa Press","Africa Press-Guin\u00e9e","Guin\u00e9e"],"articleSection":["homepage-french","Politique","to-homepage","Toutes les actualit\u00e9s"],"inLanguage":"fr-FR","potentialAction":[{"@type":"CommentAction","name":"Comment","target":["https:\/\/www.africa-press.net\/guinee-conakry\/politique\/proces-du-massacre-du-28-septembre-dadis-camara-charge-toumba-diakite-rend-hommage-a-lansana-conte-et-bambo-fofana#respond"]}]},{"@type":"WebPage","@id":"https:\/\/www.africa-press.net\/guinee-conakry\/politique\/proces-du-massacre-du-28-septembre-dadis-camara-charge-toumba-diakite-rend-hommage-a-lansana-conte-et-bambo-fofana","url":"https:\/\/www.africa-press.net\/guinee-conakry\/politique\/proces-du-massacre-du-28-septembre-dadis-camara-charge-toumba-diakite-rend-hommage-a-lansana-conte-et-bambo-fofana","name":"Proc\u00e8s du massacre du 28 septembre : Dadis Camara charge Toumba Diakit\u00e9, rend hommage \u00e0 Lansana Cont\u00e9 et Bambo Fofana - guinee Conakry","isPartOf":{"@id":"https:\/\/www.africa-press.net\/guinee-conakry\/#website"},"primaryImageOfPage":{"@id":"https:\/\/www.africa-press.net\/guinee-conakry\/politique\/proces-du-massacre-du-28-septembre-dadis-camara-charge-toumba-diakite-rend-hommage-a-lansana-conte-et-bambo-fofana#primaryimage"},"image":{"@id":"https:\/\/www.africa-press.net\/guinee-conakry\/politique\/proces-du-massacre-du-28-septembre-dadis-camara-charge-toumba-diakite-rend-hommage-a-lansana-conte-et-bambo-fofana#primaryimage"},"thumbnailUrl":"https:\/\/static.africa-press.net\/conakry\/sites\/63\/2022\/12\/Jokar1670848845.559268.jpg","datePublished":"2022-12-12T16:10:00+00:00","author":{"@id":"https:\/\/www.africa-press.net\/guinee-conakry\/#\/schema\/person\/2b1cf3cd81a31e3cd26889ca66d677f1"},"breadcrumb":{"@id":"https:\/\/www.africa-press.net\/guinee-conakry\/politique\/proces-du-massacre-du-28-septembre-dadis-camara-charge-toumba-diakite-rend-hommage-a-lansana-conte-et-bambo-fofana#breadcrumb"},"inLanguage":"fr-FR","potentialAction":[{"@type":"ReadAction","target":["https:\/\/www.africa-press.net\/guinee-conakry\/politique\/proces-du-massacre-du-28-septembre-dadis-camara-charge-toumba-diakite-rend-hommage-a-lansana-conte-et-bambo-fofana"]}]},{"@type":"ImageObject","inLanguage":"fr-FR","@id":"https:\/\/www.africa-press.net\/guinee-conakry\/politique\/proces-du-massacre-du-28-septembre-dadis-camara-charge-toumba-diakite-rend-hommage-a-lansana-conte-et-bambo-fofana#primaryimage","url":"https:\/\/static.africa-press.net\/conakry\/sites\/63\/2022\/12\/Jokar1670848845.559268.jpg","contentUrl":"https:\/\/static.africa-press.net\/conakry\/sites\/63\/2022\/12\/Jokar1670848845.559268.jpg","width":538,"height":751,"caption":"Proc\u00e8s du massacre du 28 septembre : Dadis Camara charge Toumba Diakit\u00e9, rend hommage \u00e0 Lansana Cont\u00e9 et Bambo Fofana"},{"@type":"BreadcrumbList","@id":"https:\/\/www.africa-press.net\/guinee-conakry\/politique\/proces-du-massacre-du-28-septembre-dadis-camara-charge-toumba-diakite-rend-hommage-a-lansana-conte-et-bambo-fofana#breadcrumb","itemListElement":[{"@type":"ListItem","position":1,"name":"Accueil","item":"https:\/\/www.africa-press.net\/guinee-conakry\/"},{"@type":"ListItem","position":2,"name":"Proc\u00e8s du massacre du 28 septembre : Dadis Camara charge Toumba Diakit\u00e9, rend hommage \u00e0 Lansana Cont\u00e9 et Bambo Fofana"}]},{"@type":"WebSite","@id":"https:\/\/www.africa-press.net\/guinee-conakry\/#website","url":"https:\/\/www.africa-press.net\/guinee-conakry\/","name":"guinee Conakry","description":"Just another Africa News Agency Sites site","potentialAction":[{"@type":"SearchAction","target":{"@type":"EntryPoint","urlTemplate":"https:\/\/www.africa-press.net\/guinee-conakry\/?s={search_term_string}"},"query-input":{"@type":"PropertyValueSpecification","valueRequired":true,"valueName":"search_term_string"}}],"inLanguage":"fr-FR"},{"@type":"Person","@id":"https:\/\/www.africa-press.net\/guinee-conakry\/#\/schema\/person\/2b1cf3cd81a31e3cd26889ca66d677f1","name":"cfeditorfr"}]}},"_links":{"self":[{"href":"https:\/\/www.africa-press.net\/guinee-conakry\/wp-json\/wp\/v2\/posts\/10673","targetHints":{"allow":["GET"]}}],"collection":[{"href":"https:\/\/www.africa-press.net\/guinee-conakry\/wp-json\/wp\/v2\/posts"}],"about":[{"href":"https:\/\/www.africa-press.net\/guinee-conakry\/wp-json\/wp\/v2\/types\/post"}],"author":[{"embeddable":true,"href":"https:\/\/www.africa-press.net\/guinee-conakry\/wp-json\/wp\/v2\/users\/82"}],"replies":[{"embeddable":true,"href":"https:\/\/www.africa-press.net\/guinee-conakry\/wp-json\/wp\/v2\/comments?post=10673"}],"version-history":[{"count":0,"href":"https:\/\/www.africa-press.net\/guinee-conakry\/wp-json\/wp\/v2\/posts\/10673\/revisions"}],"wp:featuredmedia":[{"embeddable":true,"href":"https:\/\/www.africa-press.net\/guinee-conakry\/wp-json\/wp\/v2\/media\/10672"}],"wp:attachment":[{"href":"https:\/\/www.africa-press.net\/guinee-conakry\/wp-json\/wp\/v2\/media?parent=10673"}],"wp:term":[{"taxonomy":"category","embeddable":true,"href":"https:\/\/www.africa-press.net\/guinee-conakry\/wp-json\/wp\/v2\/categories?post=10673"},{"taxonomy":"post_tag","embeddable":true,"href":"https:\/\/www.africa-press.net\/guinee-conakry\/wp-json\/wp\/v2\/tags?post=10673"}],"curies":[{"name":"wp","href":"https:\/\/api.w.org\/{rel}","templated":true}]}}