{"id":10713,"date":"2022-12-13T20:16:00","date_gmt":"2022-12-13T20:16:00","guid":{"rendered":"https:\/\/www.africa-press.net\/guinee-conakry\/politique\/affaire-des-recrues-de-kaleya-dadis-camara-charge-sekouba-konate-et-sollicite-sa-comparution"},"modified":"2022-12-13T20:16:00","modified_gmt":"2022-12-13T20:16:00","slug":"affaire-des-recrues-de-kaleya-dadis-camara-charge-sekouba-konate-et-sollicite-sa-comparution","status":"publish","type":"post","link":"https:\/\/www.africa-press.net\/guinee-conakry\/politique\/affaire-des-recrues-de-kaleya-dadis-camara-charge-sekouba-konate-et-sollicite-sa-comparution","title":{"rendered":"Affaire des recrues de Kaleya : Dadis Camara charge S\u00e9kouba Konat\u00e9 et sollicite sa comparution"},"content":{"rendered":"<p><span style=\"color: #ff6600\"><strong>Africa-Press &#8211; Guin\u00e9e. <\/strong><\/span>Comme annonce\u0301 pre\u0301ce\u0301demment, le capitaine Moussa Dadis Camara est de nouveau a\u0300 la barre ce mardi, 13 de\u0301cembre 2022, devant le tribunal criminel de Dixinn (de\u0301localise\u0301 a\u0300 la Cour d\u2019Appel de Conakry) pour re\u0301pondre des charges qui pe\u0300sent contre lui dans le dossier du massacre du 28 septembre 2009.<\/p>\n<p>Et, comme il l\u2019a fait hier (lundi), l\u2019ancien pre\u0301sident du Conseil national pour la de\u0301mocratie et le de\u0301veloppement (CNDD) multiplie les accusations contre le Ge\u0301ne\u0301ral Se\u0301kouba Konate\u0301. D\u2019ailleurs, il a sollicite\u0301 sa comparution pour e\u0301clairer la lanterne du tribunal sur la situation des recrues de Kaleya. Des recrues qui sont soupc\u0327onne\u0301es d\u2019avoir pris part au massacre du 28 septembre.<\/p>\n<p>Accule\u0301 de questions depuis ce matin par le ministe\u0300re public, le capitaine Moussa Dadis Camara s\u2019e\u0301nerve par moment a\u0300 la barre. Mais, sans re\u0301ussir a\u0300 troubler la se\u0301re\u0301nite\u0301 des de\u0301bats.<\/p>\n<p>\u00ab je suis devant ce tribunal pour qu\u2019on me montre des preuves, pas des commentaires, des hypothe\u0300ses&#8230; Il faut aller vers les responsables du stade pour avoir de bons renseignements&#8230; Moi je ne suis pas directeur du stade, je ne suis pas ministre des sports&#8230; Moi j\u2019ai cre\u0301e\u0301 des commissions nationales et internationales, si c\u0327a faillit, est-ce que c\u2019est ma faute ? Non \u00bb, a martele\u0301 Dadis Camara dans sa re\u0301ponse a\u0300 la question de savoir pourquoi juste apre\u0300s \u00ab le carnage du 28 septembre \u00bb, le stade du 28 septembre a be\u0301ne\u0301ficie\u0301 d\u2019une couche de peinture pour masquer les traces de sang qui e\u0301taient pourtant visibles.<\/p>\n<p>S\u2019agissant des recrues de Kaleya et leur implication dans le massacre du 28 septembre, l\u2019ancien pre\u0301sident du CNDD dit ne rien savoir. Et, il assure que c\u2019est le Ge\u0301ne\u0301ral Se\u0301kouba Konate\u0301, a\u0300 l\u2019e\u0301poque ministre de la de\u0301fense nationale, qui peut e\u0301clairer la lanterne du tribunal sur cette question.<\/p>\n<p>\u00ab Par rapport aux recrues de Kaleya, ce n\u2019est pas le pre\u0301sident de la Re\u0301publique qui fait le recrutement. C\u2019est le ministre de la de\u0301fense. Le pre\u0301sident Moussa Dadis Camara, a\u0300 l\u2019e\u0301poque, a simplement dit au ministre de la de\u0301fense nationale : si vous voulez faire un recrutement, il faut le faire dans toutes les re\u0301gions de la Guine\u0301e&#8230; Maintenant, la me\u0301thode de recruter l\u2019incombe. Donc, s\u2019il (Se\u0301kouba Konate\u0301) vient ici, il vous dira comment il a fait&#8230; C\u2019est dans cette salle que j\u2019ai appris qu\u2019il y a eu deux centres de formation pour ce recrutement. Donc, c\u2019est le ministre de la de\u0301fense qui peut e\u0301clairer votre lanterne&#8230; Je ne peux pas confirmer que les recrues de Kaleya e\u0301taient au stade. Vous pouvez demander a\u0300 l\u2019instructeur de Kaleya, je ne l\u2019ai jamais connu \u00bb, a indique\u0301 Dadis Camara.<\/p>\n<p><strong>Pour plus d&rsquo;informations et d&rsquo;analyses sur la <a href=\"https:\/\/www.africa-press.net\/guinee-conakry\">Guin\u00e9e<\/a>, suivez <a href=\"https:\/\/www.africa-press.net\/\">Africa-Press<\/a><\/strong><\/p>\n","protected":false},"excerpt":{"rendered":"<p>Africa-Press &#8211; Guin\u00e9e. Comme annonce\u0301 pre\u0301ce\u0301demment, le capitaine Moussa Dadis Camara est de nouveau a\u0300 la barre ce mardi, 13 de\u0301cembre 2022, devant le tribunal criminel de Dixinn (de\u0301localise\u0301 a\u0300 la Cour d\u2019Appel de Conakry) pour re\u0301pondre des charges qui pe\u0300sent contre lui dans le dossier du massacre du 28 septembre 2009. Et, comme il [&hellip;]<\/p>\n","protected":false},"author":82,"featured_media":10712,"comment_status":"open","ping_status":"closed","sticky":false,"template":"","format":"standard","meta":{"footnotes":""},"categories":[11,2,56,10],"tags":[36,57,58],"class_list":["post-10713","post","type-post","status-publish","format-standard","has-post-thumbnail","hentry","category-homepage-french","category-politique","category-to-homepage","category-toutes-les-actualites","tag-africa-press","tag-africa-press-guinee","tag-guinee"],"yoast_head":"<!-- This site is optimized with the Yoast SEO Premium plugin v26.1 (Yoast SEO v27.0) - https:\/\/yoast.com\/product\/yoast-seo-premium-wordpress\/ -->\n<title>Affaire des recrues de Kaleya : Dadis Camara charge S\u00e9kouba Konat\u00e9 et sollicite sa comparution - guinee Conakry<\/title>\n<meta name=\"robots\" content=\"index, follow, max-snippet:-1, max-image-preview:large, max-video-preview:-1\" \/>\n<link rel=\"canonical\" href=\"https:\/\/www.africa-press.net\/guinee-conakry\/politique\/affaire-des-recrues-de-kaleya-dadis-camara-charge-sekouba-konate-et-sollicite-sa-comparution\" \/>\n<meta property=\"og:locale\" content=\"fr_FR\" \/>\n<meta property=\"og:type\" content=\"article\" \/>\n<meta property=\"og:title\" content=\"Affaire des recrues de Kaleya : Dadis Camara charge S\u00e9kouba Konat\u00e9 et sollicite sa comparution\" \/>\n<meta property=\"og:description\" content=\"Africa-Press &#8211; Guin\u00e9e. Comme annonce\u0301 pre\u0301ce\u0301demment, le capitaine Moussa Dadis Camara est de nouveau a\u0300 la barre ce mardi, 13 de\u0301cembre 2022, devant le tribunal criminel de Dixinn (de\u0301localise\u0301 a\u0300 la Cour d\u2019Appel de Conakry) pour re\u0301pondre des charges qui pe\u0300sent contre lui dans le dossier du massacre du 28 septembre 2009. Et, comme il [&hellip;]\" \/>\n<meta property=\"og:url\" content=\"https:\/\/www.africa-press.net\/guinee-conakry\/politique\/affaire-des-recrues-de-kaleya-dadis-camara-charge-sekouba-konate-et-sollicite-sa-comparution\" \/>\n<meta property=\"og:site_name\" content=\"guinee Conakry\" \/>\n<meta property=\"article:published_time\" content=\"2022-12-13T20:16:00+00:00\" \/>\n<meta name=\"author\" content=\"cfeditorfr\" \/>\n<meta name=\"twitter:card\" content=\"summary_large_image\" \/>\n<meta name=\"twitter:label1\" content=\"\u00c9crit par\" \/>\n\t<meta name=\"twitter:data1\" content=\"cfeditorfr\" \/>\n\t<meta name=\"twitter:label2\" content=\"Dur\u00e9e de lecture estim\u00e9e\" \/>\n\t<meta name=\"twitter:data2\" content=\"3 minutes\" \/>\n<script type=\"application\/ld+json\" class=\"yoast-schema-graph\">{\"@context\":\"https:\/\/schema.org\",\"@graph\":[{\"@type\":\"Article\",\"@id\":\"https:\/\/www.africa-press.net\/guinee-conakry\/politique\/affaire-des-recrues-de-kaleya-dadis-camara-charge-sekouba-konate-et-sollicite-sa-comparution#article\",\"isPartOf\":{\"@id\":\"https:\/\/www.africa-press.net\/guinee-conakry\/politique\/affaire-des-recrues-de-kaleya-dadis-camara-charge-sekouba-konate-et-sollicite-sa-comparution\"},\"author\":{\"name\":\"cfeditorfr\",\"@id\":\"https:\/\/www.africa-press.net\/guinee-conakry\/#\/schema\/person\/2b1cf3cd81a31e3cd26889ca66d677f1\"},\"headline\":\"Affaire des recrues de Kaleya : Dadis Camara charge S\u00e9kouba Konat\u00e9 et sollicite sa comparution\",\"datePublished\":\"2022-12-13T20:16:00+00:00\",\"mainEntityOfPage\":{\"@id\":\"https:\/\/www.africa-press.net\/guinee-conakry\/politique\/affaire-des-recrues-de-kaleya-dadis-camara-charge-sekouba-konate-et-sollicite-sa-comparution\"},\"wordCount\":521,\"commentCount\":0,\"image\":{\"@id\":\"https:\/\/www.africa-press.net\/guinee-conakry\/politique\/affaire-des-recrues-de-kaleya-dadis-camara-charge-sekouba-konate-et-sollicite-sa-comparution#primaryimage\"},\"thumbnailUrl\":\"https:\/\/static.africa-press.net\/conakry\/sites\/63\/2022\/12\/Jokar1670950019.240248.jpg\",\"keywords\":[\"Africa Press\",\"Africa Press-Guin\u00e9e\",\"Guin\u00e9e\"],\"articleSection\":[\"homepage-french\",\"Politique\",\"to-homepage\",\"Toutes les actualit\u00e9s\"],\"inLanguage\":\"fr-FR\",\"potentialAction\":[{\"@type\":\"CommentAction\",\"name\":\"Comment\",\"target\":[\"https:\/\/www.africa-press.net\/guinee-conakry\/politique\/affaire-des-recrues-de-kaleya-dadis-camara-charge-sekouba-konate-et-sollicite-sa-comparution#respond\"]}]},{\"@type\":\"WebPage\",\"@id\":\"https:\/\/www.africa-press.net\/guinee-conakry\/politique\/affaire-des-recrues-de-kaleya-dadis-camara-charge-sekouba-konate-et-sollicite-sa-comparution\",\"url\":\"https:\/\/www.africa-press.net\/guinee-conakry\/politique\/affaire-des-recrues-de-kaleya-dadis-camara-charge-sekouba-konate-et-sollicite-sa-comparution\",\"name\":\"Affaire des recrues de Kaleya : Dadis Camara charge S\u00e9kouba Konat\u00e9 et sollicite sa comparution - guinee Conakry\",\"isPartOf\":{\"@id\":\"https:\/\/www.africa-press.net\/guinee-conakry\/#website\"},\"primaryImageOfPage\":{\"@id\":\"https:\/\/www.africa-press.net\/guinee-conakry\/politique\/affaire-des-recrues-de-kaleya-dadis-camara-charge-sekouba-konate-et-sollicite-sa-comparution#primaryimage\"},\"image\":{\"@id\":\"https:\/\/www.africa-press.net\/guinee-conakry\/politique\/affaire-des-recrues-de-kaleya-dadis-camara-charge-sekouba-konate-et-sollicite-sa-comparution#primaryimage\"},\"thumbnailUrl\":\"https:\/\/static.africa-press.net\/conakry\/sites\/63\/2022\/12\/Jokar1670950019.240248.jpg\",\"datePublished\":\"2022-12-13T20:16:00+00:00\",\"author\":{\"@id\":\"https:\/\/www.africa-press.net\/guinee-conakry\/#\/schema\/person\/2b1cf3cd81a31e3cd26889ca66d677f1\"},\"breadcrumb\":{\"@id\":\"https:\/\/www.africa-press.net\/guinee-conakry\/politique\/affaire-des-recrues-de-kaleya-dadis-camara-charge-sekouba-konate-et-sollicite-sa-comparution#breadcrumb\"},\"inLanguage\":\"fr-FR\",\"potentialAction\":[{\"@type\":\"ReadAction\",\"target\":[\"https:\/\/www.africa-press.net\/guinee-conakry\/politique\/affaire-des-recrues-de-kaleya-dadis-camara-charge-sekouba-konate-et-sollicite-sa-comparution\"]}]},{\"@type\":\"ImageObject\",\"inLanguage\":\"fr-FR\",\"@id\":\"https:\/\/www.africa-press.net\/guinee-conakry\/politique\/affaire-des-recrues-de-kaleya-dadis-camara-charge-sekouba-konate-et-sollicite-sa-comparution#primaryimage\",\"url\":\"https:\/\/static.africa-press.net\/conakry\/sites\/63\/2022\/12\/Jokar1670950019.240248.jpg\",\"contentUrl\":\"https:\/\/static.africa-press.net\/conakry\/sites\/63\/2022\/12\/Jokar1670950019.240248.jpg\",\"width\":648,\"height\":570,\"caption\":\"Affaire des recrues de Kaleya : Dadis Camara charge S\u00e9kouba Konat\u00e9 et sollicite sa comparution\"},{\"@type\":\"BreadcrumbList\",\"@id\":\"https:\/\/www.africa-press.net\/guinee-conakry\/politique\/affaire-des-recrues-de-kaleya-dadis-camara-charge-sekouba-konate-et-sollicite-sa-comparution#breadcrumb\",\"itemListElement\":[{\"@type\":\"ListItem\",\"position\":1,\"name\":\"Accueil\",\"item\":\"https:\/\/www.africa-press.net\/guinee-conakry\/\"},{\"@type\":\"ListItem\",\"position\":2,\"name\":\"Affaire des recrues de Kaleya : Dadis Camara charge S\u00e9kouba Konat\u00e9 et sollicite sa comparution\"}]},{\"@type\":\"WebSite\",\"@id\":\"https:\/\/www.africa-press.net\/guinee-conakry\/#website\",\"url\":\"https:\/\/www.africa-press.net\/guinee-conakry\/\",\"name\":\"guinee Conakry\",\"description\":\"Just another Africa News Agency Sites site\",\"potentialAction\":[{\"@type\":\"SearchAction\",\"target\":{\"@type\":\"EntryPoint\",\"urlTemplate\":\"https:\/\/www.africa-press.net\/guinee-conakry\/?s={search_term_string}\"},\"query-input\":{\"@type\":\"PropertyValueSpecification\",\"valueRequired\":true,\"valueName\":\"search_term_string\"}}],\"inLanguage\":\"fr-FR\"},{\"@type\":\"Person\",\"@id\":\"https:\/\/www.africa-press.net\/guinee-conakry\/#\/schema\/person\/2b1cf3cd81a31e3cd26889ca66d677f1\",\"name\":\"cfeditorfr\"}]}<\/script>\n<!-- \/ Yoast SEO Premium plugin. -->","yoast_head_json":{"title":"Affaire des recrues de Kaleya : Dadis Camara charge S\u00e9kouba Konat\u00e9 et sollicite sa comparution - guinee Conakry","robots":{"index":"index","follow":"follow","max-snippet":"max-snippet:-1","max-image-preview":"max-image-preview:large","max-video-preview":"max-video-preview:-1"},"canonical":"https:\/\/www.africa-press.net\/guinee-conakry\/politique\/affaire-des-recrues-de-kaleya-dadis-camara-charge-sekouba-konate-et-sollicite-sa-comparution","og_locale":"fr_FR","og_type":"article","og_title":"Affaire des recrues de Kaleya : Dadis Camara charge S\u00e9kouba Konat\u00e9 et sollicite sa comparution","og_description":"Africa-Press &#8211; Guin\u00e9e. Comme annonce\u0301 pre\u0301ce\u0301demment, le capitaine Moussa Dadis Camara est de nouveau a\u0300 la barre ce mardi, 13 de\u0301cembre 2022, devant le tribunal criminel de Dixinn (de\u0301localise\u0301 a\u0300 la Cour d\u2019Appel de Conakry) pour re\u0301pondre des charges qui pe\u0300sent contre lui dans le dossier du massacre du 28 septembre 2009. Et, comme il [&hellip;]","og_url":"https:\/\/www.africa-press.net\/guinee-conakry\/politique\/affaire-des-recrues-de-kaleya-dadis-camara-charge-sekouba-konate-et-sollicite-sa-comparution","og_site_name":"guinee Conakry","article_published_time":"2022-12-13T20:16:00+00:00","author":"cfeditorfr","twitter_card":"summary_large_image","twitter_misc":{"\u00c9crit par":"cfeditorfr","Dur\u00e9e de lecture estim\u00e9e":"3 minutes"},"schema":{"@context":"https:\/\/schema.org","@graph":[{"@type":"Article","@id":"https:\/\/www.africa-press.net\/guinee-conakry\/politique\/affaire-des-recrues-de-kaleya-dadis-camara-charge-sekouba-konate-et-sollicite-sa-comparution#article","isPartOf":{"@id":"https:\/\/www.africa-press.net\/guinee-conakry\/politique\/affaire-des-recrues-de-kaleya-dadis-camara-charge-sekouba-konate-et-sollicite-sa-comparution"},"author":{"name":"cfeditorfr","@id":"https:\/\/www.africa-press.net\/guinee-conakry\/#\/schema\/person\/2b1cf3cd81a31e3cd26889ca66d677f1"},"headline":"Affaire des recrues de Kaleya : Dadis Camara charge S\u00e9kouba Konat\u00e9 et sollicite sa comparution","datePublished":"2022-12-13T20:16:00+00:00","mainEntityOfPage":{"@id":"https:\/\/www.africa-press.net\/guinee-conakry\/politique\/affaire-des-recrues-de-kaleya-dadis-camara-charge-sekouba-konate-et-sollicite-sa-comparution"},"wordCount":521,"commentCount":0,"image":{"@id":"https:\/\/www.africa-press.net\/guinee-conakry\/politique\/affaire-des-recrues-de-kaleya-dadis-camara-charge-sekouba-konate-et-sollicite-sa-comparution#primaryimage"},"thumbnailUrl":"https:\/\/static.africa-press.net\/conakry\/sites\/63\/2022\/12\/Jokar1670950019.240248.jpg","keywords":["Africa Press","Africa Press-Guin\u00e9e","Guin\u00e9e"],"articleSection":["homepage-french","Politique","to-homepage","Toutes les actualit\u00e9s"],"inLanguage":"fr-FR","potentialAction":[{"@type":"CommentAction","name":"Comment","target":["https:\/\/www.africa-press.net\/guinee-conakry\/politique\/affaire-des-recrues-de-kaleya-dadis-camara-charge-sekouba-konate-et-sollicite-sa-comparution#respond"]}]},{"@type":"WebPage","@id":"https:\/\/www.africa-press.net\/guinee-conakry\/politique\/affaire-des-recrues-de-kaleya-dadis-camara-charge-sekouba-konate-et-sollicite-sa-comparution","url":"https:\/\/www.africa-press.net\/guinee-conakry\/politique\/affaire-des-recrues-de-kaleya-dadis-camara-charge-sekouba-konate-et-sollicite-sa-comparution","name":"Affaire des recrues de Kaleya : Dadis Camara charge S\u00e9kouba Konat\u00e9 et sollicite sa comparution - guinee Conakry","isPartOf":{"@id":"https:\/\/www.africa-press.net\/guinee-conakry\/#website"},"primaryImageOfPage":{"@id":"https:\/\/www.africa-press.net\/guinee-conakry\/politique\/affaire-des-recrues-de-kaleya-dadis-camara-charge-sekouba-konate-et-sollicite-sa-comparution#primaryimage"},"image":{"@id":"https:\/\/www.africa-press.net\/guinee-conakry\/politique\/affaire-des-recrues-de-kaleya-dadis-camara-charge-sekouba-konate-et-sollicite-sa-comparution#primaryimage"},"thumbnailUrl":"https:\/\/static.africa-press.net\/conakry\/sites\/63\/2022\/12\/Jokar1670950019.240248.jpg","datePublished":"2022-12-13T20:16:00+00:00","author":{"@id":"https:\/\/www.africa-press.net\/guinee-conakry\/#\/schema\/person\/2b1cf3cd81a31e3cd26889ca66d677f1"},"breadcrumb":{"@id":"https:\/\/www.africa-press.net\/guinee-conakry\/politique\/affaire-des-recrues-de-kaleya-dadis-camara-charge-sekouba-konate-et-sollicite-sa-comparution#breadcrumb"},"inLanguage":"fr-FR","potentialAction":[{"@type":"ReadAction","target":["https:\/\/www.africa-press.net\/guinee-conakry\/politique\/affaire-des-recrues-de-kaleya-dadis-camara-charge-sekouba-konate-et-sollicite-sa-comparution"]}]},{"@type":"ImageObject","inLanguage":"fr-FR","@id":"https:\/\/www.africa-press.net\/guinee-conakry\/politique\/affaire-des-recrues-de-kaleya-dadis-camara-charge-sekouba-konate-et-sollicite-sa-comparution#primaryimage","url":"https:\/\/static.africa-press.net\/conakry\/sites\/63\/2022\/12\/Jokar1670950019.240248.jpg","contentUrl":"https:\/\/static.africa-press.net\/conakry\/sites\/63\/2022\/12\/Jokar1670950019.240248.jpg","width":648,"height":570,"caption":"Affaire des recrues de Kaleya : Dadis Camara charge S\u00e9kouba Konat\u00e9 et sollicite sa comparution"},{"@type":"BreadcrumbList","@id":"https:\/\/www.africa-press.net\/guinee-conakry\/politique\/affaire-des-recrues-de-kaleya-dadis-camara-charge-sekouba-konate-et-sollicite-sa-comparution#breadcrumb","itemListElement":[{"@type":"ListItem","position":1,"name":"Accueil","item":"https:\/\/www.africa-press.net\/guinee-conakry\/"},{"@type":"ListItem","position":2,"name":"Affaire des recrues de Kaleya : Dadis Camara charge S\u00e9kouba Konat\u00e9 et sollicite sa comparution"}]},{"@type":"WebSite","@id":"https:\/\/www.africa-press.net\/guinee-conakry\/#website","url":"https:\/\/www.africa-press.net\/guinee-conakry\/","name":"guinee Conakry","description":"Just another Africa News Agency Sites site","potentialAction":[{"@type":"SearchAction","target":{"@type":"EntryPoint","urlTemplate":"https:\/\/www.africa-press.net\/guinee-conakry\/?s={search_term_string}"},"query-input":{"@type":"PropertyValueSpecification","valueRequired":true,"valueName":"search_term_string"}}],"inLanguage":"fr-FR"},{"@type":"Person","@id":"https:\/\/www.africa-press.net\/guinee-conakry\/#\/schema\/person\/2b1cf3cd81a31e3cd26889ca66d677f1","name":"cfeditorfr"}]}},"_links":{"self":[{"href":"https:\/\/www.africa-press.net\/guinee-conakry\/wp-json\/wp\/v2\/posts\/10713","targetHints":{"allow":["GET"]}}],"collection":[{"href":"https:\/\/www.africa-press.net\/guinee-conakry\/wp-json\/wp\/v2\/posts"}],"about":[{"href":"https:\/\/www.africa-press.net\/guinee-conakry\/wp-json\/wp\/v2\/types\/post"}],"author":[{"embeddable":true,"href":"https:\/\/www.africa-press.net\/guinee-conakry\/wp-json\/wp\/v2\/users\/82"}],"replies":[{"embeddable":true,"href":"https:\/\/www.africa-press.net\/guinee-conakry\/wp-json\/wp\/v2\/comments?post=10713"}],"version-history":[{"count":0,"href":"https:\/\/www.africa-press.net\/guinee-conakry\/wp-json\/wp\/v2\/posts\/10713\/revisions"}],"wp:featuredmedia":[{"embeddable":true,"href":"https:\/\/www.africa-press.net\/guinee-conakry\/wp-json\/wp\/v2\/media\/10712"}],"wp:attachment":[{"href":"https:\/\/www.africa-press.net\/guinee-conakry\/wp-json\/wp\/v2\/media?parent=10713"}],"wp:term":[{"taxonomy":"category","embeddable":true,"href":"https:\/\/www.africa-press.net\/guinee-conakry\/wp-json\/wp\/v2\/categories?post=10713"},{"taxonomy":"post_tag","embeddable":true,"href":"https:\/\/www.africa-press.net\/guinee-conakry\/wp-json\/wp\/v2\/tags?post=10713"}],"curies":[{"name":"wp","href":"https:\/\/api.w.org\/{rel}","templated":true}]}}