{"id":10723,"date":"2022-12-13T20:34:00","date_gmt":"2022-12-13T20:34:00","guid":{"rendered":"https:\/\/www.africa-press.net\/guinee-conakry\/politique\/climat-lunion-europeenne-adopte-une-taxe-carbone-a-ses-frontieres"},"modified":"2022-12-13T20:34:00","modified_gmt":"2022-12-13T20:34:00","slug":"climat-lunion-europeenne-adopte-une-taxe-carbone-a-ses-frontieres","status":"publish","type":"post","link":"https:\/\/www.africa-press.net\/guinee-conakry\/toutes-les-actualites\/climat-lunion-europeenne-adopte-une-taxe-carbone-a-ses-frontieres","title":{"rendered":"Climat : l&rsquo;Union europ\u00e9enne adopte une \u00ab\u00a0taxe carbone\u00a0\u00bb \u00e0 ses fronti\u00e8res"},"content":{"rendered":"<p><span style=\"color: #ff6600\"><strong>Africa-Press &#8211; Guin\u00e9e. <\/strong><\/span><b>Verdir les importations industrielles en faisant payer les e\u0301missions carbones lie\u0301es a\u0300 leur production : l&rsquo;UE a adopte\u0301 mardi un me\u0301canisme ine\u0301dit a\u0300 ses frontie\u0300res, qui doit aussi signer la fin des \u00ab\u00a0droits a\u0300 polluer\u00a0\u00bb gratuits alloue\u0301s aux industriels europe\u0301ens.<\/b><\/p>\n<p>Appele\u0301 commune\u0301ment \u00ab\u00a0taxe carbone aux frontie\u0300res\u00a0\u00bb bien qu&rsquo;il ne s&rsquo;agisse pas d&rsquo;une taxe proprement dite, ce dispositif sans pre\u0301ce\u0301dent consistera a\u0300 appliquer aux importations des Vingt-Sept les crite\u0300res du marche\u0301 du carbone europe\u0301en, ou\u0300 les industriels de l&rsquo;UE sont tenus d&rsquo;acheter des quotas couvrant leurs e\u0301missions polluantes.<\/p>\n<p>Avec l&rsquo;envole\u0301e du prix de la tonne de CO2, l&rsquo;ide\u0301e est d&rsquo;e\u0301viter un \u00ab\u00a0dumping e\u0301cologique\u00a0\u00bb qui verrait les industriels de\u0301localiser leur production hors d&rsquo;Europe, tout en encourageant le reste du monde a\u0300 adopter les standards europe\u0301ens.<\/p>\n<p><b>(Re)lire : Climat : l&rsquo;Union europe\u0301enne s&rsquo;engage a\u0300 atteindre la neutralite\u0301 carbone en 2050<\/b><\/p>\n<p>Ce dispositif d'\u00a0\u00bbajustement carbone aux frontie\u0300res\u00a0\u00bb (CBAM en anglais) \u00ab\u00a0sera un pilier crucial des politiques climatiques europe\u0301ennes (&#8230;) pour inciter nos partenaires commerciaux a\u0300 de\u0301carboner leur industrie\u00a0\u00bb, explique l&rsquo;eurode\u0301pute\u0301 Mohammed Chahim (S&amp;D, sociaux-de\u0301mocrates).<\/p>\n<p>En pratique, l&rsquo;importateur devra de\u0301clarer les e\u0301missions lie\u0301es au processus de production, et si celles-ci de\u0301passent le standard europe\u0301en, acque\u0301rir un \u00ab\u00a0certificat d&rsquo;e\u0301mission\u00a0\u00bb au prix du CO2 dans l&rsquo;UE. Si un marche\u0301 carbone existe dans le pays exportateur, il paiera seulement la diffe\u0301rence.<\/p>\n<p>\u00ab\u00a0Le message a\u0300 nos industries est clair: inutile de de\u0301localiser car nous avons pris les mesures ne\u0301cessaires pour e\u0301viter les concurrences de\u0301loyales\u00a0\u00bb en garantissant \u00ab\u00a0un traitement e\u0301quitable\u00a0\u00bb entre producteurs europe\u0301ens et marchandises importe\u0301es, a observe\u0301 Pascal Canfin (Renew, libe\u0301raux), pre\u0301sident de la commission Environnement au Parlement.<\/p>\n<p>Voici les modalite\u0301s de l&rsquo;accord trouve\u0301 mardi matin entre les ne\u0301gociateurs des Etats membres et du Parlement europe\u0301en apre\u0300s de longues ne\u0301gociations nocturnes:<\/p>\n<p><b>Secteurs concerne\u0301s <\/b><\/p>\n<p>Le me\u0301canisme, administre\u0301 pour l&rsquo;essentiel de fac\u0327on centralise\u0301e au niveau de l&rsquo;UE, visera les secteurs juge\u0301s les plus polluants (acier, aluminium, ciment, engrais, e\u0301lectricite\u0301), comme le proposait la Commission europe\u0301enne.<\/p>\n<p>Les eurode\u0301pute\u0301s ont obtenu d&rsquo;y ajouter l&rsquo;hydroge\u0300ne, certains produits de\u0301rive\u0301s (boulons&#8230;), et Bruxelles devra e\u0301tudier l&rsquo;e\u0301ventuelle extension a\u0300 la chimie organique et aux polyme\u0300res (plastiques).<\/p>\n<p>Le dispositif tiendra compte des e\u0301missions \u00ab\u00a0indirectes\u00a0\u00bb (ge\u0301ne\u0301re\u0301es par l&rsquo;e\u0301lectricite\u0301 utilise\u0301e pour la production). Les revenus attendus, qui pourraient de\u0301passer 14 milliards d&rsquo;euros annuels, alimenteront le budget ge\u0301ne\u0301ral de l&rsquo;UE.<\/p>\n<p><b>(Re)lire : COP26 : peut-on compter sur l&rsquo;innovation pour capter plus de CO2 ?<\/b><\/p>\n<p><b>Calendrier<\/b><\/p>\n<p>Une pe\u0301riode-test commencera de\u0300s octobre 2023, durant laquelle les entreprises importatrices devront simplement rapporter leurs obligations. Le calendrier du de\u0301marrage effectif de\u0301pendra de pourparlers en fin de semaine sur le reste de la re\u0301forme du marche\u0301 carbone europe\u0301en.<\/p>\n<p>Commission et Etats de\u0301fendent une application progressive du me\u0301canisme sur dix ans a\u0300 partir de 2026. Les eurode\u0301pute\u0301s, eux, demandent une mise en oeuvre graduelle entre 2027 et 2032.<\/p>\n<p><b>Quotas gratuits<\/b><\/p>\n<p>Actuellement, les industriels europe\u0301ens se voient allouer des quotas gratuits couvrant une partie de leurs e\u0301missions, pour soutenir leur compe\u0301titivite\u0301 face aux concurrents e\u0301trangers.<\/p>\n<p>A mesure que montera en puissance l'\u00a0\u00bbajustement aux frontie\u0300res\u00a0\u00bb, les quotas gratuits distribue\u0301s aux secteurs concerne\u0301s seront supprime\u0301s progressivement.<\/p>\n<p>Un point crucial: en traitant a\u0300 e\u0301galite\u0301 importations et production locale, Bruxelles estime rester dans les clous des re\u0300gles de l&rsquo;Organisation mondiale du commerce (OMC) et contrer les accusations de \u00ab\u00a0protectionnisme\u00a0\u00bb.<\/p>\n<p>Mais le calendrier de suppression des quotas gratuits, a\u0302prement discute\u0301, ne sera aborde\u0301 que vendredi et samedi dans les pourparlers sur la re\u0301forme du marche\u0301 carbone.<\/p>\n<p>\u00ab\u00a0La re\u0301glementation sur le CBAM ne pourra e\u0302tre formellement adopte\u0301e qu&rsquo;apre\u0300s avoir re\u0301solu ces autres e\u0301le\u0301ments\u00a0\u00bb, avertit le Conseil europe\u0301en.<\/p>\n<p><b>Aides a\u0300 l&rsquo;exportation<\/b><\/p>\n<p>Autre point controverse\u0301 restant a\u0300 ne\u0301gocier : le Parlement veut que les sites industriels europe\u0301ens, sous certaines conditions, continuent de recevoir des allocations gratuites pour leur production destine\u0301e aux exportations vers des pays hors-UE.<\/p>\n<p>Les industriels europe\u0301ens s&rsquo;alarment de voir leurs exportations perdre en compe\u0301titivite\u0301 en raison du prix a\u0300 payer pour leurs e\u0301missions et des lourds investissements pour se de\u0301carboner, alors qu&rsquo;ils pa\u0302tissent de\u0301ja\u0300 de la flambe\u0301e des cou\u0302ts de l&rsquo;e\u0301nergie.<\/p>\n<p>Les Etats restent, eux, re\u0301ticents a\u0300 tout \u00ab\u00a0rabais a\u0300 l&rsquo;exportation\u00a0\u00bb, qui risquent d&rsquo;e\u0302tre incompatibles avec les re\u0300gles anti-subventions de l&rsquo;OMC. Le CBAM est \u00ab\u00a0l&rsquo;aboutissement d&rsquo;une ide\u0301e vieille de trente ans, mais il n&rsquo;a de sens qu&rsquo;en supprimant toutes les allocations gratuites\u00a0\u00bb, observe Genevie\u0300ve Pons, directrice-ge\u0301ne\u0301rale de l&rsquo;institut Europe Jacques-Delors. Alternativement, elle plaide pour que les recettes du me\u0301canisme soit utilise\u0301es pour aider les pays en de\u0301veloppement a\u0300 se de\u0301carboner.<\/p>\n<p><strong>Pour plus d&rsquo;informations et d&rsquo;analyses sur la <a href=\"https:\/\/www.africa-press.net\/guinee-conakry\">Guin\u00e9e<\/a>, suivez <a href=\"https:\/\/www.africa-press.net\/\">Africa-Press<\/a><\/strong><\/p>\n","protected":false},"excerpt":{"rendered":"<p>Africa-Press &#8211; Guin\u00e9e. Verdir les importations industrielles en faisant payer les e\u0301missions carbones lie\u0301es a\u0300 leur production : l&rsquo;UE a adopte\u0301 mardi un me\u0301canisme ine\u0301dit a\u0300 ses frontie\u0300res, qui doit aussi signer la fin des \u00ab\u00a0droits a\u0300 polluer\u00a0\u00bb gratuits alloue\u0301s aux industriels europe\u0301ens. Appele\u0301 commune\u0301ment \u00ab\u00a0taxe carbone aux frontie\u0300res\u00a0\u00bb bien qu&rsquo;il ne s&rsquo;agisse pas d&rsquo;une [&hellip;]<\/p>\n","protected":false},"author":82,"featured_media":10722,"comment_status":"open","ping_status":"closed","sticky":false,"template":"","format":"standard","meta":{"footnotes":""},"categories":[22,11,56,10],"tags":[36,57,58],"class_list":["post-10723","post","type-post","status-publish","format-standard","has-post-thumbnail","hentry","category-divers","category-homepage-french","category-to-homepage","category-toutes-les-actualites","tag-africa-press","tag-africa-press-guinee","tag-guinee"],"yoast_head":"<!-- This site is optimized with the Yoast SEO Premium plugin v26.1 (Yoast SEO v27.0) - https:\/\/yoast.com\/product\/yoast-seo-premium-wordpress\/ -->\n<title>Climat : l&#039;Union europ\u00e9enne adopte une &quot;taxe carbone&quot; \u00e0 ses fronti\u00e8res - guinee Conakry<\/title>\n<meta name=\"robots\" content=\"index, follow, max-snippet:-1, max-image-preview:large, max-video-preview:-1\" \/>\n<link rel=\"canonical\" href=\"https:\/\/www.africa-press.net\/guinee-conakry\/politique\/climat-lunion-europeenne-adopte-une-taxe-carbone-a-ses-frontieres\" \/>\n<meta property=\"og:locale\" content=\"fr_FR\" \/>\n<meta property=\"og:type\" content=\"article\" \/>\n<meta property=\"og:title\" content=\"Climat : l&#039;Union europ\u00e9enne adopte une &quot;taxe carbone&quot; \u00e0 ses fronti\u00e8res\" \/>\n<meta property=\"og:description\" content=\"Africa-Press &#8211; Guin\u00e9e. Verdir les importations industrielles en faisant payer les e\u0301missions carbones lie\u0301es a\u0300 leur production : l&rsquo;UE a adopte\u0301 mardi un me\u0301canisme ine\u0301dit a\u0300 ses frontie\u0300res, qui doit aussi signer la fin des \u00ab\u00a0droits a\u0300 polluer\u00a0\u00bb gratuits alloue\u0301s aux industriels europe\u0301ens. Appele\u0301 commune\u0301ment \u00ab\u00a0taxe carbone aux frontie\u0300res\u00a0\u00bb bien qu&rsquo;il ne s&rsquo;agisse pas d&rsquo;une [&hellip;]\" \/>\n<meta property=\"og:url\" content=\"https:\/\/www.africa-press.net\/guinee-conakry\/politique\/climat-lunion-europeenne-adopte-une-taxe-carbone-a-ses-frontieres\" \/>\n<meta property=\"og:site_name\" content=\"guinee Conakry\" \/>\n<meta property=\"article:published_time\" content=\"2022-12-13T20:34:00+00:00\" \/>\n<meta name=\"author\" content=\"cfeditorfr\" \/>\n<meta name=\"twitter:card\" content=\"summary_large_image\" \/>\n<meta name=\"twitter:label1\" content=\"\u00c9crit par\" \/>\n\t<meta name=\"twitter:data1\" content=\"cfeditorfr\" \/>\n\t<meta name=\"twitter:label2\" content=\"Dur\u00e9e de lecture estim\u00e9e\" \/>\n\t<meta name=\"twitter:data2\" content=\"4 minutes\" \/>\n<script type=\"application\/ld+json\" class=\"yoast-schema-graph\">{\"@context\":\"https:\/\/schema.org\",\"@graph\":[{\"@type\":\"Article\",\"@id\":\"https:\/\/www.africa-press.net\/guinee-conakry\/politique\/climat-lunion-europeenne-adopte-une-taxe-carbone-a-ses-frontieres#article\",\"isPartOf\":{\"@id\":\"https:\/\/www.africa-press.net\/guinee-conakry\/politique\/climat-lunion-europeenne-adopte-une-taxe-carbone-a-ses-frontieres\"},\"author\":{\"name\":\"cfeditorfr\",\"@id\":\"https:\/\/www.africa-press.net\/guinee-conakry\/#\/schema\/person\/2b1cf3cd81a31e3cd26889ca66d677f1\"},\"headline\":\"Climat : l&rsquo;Union europ\u00e9enne adopte une \u00ab\u00a0taxe carbone\u00a0\u00bb \u00e0 ses fronti\u00e8res\",\"datePublished\":\"2022-12-13T20:34:00+00:00\",\"mainEntityOfPage\":{\"@id\":\"https:\/\/www.africa-press.net\/guinee-conakry\/politique\/climat-lunion-europeenne-adopte-une-taxe-carbone-a-ses-frontieres\"},\"wordCount\":903,\"commentCount\":0,\"image\":{\"@id\":\"https:\/\/www.africa-press.net\/guinee-conakry\/politique\/climat-lunion-europeenne-adopte-une-taxe-carbone-a-ses-frontieres#primaryimage\"},\"thumbnailUrl\":\"https:\/\/static.africa-press.net\/conakry\/sites\/63\/2022\/12\/Jokar1670951064.753921.jpg\",\"keywords\":[\"Africa Press\",\"Africa Press-Guin\u00e9e\",\"Guin\u00e9e\"],\"articleSection\":[\"Divers\",\"homepage-french\",\"to-homepage\",\"Toutes les actualit\u00e9s\"],\"inLanguage\":\"fr-FR\",\"potentialAction\":[{\"@type\":\"CommentAction\",\"name\":\"Comment\",\"target\":[\"https:\/\/www.africa-press.net\/guinee-conakry\/politique\/climat-lunion-europeenne-adopte-une-taxe-carbone-a-ses-frontieres#respond\"]}]},{\"@type\":\"WebPage\",\"@id\":\"https:\/\/www.africa-press.net\/guinee-conakry\/politique\/climat-lunion-europeenne-adopte-une-taxe-carbone-a-ses-frontieres\",\"url\":\"https:\/\/www.africa-press.net\/guinee-conakry\/politique\/climat-lunion-europeenne-adopte-une-taxe-carbone-a-ses-frontieres\",\"name\":\"Climat : l'Union europ\u00e9enne adopte une \\\"taxe carbone\\\" \u00e0 ses fronti\u00e8res - guinee Conakry\",\"isPartOf\":{\"@id\":\"https:\/\/www.africa-press.net\/guinee-conakry\/#website\"},\"primaryImageOfPage\":{\"@id\":\"https:\/\/www.africa-press.net\/guinee-conakry\/politique\/climat-lunion-europeenne-adopte-une-taxe-carbone-a-ses-frontieres#primaryimage\"},\"image\":{\"@id\":\"https:\/\/www.africa-press.net\/guinee-conakry\/politique\/climat-lunion-europeenne-adopte-une-taxe-carbone-a-ses-frontieres#primaryimage\"},\"thumbnailUrl\":\"https:\/\/static.africa-press.net\/conakry\/sites\/63\/2022\/12\/Jokar1670951064.753921.jpg\",\"datePublished\":\"2022-12-13T20:34:00+00:00\",\"author\":{\"@id\":\"https:\/\/www.africa-press.net\/guinee-conakry\/#\/schema\/person\/2b1cf3cd81a31e3cd26889ca66d677f1\"},\"breadcrumb\":{\"@id\":\"https:\/\/www.africa-press.net\/guinee-conakry\/politique\/climat-lunion-europeenne-adopte-une-taxe-carbone-a-ses-frontieres#breadcrumb\"},\"inLanguage\":\"fr-FR\",\"potentialAction\":[{\"@type\":\"ReadAction\",\"target\":[\"https:\/\/www.africa-press.net\/guinee-conakry\/politique\/climat-lunion-europeenne-adopte-une-taxe-carbone-a-ses-frontieres\"]}]},{\"@type\":\"ImageObject\",\"inLanguage\":\"fr-FR\",\"@id\":\"https:\/\/www.africa-press.net\/guinee-conakry\/politique\/climat-lunion-europeenne-adopte-une-taxe-carbone-a-ses-frontieres#primaryimage\",\"url\":\"https:\/\/static.africa-press.net\/conakry\/sites\/63\/2022\/12\/Jokar1670951064.753921.jpg\",\"contentUrl\":\"https:\/\/static.africa-press.net\/conakry\/sites\/63\/2022\/12\/Jokar1670951064.753921.jpg\",\"width\":770,\"height\":433,\"caption\":\"Climat : l'Union europ\u00e9enne adopte une \\\"taxe carbone\\\" \u00e0 ses fronti\u00e8res\"},{\"@type\":\"BreadcrumbList\",\"@id\":\"https:\/\/www.africa-press.net\/guinee-conakry\/politique\/climat-lunion-europeenne-adopte-une-taxe-carbone-a-ses-frontieres#breadcrumb\",\"itemListElement\":[{\"@type\":\"ListItem\",\"position\":1,\"name\":\"Accueil\",\"item\":\"https:\/\/www.africa-press.net\/guinee-conakry\/\"},{\"@type\":\"ListItem\",\"position\":2,\"name\":\"Climat : l&rsquo;Union europ\u00e9enne adopte une \u00ab\u00a0taxe carbone\u00a0\u00bb \u00e0 ses fronti\u00e8res\"}]},{\"@type\":\"WebSite\",\"@id\":\"https:\/\/www.africa-press.net\/guinee-conakry\/#website\",\"url\":\"https:\/\/www.africa-press.net\/guinee-conakry\/\",\"name\":\"guinee Conakry\",\"description\":\"Just another Africa News Agency Sites site\",\"potentialAction\":[{\"@type\":\"SearchAction\",\"target\":{\"@type\":\"EntryPoint\",\"urlTemplate\":\"https:\/\/www.africa-press.net\/guinee-conakry\/?s={search_term_string}\"},\"query-input\":{\"@type\":\"PropertyValueSpecification\",\"valueRequired\":true,\"valueName\":\"search_term_string\"}}],\"inLanguage\":\"fr-FR\"},{\"@type\":\"Person\",\"@id\":\"https:\/\/www.africa-press.net\/guinee-conakry\/#\/schema\/person\/2b1cf3cd81a31e3cd26889ca66d677f1\",\"name\":\"cfeditorfr\"}]}<\/script>\n<!-- \/ Yoast SEO Premium plugin. -->","yoast_head_json":{"title":"Climat : l'Union europ\u00e9enne adopte une \"taxe carbone\" \u00e0 ses fronti\u00e8res - guinee Conakry","robots":{"index":"index","follow":"follow","max-snippet":"max-snippet:-1","max-image-preview":"max-image-preview:large","max-video-preview":"max-video-preview:-1"},"canonical":"https:\/\/www.africa-press.net\/guinee-conakry\/politique\/climat-lunion-europeenne-adopte-une-taxe-carbone-a-ses-frontieres","og_locale":"fr_FR","og_type":"article","og_title":"Climat : l'Union europ\u00e9enne adopte une \"taxe carbone\" \u00e0 ses fronti\u00e8res","og_description":"Africa-Press &#8211; Guin\u00e9e. Verdir les importations industrielles en faisant payer les e\u0301missions carbones lie\u0301es a\u0300 leur production : l&rsquo;UE a adopte\u0301 mardi un me\u0301canisme ine\u0301dit a\u0300 ses frontie\u0300res, qui doit aussi signer la fin des \u00ab\u00a0droits a\u0300 polluer\u00a0\u00bb gratuits alloue\u0301s aux industriels europe\u0301ens. Appele\u0301 commune\u0301ment \u00ab\u00a0taxe carbone aux frontie\u0300res\u00a0\u00bb bien qu&rsquo;il ne s&rsquo;agisse pas d&rsquo;une [&hellip;]","og_url":"https:\/\/www.africa-press.net\/guinee-conakry\/politique\/climat-lunion-europeenne-adopte-une-taxe-carbone-a-ses-frontieres","og_site_name":"guinee Conakry","article_published_time":"2022-12-13T20:34:00+00:00","author":"cfeditorfr","twitter_card":"summary_large_image","twitter_misc":{"\u00c9crit par":"cfeditorfr","Dur\u00e9e de lecture estim\u00e9e":"4 minutes"},"schema":{"@context":"https:\/\/schema.org","@graph":[{"@type":"Article","@id":"https:\/\/www.africa-press.net\/guinee-conakry\/politique\/climat-lunion-europeenne-adopte-une-taxe-carbone-a-ses-frontieres#article","isPartOf":{"@id":"https:\/\/www.africa-press.net\/guinee-conakry\/politique\/climat-lunion-europeenne-adopte-une-taxe-carbone-a-ses-frontieres"},"author":{"name":"cfeditorfr","@id":"https:\/\/www.africa-press.net\/guinee-conakry\/#\/schema\/person\/2b1cf3cd81a31e3cd26889ca66d677f1"},"headline":"Climat : l&rsquo;Union europ\u00e9enne adopte une \u00ab\u00a0taxe carbone\u00a0\u00bb \u00e0 ses fronti\u00e8res","datePublished":"2022-12-13T20:34:00+00:00","mainEntityOfPage":{"@id":"https:\/\/www.africa-press.net\/guinee-conakry\/politique\/climat-lunion-europeenne-adopte-une-taxe-carbone-a-ses-frontieres"},"wordCount":903,"commentCount":0,"image":{"@id":"https:\/\/www.africa-press.net\/guinee-conakry\/politique\/climat-lunion-europeenne-adopte-une-taxe-carbone-a-ses-frontieres#primaryimage"},"thumbnailUrl":"https:\/\/static.africa-press.net\/conakry\/sites\/63\/2022\/12\/Jokar1670951064.753921.jpg","keywords":["Africa Press","Africa Press-Guin\u00e9e","Guin\u00e9e"],"articleSection":["Divers","homepage-french","to-homepage","Toutes les actualit\u00e9s"],"inLanguage":"fr-FR","potentialAction":[{"@type":"CommentAction","name":"Comment","target":["https:\/\/www.africa-press.net\/guinee-conakry\/politique\/climat-lunion-europeenne-adopte-une-taxe-carbone-a-ses-frontieres#respond"]}]},{"@type":"WebPage","@id":"https:\/\/www.africa-press.net\/guinee-conakry\/politique\/climat-lunion-europeenne-adopte-une-taxe-carbone-a-ses-frontieres","url":"https:\/\/www.africa-press.net\/guinee-conakry\/politique\/climat-lunion-europeenne-adopte-une-taxe-carbone-a-ses-frontieres","name":"Climat : l'Union europ\u00e9enne adopte une \"taxe carbone\" \u00e0 ses fronti\u00e8res - guinee Conakry","isPartOf":{"@id":"https:\/\/www.africa-press.net\/guinee-conakry\/#website"},"primaryImageOfPage":{"@id":"https:\/\/www.africa-press.net\/guinee-conakry\/politique\/climat-lunion-europeenne-adopte-une-taxe-carbone-a-ses-frontieres#primaryimage"},"image":{"@id":"https:\/\/www.africa-press.net\/guinee-conakry\/politique\/climat-lunion-europeenne-adopte-une-taxe-carbone-a-ses-frontieres#primaryimage"},"thumbnailUrl":"https:\/\/static.africa-press.net\/conakry\/sites\/63\/2022\/12\/Jokar1670951064.753921.jpg","datePublished":"2022-12-13T20:34:00+00:00","author":{"@id":"https:\/\/www.africa-press.net\/guinee-conakry\/#\/schema\/person\/2b1cf3cd81a31e3cd26889ca66d677f1"},"breadcrumb":{"@id":"https:\/\/www.africa-press.net\/guinee-conakry\/politique\/climat-lunion-europeenne-adopte-une-taxe-carbone-a-ses-frontieres#breadcrumb"},"inLanguage":"fr-FR","potentialAction":[{"@type":"ReadAction","target":["https:\/\/www.africa-press.net\/guinee-conakry\/politique\/climat-lunion-europeenne-adopte-une-taxe-carbone-a-ses-frontieres"]}]},{"@type":"ImageObject","inLanguage":"fr-FR","@id":"https:\/\/www.africa-press.net\/guinee-conakry\/politique\/climat-lunion-europeenne-adopte-une-taxe-carbone-a-ses-frontieres#primaryimage","url":"https:\/\/static.africa-press.net\/conakry\/sites\/63\/2022\/12\/Jokar1670951064.753921.jpg","contentUrl":"https:\/\/static.africa-press.net\/conakry\/sites\/63\/2022\/12\/Jokar1670951064.753921.jpg","width":770,"height":433,"caption":"Climat : l'Union europ\u00e9enne adopte une \"taxe carbone\" \u00e0 ses fronti\u00e8res"},{"@type":"BreadcrumbList","@id":"https:\/\/www.africa-press.net\/guinee-conakry\/politique\/climat-lunion-europeenne-adopte-une-taxe-carbone-a-ses-frontieres#breadcrumb","itemListElement":[{"@type":"ListItem","position":1,"name":"Accueil","item":"https:\/\/www.africa-press.net\/guinee-conakry\/"},{"@type":"ListItem","position":2,"name":"Climat : l&rsquo;Union europ\u00e9enne adopte une \u00ab\u00a0taxe carbone\u00a0\u00bb \u00e0 ses fronti\u00e8res"}]},{"@type":"WebSite","@id":"https:\/\/www.africa-press.net\/guinee-conakry\/#website","url":"https:\/\/www.africa-press.net\/guinee-conakry\/","name":"guinee Conakry","description":"Just another Africa News Agency Sites site","potentialAction":[{"@type":"SearchAction","target":{"@type":"EntryPoint","urlTemplate":"https:\/\/www.africa-press.net\/guinee-conakry\/?s={search_term_string}"},"query-input":{"@type":"PropertyValueSpecification","valueRequired":true,"valueName":"search_term_string"}}],"inLanguage":"fr-FR"},{"@type":"Person","@id":"https:\/\/www.africa-press.net\/guinee-conakry\/#\/schema\/person\/2b1cf3cd81a31e3cd26889ca66d677f1","name":"cfeditorfr"}]}},"_links":{"self":[{"href":"https:\/\/www.africa-press.net\/guinee-conakry\/wp-json\/wp\/v2\/posts\/10723","targetHints":{"allow":["GET"]}}],"collection":[{"href":"https:\/\/www.africa-press.net\/guinee-conakry\/wp-json\/wp\/v2\/posts"}],"about":[{"href":"https:\/\/www.africa-press.net\/guinee-conakry\/wp-json\/wp\/v2\/types\/post"}],"author":[{"embeddable":true,"href":"https:\/\/www.africa-press.net\/guinee-conakry\/wp-json\/wp\/v2\/users\/82"}],"replies":[{"embeddable":true,"href":"https:\/\/www.africa-press.net\/guinee-conakry\/wp-json\/wp\/v2\/comments?post=10723"}],"version-history":[{"count":0,"href":"https:\/\/www.africa-press.net\/guinee-conakry\/wp-json\/wp\/v2\/posts\/10723\/revisions"}],"wp:featuredmedia":[{"embeddable":true,"href":"https:\/\/www.africa-press.net\/guinee-conakry\/wp-json\/wp\/v2\/media\/10722"}],"wp:attachment":[{"href":"https:\/\/www.africa-press.net\/guinee-conakry\/wp-json\/wp\/v2\/media?parent=10723"}],"wp:term":[{"taxonomy":"category","embeddable":true,"href":"https:\/\/www.africa-press.net\/guinee-conakry\/wp-json\/wp\/v2\/categories?post=10723"},{"taxonomy":"post_tag","embeddable":true,"href":"https:\/\/www.africa-press.net\/guinee-conakry\/wp-json\/wp\/v2\/tags?post=10723"}],"curies":[{"name":"wp","href":"https:\/\/api.w.org\/{rel}","templated":true}]}}