{"id":1084,"date":"2021-01-12T19:54:07","date_gmt":"2021-01-12T19:54:07","guid":{"rendered":"https:\/\/www.africa-press.net\/guinee-conakry\/politique\/dadis-show-quand-moussa-dadis-camara-regnait-sur-la-guinee-2"},"modified":"2021-09-06T22:01:18","modified_gmt":"2021-09-06T22:01:18","slug":"dadis-show-quand-moussa-dadis-camara-regnait-sur-la-guinee-2","status":"publish","type":"post","link":"https:\/\/www.africa-press.net\/guinee-conakry\/dossiers\/dadis-show-quand-moussa-dadis-camara-regnait-sur-la-guinee-2","title":{"rendered":"\u00ab\u00a0Dadis Show\u00a0\u00bb : quand Moussa Dadis Camara r\u00e9gnait sur la Guin\u00e9e"},"content":{"rendered":"<p><span style=\"color: #ff6600\"><strong><a href=\"https:\/\/www.africa-press.net\/\">Africa-Press<\/a> &#8211; <a href=\"https:\/\/www.africa-press.net\/guinee-conakry\">Guin\u00e9e<\/a>. <\/strong><\/span>Apr\u00e8s \u00ab Petit Go \u00bb, le romancier David Delhommeau, fin connaisseur des arcanes de la Fran\u00e7afrique, brosse avec \u00ab Dadis Show \u00bb un portrait d\u00e9jant\u00e9 de l\u2019\u00e9ph\u00e9m\u00e8re pr\u00e9sident guin\u00e9en.<\/p>\n<p>Quand un pr\u00e9sident devient une source d\u2019inspiration pour un \u00e9crivain, ce n\u2019est pas forc\u00e9ment bon signe. Idi Amin Dada, fantasque dictateur de l\u2019Ouganda entre 1971 et 1979, a ainsi inspir\u00e9 plusieurs auteurs, comme le journaliste Giles Foden pour Le dernier roi d\u2019\u00e9cosse et le romancier Donald Westlake pour Kahawa. Il semblerait que l\u2019\u00e9ph\u00e9m\u00e8re pr\u00e9sident de la R\u00e9publique de Guin\u00e9e, Moussa Dadis Camara, devenu Mo\u00efse Dadis Camara depuis sa conversion au catholicisme en 2010, suive le m\u00eame chemin.<\/p>\n<p>Dans son roman Les nuits avec Patience, l\u2019ethnopsychiatre fran\u00e7ais Tobie Nathan avait r\u00e9ussi l\u2019exploit de s\u2019introduire dans la t\u00eate du militaire qui dirigea le pays pendant un peu plus d\u2019un an apr\u00e8s la mort de Lansana Cont\u00e9. Lors de la sortie du livre, il confiait \u00e0 Jeune Afrique : \u00ab Le pr\u00e9sident se levait vers 14 ou 15 heures. Il recevait les ambassadeurs la nuit et organisait des r\u00e9unions o\u00f9 il prenait lui-m\u00eame la plupart des d\u00e9cisions. Parfois, ses interventions \u00e9taient publiques et film\u00e9es, comme ce fameux \u201cDadis Show\u201d au cours duquel le directeur des douanes fut renvoy\u00e9. Il souffrait \u00e0 mon avis d\u2019une vraie psychopathologie. La rumeur le disait malade et drogu\u00e9, ses d\u00e9cisions \u00e9taient erratiques, incompr\u00e9hensibles, parfois m\u00eame aberrantes. \u00bb<\/p>\n<p>Dadis Show (en attendant la d\u00e9mocratie) , c\u2019est le titre du livre que David Delhommeau consacre \u00e0 la prise du pouvoir par Moussa Dadis Camara et sa gestion de la Guin\u00e9e jusqu\u2019au tristement c\u00e9l\u00e8bre massacre du 28 septembre 2009 dans le stade de Conakry.<\/p>\n<p><b>Limousines, h\u00f4tels de luxe et domestiques<\/b><\/p>\n<p>Proche de l\u2019association Survie, fin connaisseur des arcanes de la Fran\u00e7afrique, Delhommeau a \u00e9crit un petit roman jubilatoire, tr\u00e8s librement inspir\u00e9 de l\u2019histoire de la Guin\u00e9e et bourr\u00e9 d\u2019allusions plus ou moins crypt\u00e9es \u00e0 l\u2019attention des connaisseurs.<\/p>\n<p>Le style est vif, efficace, provocateur. D\u00e8s les premi\u00e8res pages, le ton est donn\u00e9 : \u00ab Dadis veut entrer dans la post\u00e9rit\u00e9. Pour \u00e7a, il fera mieux que le P\u00e8re de la Nation. Il laissera des statues, des autoroutes, des h\u00f4tels cinq \u00e9toiles. Personne ne l\u2019oubliera. Il lancera un programme de conqu\u00eate de l\u2019espace pour envoyer une fus\u00e9e avec sa photo dessus dans le ciel. Dadis est ambitieux et ne fait rien comme les autres. Il aime les chiens de race husky. Il en a 35. Il aime les limousines am\u00e9ricaines. Neuf chauffeurs travaillent pour lui. Il adore les chaussures baskets, qu\u2019il importe d\u2019Europe par caisses enti\u00e8res. \u00bb<\/p>\n<p>Les Blancs soutiennent les dictateurs, mais ils appr\u00e9cient quand il y a des opposants Caricature ? \u00c9videmment. Quoique, parfois, on peut se demander : \u00ab Dadis aime les rues de Paris. Celles avec les vitrines qui brillent autant que les l\u00e8vres rouges des vendeuses. \u00c0 l\u2019h\u00f4tel le plus cher, il r\u00e9serve un \u00e9tage pour lui et tous ceux qui l\u2019accompagnent. Domestiques, chauffeurs, femmes et conseill\u00e8res s\u2019\u00e9parpillent dans les chambres. La plus proche est r\u00e9serv\u00e9e \u00e0 sa conseill\u00e8re aux affaires \u00e9trang\u00e8res. \u00bb<\/p>\n<p><b>Rire jaune<\/b><\/p>\n<p>Conteur enjou\u00e9 et sarcastique, Delhommeau n\u2019oublie pas le marigot malodorant dans lequel \u00e9volue son personnage principal : diplomates et hommes d\u2019affaires int\u00e9ress\u00e9s, journalistes veules et corrompus, intrigants en tous genres, na\u00effs \u00e9pris de libert\u00e9, opposants r\u00eavant de devenir calife \u00e0 la place du calife.<\/p>\n<p>\u00ab Un opposant, pour un P\u00e8re de la Nation, c\u2019est comme une garantie pour les pays occidentaux. Les Blancs soutiennent les dictateurs, mais ils appr\u00e9cient quand il y a des opposants, \u00e9crit-il. \u00c7a donne l\u2019impression de pluralisme. Un peu comme si c\u2019\u00e9tait une d\u00e9mocratie. \u00bb Ce roman est d\u00e9di\u00e9 aux Guin\u00e9ens et en particulier \u00e0 leur jeunesse<\/p>\n<p>Roman \u00e0 cl\u00e9s, Dadis Show offre aussi \u00e0 son auteur l\u2019occasion de tourner en d\u00e9rision les grands discours creux, ambitieux ou remplis de fausses promesses qui marqu\u00e8rent leur \u00e9poque. Inutile de les caviarder, Delhommeau les cite tels quels \u2013 De Gaulle \u00e0 Alger, Patrice Lumumba \u00e0 L\u00e9opoldville, Thomas Sankara \u00e0 NewYork, Fran\u00e7ois Mitterrand \u00e0 La Baule et \u00e0 Ouagadougou, Nicolas Sarkozy \u00e0 Dakar \u2013 et le d\u00e9calage temporel fait le reste : le rire est jaune\u2026 mais le rire demeure, antidote au d\u00e9sespoir.<\/p>\n<p><b>Dadis Show (en attendant la d\u00e9mocratie)<\/b><\/p>\n<p>pourrait \u00eatre sinistre, il reste jouissif malgr\u00e9 l\u2019horreur des tirs \u00e0 vue, port\u00e9 par un humour \u00e0 l\u2019\u00e9preuve des balles et une tendresse infinie \u00e0 l\u2019\u00e9gard de la jeunesse. \u00ab Ce roman est d\u00e9di\u00e9 aux Guin\u00e9ens et en particulier \u00e0 leur jeunesse, dont une partie traverse la M\u00e9diterran\u00e9e pour fuir quand l\u2019humour ne suffit plus pour tenir et r\u00e9sister \u00bb, \u00e9crit l\u2019auteur dans sa pr\u00e9face. Dadis show (en attendant la d\u00e9mocratie), de David Delhommeau, \u00c9ditions Thot, 174 pages, 15 euros.<\/p>\n","protected":false},"excerpt":{"rendered":"<p>Africa-Press &#8211; Guin\u00e9e. Apr\u00e8s \u00ab Petit Go \u00bb, le romancier David Delhommeau, fin connaisseur des arcanes de la Fran\u00e7afrique, brosse avec \u00ab Dadis Show \u00bb un portrait d\u00e9jant\u00e9 de l\u2019\u00e9ph\u00e9m\u00e8re pr\u00e9sident guin\u00e9en. Quand un pr\u00e9sident devient une source d\u2019inspiration pour un \u00e9crivain, ce n\u2019est pas forc\u00e9ment bon signe. Idi Amin Dada, fantasque dictateur de l\u2019Ouganda [&hellip;]<\/p>\n","protected":false},"author":82,"featured_media":1083,"comment_status":"open","ping_status":"closed","sticky":false,"template":"","format":"standard","meta":{"footnotes":""},"categories":[7,11,10],"tags":[36,57,58,83],"class_list":["post-1084","post","type-post","status-publish","format-standard","has-post-thumbnail","hentry","category-dossiers","category-homepage-french","category-toutes-les-actualites","tag-africa-press","tag-africa-press-guinee","tag-guinee","tag-moussa-dadis-camara"],"yoast_head":"<!-- This site is optimized with the Yoast SEO Premium plugin v26.1 (Yoast SEO v27.0) - https:\/\/yoast.com\/product\/yoast-seo-premium-wordpress\/ -->\n<title>\u00ab\u00a0Dadis Show\u00a0\u00bb : quand Moussa Dadis Camara r\u00e9gnait sur la Guin\u00e9e - guinee Conakry<\/title>\n<meta name=\"description\" content=\"Apr\u00e8s \u00ab Petit Go \u00bb, le romancier David Delhommeau, fin connaisseur des arcanes de la Fran\u00e7afrique, brosse avec \u00ab Dadis S ...\" \/>\n<meta name=\"robots\" content=\"index, follow, max-snippet:-1, max-image-preview:large, max-video-preview:-1\" \/>\n<link rel=\"canonical\" href=\"https:\/\/www.africa-press.net\/guinee-conakry\/dossiers\/dadis-show-quand-moussa-dadis-camara-regnait-sur-la-guinee-2\" \/>\n<meta property=\"og:locale\" content=\"fr_FR\" \/>\n<meta property=\"og:type\" content=\"article\" \/>\n<meta property=\"og:title\" content=\"\u00ab\u00a0Dadis Show\u00a0\u00bb : quand Moussa Dadis Camara r\u00e9gnait sur la Guin\u00e9e\" \/>\n<meta property=\"og:description\" content=\"Apr\u00e8s \u00ab Petit Go \u00bb, le romancier David Delhommeau, fin connaisseur des arcanes de la Fran\u00e7afrique, brosse avec \u00ab Dadis S ...\" \/>\n<meta property=\"og:url\" content=\"https:\/\/www.africa-press.net\/guinee-conakry\/dossiers\/dadis-show-quand-moussa-dadis-camara-regnait-sur-la-guinee-2\" \/>\n<meta property=\"og:site_name\" content=\"guinee Conakry\" \/>\n<meta property=\"article:published_time\" content=\"2021-01-12T19:54:07+00:00\" \/>\n<meta property=\"article:modified_time\" content=\"2021-09-06T22:01:18+00:00\" \/>\n<meta property=\"og:image\" content=\"https:\/\/static.africa-press.net\/conakry\/sites\/63\/2021\/09\/img.jpg\" \/>\n\t<meta property=\"og:image:width\" content=\"720\" \/>\n\t<meta property=\"og:image:height\" content=\"360\" \/>\n\t<meta property=\"og:image:type\" content=\"image\/jpeg\" \/>\n<meta name=\"author\" content=\"cfeditorfr\" \/>\n<meta name=\"twitter:card\" content=\"summary_large_image\" \/>\n<meta name=\"twitter:label1\" content=\"\u00c9crit par\" \/>\n\t<meta name=\"twitter:data1\" content=\"cfeditorfr\" \/>\n\t<meta name=\"twitter:label2\" content=\"Dur\u00e9e de lecture estim\u00e9e\" \/>\n\t<meta name=\"twitter:data2\" content=\"4 minutes\" \/>\n<script type=\"application\/ld+json\" class=\"yoast-schema-graph\">{\"@context\":\"https:\/\/schema.org\",\"@graph\":[{\"@type\":\"Article\",\"@id\":\"https:\/\/www.africa-press.net\/guinee-conakry\/dossiers\/dadis-show-quand-moussa-dadis-camara-regnait-sur-la-guinee-2#article\",\"isPartOf\":{\"@id\":\"https:\/\/www.africa-press.net\/guinee-conakry\/dossiers\/dadis-show-quand-moussa-dadis-camara-regnait-sur-la-guinee-2\"},\"author\":{\"name\":\"cfeditorfr\",\"@id\":\"https:\/\/www.africa-press.net\/guinee-conakry\/#\/schema\/person\/2b1cf3cd81a31e3cd26889ca66d677f1\"},\"headline\":\"\u00ab\u00a0Dadis Show\u00a0\u00bb : quand Moussa Dadis Camara r\u00e9gnait sur la Guin\u00e9e\",\"datePublished\":\"2021-01-12T19:54:07+00:00\",\"dateModified\":\"2021-09-06T22:01:18+00:00\",\"mainEntityOfPage\":{\"@id\":\"https:\/\/www.africa-press.net\/guinee-conakry\/dossiers\/dadis-show-quand-moussa-dadis-camara-regnait-sur-la-guinee-2\"},\"wordCount\":853,\"commentCount\":0,\"image\":{\"@id\":\"https:\/\/www.africa-press.net\/guinee-conakry\/dossiers\/dadis-show-quand-moussa-dadis-camara-regnait-sur-la-guinee-2#primaryimage\"},\"thumbnailUrl\":\"https:\/\/static.africa-press.net\/conakry\/sites\/63\/2021\/09\/img.jpg\",\"keywords\":[\"Africa Press\",\"Africa Press-Guin\u00e9e\",\"Guin\u00e9e\",\"Moussa Dadis Camara\"],\"articleSection\":[\"Dossiers\",\"homepage-french\",\"Toutes les actualit\u00e9s\"],\"inLanguage\":\"fr-FR\",\"potentialAction\":[{\"@type\":\"CommentAction\",\"name\":\"Comment\",\"target\":[\"https:\/\/www.africa-press.net\/guinee-conakry\/dossiers\/dadis-show-quand-moussa-dadis-camara-regnait-sur-la-guinee-2#respond\"]}]},{\"@type\":\"WebPage\",\"@id\":\"https:\/\/www.africa-press.net\/guinee-conakry\/dossiers\/dadis-show-quand-moussa-dadis-camara-regnait-sur-la-guinee-2\",\"url\":\"https:\/\/www.africa-press.net\/guinee-conakry\/dossiers\/dadis-show-quand-moussa-dadis-camara-regnait-sur-la-guinee-2\",\"name\":\"\u00ab\u00a0Dadis Show\u00a0\u00bb : quand Moussa Dadis Camara r\u00e9gnait sur la Guin\u00e9e - guinee Conakry\",\"isPartOf\":{\"@id\":\"https:\/\/www.africa-press.net\/guinee-conakry\/#website\"},\"primaryImageOfPage\":{\"@id\":\"https:\/\/www.africa-press.net\/guinee-conakry\/dossiers\/dadis-show-quand-moussa-dadis-camara-regnait-sur-la-guinee-2#primaryimage\"},\"image\":{\"@id\":\"https:\/\/www.africa-press.net\/guinee-conakry\/dossiers\/dadis-show-quand-moussa-dadis-camara-regnait-sur-la-guinee-2#primaryimage\"},\"thumbnailUrl\":\"https:\/\/static.africa-press.net\/conakry\/sites\/63\/2021\/09\/img.jpg\",\"datePublished\":\"2021-01-12T19:54:07+00:00\",\"dateModified\":\"2021-09-06T22:01:18+00:00\",\"author\":{\"@id\":\"https:\/\/www.africa-press.net\/guinee-conakry\/#\/schema\/person\/2b1cf3cd81a31e3cd26889ca66d677f1\"},\"description\":\"Apr\u00e8s \u00ab Petit Go \u00bb, le romancier David Delhommeau, fin connaisseur des arcanes de la Fran\u00e7afrique, brosse avec \u00ab Dadis S ...\",\"breadcrumb\":{\"@id\":\"https:\/\/www.africa-press.net\/guinee-conakry\/dossiers\/dadis-show-quand-moussa-dadis-camara-regnait-sur-la-guinee-2#breadcrumb\"},\"inLanguage\":\"fr-FR\",\"potentialAction\":[{\"@type\":\"ReadAction\",\"target\":[\"https:\/\/www.africa-press.net\/guinee-conakry\/dossiers\/dadis-show-quand-moussa-dadis-camara-regnait-sur-la-guinee-2\"]}]},{\"@type\":\"ImageObject\",\"inLanguage\":\"fr-FR\",\"@id\":\"https:\/\/www.africa-press.net\/guinee-conakry\/dossiers\/dadis-show-quand-moussa-dadis-camara-regnait-sur-la-guinee-2#primaryimage\",\"url\":\"https:\/\/static.africa-press.net\/conakry\/sites\/63\/2021\/09\/img.jpg\",\"contentUrl\":\"https:\/\/static.africa-press.net\/conakry\/sites\/63\/2021\/09\/img.jpg\",\"width\":720,\"height\":360,\"caption\":\"\u00ab\u00a0Dadis Show\u00a0\u00bb : quand Moussa Dadis Camara r\u00e9gnait sur la Guin\u00e9e\"},{\"@type\":\"BreadcrumbList\",\"@id\":\"https:\/\/www.africa-press.net\/guinee-conakry\/dossiers\/dadis-show-quand-moussa-dadis-camara-regnait-sur-la-guinee-2#breadcrumb\",\"itemListElement\":[{\"@type\":\"ListItem\",\"position\":1,\"name\":\"Accueil\",\"item\":\"https:\/\/www.africa-press.net\/guinee-conakry\/\"},{\"@type\":\"ListItem\",\"position\":2,\"name\":\"\u00ab\u00a0Dadis Show\u00a0\u00bb : quand Moussa Dadis Camara r\u00e9gnait sur la Guin\u00e9e\"}]},{\"@type\":\"WebSite\",\"@id\":\"https:\/\/www.africa-press.net\/guinee-conakry\/#website\",\"url\":\"https:\/\/www.africa-press.net\/guinee-conakry\/\",\"name\":\"guinee Conakry\",\"description\":\"Just another Africa News Agency Sites site\",\"potentialAction\":[{\"@type\":\"SearchAction\",\"target\":{\"@type\":\"EntryPoint\",\"urlTemplate\":\"https:\/\/www.africa-press.net\/guinee-conakry\/?s={search_term_string}\"},\"query-input\":{\"@type\":\"PropertyValueSpecification\",\"valueRequired\":true,\"valueName\":\"search_term_string\"}}],\"inLanguage\":\"fr-FR\"},{\"@type\":\"Person\",\"@id\":\"https:\/\/www.africa-press.net\/guinee-conakry\/#\/schema\/person\/2b1cf3cd81a31e3cd26889ca66d677f1\",\"name\":\"cfeditorfr\"}]}<\/script>\n<!-- \/ Yoast SEO Premium plugin. -->","yoast_head_json":{"title":"\u00ab\u00a0Dadis Show\u00a0\u00bb : quand Moussa Dadis Camara r\u00e9gnait sur la Guin\u00e9e - guinee Conakry","description":"Apr\u00e8s \u00ab Petit Go \u00bb, le romancier David Delhommeau, fin connaisseur des arcanes de la Fran\u00e7afrique, brosse avec \u00ab Dadis S ...","robots":{"index":"index","follow":"follow","max-snippet":"max-snippet:-1","max-image-preview":"max-image-preview:large","max-video-preview":"max-video-preview:-1"},"canonical":"https:\/\/www.africa-press.net\/guinee-conakry\/dossiers\/dadis-show-quand-moussa-dadis-camara-regnait-sur-la-guinee-2","og_locale":"fr_FR","og_type":"article","og_title":"\u00ab\u00a0Dadis Show\u00a0\u00bb : quand Moussa Dadis Camara r\u00e9gnait sur la Guin\u00e9e","og_description":"Apr\u00e8s \u00ab Petit Go \u00bb, le romancier David Delhommeau, fin connaisseur des arcanes de la Fran\u00e7afrique, brosse avec \u00ab Dadis S ...","og_url":"https:\/\/www.africa-press.net\/guinee-conakry\/dossiers\/dadis-show-quand-moussa-dadis-camara-regnait-sur-la-guinee-2","og_site_name":"guinee Conakry","article_published_time":"2021-01-12T19:54:07+00:00","article_modified_time":"2021-09-06T22:01:18+00:00","og_image":[{"width":720,"height":360,"url":"https:\/\/static.africa-press.net\/conakry\/sites\/63\/2021\/09\/img.jpg","type":"image\/jpeg"}],"author":"cfeditorfr","twitter_card":"summary_large_image","twitter_misc":{"\u00c9crit par":"cfeditorfr","Dur\u00e9e de lecture estim\u00e9e":"4 minutes"},"schema":{"@context":"https:\/\/schema.org","@graph":[{"@type":"Article","@id":"https:\/\/www.africa-press.net\/guinee-conakry\/dossiers\/dadis-show-quand-moussa-dadis-camara-regnait-sur-la-guinee-2#article","isPartOf":{"@id":"https:\/\/www.africa-press.net\/guinee-conakry\/dossiers\/dadis-show-quand-moussa-dadis-camara-regnait-sur-la-guinee-2"},"author":{"name":"cfeditorfr","@id":"https:\/\/www.africa-press.net\/guinee-conakry\/#\/schema\/person\/2b1cf3cd81a31e3cd26889ca66d677f1"},"headline":"\u00ab\u00a0Dadis Show\u00a0\u00bb : quand Moussa Dadis Camara r\u00e9gnait sur la Guin\u00e9e","datePublished":"2021-01-12T19:54:07+00:00","dateModified":"2021-09-06T22:01:18+00:00","mainEntityOfPage":{"@id":"https:\/\/www.africa-press.net\/guinee-conakry\/dossiers\/dadis-show-quand-moussa-dadis-camara-regnait-sur-la-guinee-2"},"wordCount":853,"commentCount":0,"image":{"@id":"https:\/\/www.africa-press.net\/guinee-conakry\/dossiers\/dadis-show-quand-moussa-dadis-camara-regnait-sur-la-guinee-2#primaryimage"},"thumbnailUrl":"https:\/\/static.africa-press.net\/conakry\/sites\/63\/2021\/09\/img.jpg","keywords":["Africa Press","Africa Press-Guin\u00e9e","Guin\u00e9e","Moussa Dadis Camara"],"articleSection":["Dossiers","homepage-french","Toutes les actualit\u00e9s"],"inLanguage":"fr-FR","potentialAction":[{"@type":"CommentAction","name":"Comment","target":["https:\/\/www.africa-press.net\/guinee-conakry\/dossiers\/dadis-show-quand-moussa-dadis-camara-regnait-sur-la-guinee-2#respond"]}]},{"@type":"WebPage","@id":"https:\/\/www.africa-press.net\/guinee-conakry\/dossiers\/dadis-show-quand-moussa-dadis-camara-regnait-sur-la-guinee-2","url":"https:\/\/www.africa-press.net\/guinee-conakry\/dossiers\/dadis-show-quand-moussa-dadis-camara-regnait-sur-la-guinee-2","name":"\u00ab\u00a0Dadis Show\u00a0\u00bb : quand Moussa Dadis Camara r\u00e9gnait sur la Guin\u00e9e - guinee Conakry","isPartOf":{"@id":"https:\/\/www.africa-press.net\/guinee-conakry\/#website"},"primaryImageOfPage":{"@id":"https:\/\/www.africa-press.net\/guinee-conakry\/dossiers\/dadis-show-quand-moussa-dadis-camara-regnait-sur-la-guinee-2#primaryimage"},"image":{"@id":"https:\/\/www.africa-press.net\/guinee-conakry\/dossiers\/dadis-show-quand-moussa-dadis-camara-regnait-sur-la-guinee-2#primaryimage"},"thumbnailUrl":"https:\/\/static.africa-press.net\/conakry\/sites\/63\/2021\/09\/img.jpg","datePublished":"2021-01-12T19:54:07+00:00","dateModified":"2021-09-06T22:01:18+00:00","author":{"@id":"https:\/\/www.africa-press.net\/guinee-conakry\/#\/schema\/person\/2b1cf3cd81a31e3cd26889ca66d677f1"},"description":"Apr\u00e8s \u00ab Petit Go \u00bb, le romancier David Delhommeau, fin connaisseur des arcanes de la Fran\u00e7afrique, brosse avec \u00ab Dadis S ...","breadcrumb":{"@id":"https:\/\/www.africa-press.net\/guinee-conakry\/dossiers\/dadis-show-quand-moussa-dadis-camara-regnait-sur-la-guinee-2#breadcrumb"},"inLanguage":"fr-FR","potentialAction":[{"@type":"ReadAction","target":["https:\/\/www.africa-press.net\/guinee-conakry\/dossiers\/dadis-show-quand-moussa-dadis-camara-regnait-sur-la-guinee-2"]}]},{"@type":"ImageObject","inLanguage":"fr-FR","@id":"https:\/\/www.africa-press.net\/guinee-conakry\/dossiers\/dadis-show-quand-moussa-dadis-camara-regnait-sur-la-guinee-2#primaryimage","url":"https:\/\/static.africa-press.net\/conakry\/sites\/63\/2021\/09\/img.jpg","contentUrl":"https:\/\/static.africa-press.net\/conakry\/sites\/63\/2021\/09\/img.jpg","width":720,"height":360,"caption":"\u00ab\u00a0Dadis Show\u00a0\u00bb : quand Moussa Dadis Camara r\u00e9gnait sur la Guin\u00e9e"},{"@type":"BreadcrumbList","@id":"https:\/\/www.africa-press.net\/guinee-conakry\/dossiers\/dadis-show-quand-moussa-dadis-camara-regnait-sur-la-guinee-2#breadcrumb","itemListElement":[{"@type":"ListItem","position":1,"name":"Accueil","item":"https:\/\/www.africa-press.net\/guinee-conakry\/"},{"@type":"ListItem","position":2,"name":"\u00ab\u00a0Dadis Show\u00a0\u00bb : quand Moussa Dadis Camara r\u00e9gnait sur la Guin\u00e9e"}]},{"@type":"WebSite","@id":"https:\/\/www.africa-press.net\/guinee-conakry\/#website","url":"https:\/\/www.africa-press.net\/guinee-conakry\/","name":"guinee Conakry","description":"Just another Africa News Agency Sites site","potentialAction":[{"@type":"SearchAction","target":{"@type":"EntryPoint","urlTemplate":"https:\/\/www.africa-press.net\/guinee-conakry\/?s={search_term_string}"},"query-input":{"@type":"PropertyValueSpecification","valueRequired":true,"valueName":"search_term_string"}}],"inLanguage":"fr-FR"},{"@type":"Person","@id":"https:\/\/www.africa-press.net\/guinee-conakry\/#\/schema\/person\/2b1cf3cd81a31e3cd26889ca66d677f1","name":"cfeditorfr"}]}},"_links":{"self":[{"href":"https:\/\/www.africa-press.net\/guinee-conakry\/wp-json\/wp\/v2\/posts\/1084","targetHints":{"allow":["GET"]}}],"collection":[{"href":"https:\/\/www.africa-press.net\/guinee-conakry\/wp-json\/wp\/v2\/posts"}],"about":[{"href":"https:\/\/www.africa-press.net\/guinee-conakry\/wp-json\/wp\/v2\/types\/post"}],"author":[{"embeddable":true,"href":"https:\/\/www.africa-press.net\/guinee-conakry\/wp-json\/wp\/v2\/users\/82"}],"replies":[{"embeddable":true,"href":"https:\/\/www.africa-press.net\/guinee-conakry\/wp-json\/wp\/v2\/comments?post=1084"}],"version-history":[{"count":0,"href":"https:\/\/www.africa-press.net\/guinee-conakry\/wp-json\/wp\/v2\/posts\/1084\/revisions"}],"wp:featuredmedia":[{"embeddable":true,"href":"https:\/\/www.africa-press.net\/guinee-conakry\/wp-json\/wp\/v2\/media\/1083"}],"wp:attachment":[{"href":"https:\/\/www.africa-press.net\/guinee-conakry\/wp-json\/wp\/v2\/media?parent=1084"}],"wp:term":[{"taxonomy":"category","embeddable":true,"href":"https:\/\/www.africa-press.net\/guinee-conakry\/wp-json\/wp\/v2\/categories?post=1084"},{"taxonomy":"post_tag","embeddable":true,"href":"https:\/\/www.africa-press.net\/guinee-conakry\/wp-json\/wp\/v2\/tags?post=1084"}],"curies":[{"name":"wp","href":"https:\/\/api.w.org\/{rel}","templated":true}]}}