{"id":11034,"date":"2022-12-26T18:05:00","date_gmt":"2022-12-26T18:05:00","guid":{"rendered":"https:\/\/www.africa-press.net\/guinee-conakry\/politique\/benares-denonce-linterdiction-des-concerts-sur-les-plages-de-conakry-pourquoi-les-autoriser-au-palais-du-peuple-alors"},"modified":"2022-12-26T18:05:00","modified_gmt":"2022-12-26T18:05:00","slug":"benares-denonce-linterdiction-des-concerts-sur-les-plages-de-conakry-pourquoi-les-autoriser-au-palais-du-peuple-alors","status":"publish","type":"post","link":"https:\/\/www.africa-press.net\/guinee-conakry\/culture-et-art\/benares-denonce-linterdiction-des-concerts-sur-les-plages-de-conakry-pourquoi-les-autoriser-au-palais-du-peuple-alors","title":{"rendered":"Benar\u00e8s d\u00e9nonce l\u2019interdiction des concerts sur les plages de Conakry : pourquoi les autoriser au palais du peuple alors ?"},"content":{"rendered":"<p><span style=\"color: #ff6600\"><strong>Africa-Press &#8211; Guin\u00e9e. <\/strong><\/span>Dans un communique\u0301 rendu public la semaine dernie\u0300re, pre\u0301cise\u0301ment le 19 de\u0301cembre 2022, le Gouvenorat de la ville de Conakry a annonce\u0301 l\u2019interdiction des concerts sur les plages. Incluse dans une se\u0301rie de pre\u0301cautions prises, cette mesure vise a\u0300 limiter les de\u0301ga\u0302ts pendant ces fe\u0302tes de fin d\u2019anne\u0301e, a indique\u0301 le Gouvenorat. Mais, sur le terrain, cette interdiction est tre\u0300s mal perc\u0327ue par les promoteurs des plages. C\u2019est le cas par exemple de Mohamed Lamine Camara, gestionnaire de la plage de Benare\u0300s, situe\u0301e a\u0300 Yimbaya, dans la commune de Matoto.<\/p>\n<p>Interroge\u0301 le week-end dernier  monsieur Camara de\u0301nonce du deux poids deux mesures dans la de\u0301marche du Gouvernorat de Conakry. Selon lui, cette mesure vise a\u0300 favoriser la foire de Be\u0301ne\u0301di Record au de\u0301triment des autres espaces de loisirs.<\/p>\n<p>\u00ab Ce communique\u0301 est a\u0300 revoir dans la mesure ou\u0300 nous nous sommes donne\u0301s a\u0300 fond dans la pre\u0301paration des fe\u0302tes de fin d\u2019anne\u0301e. Vous n\u2019e\u0302tes pas sans savoir que les 70% de la jeunesse sont de\u0301s\u0153uvre\u0301s. Donc, il y a beaucoup qui s\u2019investissent actuellement dans le domaine touristique ou culturel. Mais, s\u2019ils sont a\u0300 chaque fois freine\u0301s dans leur e\u0301lan, ce n\u2019est pas bien. Surtout que c\u2019est une mesure qui fait du deux poids deux mesures. Comment se fait-il qu\u2019ils peuvent interdire les concerts sur les plages tant disque sur l\u2019esplanade, il y a des concerts qui se tiennent la\u0300-bas chaque jour. Pourtant, si vous prenez la plage Benare\u0300s, elle est trois fois plus grande que l\u2019esplanade du palais de peuple. Nous, en tant que gestionnaire de plages, nous reconnaissons qu\u2019il y a des plages qui ne sont pas pre\u0302tes a\u0300 recevoir du monde, vue l\u2019e\u0301troitesse des lieux. Mais, il y a par contre des plages comme la no\u0302tre qui sont propices pour les concerts. Parce que je vous apprend que notre plage la\u0300 s\u2019e\u0301tend sur 3 kilome\u0300tres de long. Donc, il suffit juste de prendre des mesures. Et, d\u2019ailleurs, c\u2019est le ro\u0302le de l\u2019agence guine\u0301enne des spectacles de venir s\u2019enque\u0301rir de la faisabilite\u0301 avant de prendre une mesure. Nous par exemple, mi novembre, nous avons fait un plan se\u0301curitaire qu\u2019on a me\u0302me soumis au ministe\u0300re du tourisme et qui a e\u0301te\u0301 approuve\u0301 par le de\u0301partement. Comme c\u0327a, ils devraient nous observer parce que nous ne sommes pas a\u0300 notre premie\u0300re expe\u0301rience. C\u0327a fait plus de 20 ans que nous sommes dans c\u0327a \u00bb, a explique\u0301 Mohamed Lamine Camara.<\/p>\n<p>Toutefois, le pre\u0301sident du groupement d\u2019inte\u0301re\u0302t e\u0301conomique qui assure la gestion de la plage de Benare\u0300s dit craindre pour le chamboulement de leurs pre\u0301visions. Selon lui, plusieurs concerts e\u0301taient de\u0301ja\u0300 programme\u0301s sur cette plage les 24, 31 et 1er janvier.<\/p>\n<p>\u00ab Avant le communique\u0301, nous avions planifie\u0301 une se\u0301rie de spectacles sur la plage. Me\u0302me aujourd\u2019hui (24 de\u0301cembre) on devrait recevoir l\u2019artiste \u00ab Kouri \u00bb qui avait de\u0301ja\u0300 donne\u0301 son aval. Le 31 et le 1er janvier aussi les concerts e\u0301taient pre\u0301vus parce qu\u2019on a la foire ici. Et, la foire ne peut pas marcher s\u2019il n\u2019y a pas la prestation des artistes. Vous imaginez combien de fois c\u0327a va jouer sur les tenanciers de restaurant et d\u2019autres promoteurs. Mais, quoi qu\u2019il en soit, il faut respecter la de\u0301cision de l\u2019E\u0301tat. La seule chose qu\u2019on a a\u0300 faire, c\u2019est de lancer un appel a\u0300 l\u2019endroit du pre\u0301sident de penser aux jeunes en appuyant leurs initiatives \u00bb , a ajoute\u0301 Mohamed Lamine Camara.<\/p>\n<p>Avec cette interdiction, Bintou Sylla, restauratrice a\u0300 la plage Benare\u0300s, craint pour la chute de leur chiffre d\u2019affaires. Trouve\u0301e en plaine action de vente et de cuisine, le tout accompagne\u0301 de musique dans son stand, dame Sylla n\u2019a pas manque\u0301 d\u2019appeler les autorite\u0301s d\u2019assouplir cette mesure.<\/p>\n<p>\u00ab Nous attendons tous cette fin la\u0300 pour accroi\u0302tre nos chiffres d\u2019affaires. C\u2019est quand il y a des e\u0301ve\u0301nements ici qu\u2019on a beaucoup de clients. Mais, s\u2019il n\u2019y pas de concerts, nos clients vont se de\u0301courager. Or, il y a certains d\u2019entre nous qui avons fait des pre\u0302ts a\u0300 la banque pour e\u0301riger des stands. Et, si apre\u0300s la fe\u0302te tu n\u2019es pas en mesure de rembourser cet argent, comment tu vas faire ? C\u0327a devient tre\u0300s complique\u0301. Avant les conge\u0301s, ils ont demande\u0301 a\u0300 nos enfants de payer le deuxie\u0300me trimestre a\u0300 l\u2019e\u0301cole. On comptait payer c\u0327a apre\u0300s cette pe\u0301riode de fe\u0302tes de fin d\u2019anne\u0301e. En tout cas, on prie Dieu que les gens ne se de\u0301couragent pas et que le gouvernement aussi alle\u0300ge un peu sa mesure. Sinon, on ne sait plus a\u0300 quel saint se vouer \u00bb, a indique\u0301 Mme Toure\u0301 Bintou Sylla.<\/p>\n<p>De\u0301tentrice de deux stands, Maimouna Camara est a\u0300 sa deuxie\u0300me e\u0301dition a\u0300 la plage de Benare\u0300s. Comme Bintou Sylla, elle est e\u0301galement inquie\u0300te et juge cette inapproprie\u0301e.<\/p>\n<p>\u00ab Cette de\u0301cision va force\u0301ment jouer sur nous puisqu\u2019on a fini de faire toutes les de\u0301penses. On a pris la place ici tre\u0300s cher. On demande a\u0300 madame la Gouverneure d\u2019accepter les spectacles sur les plages. S\u2019il n\u2019y a pas de spectacle, il n\u2019y aura pas de marche\u0301. Quelques-uns qui viennent aussi, viennent pour prendre des photos seulement. Mais, s\u2019il y a spectacle, les gens viennent manger. Et, si c\u2019est calme, il n\u2019y aura pas du monde. C\u2019est la fin d\u2019anne\u0301e, tout le monde doit s\u2019amuser. C\u2019est la raison pour laquelle nous sommes la\u0300 \u00bb , a rappele\u0301 cette autre vendeuse de poulet, de cre\u0300me&#8230;<\/p>\n<p><strong>Pour plus d&rsquo;informations et d&rsquo;analyses sur la <a href=\"https:\/\/www.africa-press.net\/guinee-conakry\">Guin\u00e9e<\/a>, suivez <a href=\"https:\/\/www.africa-press.net\/\">Africa-Press<\/a><\/strong><\/p>\n","protected":false},"excerpt":{"rendered":"<p>Africa-Press &#8211; Guin\u00e9e. Dans un communique\u0301 rendu public la semaine dernie\u0300re, pre\u0301cise\u0301ment le 19 de\u0301cembre 2022, le Gouvenorat de la ville de Conakry a annonce\u0301 l\u2019interdiction des concerts sur les plages. Incluse dans une se\u0301rie de pre\u0301cautions prises, cette mesure vise a\u0300 limiter les de\u0301ga\u0302ts pendant ces fe\u0302tes de fin d\u2019anne\u0301e, a indique\u0301 le Gouvenorat. [&hellip;]<\/p>\n","protected":false},"author":82,"featured_media":11033,"comment_status":"open","ping_status":"closed","sticky":false,"template":"","format":"standard","meta":{"footnotes":""},"categories":[5,56,10],"tags":[36,57,58],"class_list":["post-11034","post","type-post","status-publish","format-standard","has-post-thumbnail","hentry","category-culture-et-art","category-to-homepage","category-toutes-les-actualites","tag-africa-press","tag-africa-press-guinee","tag-guinee"],"yoast_head":"<!-- This site is optimized with the Yoast SEO Premium plugin v26.1 (Yoast SEO v27.0) - https:\/\/yoast.com\/product\/yoast-seo-premium-wordpress\/ -->\n<title>Benar\u00e8s d\u00e9nonce l\u2019interdiction des concerts sur les plages de Conakry : pourquoi les autoriser au palais du peuple alors ? - guinee Conakry<\/title>\n<meta name=\"robots\" content=\"index, follow, max-snippet:-1, max-image-preview:large, max-video-preview:-1\" \/>\n<link rel=\"canonical\" href=\"https:\/\/www.africa-press.net\/guinee-conakry\/politique\/benares-denonce-linterdiction-des-concerts-sur-les-plages-de-conakry-pourquoi-les-autoriser-au-palais-du-peuple-alors\" \/>\n<meta property=\"og:locale\" content=\"fr_FR\" \/>\n<meta property=\"og:type\" content=\"article\" \/>\n<meta property=\"og:title\" content=\"Benar\u00e8s d\u00e9nonce l\u2019interdiction des concerts sur les plages de Conakry : pourquoi les autoriser au palais du peuple alors ?\" \/>\n<meta property=\"og:description\" content=\"Africa-Press &#8211; Guin\u00e9e. Dans un communique\u0301 rendu public la semaine dernie\u0300re, pre\u0301cise\u0301ment le 19 de\u0301cembre 2022, le Gouvenorat de la ville de Conakry a annonce\u0301 l\u2019interdiction des concerts sur les plages. Incluse dans une se\u0301rie de pre\u0301cautions prises, cette mesure vise a\u0300 limiter les de\u0301ga\u0302ts pendant ces fe\u0302tes de fin d\u2019anne\u0301e, a indique\u0301 le Gouvenorat. [&hellip;]\" \/>\n<meta property=\"og:url\" content=\"https:\/\/www.africa-press.net\/guinee-conakry\/politique\/benares-denonce-linterdiction-des-concerts-sur-les-plages-de-conakry-pourquoi-les-autoriser-au-palais-du-peuple-alors\" \/>\n<meta property=\"og:site_name\" content=\"guinee Conakry\" \/>\n<meta property=\"article:published_time\" content=\"2022-12-26T18:05:00+00:00\" \/>\n<meta name=\"author\" content=\"cfeditorfr\" \/>\n<meta name=\"twitter:card\" content=\"summary_large_image\" \/>\n<meta name=\"twitter:label1\" content=\"\u00c9crit par\" \/>\n\t<meta name=\"twitter:data1\" content=\"cfeditorfr\" \/>\n\t<meta name=\"twitter:label2\" content=\"Dur\u00e9e de lecture estim\u00e9e\" \/>\n\t<meta name=\"twitter:data2\" content=\"5 minutes\" \/>\n<script type=\"application\/ld+json\" class=\"yoast-schema-graph\">{\"@context\":\"https:\/\/schema.org\",\"@graph\":[{\"@type\":\"Article\",\"@id\":\"https:\/\/www.africa-press.net\/guinee-conakry\/politique\/benares-denonce-linterdiction-des-concerts-sur-les-plages-de-conakry-pourquoi-les-autoriser-au-palais-du-peuple-alors#article\",\"isPartOf\":{\"@id\":\"https:\/\/www.africa-press.net\/guinee-conakry\/politique\/benares-denonce-linterdiction-des-concerts-sur-les-plages-de-conakry-pourquoi-les-autoriser-au-palais-du-peuple-alors\"},\"author\":{\"name\":\"cfeditorfr\",\"@id\":\"https:\/\/www.africa-press.net\/guinee-conakry\/#\/schema\/person\/2b1cf3cd81a31e3cd26889ca66d677f1\"},\"headline\":\"Benar\u00e8s d\u00e9nonce l\u2019interdiction des concerts sur les plages de Conakry : pourquoi les autoriser au palais du peuple alors ?\",\"datePublished\":\"2022-12-26T18:05:00+00:00\",\"mainEntityOfPage\":{\"@id\":\"https:\/\/www.africa-press.net\/guinee-conakry\/politique\/benares-denonce-linterdiction-des-concerts-sur-les-plages-de-conakry-pourquoi-les-autoriser-au-palais-du-peuple-alors\"},\"wordCount\":1061,\"commentCount\":0,\"image\":{\"@id\":\"https:\/\/www.africa-press.net\/guinee-conakry\/politique\/benares-denonce-linterdiction-des-concerts-sur-les-plages-de-conakry-pourquoi-les-autoriser-au-palais-du-peuple-alors#primaryimage\"},\"thumbnailUrl\":\"https:\/\/static.africa-press.net\/conakry\/sites\/63\/2022\/12\/Jokar1672065313.946265.jpg\",\"keywords\":[\"Africa Press\",\"Africa Press-Guin\u00e9e\",\"Guin\u00e9e\"],\"articleSection\":[\"Culture et Art\",\"to-homepage\",\"Toutes les actualit\u00e9s\"],\"inLanguage\":\"fr-FR\",\"potentialAction\":[{\"@type\":\"CommentAction\",\"name\":\"Comment\",\"target\":[\"https:\/\/www.africa-press.net\/guinee-conakry\/politique\/benares-denonce-linterdiction-des-concerts-sur-les-plages-de-conakry-pourquoi-les-autoriser-au-palais-du-peuple-alors#respond\"]}]},{\"@type\":\"WebPage\",\"@id\":\"https:\/\/www.africa-press.net\/guinee-conakry\/politique\/benares-denonce-linterdiction-des-concerts-sur-les-plages-de-conakry-pourquoi-les-autoriser-au-palais-du-peuple-alors\",\"url\":\"https:\/\/www.africa-press.net\/guinee-conakry\/politique\/benares-denonce-linterdiction-des-concerts-sur-les-plages-de-conakry-pourquoi-les-autoriser-au-palais-du-peuple-alors\",\"name\":\"Benar\u00e8s d\u00e9nonce l\u2019interdiction des concerts sur les plages de Conakry : pourquoi les autoriser au palais du peuple alors ? - guinee Conakry\",\"isPartOf\":{\"@id\":\"https:\/\/www.africa-press.net\/guinee-conakry\/#website\"},\"primaryImageOfPage\":{\"@id\":\"https:\/\/www.africa-press.net\/guinee-conakry\/politique\/benares-denonce-linterdiction-des-concerts-sur-les-plages-de-conakry-pourquoi-les-autoriser-au-palais-du-peuple-alors#primaryimage\"},\"image\":{\"@id\":\"https:\/\/www.africa-press.net\/guinee-conakry\/politique\/benares-denonce-linterdiction-des-concerts-sur-les-plages-de-conakry-pourquoi-les-autoriser-au-palais-du-peuple-alors#primaryimage\"},\"thumbnailUrl\":\"https:\/\/static.africa-press.net\/conakry\/sites\/63\/2022\/12\/Jokar1672065313.946265.jpg\",\"datePublished\":\"2022-12-26T18:05:00+00:00\",\"author\":{\"@id\":\"https:\/\/www.africa-press.net\/guinee-conakry\/#\/schema\/person\/2b1cf3cd81a31e3cd26889ca66d677f1\"},\"breadcrumb\":{\"@id\":\"https:\/\/www.africa-press.net\/guinee-conakry\/politique\/benares-denonce-linterdiction-des-concerts-sur-les-plages-de-conakry-pourquoi-les-autoriser-au-palais-du-peuple-alors#breadcrumb\"},\"inLanguage\":\"fr-FR\",\"potentialAction\":[{\"@type\":\"ReadAction\",\"target\":[\"https:\/\/www.africa-press.net\/guinee-conakry\/politique\/benares-denonce-linterdiction-des-concerts-sur-les-plages-de-conakry-pourquoi-les-autoriser-au-palais-du-peuple-alors\"]}]},{\"@type\":\"ImageObject\",\"inLanguage\":\"fr-FR\",\"@id\":\"https:\/\/www.africa-press.net\/guinee-conakry\/politique\/benares-denonce-linterdiction-des-concerts-sur-les-plages-de-conakry-pourquoi-les-autoriser-au-palais-du-peuple-alors#primaryimage\",\"url\":\"https:\/\/static.africa-press.net\/conakry\/sites\/63\/2022\/12\/Jokar1672065313.946265.jpg\",\"contentUrl\":\"https:\/\/static.africa-press.net\/conakry\/sites\/63\/2022\/12\/Jokar1672065313.946265.jpg\",\"width\":1280,\"height\":801,\"caption\":\"Benar\u00e8s d\u00e9nonce l\u2019interdiction des concerts sur les plages de Conakry : pourquoi les autoriser au palais du peuple alors ?\"},{\"@type\":\"BreadcrumbList\",\"@id\":\"https:\/\/www.africa-press.net\/guinee-conakry\/politique\/benares-denonce-linterdiction-des-concerts-sur-les-plages-de-conakry-pourquoi-les-autoriser-au-palais-du-peuple-alors#breadcrumb\",\"itemListElement\":[{\"@type\":\"ListItem\",\"position\":1,\"name\":\"Accueil\",\"item\":\"https:\/\/www.africa-press.net\/guinee-conakry\/\"},{\"@type\":\"ListItem\",\"position\":2,\"name\":\"Benar\u00e8s d\u00e9nonce l\u2019interdiction des concerts sur les plages de Conakry : pourquoi les autoriser au palais du peuple alors ?\"}]},{\"@type\":\"WebSite\",\"@id\":\"https:\/\/www.africa-press.net\/guinee-conakry\/#website\",\"url\":\"https:\/\/www.africa-press.net\/guinee-conakry\/\",\"name\":\"guinee Conakry\",\"description\":\"Just another Africa News Agency Sites site\",\"potentialAction\":[{\"@type\":\"SearchAction\",\"target\":{\"@type\":\"EntryPoint\",\"urlTemplate\":\"https:\/\/www.africa-press.net\/guinee-conakry\/?s={search_term_string}\"},\"query-input\":{\"@type\":\"PropertyValueSpecification\",\"valueRequired\":true,\"valueName\":\"search_term_string\"}}],\"inLanguage\":\"fr-FR\"},{\"@type\":\"Person\",\"@id\":\"https:\/\/www.africa-press.net\/guinee-conakry\/#\/schema\/person\/2b1cf3cd81a31e3cd26889ca66d677f1\",\"name\":\"cfeditorfr\"}]}<\/script>\n<!-- \/ Yoast SEO Premium plugin. -->","yoast_head_json":{"title":"Benar\u00e8s d\u00e9nonce l\u2019interdiction des concerts sur les plages de Conakry : pourquoi les autoriser au palais du peuple alors ? - guinee Conakry","robots":{"index":"index","follow":"follow","max-snippet":"max-snippet:-1","max-image-preview":"max-image-preview:large","max-video-preview":"max-video-preview:-1"},"canonical":"https:\/\/www.africa-press.net\/guinee-conakry\/politique\/benares-denonce-linterdiction-des-concerts-sur-les-plages-de-conakry-pourquoi-les-autoriser-au-palais-du-peuple-alors","og_locale":"fr_FR","og_type":"article","og_title":"Benar\u00e8s d\u00e9nonce l\u2019interdiction des concerts sur les plages de Conakry : pourquoi les autoriser au palais du peuple alors ?","og_description":"Africa-Press &#8211; Guin\u00e9e. Dans un communique\u0301 rendu public la semaine dernie\u0300re, pre\u0301cise\u0301ment le 19 de\u0301cembre 2022, le Gouvenorat de la ville de Conakry a annonce\u0301 l\u2019interdiction des concerts sur les plages. Incluse dans une se\u0301rie de pre\u0301cautions prises, cette mesure vise a\u0300 limiter les de\u0301ga\u0302ts pendant ces fe\u0302tes de fin d\u2019anne\u0301e, a indique\u0301 le Gouvenorat. [&hellip;]","og_url":"https:\/\/www.africa-press.net\/guinee-conakry\/politique\/benares-denonce-linterdiction-des-concerts-sur-les-plages-de-conakry-pourquoi-les-autoriser-au-palais-du-peuple-alors","og_site_name":"guinee Conakry","article_published_time":"2022-12-26T18:05:00+00:00","author":"cfeditorfr","twitter_card":"summary_large_image","twitter_misc":{"\u00c9crit par":"cfeditorfr","Dur\u00e9e de lecture estim\u00e9e":"5 minutes"},"schema":{"@context":"https:\/\/schema.org","@graph":[{"@type":"Article","@id":"https:\/\/www.africa-press.net\/guinee-conakry\/politique\/benares-denonce-linterdiction-des-concerts-sur-les-plages-de-conakry-pourquoi-les-autoriser-au-palais-du-peuple-alors#article","isPartOf":{"@id":"https:\/\/www.africa-press.net\/guinee-conakry\/politique\/benares-denonce-linterdiction-des-concerts-sur-les-plages-de-conakry-pourquoi-les-autoriser-au-palais-du-peuple-alors"},"author":{"name":"cfeditorfr","@id":"https:\/\/www.africa-press.net\/guinee-conakry\/#\/schema\/person\/2b1cf3cd81a31e3cd26889ca66d677f1"},"headline":"Benar\u00e8s d\u00e9nonce l\u2019interdiction des concerts sur les plages de Conakry : pourquoi les autoriser au palais du peuple alors ?","datePublished":"2022-12-26T18:05:00+00:00","mainEntityOfPage":{"@id":"https:\/\/www.africa-press.net\/guinee-conakry\/politique\/benares-denonce-linterdiction-des-concerts-sur-les-plages-de-conakry-pourquoi-les-autoriser-au-palais-du-peuple-alors"},"wordCount":1061,"commentCount":0,"image":{"@id":"https:\/\/www.africa-press.net\/guinee-conakry\/politique\/benares-denonce-linterdiction-des-concerts-sur-les-plages-de-conakry-pourquoi-les-autoriser-au-palais-du-peuple-alors#primaryimage"},"thumbnailUrl":"https:\/\/static.africa-press.net\/conakry\/sites\/63\/2022\/12\/Jokar1672065313.946265.jpg","keywords":["Africa Press","Africa Press-Guin\u00e9e","Guin\u00e9e"],"articleSection":["Culture et Art","to-homepage","Toutes les actualit\u00e9s"],"inLanguage":"fr-FR","potentialAction":[{"@type":"CommentAction","name":"Comment","target":["https:\/\/www.africa-press.net\/guinee-conakry\/politique\/benares-denonce-linterdiction-des-concerts-sur-les-plages-de-conakry-pourquoi-les-autoriser-au-palais-du-peuple-alors#respond"]}]},{"@type":"WebPage","@id":"https:\/\/www.africa-press.net\/guinee-conakry\/politique\/benares-denonce-linterdiction-des-concerts-sur-les-plages-de-conakry-pourquoi-les-autoriser-au-palais-du-peuple-alors","url":"https:\/\/www.africa-press.net\/guinee-conakry\/politique\/benares-denonce-linterdiction-des-concerts-sur-les-plages-de-conakry-pourquoi-les-autoriser-au-palais-du-peuple-alors","name":"Benar\u00e8s d\u00e9nonce l\u2019interdiction des concerts sur les plages de Conakry : pourquoi les autoriser au palais du peuple alors ? - guinee Conakry","isPartOf":{"@id":"https:\/\/www.africa-press.net\/guinee-conakry\/#website"},"primaryImageOfPage":{"@id":"https:\/\/www.africa-press.net\/guinee-conakry\/politique\/benares-denonce-linterdiction-des-concerts-sur-les-plages-de-conakry-pourquoi-les-autoriser-au-palais-du-peuple-alors#primaryimage"},"image":{"@id":"https:\/\/www.africa-press.net\/guinee-conakry\/politique\/benares-denonce-linterdiction-des-concerts-sur-les-plages-de-conakry-pourquoi-les-autoriser-au-palais-du-peuple-alors#primaryimage"},"thumbnailUrl":"https:\/\/static.africa-press.net\/conakry\/sites\/63\/2022\/12\/Jokar1672065313.946265.jpg","datePublished":"2022-12-26T18:05:00+00:00","author":{"@id":"https:\/\/www.africa-press.net\/guinee-conakry\/#\/schema\/person\/2b1cf3cd81a31e3cd26889ca66d677f1"},"breadcrumb":{"@id":"https:\/\/www.africa-press.net\/guinee-conakry\/politique\/benares-denonce-linterdiction-des-concerts-sur-les-plages-de-conakry-pourquoi-les-autoriser-au-palais-du-peuple-alors#breadcrumb"},"inLanguage":"fr-FR","potentialAction":[{"@type":"ReadAction","target":["https:\/\/www.africa-press.net\/guinee-conakry\/politique\/benares-denonce-linterdiction-des-concerts-sur-les-plages-de-conakry-pourquoi-les-autoriser-au-palais-du-peuple-alors"]}]},{"@type":"ImageObject","inLanguage":"fr-FR","@id":"https:\/\/www.africa-press.net\/guinee-conakry\/politique\/benares-denonce-linterdiction-des-concerts-sur-les-plages-de-conakry-pourquoi-les-autoriser-au-palais-du-peuple-alors#primaryimage","url":"https:\/\/static.africa-press.net\/conakry\/sites\/63\/2022\/12\/Jokar1672065313.946265.jpg","contentUrl":"https:\/\/static.africa-press.net\/conakry\/sites\/63\/2022\/12\/Jokar1672065313.946265.jpg","width":1280,"height":801,"caption":"Benar\u00e8s d\u00e9nonce l\u2019interdiction des concerts sur les plages de Conakry : pourquoi les autoriser au palais du peuple alors ?"},{"@type":"BreadcrumbList","@id":"https:\/\/www.africa-press.net\/guinee-conakry\/politique\/benares-denonce-linterdiction-des-concerts-sur-les-plages-de-conakry-pourquoi-les-autoriser-au-palais-du-peuple-alors#breadcrumb","itemListElement":[{"@type":"ListItem","position":1,"name":"Accueil","item":"https:\/\/www.africa-press.net\/guinee-conakry\/"},{"@type":"ListItem","position":2,"name":"Benar\u00e8s d\u00e9nonce l\u2019interdiction des concerts sur les plages de Conakry : pourquoi les autoriser au palais du peuple alors ?"}]},{"@type":"WebSite","@id":"https:\/\/www.africa-press.net\/guinee-conakry\/#website","url":"https:\/\/www.africa-press.net\/guinee-conakry\/","name":"guinee Conakry","description":"Just another Africa News Agency Sites site","potentialAction":[{"@type":"SearchAction","target":{"@type":"EntryPoint","urlTemplate":"https:\/\/www.africa-press.net\/guinee-conakry\/?s={search_term_string}"},"query-input":{"@type":"PropertyValueSpecification","valueRequired":true,"valueName":"search_term_string"}}],"inLanguage":"fr-FR"},{"@type":"Person","@id":"https:\/\/www.africa-press.net\/guinee-conakry\/#\/schema\/person\/2b1cf3cd81a31e3cd26889ca66d677f1","name":"cfeditorfr"}]}},"_links":{"self":[{"href":"https:\/\/www.africa-press.net\/guinee-conakry\/wp-json\/wp\/v2\/posts\/11034","targetHints":{"allow":["GET"]}}],"collection":[{"href":"https:\/\/www.africa-press.net\/guinee-conakry\/wp-json\/wp\/v2\/posts"}],"about":[{"href":"https:\/\/www.africa-press.net\/guinee-conakry\/wp-json\/wp\/v2\/types\/post"}],"author":[{"embeddable":true,"href":"https:\/\/www.africa-press.net\/guinee-conakry\/wp-json\/wp\/v2\/users\/82"}],"replies":[{"embeddable":true,"href":"https:\/\/www.africa-press.net\/guinee-conakry\/wp-json\/wp\/v2\/comments?post=11034"}],"version-history":[{"count":0,"href":"https:\/\/www.africa-press.net\/guinee-conakry\/wp-json\/wp\/v2\/posts\/11034\/revisions"}],"wp:featuredmedia":[{"embeddable":true,"href":"https:\/\/www.africa-press.net\/guinee-conakry\/wp-json\/wp\/v2\/media\/11033"}],"wp:attachment":[{"href":"https:\/\/www.africa-press.net\/guinee-conakry\/wp-json\/wp\/v2\/media?parent=11034"}],"wp:term":[{"taxonomy":"category","embeddable":true,"href":"https:\/\/www.africa-press.net\/guinee-conakry\/wp-json\/wp\/v2\/categories?post=11034"},{"taxonomy":"post_tag","embeddable":true,"href":"https:\/\/www.africa-press.net\/guinee-conakry\/wp-json\/wp\/v2\/tags?post=11034"}],"curies":[{"name":"wp","href":"https:\/\/api.w.org\/{rel}","templated":true}]}}