{"id":11046,"date":"2022-12-26T20:48:00","date_gmt":"2022-12-26T20:48:00","guid":{"rendered":"https:\/\/www.africa-press.net\/guinee-conakry\/politique\/cellou-dalein-koundouno-saikou-yaya-sekou-souape-recu-par-le-president-de-la-cedeao-umaro-sissoco-embalo"},"modified":"2022-12-26T20:48:00","modified_gmt":"2022-12-26T20:48:00","slug":"cellou-dalein-koundouno-saikou-yaya-sekou-souape-recu-par-le-president-de-la-cedeao-umaro-sissoco-embalo","status":"publish","type":"post","link":"https:\/\/www.africa-press.net\/guinee-conakry\/politique\/cellou-dalein-koundouno-saikou-yaya-sekou-souape-recu-par-le-president-de-la-cedeao-umaro-sissoco-embalo","title":{"rendered":"Cellou Dalein, Koundouno, Sa\u00efkou Yaya, S\u00e9kou Souap\u00e9\u2026 re\u00e7u par le pr\u00e9sident de la CEDEAO, Umaro Sissoco Embal\u00f3"},"content":{"rendered":"<p><span style=\"color: #ff6600\"><strong>Africa-Press &#8211; Guin\u00e9e. <\/strong><\/span>C\u2019est une nouvelle qui pourrait faire jaser en Guine\u0301e, notamment dans le milieu de la junte du CNRD. Les coalitions politiques et sociales les plus implante\u0301es en Re\u0301publique de Guine\u0301e viennent d\u2019e\u0302tre rec\u0327ues par le pre\u0301sident Umaro Sissoco Embalo\u0301, pre\u0301sident en exercice de la CEDEAO. Cellou Dalein Diallo de l\u2019UFDG, Se\u0301kou Koundouno du FNDC, Sai\u0308kou Yaya Barry de l\u2019UFR, Se\u0301kou Souape\u0301 du RPG Arc-en-ciel ont explique\u0301 au dirigeant Bissau-guine\u0301en ce qui ne va pas avec la transition du Colonel Mamadi Doumbouya.<\/p>\n<p><b>ci-dessous, un communique\u0301 du FNDC : <\/b><\/p>\n<p>Pre\u0301sident Bissau guine\u0301enne, son Excellence Umaro Sissoco Embalo\u0301, Pre\u0301sident de la Confe\u0301rence des Chefs d\u2019Etats et du gouvernement de la Communaute\u0301 E\u0301conomique des E\u0301tats de l\u2019Afrique de l\u2019Ouest (CEDEAO), a rec\u0327u ce 26 de\u0301cembre 2022 a\u0300 Bissau une de\u0301le\u0301gation guine\u0301enne d\u2019acteurs de la socie\u0301te\u0301 civile et des partis politiques n\u2019ayant pas pris part au pre\u0301tendu dialogue interguine\u0301en qui a e\u0301te\u0301 clo\u0302ture\u0301 re\u0301cemment a\u0300 Conakry.<\/p>\n<p>Cette rencontre de haut niveau qui a e\u0301te\u0301 organise\u0301e a\u0300 l\u2019initiative de son Excellence Umaro Sissoco Embalo\u0301 qui entreprend une se\u0301rie de consultations a\u0300 l\u2019effet de mieux prendre la mesure des divergences qui existent entre ces entite\u0301s et les autorite\u0301s guine\u0301ennes dans le but de pre\u0301parer le dialogue inclusif de\u0301cide\u0301 par la confe\u0301rence des chefs d\u2019e\u0301tat et de gouvernement de la CEDEAO lors de son sommet du 04 de\u0301cembre dernier a\u0300 Abuja au Nigeria.<\/p>\n<p>Au menu des e\u0301changes :<\/p>\n<p>-La situation sociopolitique de la Guine\u0301e;<\/p>\n<p>\u2013 Le point de vue de la socie\u0301te\u0301 civile guine\u0301enne sur le processus de transition en Guine\u0301e;<\/p>\n<p>\u2013 L\u2019implication du Pre\u0301sident de la Re\u0301publique de Guine\u0301e-Bissau pour la re\u0301ussite de la transition en Guine\u0301e.<\/p>\n<p>La rencontre s\u2019est de\u0301roule\u0301e dans un climat de convivialite\u0301. Le Pre\u0301sident Umaro Sissoco Embalo\u0301 a exprime\u0301 son soutien au peuple fre\u0300re de Guine\u0301e et sa disponibilite\u0301 a\u0300 accompagner la Guine\u0301e et les guine\u0301ens a\u0300 surmonter cette pe\u0301riode exceptionnelle.<\/p>\n<p><strong>Pour plus d&rsquo;informations et d&rsquo;analyses sur la <a href=\"https:\/\/www.africa-press.net\/guinee-conakry\">Guin\u00e9e<\/a>, suivez <a href=\"https:\/\/www.africa-press.net\/\">Africa-Press<\/a><\/strong><\/p>\n","protected":false},"excerpt":{"rendered":"<p>Africa-Press &#8211; Guin\u00e9e. C\u2019est une nouvelle qui pourrait faire jaser en Guine\u0301e, notamment dans le milieu de la junte du CNRD. Les coalitions politiques et sociales les plus implante\u0301es en Re\u0301publique de Guine\u0301e viennent d\u2019e\u0302tre rec\u0327ues par le pre\u0301sident Umaro Sissoco Embalo\u0301, pre\u0301sident en exercice de la CEDEAO. Cellou Dalein Diallo de l\u2019UFDG, Se\u0301kou Koundouno [&hellip;]<\/p>\n","protected":false},"author":82,"featured_media":11045,"comment_status":"open","ping_status":"closed","sticky":false,"template":"","format":"standard","meta":{"footnotes":""},"categories":[2,10],"tags":[36,57,58],"class_list":["post-11046","post","type-post","status-publish","format-standard","has-post-thumbnail","hentry","category-politique","category-toutes-les-actualites","tag-africa-press","tag-africa-press-guinee","tag-guinee"],"yoast_head":"<!-- This site is optimized with the Yoast SEO Premium plugin v26.1 (Yoast SEO v27.0) - https:\/\/yoast.com\/product\/yoast-seo-premium-wordpress\/ -->\n<title>Cellou Dalein, Koundouno, Sa\u00efkou Yaya, S\u00e9kou Souap\u00e9\u2026 re\u00e7u par le pr\u00e9sident de la CEDEAO, Umaro Sissoco Embal\u00f3 - guinee Conakry<\/title>\n<meta name=\"robots\" content=\"index, follow, max-snippet:-1, max-image-preview:large, max-video-preview:-1\" \/>\n<link rel=\"canonical\" href=\"https:\/\/www.africa-press.net\/guinee-conakry\/politique\/cellou-dalein-koundouno-saikou-yaya-sekou-souape-recu-par-le-president-de-la-cedeao-umaro-sissoco-embalo\" \/>\n<meta property=\"og:locale\" content=\"fr_FR\" \/>\n<meta property=\"og:type\" content=\"article\" \/>\n<meta property=\"og:title\" content=\"Cellou Dalein, Koundouno, Sa\u00efkou Yaya, S\u00e9kou Souap\u00e9\u2026 re\u00e7u par le pr\u00e9sident de la CEDEAO, Umaro Sissoco Embal\u00f3\" \/>\n<meta property=\"og:description\" content=\"Africa-Press &#8211; Guin\u00e9e. C\u2019est une nouvelle qui pourrait faire jaser en Guine\u0301e, notamment dans le milieu de la junte du CNRD. Les coalitions politiques et sociales les plus implante\u0301es en Re\u0301publique de Guine\u0301e viennent d\u2019e\u0302tre rec\u0327ues par le pre\u0301sident Umaro Sissoco Embalo\u0301, pre\u0301sident en exercice de la CEDEAO. Cellou Dalein Diallo de l\u2019UFDG, Se\u0301kou Koundouno [&hellip;]\" \/>\n<meta property=\"og:url\" content=\"https:\/\/www.africa-press.net\/guinee-conakry\/politique\/cellou-dalein-koundouno-saikou-yaya-sekou-souape-recu-par-le-president-de-la-cedeao-umaro-sissoco-embalo\" \/>\n<meta property=\"og:site_name\" content=\"guinee Conakry\" \/>\n<meta property=\"article:published_time\" content=\"2022-12-26T20:48:00+00:00\" \/>\n<meta name=\"author\" content=\"cfeditorfr\" \/>\n<meta name=\"twitter:card\" content=\"summary_large_image\" \/>\n<meta name=\"twitter:label1\" content=\"\u00c9crit par\" \/>\n\t<meta name=\"twitter:data1\" content=\"cfeditorfr\" \/>\n\t<meta name=\"twitter:label2\" content=\"Dur\u00e9e de lecture estim\u00e9e\" \/>\n\t<meta name=\"twitter:data2\" content=\"2 minutes\" \/>\n<script type=\"application\/ld+json\" class=\"yoast-schema-graph\">{\"@context\":\"https:\/\/schema.org\",\"@graph\":[{\"@type\":\"Article\",\"@id\":\"https:\/\/www.africa-press.net\/guinee-conakry\/politique\/cellou-dalein-koundouno-saikou-yaya-sekou-souape-recu-par-le-president-de-la-cedeao-umaro-sissoco-embalo#article\",\"isPartOf\":{\"@id\":\"https:\/\/www.africa-press.net\/guinee-conakry\/politique\/cellou-dalein-koundouno-saikou-yaya-sekou-souape-recu-par-le-president-de-la-cedeao-umaro-sissoco-embalo\"},\"author\":{\"name\":\"cfeditorfr\",\"@id\":\"https:\/\/www.africa-press.net\/guinee-conakry\/#\/schema\/person\/2b1cf3cd81a31e3cd26889ca66d677f1\"},\"headline\":\"Cellou Dalein, Koundouno, Sa\u00efkou Yaya, S\u00e9kou Souap\u00e9\u2026 re\u00e7u par le pr\u00e9sident de la CEDEAO, Umaro Sissoco Embal\u00f3\",\"datePublished\":\"2022-12-26T20:48:00+00:00\",\"mainEntityOfPage\":{\"@id\":\"https:\/\/www.africa-press.net\/guinee-conakry\/politique\/cellou-dalein-koundouno-saikou-yaya-sekou-souape-recu-par-le-president-de-la-cedeao-umaro-sissoco-embalo\"},\"wordCount\":411,\"commentCount\":0,\"image\":{\"@id\":\"https:\/\/www.africa-press.net\/guinee-conakry\/politique\/cellou-dalein-koundouno-saikou-yaya-sekou-souape-recu-par-le-president-de-la-cedeao-umaro-sissoco-embalo#primaryimage\"},\"thumbnailUrl\":\"https:\/\/static.africa-press.net\/conakry\/sites\/63\/2022\/12\/Jokar1672075087.967397.jpg\",\"keywords\":[\"Africa Press\",\"Africa Press-Guin\u00e9e\",\"Guin\u00e9e\"],\"articleSection\":[\"Politique\",\"Toutes les actualit\u00e9s\"],\"inLanguage\":\"fr-FR\",\"potentialAction\":[{\"@type\":\"CommentAction\",\"name\":\"Comment\",\"target\":[\"https:\/\/www.africa-press.net\/guinee-conakry\/politique\/cellou-dalein-koundouno-saikou-yaya-sekou-souape-recu-par-le-president-de-la-cedeao-umaro-sissoco-embalo#respond\"]}]},{\"@type\":\"WebPage\",\"@id\":\"https:\/\/www.africa-press.net\/guinee-conakry\/politique\/cellou-dalein-koundouno-saikou-yaya-sekou-souape-recu-par-le-president-de-la-cedeao-umaro-sissoco-embalo\",\"url\":\"https:\/\/www.africa-press.net\/guinee-conakry\/politique\/cellou-dalein-koundouno-saikou-yaya-sekou-souape-recu-par-le-president-de-la-cedeao-umaro-sissoco-embalo\",\"name\":\"Cellou Dalein, Koundouno, Sa\u00efkou Yaya, S\u00e9kou Souap\u00e9\u2026 re\u00e7u par le pr\u00e9sident de la CEDEAO, Umaro Sissoco Embal\u00f3 - guinee Conakry\",\"isPartOf\":{\"@id\":\"https:\/\/www.africa-press.net\/guinee-conakry\/#website\"},\"primaryImageOfPage\":{\"@id\":\"https:\/\/www.africa-press.net\/guinee-conakry\/politique\/cellou-dalein-koundouno-saikou-yaya-sekou-souape-recu-par-le-president-de-la-cedeao-umaro-sissoco-embalo#primaryimage\"},\"image\":{\"@id\":\"https:\/\/www.africa-press.net\/guinee-conakry\/politique\/cellou-dalein-koundouno-saikou-yaya-sekou-souape-recu-par-le-president-de-la-cedeao-umaro-sissoco-embalo#primaryimage\"},\"thumbnailUrl\":\"https:\/\/static.africa-press.net\/conakry\/sites\/63\/2022\/12\/Jokar1672075087.967397.jpg\",\"datePublished\":\"2022-12-26T20:48:00+00:00\",\"author\":{\"@id\":\"https:\/\/www.africa-press.net\/guinee-conakry\/#\/schema\/person\/2b1cf3cd81a31e3cd26889ca66d677f1\"},\"breadcrumb\":{\"@id\":\"https:\/\/www.africa-press.net\/guinee-conakry\/politique\/cellou-dalein-koundouno-saikou-yaya-sekou-souape-recu-par-le-president-de-la-cedeao-umaro-sissoco-embalo#breadcrumb\"},\"inLanguage\":\"fr-FR\",\"potentialAction\":[{\"@type\":\"ReadAction\",\"target\":[\"https:\/\/www.africa-press.net\/guinee-conakry\/politique\/cellou-dalein-koundouno-saikou-yaya-sekou-souape-recu-par-le-president-de-la-cedeao-umaro-sissoco-embalo\"]}]},{\"@type\":\"ImageObject\",\"inLanguage\":\"fr-FR\",\"@id\":\"https:\/\/www.africa-press.net\/guinee-conakry\/politique\/cellou-dalein-koundouno-saikou-yaya-sekou-souape-recu-par-le-president-de-la-cedeao-umaro-sissoco-embalo#primaryimage\",\"url\":\"https:\/\/static.africa-press.net\/conakry\/sites\/63\/2022\/12\/Jokar1672075087.967397.jpg\",\"contentUrl\":\"https:\/\/static.africa-press.net\/conakry\/sites\/63\/2022\/12\/Jokar1672075087.967397.jpg\",\"width\":1056,\"height\":624,\"caption\":\"Cellou Dalein, Koundouno, Sa\u00efkou Yaya, S\u00e9kou Souap\u00e9\u2026 re\u00e7u par le pr\u00e9sident de la CEDEAO, Umaro Sissoco Embal\u00f3\"},{\"@type\":\"BreadcrumbList\",\"@id\":\"https:\/\/www.africa-press.net\/guinee-conakry\/politique\/cellou-dalein-koundouno-saikou-yaya-sekou-souape-recu-par-le-president-de-la-cedeao-umaro-sissoco-embalo#breadcrumb\",\"itemListElement\":[{\"@type\":\"ListItem\",\"position\":1,\"name\":\"Accueil\",\"item\":\"https:\/\/www.africa-press.net\/guinee-conakry\/\"},{\"@type\":\"ListItem\",\"position\":2,\"name\":\"Cellou Dalein, Koundouno, Sa\u00efkou Yaya, S\u00e9kou Souap\u00e9\u2026 re\u00e7u par le pr\u00e9sident de la CEDEAO, Umaro Sissoco Embal\u00f3\"}]},{\"@type\":\"WebSite\",\"@id\":\"https:\/\/www.africa-press.net\/guinee-conakry\/#website\",\"url\":\"https:\/\/www.africa-press.net\/guinee-conakry\/\",\"name\":\"guinee Conakry\",\"description\":\"Just another Africa News Agency Sites site\",\"potentialAction\":[{\"@type\":\"SearchAction\",\"target\":{\"@type\":\"EntryPoint\",\"urlTemplate\":\"https:\/\/www.africa-press.net\/guinee-conakry\/?s={search_term_string}\"},\"query-input\":{\"@type\":\"PropertyValueSpecification\",\"valueRequired\":true,\"valueName\":\"search_term_string\"}}],\"inLanguage\":\"fr-FR\"},{\"@type\":\"Person\",\"@id\":\"https:\/\/www.africa-press.net\/guinee-conakry\/#\/schema\/person\/2b1cf3cd81a31e3cd26889ca66d677f1\",\"name\":\"cfeditorfr\"}]}<\/script>\n<!-- \/ Yoast SEO Premium plugin. -->","yoast_head_json":{"title":"Cellou Dalein, Koundouno, Sa\u00efkou Yaya, S\u00e9kou Souap\u00e9\u2026 re\u00e7u par le pr\u00e9sident de la CEDEAO, Umaro Sissoco Embal\u00f3 - guinee Conakry","robots":{"index":"index","follow":"follow","max-snippet":"max-snippet:-1","max-image-preview":"max-image-preview:large","max-video-preview":"max-video-preview:-1"},"canonical":"https:\/\/www.africa-press.net\/guinee-conakry\/politique\/cellou-dalein-koundouno-saikou-yaya-sekou-souape-recu-par-le-president-de-la-cedeao-umaro-sissoco-embalo","og_locale":"fr_FR","og_type":"article","og_title":"Cellou Dalein, Koundouno, Sa\u00efkou Yaya, S\u00e9kou Souap\u00e9\u2026 re\u00e7u par le pr\u00e9sident de la CEDEAO, Umaro Sissoco Embal\u00f3","og_description":"Africa-Press &#8211; Guin\u00e9e. C\u2019est une nouvelle qui pourrait faire jaser en Guine\u0301e, notamment dans le milieu de la junte du CNRD. Les coalitions politiques et sociales les plus implante\u0301es en Re\u0301publique de Guine\u0301e viennent d\u2019e\u0302tre rec\u0327ues par le pre\u0301sident Umaro Sissoco Embalo\u0301, pre\u0301sident en exercice de la CEDEAO. Cellou Dalein Diallo de l\u2019UFDG, Se\u0301kou Koundouno [&hellip;]","og_url":"https:\/\/www.africa-press.net\/guinee-conakry\/politique\/cellou-dalein-koundouno-saikou-yaya-sekou-souape-recu-par-le-president-de-la-cedeao-umaro-sissoco-embalo","og_site_name":"guinee Conakry","article_published_time":"2022-12-26T20:48:00+00:00","author":"cfeditorfr","twitter_card":"summary_large_image","twitter_misc":{"\u00c9crit par":"cfeditorfr","Dur\u00e9e de lecture estim\u00e9e":"2 minutes"},"schema":{"@context":"https:\/\/schema.org","@graph":[{"@type":"Article","@id":"https:\/\/www.africa-press.net\/guinee-conakry\/politique\/cellou-dalein-koundouno-saikou-yaya-sekou-souape-recu-par-le-president-de-la-cedeao-umaro-sissoco-embalo#article","isPartOf":{"@id":"https:\/\/www.africa-press.net\/guinee-conakry\/politique\/cellou-dalein-koundouno-saikou-yaya-sekou-souape-recu-par-le-president-de-la-cedeao-umaro-sissoco-embalo"},"author":{"name":"cfeditorfr","@id":"https:\/\/www.africa-press.net\/guinee-conakry\/#\/schema\/person\/2b1cf3cd81a31e3cd26889ca66d677f1"},"headline":"Cellou Dalein, Koundouno, Sa\u00efkou Yaya, S\u00e9kou Souap\u00e9\u2026 re\u00e7u par le pr\u00e9sident de la CEDEAO, Umaro Sissoco Embal\u00f3","datePublished":"2022-12-26T20:48:00+00:00","mainEntityOfPage":{"@id":"https:\/\/www.africa-press.net\/guinee-conakry\/politique\/cellou-dalein-koundouno-saikou-yaya-sekou-souape-recu-par-le-president-de-la-cedeao-umaro-sissoco-embalo"},"wordCount":411,"commentCount":0,"image":{"@id":"https:\/\/www.africa-press.net\/guinee-conakry\/politique\/cellou-dalein-koundouno-saikou-yaya-sekou-souape-recu-par-le-president-de-la-cedeao-umaro-sissoco-embalo#primaryimage"},"thumbnailUrl":"https:\/\/static.africa-press.net\/conakry\/sites\/63\/2022\/12\/Jokar1672075087.967397.jpg","keywords":["Africa Press","Africa Press-Guin\u00e9e","Guin\u00e9e"],"articleSection":["Politique","Toutes les actualit\u00e9s"],"inLanguage":"fr-FR","potentialAction":[{"@type":"CommentAction","name":"Comment","target":["https:\/\/www.africa-press.net\/guinee-conakry\/politique\/cellou-dalein-koundouno-saikou-yaya-sekou-souape-recu-par-le-president-de-la-cedeao-umaro-sissoco-embalo#respond"]}]},{"@type":"WebPage","@id":"https:\/\/www.africa-press.net\/guinee-conakry\/politique\/cellou-dalein-koundouno-saikou-yaya-sekou-souape-recu-par-le-president-de-la-cedeao-umaro-sissoco-embalo","url":"https:\/\/www.africa-press.net\/guinee-conakry\/politique\/cellou-dalein-koundouno-saikou-yaya-sekou-souape-recu-par-le-president-de-la-cedeao-umaro-sissoco-embalo","name":"Cellou Dalein, Koundouno, Sa\u00efkou Yaya, S\u00e9kou Souap\u00e9\u2026 re\u00e7u par le pr\u00e9sident de la CEDEAO, Umaro Sissoco Embal\u00f3 - guinee Conakry","isPartOf":{"@id":"https:\/\/www.africa-press.net\/guinee-conakry\/#website"},"primaryImageOfPage":{"@id":"https:\/\/www.africa-press.net\/guinee-conakry\/politique\/cellou-dalein-koundouno-saikou-yaya-sekou-souape-recu-par-le-president-de-la-cedeao-umaro-sissoco-embalo#primaryimage"},"image":{"@id":"https:\/\/www.africa-press.net\/guinee-conakry\/politique\/cellou-dalein-koundouno-saikou-yaya-sekou-souape-recu-par-le-president-de-la-cedeao-umaro-sissoco-embalo#primaryimage"},"thumbnailUrl":"https:\/\/static.africa-press.net\/conakry\/sites\/63\/2022\/12\/Jokar1672075087.967397.jpg","datePublished":"2022-12-26T20:48:00+00:00","author":{"@id":"https:\/\/www.africa-press.net\/guinee-conakry\/#\/schema\/person\/2b1cf3cd81a31e3cd26889ca66d677f1"},"breadcrumb":{"@id":"https:\/\/www.africa-press.net\/guinee-conakry\/politique\/cellou-dalein-koundouno-saikou-yaya-sekou-souape-recu-par-le-president-de-la-cedeao-umaro-sissoco-embalo#breadcrumb"},"inLanguage":"fr-FR","potentialAction":[{"@type":"ReadAction","target":["https:\/\/www.africa-press.net\/guinee-conakry\/politique\/cellou-dalein-koundouno-saikou-yaya-sekou-souape-recu-par-le-president-de-la-cedeao-umaro-sissoco-embalo"]}]},{"@type":"ImageObject","inLanguage":"fr-FR","@id":"https:\/\/www.africa-press.net\/guinee-conakry\/politique\/cellou-dalein-koundouno-saikou-yaya-sekou-souape-recu-par-le-president-de-la-cedeao-umaro-sissoco-embalo#primaryimage","url":"https:\/\/static.africa-press.net\/conakry\/sites\/63\/2022\/12\/Jokar1672075087.967397.jpg","contentUrl":"https:\/\/static.africa-press.net\/conakry\/sites\/63\/2022\/12\/Jokar1672075087.967397.jpg","width":1056,"height":624,"caption":"Cellou Dalein, Koundouno, Sa\u00efkou Yaya, S\u00e9kou Souap\u00e9\u2026 re\u00e7u par le pr\u00e9sident de la CEDEAO, Umaro Sissoco Embal\u00f3"},{"@type":"BreadcrumbList","@id":"https:\/\/www.africa-press.net\/guinee-conakry\/politique\/cellou-dalein-koundouno-saikou-yaya-sekou-souape-recu-par-le-president-de-la-cedeao-umaro-sissoco-embalo#breadcrumb","itemListElement":[{"@type":"ListItem","position":1,"name":"Accueil","item":"https:\/\/www.africa-press.net\/guinee-conakry\/"},{"@type":"ListItem","position":2,"name":"Cellou Dalein, Koundouno, Sa\u00efkou Yaya, S\u00e9kou Souap\u00e9\u2026 re\u00e7u par le pr\u00e9sident de la CEDEAO, Umaro Sissoco Embal\u00f3"}]},{"@type":"WebSite","@id":"https:\/\/www.africa-press.net\/guinee-conakry\/#website","url":"https:\/\/www.africa-press.net\/guinee-conakry\/","name":"guinee Conakry","description":"Just another Africa News Agency Sites site","potentialAction":[{"@type":"SearchAction","target":{"@type":"EntryPoint","urlTemplate":"https:\/\/www.africa-press.net\/guinee-conakry\/?s={search_term_string}"},"query-input":{"@type":"PropertyValueSpecification","valueRequired":true,"valueName":"search_term_string"}}],"inLanguage":"fr-FR"},{"@type":"Person","@id":"https:\/\/www.africa-press.net\/guinee-conakry\/#\/schema\/person\/2b1cf3cd81a31e3cd26889ca66d677f1","name":"cfeditorfr"}]}},"_links":{"self":[{"href":"https:\/\/www.africa-press.net\/guinee-conakry\/wp-json\/wp\/v2\/posts\/11046","targetHints":{"allow":["GET"]}}],"collection":[{"href":"https:\/\/www.africa-press.net\/guinee-conakry\/wp-json\/wp\/v2\/posts"}],"about":[{"href":"https:\/\/www.africa-press.net\/guinee-conakry\/wp-json\/wp\/v2\/types\/post"}],"author":[{"embeddable":true,"href":"https:\/\/www.africa-press.net\/guinee-conakry\/wp-json\/wp\/v2\/users\/82"}],"replies":[{"embeddable":true,"href":"https:\/\/www.africa-press.net\/guinee-conakry\/wp-json\/wp\/v2\/comments?post=11046"}],"version-history":[{"count":0,"href":"https:\/\/www.africa-press.net\/guinee-conakry\/wp-json\/wp\/v2\/posts\/11046\/revisions"}],"wp:featuredmedia":[{"embeddable":true,"href":"https:\/\/www.africa-press.net\/guinee-conakry\/wp-json\/wp\/v2\/media\/11045"}],"wp:attachment":[{"href":"https:\/\/www.africa-press.net\/guinee-conakry\/wp-json\/wp\/v2\/media?parent=11046"}],"wp:term":[{"taxonomy":"category","embeddable":true,"href":"https:\/\/www.africa-press.net\/guinee-conakry\/wp-json\/wp\/v2\/categories?post=11046"},{"taxonomy":"post_tag","embeddable":true,"href":"https:\/\/www.africa-press.net\/guinee-conakry\/wp-json\/wp\/v2\/tags?post=11046"}],"curies":[{"name":"wp","href":"https:\/\/api.w.org\/{rel}","templated":true}]}}