{"id":11060,"date":"2022-12-28T20:06:00","date_gmt":"2022-12-28T20:06:00","guid":{"rendered":"https:\/\/www.africa-press.net\/guinee-conakry\/politique\/detention-de-fonike-mengue-et-ibrahima-diallo-maitre-abdoulaye-keita-tire-la-sonnette-dalarme"},"modified":"2022-12-28T20:06:00","modified_gmt":"2022-12-28T20:06:00","slug":"detention-de-fonike-mengue-et-ibrahima-diallo-maitre-abdoulaye-keita-tire-la-sonnette-dalarme","status":"publish","type":"post","link":"https:\/\/www.africa-press.net\/guinee-conakry\/politique\/detention-de-fonike-mengue-et-ibrahima-diallo-maitre-abdoulaye-keita-tire-la-sonnette-dalarme","title":{"rendered":"D\u00e9tention de Fonik\u00e9 Mengu\u00e9 et Ibrahima Diallo : ma\u00eetre Abdoulaye Keita tire la sonnette d\u2019alarme"},"content":{"rendered":"<p><span style=\"color: #ff6600\"><strong>Africa-Press &#8211; Guin\u00e9e. <\/strong><\/span>Le coordinateur national et le directeur des ope\u0301rations du Front national pour la de\u0301fense de la constitution (FNDC) sont en de\u0301tention pre\u0301ventive a\u0300 la maison centre de Conakry depuis plus de pre\u0300s de 5 mois. Apre\u0300s la clo\u0302ture de l\u2019instruction, le proce\u0300s d\u2019Oumar Sylla, alias Fonike\u0301 Mengue\u0300, et d\u2019Ibrahima Diallo, respectivement, tarde encore a\u0300 s\u2019ouvrir devant le tribunal de premie\u0300re instance de Dixinn. Leurs avocats, plus que jamais pre\u0301occupe\u0301s par cette situation, sollicitent l\u2019ouverture de leur proce\u0300s. mai\u0302tre Abdoulaye Ke\u0301ita, membre du collectif des avocats de la de\u0301fense du FNDC, tire la sonnette d\u2019alarme sur ce dossier.<\/p>\n<p>Dans un entretien accorde\u0301 a\u0300 notre reporter, dans la journe\u0301e du vendredi 23 de\u0301cembre 2022, mai\u0302tre Abdoulaye Keita, un des avocats du FNDC, accuse le parquet du tribunal de premie\u0300re instance de Dixinn de violation du code de proce\u0301dure pe\u0301nale dans cette affaire.<\/p>\n<p>\u00ab Tout le proble\u0300me se situe au niveau du tribunal de premie\u0300re instance de Dixinn qui refuse de programmer le dossier. On ne sait pas pourquoi ils s\u2019abstiennent de programmer ce dossier. Et pourtant, c\u2019est une violation flagrante de la loi. Nous avons tous appris a\u0300 travers les autorite\u0301s actuelles que la justice sera la boussole qui guidera toutes les actions ; mais, nous voyons maintenant le contraire. Sinon, qu\u2019est-ce qu\u2019il y a de complique\u0301 pour que Fonike\u0301 Mengue\u0301 et Ibrahima Diallo soient situe\u0301s sur leur sort ? C\u0327a, c\u2019est une surprise pour nous et une violation du code de proce\u0301dure pe\u0301nale. Nous voulons maintenant que le dossier soit programme\u0301 ou a\u0300 de\u0301faut qu\u2019on leur accorde une mise en liberte\u0301. C\u2019est cela notre pre\u0301occupation aujourd\u2019hui \u00bb, a dit l\u2019avocat.<\/p>\n<p>Poursuivant, mai\u0302tre Abdoulaye Ke\u0301ita dit avoir mene\u0301 beaucoup de de\u0301marches infructueuses avec le collectif pour la programmation du dossier. C\u2019est pourquoi il sollicite leur mise en liberte\u0301. \u00ab A\u0300 date, l\u2019instruction a pris fin. Nous avions introduit une reque\u0302te de mise en liberte\u0301 devant le tribunal de Dixinn avant d\u2019aller devant la deuxie\u0300me chambre de l\u2019instruction de la Cour d\u2019Appel qui a aussi confirme\u0301 la de\u0301cision du tribunal de premie\u0300re instance de Dixinn en les maintenant en de\u0301tention, rejetant ainsi notre demande de mise en liberte\u0301. Et pendant ce temps, nos clients sont en prison depuis plusieurs mois. Nous demandons au procureur du tribunal de premie\u0300re instance de Dixinn d\u2019ouvrir ce proce\u0300s la\u0300 pour que nos clients soient fixe\u0301s sur leur sort. Il faut programmer ce dossier ou a\u0300 de\u0301faut, acce\u0301der a\u0300 la demande de mise en liberte\u0301. Nous demandons e\u0301galement au gouvernement de s\u2019impliquer pour acce\u0301le\u0301rer la tenue de ce proce\u0300s \u00bb, a-t-il martele\u0301.<\/p>\n<p>Si rien n\u2019est fait dans les prochains jours, Me Abdoulaye Keita affirme qu\u2019il se re\u0301serve le droit d\u2019introduire une nouvelle reque\u0302te de mise en liberte\u0301 des responsables du FNDC.<\/p>\n<p><strong>Pour plus d&rsquo;informations et d&rsquo;analyses sur la <a href=\"https:\/\/www.africa-press.net\/guinee-conakry\">Guin\u00e9e<\/a>, suivez <a href=\"https:\/\/www.africa-press.net\/\">Africa-Press<\/a><\/strong><\/p>\n","protected":false},"excerpt":{"rendered":"<p>Africa-Press &#8211; Guin\u00e9e. Le coordinateur national et le directeur des ope\u0301rations du Front national pour la de\u0301fense de la constitution (FNDC) sont en de\u0301tention pre\u0301ventive a\u0300 la maison centre de Conakry depuis plus de pre\u0300s de 5 mois. Apre\u0300s la clo\u0302ture de l\u2019instruction, le proce\u0300s d\u2019Oumar Sylla, alias Fonike\u0301 Mengue\u0300, et d\u2019Ibrahima Diallo, respectivement, tarde [&hellip;]<\/p>\n","protected":false},"author":82,"featured_media":11059,"comment_status":"open","ping_status":"closed","sticky":false,"template":"","format":"standard","meta":{"footnotes":""},"categories":[2,10],"tags":[36,57,58],"class_list":["post-11060","post","type-post","status-publish","format-standard","has-post-thumbnail","hentry","category-politique","category-toutes-les-actualites","tag-africa-press","tag-africa-press-guinee","tag-guinee"],"yoast_head":"<!-- This site is optimized with the Yoast SEO Premium plugin v26.1 (Yoast SEO v27.0) - https:\/\/yoast.com\/product\/yoast-seo-premium-wordpress\/ -->\n<title>D\u00e9tention de Fonik\u00e9 Mengu\u00e9 et Ibrahima Diallo : ma\u00eetre Abdoulaye Keita tire la sonnette d\u2019alarme - guinee Conakry<\/title>\n<meta name=\"robots\" content=\"index, follow, max-snippet:-1, max-image-preview:large, max-video-preview:-1\" \/>\n<link rel=\"canonical\" href=\"https:\/\/www.africa-press.net\/guinee-conakry\/politique\/detention-de-fonike-mengue-et-ibrahima-diallo-maitre-abdoulaye-keita-tire-la-sonnette-dalarme\" \/>\n<meta property=\"og:locale\" content=\"fr_FR\" \/>\n<meta property=\"og:type\" content=\"article\" \/>\n<meta property=\"og:title\" content=\"D\u00e9tention de Fonik\u00e9 Mengu\u00e9 et Ibrahima Diallo : ma\u00eetre Abdoulaye Keita tire la sonnette d\u2019alarme\" \/>\n<meta property=\"og:description\" content=\"Africa-Press &#8211; Guin\u00e9e. Le coordinateur national et le directeur des ope\u0301rations du Front national pour la de\u0301fense de la constitution (FNDC) sont en de\u0301tention pre\u0301ventive a\u0300 la maison centre de Conakry depuis plus de pre\u0300s de 5 mois. Apre\u0300s la clo\u0302ture de l\u2019instruction, le proce\u0300s d\u2019Oumar Sylla, alias Fonike\u0301 Mengue\u0300, et d\u2019Ibrahima Diallo, respectivement, tarde [&hellip;]\" \/>\n<meta property=\"og:url\" content=\"https:\/\/www.africa-press.net\/guinee-conakry\/politique\/detention-de-fonike-mengue-et-ibrahima-diallo-maitre-abdoulaye-keita-tire-la-sonnette-dalarme\" \/>\n<meta property=\"og:site_name\" content=\"guinee Conakry\" \/>\n<meta property=\"article:published_time\" content=\"2022-12-28T20:06:00+00:00\" \/>\n<meta name=\"author\" content=\"cfeditorfr\" \/>\n<meta name=\"twitter:card\" content=\"summary_large_image\" \/>\n<meta name=\"twitter:label1\" content=\"\u00c9crit par\" \/>\n\t<meta name=\"twitter:data1\" content=\"cfeditorfr\" \/>\n\t<meta name=\"twitter:label2\" content=\"Dur\u00e9e de lecture estim\u00e9e\" \/>\n\t<meta name=\"twitter:data2\" content=\"3 minutes\" \/>\n<script type=\"application\/ld+json\" class=\"yoast-schema-graph\">{\"@context\":\"https:\/\/schema.org\",\"@graph\":[{\"@type\":\"Article\",\"@id\":\"https:\/\/www.africa-press.net\/guinee-conakry\/politique\/detention-de-fonike-mengue-et-ibrahima-diallo-maitre-abdoulaye-keita-tire-la-sonnette-dalarme#article\",\"isPartOf\":{\"@id\":\"https:\/\/www.africa-press.net\/guinee-conakry\/politique\/detention-de-fonike-mengue-et-ibrahima-diallo-maitre-abdoulaye-keita-tire-la-sonnette-dalarme\"},\"author\":{\"name\":\"cfeditorfr\",\"@id\":\"https:\/\/www.africa-press.net\/guinee-conakry\/#\/schema\/person\/2b1cf3cd81a31e3cd26889ca66d677f1\"},\"headline\":\"D\u00e9tention de Fonik\u00e9 Mengu\u00e9 et Ibrahima Diallo : ma\u00eetre Abdoulaye Keita tire la sonnette d\u2019alarme\",\"datePublished\":\"2022-12-28T20:06:00+00:00\",\"mainEntityOfPage\":{\"@id\":\"https:\/\/www.africa-press.net\/guinee-conakry\/politique\/detention-de-fonike-mengue-et-ibrahima-diallo-maitre-abdoulaye-keita-tire-la-sonnette-dalarme\"},\"wordCount\":552,\"commentCount\":0,\"image\":{\"@id\":\"https:\/\/www.africa-press.net\/guinee-conakry\/politique\/detention-de-fonike-mengue-et-ibrahima-diallo-maitre-abdoulaye-keita-tire-la-sonnette-dalarme#primaryimage\"},\"thumbnailUrl\":\"https:\/\/static.africa-press.net\/conakry\/sites\/63\/2022\/12\/Jokar1672245373.849464.jpg\",\"keywords\":[\"Africa Press\",\"Africa Press-Guin\u00e9e\",\"Guin\u00e9e\"],\"articleSection\":[\"Politique\",\"Toutes les actualit\u00e9s\"],\"inLanguage\":\"fr-FR\",\"potentialAction\":[{\"@type\":\"CommentAction\",\"name\":\"Comment\",\"target\":[\"https:\/\/www.africa-press.net\/guinee-conakry\/politique\/detention-de-fonike-mengue-et-ibrahima-diallo-maitre-abdoulaye-keita-tire-la-sonnette-dalarme#respond\"]}]},{\"@type\":\"WebPage\",\"@id\":\"https:\/\/www.africa-press.net\/guinee-conakry\/politique\/detention-de-fonike-mengue-et-ibrahima-diallo-maitre-abdoulaye-keita-tire-la-sonnette-dalarme\",\"url\":\"https:\/\/www.africa-press.net\/guinee-conakry\/politique\/detention-de-fonike-mengue-et-ibrahima-diallo-maitre-abdoulaye-keita-tire-la-sonnette-dalarme\",\"name\":\"D\u00e9tention de Fonik\u00e9 Mengu\u00e9 et Ibrahima Diallo : ma\u00eetre Abdoulaye Keita tire la sonnette d\u2019alarme - guinee Conakry\",\"isPartOf\":{\"@id\":\"https:\/\/www.africa-press.net\/guinee-conakry\/#website\"},\"primaryImageOfPage\":{\"@id\":\"https:\/\/www.africa-press.net\/guinee-conakry\/politique\/detention-de-fonike-mengue-et-ibrahima-diallo-maitre-abdoulaye-keita-tire-la-sonnette-dalarme#primaryimage\"},\"image\":{\"@id\":\"https:\/\/www.africa-press.net\/guinee-conakry\/politique\/detention-de-fonike-mengue-et-ibrahima-diallo-maitre-abdoulaye-keita-tire-la-sonnette-dalarme#primaryimage\"},\"thumbnailUrl\":\"https:\/\/static.africa-press.net\/conakry\/sites\/63\/2022\/12\/Jokar1672245373.849464.jpg\",\"datePublished\":\"2022-12-28T20:06:00+00:00\",\"author\":{\"@id\":\"https:\/\/www.africa-press.net\/guinee-conakry\/#\/schema\/person\/2b1cf3cd81a31e3cd26889ca66d677f1\"},\"breadcrumb\":{\"@id\":\"https:\/\/www.africa-press.net\/guinee-conakry\/politique\/detention-de-fonike-mengue-et-ibrahima-diallo-maitre-abdoulaye-keita-tire-la-sonnette-dalarme#breadcrumb\"},\"inLanguage\":\"fr-FR\",\"potentialAction\":[{\"@type\":\"ReadAction\",\"target\":[\"https:\/\/www.africa-press.net\/guinee-conakry\/politique\/detention-de-fonike-mengue-et-ibrahima-diallo-maitre-abdoulaye-keita-tire-la-sonnette-dalarme\"]}]},{\"@type\":\"ImageObject\",\"inLanguage\":\"fr-FR\",\"@id\":\"https:\/\/www.africa-press.net\/guinee-conakry\/politique\/detention-de-fonike-mengue-et-ibrahima-diallo-maitre-abdoulaye-keita-tire-la-sonnette-dalarme#primaryimage\",\"url\":\"https:\/\/static.africa-press.net\/conakry\/sites\/63\/2022\/12\/Jokar1672245373.849464.jpg\",\"contentUrl\":\"https:\/\/static.africa-press.net\/conakry\/sites\/63\/2022\/12\/Jokar1672245373.849464.jpg\",\"width\":550,\"height\":426,\"caption\":\"D\u00e9tention de Fonik\u00e9 Mengu\u00e9 et Ibrahima Diallo : ma\u00eetre Abdoulaye Keita tire la sonnette d\u2019alarme\"},{\"@type\":\"BreadcrumbList\",\"@id\":\"https:\/\/www.africa-press.net\/guinee-conakry\/politique\/detention-de-fonike-mengue-et-ibrahima-diallo-maitre-abdoulaye-keita-tire-la-sonnette-dalarme#breadcrumb\",\"itemListElement\":[{\"@type\":\"ListItem\",\"position\":1,\"name\":\"Accueil\",\"item\":\"https:\/\/www.africa-press.net\/guinee-conakry\/\"},{\"@type\":\"ListItem\",\"position\":2,\"name\":\"D\u00e9tention de Fonik\u00e9 Mengu\u00e9 et Ibrahima Diallo : ma\u00eetre Abdoulaye Keita tire la sonnette d\u2019alarme\"}]},{\"@type\":\"WebSite\",\"@id\":\"https:\/\/www.africa-press.net\/guinee-conakry\/#website\",\"url\":\"https:\/\/www.africa-press.net\/guinee-conakry\/\",\"name\":\"guinee Conakry\",\"description\":\"Just another Africa News Agency Sites site\",\"potentialAction\":[{\"@type\":\"SearchAction\",\"target\":{\"@type\":\"EntryPoint\",\"urlTemplate\":\"https:\/\/www.africa-press.net\/guinee-conakry\/?s={search_term_string}\"},\"query-input\":{\"@type\":\"PropertyValueSpecification\",\"valueRequired\":true,\"valueName\":\"search_term_string\"}}],\"inLanguage\":\"fr-FR\"},{\"@type\":\"Person\",\"@id\":\"https:\/\/www.africa-press.net\/guinee-conakry\/#\/schema\/person\/2b1cf3cd81a31e3cd26889ca66d677f1\",\"name\":\"cfeditorfr\"}]}<\/script>\n<!-- \/ Yoast SEO Premium plugin. -->","yoast_head_json":{"title":"D\u00e9tention de Fonik\u00e9 Mengu\u00e9 et Ibrahima Diallo : ma\u00eetre Abdoulaye Keita tire la sonnette d\u2019alarme - guinee Conakry","robots":{"index":"index","follow":"follow","max-snippet":"max-snippet:-1","max-image-preview":"max-image-preview:large","max-video-preview":"max-video-preview:-1"},"canonical":"https:\/\/www.africa-press.net\/guinee-conakry\/politique\/detention-de-fonike-mengue-et-ibrahima-diallo-maitre-abdoulaye-keita-tire-la-sonnette-dalarme","og_locale":"fr_FR","og_type":"article","og_title":"D\u00e9tention de Fonik\u00e9 Mengu\u00e9 et Ibrahima Diallo : ma\u00eetre Abdoulaye Keita tire la sonnette d\u2019alarme","og_description":"Africa-Press &#8211; Guin\u00e9e. Le coordinateur national et le directeur des ope\u0301rations du Front national pour la de\u0301fense de la constitution (FNDC) sont en de\u0301tention pre\u0301ventive a\u0300 la maison centre de Conakry depuis plus de pre\u0300s de 5 mois. Apre\u0300s la clo\u0302ture de l\u2019instruction, le proce\u0300s d\u2019Oumar Sylla, alias Fonike\u0301 Mengue\u0300, et d\u2019Ibrahima Diallo, respectivement, tarde [&hellip;]","og_url":"https:\/\/www.africa-press.net\/guinee-conakry\/politique\/detention-de-fonike-mengue-et-ibrahima-diallo-maitre-abdoulaye-keita-tire-la-sonnette-dalarme","og_site_name":"guinee Conakry","article_published_time":"2022-12-28T20:06:00+00:00","author":"cfeditorfr","twitter_card":"summary_large_image","twitter_misc":{"\u00c9crit par":"cfeditorfr","Dur\u00e9e de lecture estim\u00e9e":"3 minutes"},"schema":{"@context":"https:\/\/schema.org","@graph":[{"@type":"Article","@id":"https:\/\/www.africa-press.net\/guinee-conakry\/politique\/detention-de-fonike-mengue-et-ibrahima-diallo-maitre-abdoulaye-keita-tire-la-sonnette-dalarme#article","isPartOf":{"@id":"https:\/\/www.africa-press.net\/guinee-conakry\/politique\/detention-de-fonike-mengue-et-ibrahima-diallo-maitre-abdoulaye-keita-tire-la-sonnette-dalarme"},"author":{"name":"cfeditorfr","@id":"https:\/\/www.africa-press.net\/guinee-conakry\/#\/schema\/person\/2b1cf3cd81a31e3cd26889ca66d677f1"},"headline":"D\u00e9tention de Fonik\u00e9 Mengu\u00e9 et Ibrahima Diallo : ma\u00eetre Abdoulaye Keita tire la sonnette d\u2019alarme","datePublished":"2022-12-28T20:06:00+00:00","mainEntityOfPage":{"@id":"https:\/\/www.africa-press.net\/guinee-conakry\/politique\/detention-de-fonike-mengue-et-ibrahima-diallo-maitre-abdoulaye-keita-tire-la-sonnette-dalarme"},"wordCount":552,"commentCount":0,"image":{"@id":"https:\/\/www.africa-press.net\/guinee-conakry\/politique\/detention-de-fonike-mengue-et-ibrahima-diallo-maitre-abdoulaye-keita-tire-la-sonnette-dalarme#primaryimage"},"thumbnailUrl":"https:\/\/static.africa-press.net\/conakry\/sites\/63\/2022\/12\/Jokar1672245373.849464.jpg","keywords":["Africa Press","Africa Press-Guin\u00e9e","Guin\u00e9e"],"articleSection":["Politique","Toutes les actualit\u00e9s"],"inLanguage":"fr-FR","potentialAction":[{"@type":"CommentAction","name":"Comment","target":["https:\/\/www.africa-press.net\/guinee-conakry\/politique\/detention-de-fonike-mengue-et-ibrahima-diallo-maitre-abdoulaye-keita-tire-la-sonnette-dalarme#respond"]}]},{"@type":"WebPage","@id":"https:\/\/www.africa-press.net\/guinee-conakry\/politique\/detention-de-fonike-mengue-et-ibrahima-diallo-maitre-abdoulaye-keita-tire-la-sonnette-dalarme","url":"https:\/\/www.africa-press.net\/guinee-conakry\/politique\/detention-de-fonike-mengue-et-ibrahima-diallo-maitre-abdoulaye-keita-tire-la-sonnette-dalarme","name":"D\u00e9tention de Fonik\u00e9 Mengu\u00e9 et Ibrahima Diallo : ma\u00eetre Abdoulaye Keita tire la sonnette d\u2019alarme - guinee Conakry","isPartOf":{"@id":"https:\/\/www.africa-press.net\/guinee-conakry\/#website"},"primaryImageOfPage":{"@id":"https:\/\/www.africa-press.net\/guinee-conakry\/politique\/detention-de-fonike-mengue-et-ibrahima-diallo-maitre-abdoulaye-keita-tire-la-sonnette-dalarme#primaryimage"},"image":{"@id":"https:\/\/www.africa-press.net\/guinee-conakry\/politique\/detention-de-fonike-mengue-et-ibrahima-diallo-maitre-abdoulaye-keita-tire-la-sonnette-dalarme#primaryimage"},"thumbnailUrl":"https:\/\/static.africa-press.net\/conakry\/sites\/63\/2022\/12\/Jokar1672245373.849464.jpg","datePublished":"2022-12-28T20:06:00+00:00","author":{"@id":"https:\/\/www.africa-press.net\/guinee-conakry\/#\/schema\/person\/2b1cf3cd81a31e3cd26889ca66d677f1"},"breadcrumb":{"@id":"https:\/\/www.africa-press.net\/guinee-conakry\/politique\/detention-de-fonike-mengue-et-ibrahima-diallo-maitre-abdoulaye-keita-tire-la-sonnette-dalarme#breadcrumb"},"inLanguage":"fr-FR","potentialAction":[{"@type":"ReadAction","target":["https:\/\/www.africa-press.net\/guinee-conakry\/politique\/detention-de-fonike-mengue-et-ibrahima-diallo-maitre-abdoulaye-keita-tire-la-sonnette-dalarme"]}]},{"@type":"ImageObject","inLanguage":"fr-FR","@id":"https:\/\/www.africa-press.net\/guinee-conakry\/politique\/detention-de-fonike-mengue-et-ibrahima-diallo-maitre-abdoulaye-keita-tire-la-sonnette-dalarme#primaryimage","url":"https:\/\/static.africa-press.net\/conakry\/sites\/63\/2022\/12\/Jokar1672245373.849464.jpg","contentUrl":"https:\/\/static.africa-press.net\/conakry\/sites\/63\/2022\/12\/Jokar1672245373.849464.jpg","width":550,"height":426,"caption":"D\u00e9tention de Fonik\u00e9 Mengu\u00e9 et Ibrahima Diallo : ma\u00eetre Abdoulaye Keita tire la sonnette d\u2019alarme"},{"@type":"BreadcrumbList","@id":"https:\/\/www.africa-press.net\/guinee-conakry\/politique\/detention-de-fonike-mengue-et-ibrahima-diallo-maitre-abdoulaye-keita-tire-la-sonnette-dalarme#breadcrumb","itemListElement":[{"@type":"ListItem","position":1,"name":"Accueil","item":"https:\/\/www.africa-press.net\/guinee-conakry\/"},{"@type":"ListItem","position":2,"name":"D\u00e9tention de Fonik\u00e9 Mengu\u00e9 et Ibrahima Diallo : ma\u00eetre Abdoulaye Keita tire la sonnette d\u2019alarme"}]},{"@type":"WebSite","@id":"https:\/\/www.africa-press.net\/guinee-conakry\/#website","url":"https:\/\/www.africa-press.net\/guinee-conakry\/","name":"guinee Conakry","description":"Just another Africa News Agency Sites site","potentialAction":[{"@type":"SearchAction","target":{"@type":"EntryPoint","urlTemplate":"https:\/\/www.africa-press.net\/guinee-conakry\/?s={search_term_string}"},"query-input":{"@type":"PropertyValueSpecification","valueRequired":true,"valueName":"search_term_string"}}],"inLanguage":"fr-FR"},{"@type":"Person","@id":"https:\/\/www.africa-press.net\/guinee-conakry\/#\/schema\/person\/2b1cf3cd81a31e3cd26889ca66d677f1","name":"cfeditorfr"}]}},"_links":{"self":[{"href":"https:\/\/www.africa-press.net\/guinee-conakry\/wp-json\/wp\/v2\/posts\/11060","targetHints":{"allow":["GET"]}}],"collection":[{"href":"https:\/\/www.africa-press.net\/guinee-conakry\/wp-json\/wp\/v2\/posts"}],"about":[{"href":"https:\/\/www.africa-press.net\/guinee-conakry\/wp-json\/wp\/v2\/types\/post"}],"author":[{"embeddable":true,"href":"https:\/\/www.africa-press.net\/guinee-conakry\/wp-json\/wp\/v2\/users\/82"}],"replies":[{"embeddable":true,"href":"https:\/\/www.africa-press.net\/guinee-conakry\/wp-json\/wp\/v2\/comments?post=11060"}],"version-history":[{"count":0,"href":"https:\/\/www.africa-press.net\/guinee-conakry\/wp-json\/wp\/v2\/posts\/11060\/revisions"}],"wp:featuredmedia":[{"embeddable":true,"href":"https:\/\/www.africa-press.net\/guinee-conakry\/wp-json\/wp\/v2\/media\/11059"}],"wp:attachment":[{"href":"https:\/\/www.africa-press.net\/guinee-conakry\/wp-json\/wp\/v2\/media?parent=11060"}],"wp:term":[{"taxonomy":"category","embeddable":true,"href":"https:\/\/www.africa-press.net\/guinee-conakry\/wp-json\/wp\/v2\/categories?post=11060"},{"taxonomy":"post_tag","embeddable":true,"href":"https:\/\/www.africa-press.net\/guinee-conakry\/wp-json\/wp\/v2\/tags?post=11060"}],"curies":[{"name":"wp","href":"https:\/\/api.w.org\/{rel}","templated":true}]}}