{"id":11079,"date":"2022-12-28T20:35:00","date_gmt":"2022-12-28T20:35:00","guid":{"rendered":"https:\/\/www.africa-press.net\/guinee-conakry\/politique\/oumar-doumbouya-le-juge-de-paix-de-gaoual-fait-arreter-un-malade-une-plainte-annoncee-contre-lui-a-conakry"},"modified":"2022-12-28T20:35:00","modified_gmt":"2022-12-28T20:35:00","slug":"oumar-doumbouya-le-juge-de-paix-de-gaoual-fait-arreter-un-malade-une-plainte-annoncee-contre-lui-a-conakry","status":"publish","type":"post","link":"https:\/\/www.africa-press.net\/guinee-conakry\/toutes-les-actualites\/oumar-doumbouya-le-juge-de-paix-de-gaoual-fait-arreter-un-malade-une-plainte-annoncee-contre-lui-a-conakry","title":{"rendered":"Oumar Doumbouya, le juge de paix de Gaoual, fait arr\u00eater un \u00ab malade \u00bb : une plainte annonc\u00e9e contre lui \u00e0 Conakry"},"content":{"rendered":"<p><span style=\"color: #ff6600\"><strong>Africa-Press &#8211; Guin\u00e9e. <\/strong><\/span>Les habitants et ressortissants de Madina Guile\u0301dji, un district de la sous-pre\u0301fecture de Koumbia, dans la pre\u0301fecture de Gaoual, sont tre\u0300s remonte\u0301s contre le juge de paix de Gaoual. Ils reprochent au magistrat d\u2019avoir fait arre\u0302ter et emprisonner \u00ab injustement \u00bb leur pre\u0301sident de district, alors que celui-ci est malade, et annoncent une plainte contre lui.<\/p>\n<p>Selon les informations tout est parti d\u2019un proble\u0300me entre deux voisins autour d\u2019une ge\u0301nisse, dont chacun dit e\u0302tre le proprie\u0301taire. Saisi de la situation, le pre\u0301sident du district de Madina Guile\u0301dji, Boubacar Balde\u0301, se bouge pour tenter de trouver une solution a\u0300 l\u2019amiable.<\/p>\n<p>\u00ab Le mardi 20 de\u0301cembre, j\u2019ai e\u0301te\u0301 informe\u0301 par Sally Alpha, qui re\u0301side a\u0300 Walan (un des secteurs de Madina-Guile\u0301dji) qu\u2019il y a un malentendu entre deux fre\u0300res autour d\u2019un animal errant, une ge\u0301nisse de deux ans. Je suis alle\u0301 les rencontrer, accompagne\u0301 d\u2019un membre de la coordination des e\u0301leveurs de Koumbia. Chacun s\u2019est explique\u0301. Le premier, nomme\u0301 Elhadj, avait de\u0301ja\u0300 marque\u0301 l\u2019animal en question.<\/p>\n<p>Il soutient que c\u2019est sa vache qui a donne\u0301 naissance a\u0300 cette ge\u0301nisse, avant de mourir quelque temps apre\u0300s. Le second, c\u2019est Ke\u0301koura, qui soutient e\u0301galement que l\u2019animal lui appartient. J\u2019ai demande\u0301 a\u0300 ce que chacun apporte la preuve de ce qu\u2019il avance. En attendant, Sally Alpha, qui est e\u0301leveur, est charge\u0301 de s\u2019en occuper en vue d\u2019aider a\u0300 trouver la solution, s\u2019il le faut a\u0300 l\u2019amiable \u00bb, a explique\u0301 M. Balde\u0301, interroge\u0301 par notre re\u0301daction.<\/p>\n<p>Le lendemain, le nomme\u0301 Sally Alpha appelle le pre\u0301sident du district pour l\u2019informer qu\u2019il a re\u0301ussi a\u0300 trouver une solution au proble\u0300me. \u00ab Ils m\u2019ont appele\u0301 a\u0300 Walan, je suis venu, toujours accompagne\u0301 de Lama Kourfamou, un des membres de la coordination des e\u0301leveurs de Koumbia. Ils m\u2019ont dit que le proble\u0300me e\u0301tait termine\u0301.<\/p>\n<p>Le vieux Sally Alpha a demande\u0301 a\u0300 son enfant de laisser le b\u0153uf a\u0300 son voisin, Elhadj. Le vieux a explique\u0301 que c\u2019est lui qui a fait venir le pe\u0300re de ce dernier de Fossou a\u0300 Walan, donc les deux jeunes sont de sa famille. Lama et moi, nous n\u2019e\u0301tions la\u0300-bas qu\u2019a\u0300 titre de te\u0301moins. J\u2019ai dit d\u2019accord, comme vous vous e\u0302tes entendus en famille, Dieu merci, c\u2019est bon. Je leur ai prodigue\u0301 des conseils avant de quitter les lieux.<\/p>\n<p>Mais, vingt-quatre heures apre\u0300s, Boubacar Balde\u0301 rec\u0327oit une convocation du poste de gendarmerie de Koumbia contre le nomme\u0301 Elhadj, dans le cadre de ce me\u0302me proble\u0300me. Il prend le jeune en question et va avec lui au poste de gendarmerie de Koumbia, ou\u0300 ils seront retenus tous les deux. Sur instruction du juge de paix de Gaoual, les agents de se\u0301curite\u0301 proce\u0300dent a\u0300 l\u2019interpellation des nomme\u0301s Ke\u0301koura et Lama Kourfamou.<\/p>\n<p>Le 25 de\u0301cembre, tous les quatre sont transfe\u0301re\u0301s a\u0300 Gaoual, ou\u0300 ils ont e\u0301te\u0301 place\u0301s d\u2019abord en garde a\u0300 vue a\u0300 la gendarmerie de\u0301partementale, avant d\u2019e\u0302tre de\u0301fe\u0301re\u0301s a\u0300 la prison civile. Entretemps, la sante\u0301 de\u0301ja\u0300 fragile du pre\u0301sident du district de Madina Guile\u0301dji s\u2019est de\u0301te\u0301riore\u0301e, il a me\u0302me e\u0301te\u0301 admis a\u0300 l\u2019ho\u0302pital de Gaoual pour des soins. Cette situation suscite une vive indignation a\u0300 Koumbia, ou\u0300 les citoyens de\u0301noncent une \u00ab ve\u0301ritable injustice \u00bb.<\/p>\n<p>C\u2019est aussi l\u2019avis de l\u2019Association pour le de\u0301veloppement de Madina-Guile\u0301dji (ADEMA) base\u0301e a\u0300 Conakry. Le pre\u0301sident de cette structure, Mamadou Moustapha Diallo, a fustige\u0301 et condamne\u0301 cet acte, avant d\u2019annoncer son intention de de\u0301poser une plainte au parquet ge\u0301ne\u0301ral de Conakry contre le juge de paix de Gaoual, Oumar Doumbouya.<\/p>\n<p><strong>Pour plus d&rsquo;informations et d&rsquo;analyses sur la <a href=\"https:\/\/www.africa-press.net\/guinee-conakry\">Guin\u00e9e<\/a>, suivez <a href=\"https:\/\/www.africa-press.net\/\">Africa-Press<\/a><\/strong><\/p>\n","protected":false},"excerpt":{"rendered":"<p>Africa-Press &#8211; Guin\u00e9e. Les habitants et ressortissants de Madina Guile\u0301dji, un district de la sous-pre\u0301fecture de Koumbia, dans la pre\u0301fecture de Gaoual, sont tre\u0300s remonte\u0301s contre le juge de paix de Gaoual. Ils reprochent au magistrat d\u2019avoir fait arre\u0302ter et emprisonner \u00ab injustement \u00bb leur pre\u0301sident de district, alors que celui-ci est malade, et annoncent [&hellip;]<\/p>\n","protected":false},"author":82,"featured_media":11078,"comment_status":"open","ping_status":"closed","sticky":false,"template":"","format":"standard","meta":{"footnotes":""},"categories":[21,10],"tags":[36,57,58],"class_list":["post-11079","post","type-post","status-publish","format-standard","has-post-thumbnail","hentry","category-communaute","category-toutes-les-actualites","tag-africa-press","tag-africa-press-guinee","tag-guinee"],"yoast_head":"<!-- This site is optimized with the Yoast SEO Premium plugin v26.1 (Yoast SEO v27.0) - https:\/\/yoast.com\/product\/yoast-seo-premium-wordpress\/ -->\n<title>Oumar Doumbouya, le juge de paix de Gaoual, fait arr\u00eater un \u00ab malade \u00bb : une plainte annonc\u00e9e contre lui \u00e0 Conakry - guinee Conakry<\/title>\n<meta name=\"robots\" content=\"index, follow, max-snippet:-1, max-image-preview:large, max-video-preview:-1\" \/>\n<link rel=\"canonical\" href=\"https:\/\/www.africa-press.net\/guinee-conakry\/politique\/oumar-doumbouya-le-juge-de-paix-de-gaoual-fait-arreter-un-malade-une-plainte-annoncee-contre-lui-a-conakry\" \/>\n<meta property=\"og:locale\" content=\"fr_FR\" \/>\n<meta property=\"og:type\" content=\"article\" \/>\n<meta property=\"og:title\" content=\"Oumar Doumbouya, le juge de paix de Gaoual, fait arr\u00eater un \u00ab malade \u00bb : une plainte annonc\u00e9e contre lui \u00e0 Conakry\" \/>\n<meta property=\"og:description\" content=\"Africa-Press &#8211; Guin\u00e9e. Les habitants et ressortissants de Madina Guile\u0301dji, un district de la sous-pre\u0301fecture de Koumbia, dans la pre\u0301fecture de Gaoual, sont tre\u0300s remonte\u0301s contre le juge de paix de Gaoual. Ils reprochent au magistrat d\u2019avoir fait arre\u0302ter et emprisonner \u00ab injustement \u00bb leur pre\u0301sident de district, alors que celui-ci est malade, et annoncent [&hellip;]\" \/>\n<meta property=\"og:url\" content=\"https:\/\/www.africa-press.net\/guinee-conakry\/politique\/oumar-doumbouya-le-juge-de-paix-de-gaoual-fait-arreter-un-malade-une-plainte-annoncee-contre-lui-a-conakry\" \/>\n<meta property=\"og:site_name\" content=\"guinee Conakry\" \/>\n<meta property=\"article:published_time\" content=\"2022-12-28T20:35:00+00:00\" \/>\n<meta name=\"author\" content=\"cfeditorfr\" \/>\n<meta name=\"twitter:card\" content=\"summary_large_image\" \/>\n<meta name=\"twitter:label1\" content=\"\u00c9crit par\" \/>\n\t<meta name=\"twitter:data1\" content=\"cfeditorfr\" \/>\n\t<meta name=\"twitter:label2\" content=\"Dur\u00e9e de lecture estim\u00e9e\" \/>\n\t<meta name=\"twitter:data2\" content=\"3 minutes\" \/>\n<script type=\"application\/ld+json\" class=\"yoast-schema-graph\">{\"@context\":\"https:\/\/schema.org\",\"@graph\":[{\"@type\":\"Article\",\"@id\":\"https:\/\/www.africa-press.net\/guinee-conakry\/politique\/oumar-doumbouya-le-juge-de-paix-de-gaoual-fait-arreter-un-malade-une-plainte-annoncee-contre-lui-a-conakry#article\",\"isPartOf\":{\"@id\":\"https:\/\/www.africa-press.net\/guinee-conakry\/politique\/oumar-doumbouya-le-juge-de-paix-de-gaoual-fait-arreter-un-malade-une-plainte-annoncee-contre-lui-a-conakry\"},\"author\":{\"name\":\"cfeditorfr\",\"@id\":\"https:\/\/www.africa-press.net\/guinee-conakry\/#\/schema\/person\/2b1cf3cd81a31e3cd26889ca66d677f1\"},\"headline\":\"Oumar Doumbouya, le juge de paix de Gaoual, fait arr\u00eater un \u00ab malade \u00bb : une plainte annonc\u00e9e contre lui \u00e0 Conakry\",\"datePublished\":\"2022-12-28T20:35:00+00:00\",\"mainEntityOfPage\":{\"@id\":\"https:\/\/www.africa-press.net\/guinee-conakry\/politique\/oumar-doumbouya-le-juge-de-paix-de-gaoual-fait-arreter-un-malade-une-plainte-annoncee-contre-lui-a-conakry\"},\"wordCount\":709,\"commentCount\":0,\"image\":{\"@id\":\"https:\/\/www.africa-press.net\/guinee-conakry\/politique\/oumar-doumbouya-le-juge-de-paix-de-gaoual-fait-arreter-un-malade-une-plainte-annoncee-contre-lui-a-conakry#primaryimage\"},\"thumbnailUrl\":\"https:\/\/static.africa-press.net\/conakry\/sites\/63\/2022\/12\/Jokar1672247158.262913.jpg\",\"keywords\":[\"Africa Press\",\"Africa Press-Guin\u00e9e\",\"Guin\u00e9e\"],\"articleSection\":[\"Communaut\u00e9\",\"Toutes les actualit\u00e9s\"],\"inLanguage\":\"fr-FR\",\"potentialAction\":[{\"@type\":\"CommentAction\",\"name\":\"Comment\",\"target\":[\"https:\/\/www.africa-press.net\/guinee-conakry\/politique\/oumar-doumbouya-le-juge-de-paix-de-gaoual-fait-arreter-un-malade-une-plainte-annoncee-contre-lui-a-conakry#respond\"]}]},{\"@type\":\"WebPage\",\"@id\":\"https:\/\/www.africa-press.net\/guinee-conakry\/politique\/oumar-doumbouya-le-juge-de-paix-de-gaoual-fait-arreter-un-malade-une-plainte-annoncee-contre-lui-a-conakry\",\"url\":\"https:\/\/www.africa-press.net\/guinee-conakry\/politique\/oumar-doumbouya-le-juge-de-paix-de-gaoual-fait-arreter-un-malade-une-plainte-annoncee-contre-lui-a-conakry\",\"name\":\"Oumar Doumbouya, le juge de paix de Gaoual, fait arr\u00eater un \u00ab malade \u00bb : une plainte annonc\u00e9e contre lui \u00e0 Conakry - guinee Conakry\",\"isPartOf\":{\"@id\":\"https:\/\/www.africa-press.net\/guinee-conakry\/#website\"},\"primaryImageOfPage\":{\"@id\":\"https:\/\/www.africa-press.net\/guinee-conakry\/politique\/oumar-doumbouya-le-juge-de-paix-de-gaoual-fait-arreter-un-malade-une-plainte-annoncee-contre-lui-a-conakry#primaryimage\"},\"image\":{\"@id\":\"https:\/\/www.africa-press.net\/guinee-conakry\/politique\/oumar-doumbouya-le-juge-de-paix-de-gaoual-fait-arreter-un-malade-une-plainte-annoncee-contre-lui-a-conakry#primaryimage\"},\"thumbnailUrl\":\"https:\/\/static.africa-press.net\/conakry\/sites\/63\/2022\/12\/Jokar1672247158.262913.jpg\",\"datePublished\":\"2022-12-28T20:35:00+00:00\",\"author\":{\"@id\":\"https:\/\/www.africa-press.net\/guinee-conakry\/#\/schema\/person\/2b1cf3cd81a31e3cd26889ca66d677f1\"},\"breadcrumb\":{\"@id\":\"https:\/\/www.africa-press.net\/guinee-conakry\/politique\/oumar-doumbouya-le-juge-de-paix-de-gaoual-fait-arreter-un-malade-une-plainte-annoncee-contre-lui-a-conakry#breadcrumb\"},\"inLanguage\":\"fr-FR\",\"potentialAction\":[{\"@type\":\"ReadAction\",\"target\":[\"https:\/\/www.africa-press.net\/guinee-conakry\/politique\/oumar-doumbouya-le-juge-de-paix-de-gaoual-fait-arreter-un-malade-une-plainte-annoncee-contre-lui-a-conakry\"]}]},{\"@type\":\"ImageObject\",\"inLanguage\":\"fr-FR\",\"@id\":\"https:\/\/www.africa-press.net\/guinee-conakry\/politique\/oumar-doumbouya-le-juge-de-paix-de-gaoual-fait-arreter-un-malade-une-plainte-annoncee-contre-lui-a-conakry#primaryimage\",\"url\":\"https:\/\/static.africa-press.net\/conakry\/sites\/63\/2022\/12\/Jokar1672247158.262913.jpg\",\"contentUrl\":\"https:\/\/static.africa-press.net\/conakry\/sites\/63\/2022\/12\/Jokar1672247158.262913.jpg\",\"width\":560,\"height\":471,\"caption\":\"Oumar Doumbouya, le juge de paix de Gaoual, fait arr\u00eater un \u00ab malade \u00bb : une plainte annonc\u00e9e contre lui \u00e0 Conakry\"},{\"@type\":\"BreadcrumbList\",\"@id\":\"https:\/\/www.africa-press.net\/guinee-conakry\/politique\/oumar-doumbouya-le-juge-de-paix-de-gaoual-fait-arreter-un-malade-une-plainte-annoncee-contre-lui-a-conakry#breadcrumb\",\"itemListElement\":[{\"@type\":\"ListItem\",\"position\":1,\"name\":\"Accueil\",\"item\":\"https:\/\/www.africa-press.net\/guinee-conakry\/\"},{\"@type\":\"ListItem\",\"position\":2,\"name\":\"Oumar Doumbouya, le juge de paix de Gaoual, fait arr\u00eater un \u00ab malade \u00bb : une plainte annonc\u00e9e contre lui \u00e0 Conakry\"}]},{\"@type\":\"WebSite\",\"@id\":\"https:\/\/www.africa-press.net\/guinee-conakry\/#website\",\"url\":\"https:\/\/www.africa-press.net\/guinee-conakry\/\",\"name\":\"guinee Conakry\",\"description\":\"Just another Africa News Agency Sites site\",\"potentialAction\":[{\"@type\":\"SearchAction\",\"target\":{\"@type\":\"EntryPoint\",\"urlTemplate\":\"https:\/\/www.africa-press.net\/guinee-conakry\/?s={search_term_string}\"},\"query-input\":{\"@type\":\"PropertyValueSpecification\",\"valueRequired\":true,\"valueName\":\"search_term_string\"}}],\"inLanguage\":\"fr-FR\"},{\"@type\":\"Person\",\"@id\":\"https:\/\/www.africa-press.net\/guinee-conakry\/#\/schema\/person\/2b1cf3cd81a31e3cd26889ca66d677f1\",\"name\":\"cfeditorfr\"}]}<\/script>\n<!-- \/ Yoast SEO Premium plugin. -->","yoast_head_json":{"title":"Oumar Doumbouya, le juge de paix de Gaoual, fait arr\u00eater un \u00ab malade \u00bb : une plainte annonc\u00e9e contre lui \u00e0 Conakry - guinee Conakry","robots":{"index":"index","follow":"follow","max-snippet":"max-snippet:-1","max-image-preview":"max-image-preview:large","max-video-preview":"max-video-preview:-1"},"canonical":"https:\/\/www.africa-press.net\/guinee-conakry\/politique\/oumar-doumbouya-le-juge-de-paix-de-gaoual-fait-arreter-un-malade-une-plainte-annoncee-contre-lui-a-conakry","og_locale":"fr_FR","og_type":"article","og_title":"Oumar Doumbouya, le juge de paix de Gaoual, fait arr\u00eater un \u00ab malade \u00bb : une plainte annonc\u00e9e contre lui \u00e0 Conakry","og_description":"Africa-Press &#8211; Guin\u00e9e. Les habitants et ressortissants de Madina Guile\u0301dji, un district de la sous-pre\u0301fecture de Koumbia, dans la pre\u0301fecture de Gaoual, sont tre\u0300s remonte\u0301s contre le juge de paix de Gaoual. Ils reprochent au magistrat d\u2019avoir fait arre\u0302ter et emprisonner \u00ab injustement \u00bb leur pre\u0301sident de district, alors que celui-ci est malade, et annoncent [&hellip;]","og_url":"https:\/\/www.africa-press.net\/guinee-conakry\/politique\/oumar-doumbouya-le-juge-de-paix-de-gaoual-fait-arreter-un-malade-une-plainte-annoncee-contre-lui-a-conakry","og_site_name":"guinee Conakry","article_published_time":"2022-12-28T20:35:00+00:00","author":"cfeditorfr","twitter_card":"summary_large_image","twitter_misc":{"\u00c9crit par":"cfeditorfr","Dur\u00e9e de lecture estim\u00e9e":"3 minutes"},"schema":{"@context":"https:\/\/schema.org","@graph":[{"@type":"Article","@id":"https:\/\/www.africa-press.net\/guinee-conakry\/politique\/oumar-doumbouya-le-juge-de-paix-de-gaoual-fait-arreter-un-malade-une-plainte-annoncee-contre-lui-a-conakry#article","isPartOf":{"@id":"https:\/\/www.africa-press.net\/guinee-conakry\/politique\/oumar-doumbouya-le-juge-de-paix-de-gaoual-fait-arreter-un-malade-une-plainte-annoncee-contre-lui-a-conakry"},"author":{"name":"cfeditorfr","@id":"https:\/\/www.africa-press.net\/guinee-conakry\/#\/schema\/person\/2b1cf3cd81a31e3cd26889ca66d677f1"},"headline":"Oumar Doumbouya, le juge de paix de Gaoual, fait arr\u00eater un \u00ab malade \u00bb : une plainte annonc\u00e9e contre lui \u00e0 Conakry","datePublished":"2022-12-28T20:35:00+00:00","mainEntityOfPage":{"@id":"https:\/\/www.africa-press.net\/guinee-conakry\/politique\/oumar-doumbouya-le-juge-de-paix-de-gaoual-fait-arreter-un-malade-une-plainte-annoncee-contre-lui-a-conakry"},"wordCount":709,"commentCount":0,"image":{"@id":"https:\/\/www.africa-press.net\/guinee-conakry\/politique\/oumar-doumbouya-le-juge-de-paix-de-gaoual-fait-arreter-un-malade-une-plainte-annoncee-contre-lui-a-conakry#primaryimage"},"thumbnailUrl":"https:\/\/static.africa-press.net\/conakry\/sites\/63\/2022\/12\/Jokar1672247158.262913.jpg","keywords":["Africa Press","Africa Press-Guin\u00e9e","Guin\u00e9e"],"articleSection":["Communaut\u00e9","Toutes les actualit\u00e9s"],"inLanguage":"fr-FR","potentialAction":[{"@type":"CommentAction","name":"Comment","target":["https:\/\/www.africa-press.net\/guinee-conakry\/politique\/oumar-doumbouya-le-juge-de-paix-de-gaoual-fait-arreter-un-malade-une-plainte-annoncee-contre-lui-a-conakry#respond"]}]},{"@type":"WebPage","@id":"https:\/\/www.africa-press.net\/guinee-conakry\/politique\/oumar-doumbouya-le-juge-de-paix-de-gaoual-fait-arreter-un-malade-une-plainte-annoncee-contre-lui-a-conakry","url":"https:\/\/www.africa-press.net\/guinee-conakry\/politique\/oumar-doumbouya-le-juge-de-paix-de-gaoual-fait-arreter-un-malade-une-plainte-annoncee-contre-lui-a-conakry","name":"Oumar Doumbouya, le juge de paix de Gaoual, fait arr\u00eater un \u00ab malade \u00bb : une plainte annonc\u00e9e contre lui \u00e0 Conakry - guinee Conakry","isPartOf":{"@id":"https:\/\/www.africa-press.net\/guinee-conakry\/#website"},"primaryImageOfPage":{"@id":"https:\/\/www.africa-press.net\/guinee-conakry\/politique\/oumar-doumbouya-le-juge-de-paix-de-gaoual-fait-arreter-un-malade-une-plainte-annoncee-contre-lui-a-conakry#primaryimage"},"image":{"@id":"https:\/\/www.africa-press.net\/guinee-conakry\/politique\/oumar-doumbouya-le-juge-de-paix-de-gaoual-fait-arreter-un-malade-une-plainte-annoncee-contre-lui-a-conakry#primaryimage"},"thumbnailUrl":"https:\/\/static.africa-press.net\/conakry\/sites\/63\/2022\/12\/Jokar1672247158.262913.jpg","datePublished":"2022-12-28T20:35:00+00:00","author":{"@id":"https:\/\/www.africa-press.net\/guinee-conakry\/#\/schema\/person\/2b1cf3cd81a31e3cd26889ca66d677f1"},"breadcrumb":{"@id":"https:\/\/www.africa-press.net\/guinee-conakry\/politique\/oumar-doumbouya-le-juge-de-paix-de-gaoual-fait-arreter-un-malade-une-plainte-annoncee-contre-lui-a-conakry#breadcrumb"},"inLanguage":"fr-FR","potentialAction":[{"@type":"ReadAction","target":["https:\/\/www.africa-press.net\/guinee-conakry\/politique\/oumar-doumbouya-le-juge-de-paix-de-gaoual-fait-arreter-un-malade-une-plainte-annoncee-contre-lui-a-conakry"]}]},{"@type":"ImageObject","inLanguage":"fr-FR","@id":"https:\/\/www.africa-press.net\/guinee-conakry\/politique\/oumar-doumbouya-le-juge-de-paix-de-gaoual-fait-arreter-un-malade-une-plainte-annoncee-contre-lui-a-conakry#primaryimage","url":"https:\/\/static.africa-press.net\/conakry\/sites\/63\/2022\/12\/Jokar1672247158.262913.jpg","contentUrl":"https:\/\/static.africa-press.net\/conakry\/sites\/63\/2022\/12\/Jokar1672247158.262913.jpg","width":560,"height":471,"caption":"Oumar Doumbouya, le juge de paix de Gaoual, fait arr\u00eater un \u00ab malade \u00bb : une plainte annonc\u00e9e contre lui \u00e0 Conakry"},{"@type":"BreadcrumbList","@id":"https:\/\/www.africa-press.net\/guinee-conakry\/politique\/oumar-doumbouya-le-juge-de-paix-de-gaoual-fait-arreter-un-malade-une-plainte-annoncee-contre-lui-a-conakry#breadcrumb","itemListElement":[{"@type":"ListItem","position":1,"name":"Accueil","item":"https:\/\/www.africa-press.net\/guinee-conakry\/"},{"@type":"ListItem","position":2,"name":"Oumar Doumbouya, le juge de paix de Gaoual, fait arr\u00eater un \u00ab malade \u00bb : une plainte annonc\u00e9e contre lui \u00e0 Conakry"}]},{"@type":"WebSite","@id":"https:\/\/www.africa-press.net\/guinee-conakry\/#website","url":"https:\/\/www.africa-press.net\/guinee-conakry\/","name":"guinee Conakry","description":"Just another Africa News Agency Sites site","potentialAction":[{"@type":"SearchAction","target":{"@type":"EntryPoint","urlTemplate":"https:\/\/www.africa-press.net\/guinee-conakry\/?s={search_term_string}"},"query-input":{"@type":"PropertyValueSpecification","valueRequired":true,"valueName":"search_term_string"}}],"inLanguage":"fr-FR"},{"@type":"Person","@id":"https:\/\/www.africa-press.net\/guinee-conakry\/#\/schema\/person\/2b1cf3cd81a31e3cd26889ca66d677f1","name":"cfeditorfr"}]}},"_links":{"self":[{"href":"https:\/\/www.africa-press.net\/guinee-conakry\/wp-json\/wp\/v2\/posts\/11079","targetHints":{"allow":["GET"]}}],"collection":[{"href":"https:\/\/www.africa-press.net\/guinee-conakry\/wp-json\/wp\/v2\/posts"}],"about":[{"href":"https:\/\/www.africa-press.net\/guinee-conakry\/wp-json\/wp\/v2\/types\/post"}],"author":[{"embeddable":true,"href":"https:\/\/www.africa-press.net\/guinee-conakry\/wp-json\/wp\/v2\/users\/82"}],"replies":[{"embeddable":true,"href":"https:\/\/www.africa-press.net\/guinee-conakry\/wp-json\/wp\/v2\/comments?post=11079"}],"version-history":[{"count":0,"href":"https:\/\/www.africa-press.net\/guinee-conakry\/wp-json\/wp\/v2\/posts\/11079\/revisions"}],"wp:featuredmedia":[{"embeddable":true,"href":"https:\/\/www.africa-press.net\/guinee-conakry\/wp-json\/wp\/v2\/media\/11078"}],"wp:attachment":[{"href":"https:\/\/www.africa-press.net\/guinee-conakry\/wp-json\/wp\/v2\/media?parent=11079"}],"wp:term":[{"taxonomy":"category","embeddable":true,"href":"https:\/\/www.africa-press.net\/guinee-conakry\/wp-json\/wp\/v2\/categories?post=11079"},{"taxonomy":"post_tag","embeddable":true,"href":"https:\/\/www.africa-press.net\/guinee-conakry\/wp-json\/wp\/v2\/tags?post=11079"}],"curies":[{"name":"wp","href":"https:\/\/api.w.org\/{rel}","templated":true}]}}